{"id":17477,"date":"2026-03-17T12:45:10","date_gmt":"2026-03-17T11:45:10","guid":{"rendered":"https:\/\/answear.hu\/blog\/?p=17477"},"modified":"2026-03-17T13:17:27","modified_gmt":"2026-03-17T12:17:27","slug":"answear-fashion-show-interju-lukasz-witkkel-a-bemutatora-keszitett-stylingrol","status":"publish","type":"post","link":"https:\/\/answear.hu\/blog\/answear-fashion-show-interju-lukasz-witkkel-a-bemutatora-keszitett-stylingrol\/17477","title":{"rendered":"Answear Fashion Show \u2013 Interj\u00fa \u0141ukasz Witekkel a bemutat\u00f3ra k\u00e9sz\u00edtett stylingr\u00f3l"},"content":{"rendered":"<span class=\"span-reading-time rt-reading-time\" style=\"display: block;\"><span class=\"rt-label rt-prefix\">Olvasd el, csak <\/span> <span class=\"rt-time\"> 4<\/span> <span class=\"rt-label rt-postfix\">perc<\/span><\/span><p><strong>\u0141ukasz Witek, az Answear vezet\u0151 stylistja mes\u00e9l az inspir\u00e1ci\u00f3kr\u00f3l, amelyekkel az SS26 kollekci\u00f3 bemutat\u00f3j\u00e1ra k\u00e9sz\u00fcltek, amely m\u00e1rcius 25-\u00e9n lesz az Answear Concept Store-ban, Vars\u00f3ban.<\/strong> <!--more--><\/p>\r\n<p>Mi volt sz\u00e1modra a kiindul\u00f3pont az SS26 kollekci\u00f3 stylingj\u00e1nak l\u00e9trehoz\u00e1sakor az Answear Concept Store-ban?<\/p>\r\n<p>\u0141ukasz Witek: A kiindul\u00f3pont mindenk\u00e9pp azok a m\u00e1rk\u00e1k voltak, amelyek r\u00e9szt vesznek az esem\u00e9nyen. El\u0151sz\u00f6r egyeztett\u00fck a m\u00e1rk\u00e1kat, amelyeket szeretn\u00e9nk r\u00e9szt venni a bemutat\u00f3n, \u00e9s \u00edgy sz\u00fcletett meg az els\u0151 ir\u00e1nyvonal, amerre menni akartunk. N\u00e9h\u00e1ny m\u00e1rk\u00e1nak m\u00e1r voltak divatbemutat\u00f3i, \u00edgy azt is tudtam, hogyan m\u0171k\u00f6dnek a ruh\u00e1k a kifut\u00f3n, \u00e9s melyek kapt\u00e1k meg a legnagyobb figyelmemet.<\/p>\r\n<p>Az inspir\u00e1ci\u00f3 ink\u00e1bb az SS26 szezon konkr\u00e9t trendjeib\u0151l j\u00f6tt, vagy valami a divat vil\u00e1g\u00e1n k\u00edv\u00fclr\u0151l \u2013 p\u00e9ld\u00e1ul m\u0171v\u00e9szet, film, zene?<\/p>\r\n<p>\u0141ukasz Witek: Hat\u00e1rozottan a divattrendekb\u0151l, k\u00fcl\u00f6n\u00f6sen a styling trendekb\u0151l \u2013 figyeljetek csak, mi t\u00f6rt\u00e9nik p\u00e9ld\u00e1ul a legut\u00f3bbi Miu Miu, Dior vagy Prada bemutat\u00f3kon. Itt a styling j\u00e1tssza a f\u0151szerepet, nem csup\u00e1n a ruh\u00e1k \u2013 ez\u00e9rt is volt ez sz\u00e1momra nagyon neh\u00e9z feladat. Ezek apr\u00f3 r\u00e9szletek, amelyek hatalmas k\u00fcl\u00f6nbs\u00e9get jelentenek. P\u00e9lda: egy polo p\u00f3l\u00f3 teljesen alapnak t\u0171nhet, de ha r\u00e9tegezve viseled egy inggel, \u00e9s laza mozdulattal kiford\u00edtod a gall\u00e9rt, teljesen m\u00e1s hat\u00e1st \u00e9rsz el.<\/p>\r\n<p>El\u00e1ruln\u00e1l n\u00e9h\u00e1ny r\u00e9szletet a stylingr\u00f3l? H\u00e1ny look lesz, \u00e9s milyen a koncepci\u00f3d az elrendez\u00e9s\u00fckr\u0151l?<\/p>\r\n<p>\u0141ukasz Witek: Amikor el\u0151sz\u00f6r hallottam, h\u00e1ny stylingot tervez\u00fcnk, egy kicsit megijedtem, nem fogok hazudni. K\u00f6r\u00fclbel\u00fcl 60 look a multibrand kollekci\u00f3b\u00f3l, ahol minden styling a m\u00e1rka teljes megjelen\u00e9s\u00e9t k\u00e9pviseli. Sok k\u00e9rd\u00e9s \u00e9s bizonytalans\u00e1g mer\u00fclt fel a fejemben \u2013 hogyan lehet ezt \u00fagy \u00f6sszekapcsolni, hogy ne t\u0171nj\u00f6n random v\u00e1logat\u00e1snak, ahol semmi nem kapcsol\u00f3dik egym\u00e1shoz. V\u00e9g\u00fcl n\u00e9gy \u201eblokk\u201d sz\u00fcletett, amelyek vizu\u00e1lis \u00e9s stilisztikai szempontb\u00f3l \u00f6sszef\u00fcgg\u00e9st mutatnak, \u00e9s k\u00f6z\u00f6s von\u00e1sokat k\u00f6tnek \u00f6ssze. Mennyire k\u00fcl\u00f6nb\u00f6zik a bemutat\u00f3 stylingja a stylist munk\u00e1j\u00e1t\u00f3l fot\u00f3z\u00e1sok vagy kamp\u00e1nyok eset\u00e9n? \u0141ukasz Witek: Nem titkolom, ez az els\u0151 nagyszab\u00e1s\u00fa divatbemutat\u00f3m, \u00edgy rendk\u00edv\u00fcl izgalmas sz\u00e1momra. Mi a k\u00fcl\u00f6nbs\u00e9g? Hat\u00e1rozottan a lookok sz\u00e1ma: a kifut\u00f3n egyszerre kell, hogy j\u00f3l n\u00e9zzenek ki egym\u00e1s mellett. Fot\u00f3z\u00e1son m\u00e9g sosem volt 10 f\u0151 lookn\u00e1l t\u00f6bb egyszerre. A kamp\u00e1nyokn\u00e1l, m\u00e9g ha vannak is k\u00f6z\u00f6s t\u00e9m\u00e1k vagy jelenetek, j\u00f3val kevesebb lookot kell kezelni. Ilyen k\u00f6r\u00fclm\u00e9nyek k\u00f6z\u00f6tt bizonyos dolgokat el lehet rejteni, p\u00e9ld\u00e1ul ha egy m\u00e9ret t\u00fal nagy, vagy valami s\u00e9r\u00fcl a felv\u00e9tel alatt, de a bemutat\u00f3n \u201eitt \u00e9s most\u201d vagyunk, \u00e9s mindennek minden sz\u00f6gb\u0151l t\u00f6k\u00e9letesnek kell lennie.<img alt=\"\" \/><\/p>\r\n\r\n<figure class=\"wp-block-gallery has-nested-images columns-default is-cropped wp-block-gallery-1 is-layout-flex wp-block-gallery-is-layout-flex\">\r\n<figure class=\"wp-block-image size-large\"><img loading=\"lazy\" decoding=\"async\" width=\"521\" height=\"695\" data-id=\"17514\" src=\"https:\/\/answear.hu\/blog\/wp-content\/uploads\/2026\/03\/image00024-2-521x695.jpeg\" alt=\"\" class=\"wp-image-17514\" srcset=\"https:\/\/answear.hu\/blog\/wp-content\/uploads\/2026\/03\/image00024-2-521x695.jpeg 521w, https:\/\/answear.hu\/blog\/wp-content\/uploads\/2026\/03\/image00024-2-768x1024.jpeg 768w, https:\/\/answear.hu\/blog\/wp-content\/uploads\/2026\/03\/image00024-2-1152x1536.jpeg 1152w, https:\/\/answear.hu\/blog\/wp-content\/uploads\/2026\/03\/image00024-2-1536x2048.jpeg 1536w, https:\/\/answear.hu\/blog\/wp-content\/uploads\/2026\/03\/image00024-2-scaled.jpeg 1920w\" sizes=\"auto, (max-width: 521px) 100vw, 521px\" \/><\/figure>\r\n\r\n\r\n\r\n<figure class=\"wp-block-image size-large\"><img loading=\"lazy\" decoding=\"async\" width=\"521\" height=\"695\" data-id=\"17513\" src=\"https:\/\/answear.hu\/blog\/wp-content\/uploads\/2026\/03\/image00013-2-521x695.jpeg\" alt=\"\" class=\"wp-image-17513\" srcset=\"https:\/\/answear.hu\/blog\/wp-content\/uploads\/2026\/03\/image00013-2-521x695.jpeg 521w, https:\/\/answear.hu\/blog\/wp-content\/uploads\/2026\/03\/image00013-2-768x1024.jpeg 768w, https:\/\/answear.hu\/blog\/wp-content\/uploads\/2026\/03\/image00013-2-1152x1536.jpeg 1152w, https:\/\/answear.hu\/blog\/wp-content\/uploads\/2026\/03\/image00013-2-1536x2048.jpeg 1536w, https:\/\/answear.hu\/blog\/wp-content\/uploads\/2026\/03\/image00013-2-scaled.jpeg 1920w\" sizes=\"auto, (max-width: 521px) 100vw, 521px\" \/><\/figure>\r\n\r\n\r\n\r\n<figure class=\"wp-block-image size-large\"><img loading=\"lazy\" decoding=\"async\" width=\"521\" height=\"695\" data-id=\"17512\" src=\"https:\/\/answear.hu\/blog\/wp-content\/uploads\/2026\/03\/image00019-3-521x695.jpeg\" alt=\"\" class=\"wp-image-17512\" srcset=\"https:\/\/answear.hu\/blog\/wp-content\/uploads\/2026\/03\/image00019-3-521x695.jpeg 521w, https:\/\/answear.hu\/blog\/wp-content\/uploads\/2026\/03\/image00019-3-768x1024.jpeg 768w, https:\/\/answear.hu\/blog\/wp-content\/uploads\/2026\/03\/image00019-3-1152x1536.jpeg 1152w, https:\/\/answear.hu\/blog\/wp-content\/uploads\/2026\/03\/image00019-3-1536x2048.jpeg 1536w, https:\/\/answear.hu\/blog\/wp-content\/uploads\/2026\/03\/image00019-3-scaled.jpeg 1920w\" sizes=\"auto, (max-width: 521px) 100vw, 521px\" \/><\/figure>\r\n\r\n\r\n\r\n<figure class=\"wp-block-image size-large\"><img loading=\"lazy\" decoding=\"async\" width=\"521\" height=\"695\" data-id=\"17511\" src=\"https:\/\/answear.hu\/blog\/wp-content\/uploads\/2026\/03\/image00002-2-521x695.jpeg\" alt=\"\" class=\"wp-image-17511\" srcset=\"https:\/\/answear.hu\/blog\/wp-content\/uploads\/2026\/03\/image00002-2-521x695.jpeg 521w, https:\/\/answear.hu\/blog\/wp-content\/uploads\/2026\/03\/image00002-2-768x1024.jpeg 768w, https:\/\/answear.hu\/blog\/wp-content\/uploads\/2026\/03\/image00002-2-1152x1536.jpeg 1152w, https:\/\/answear.hu\/blog\/wp-content\/uploads\/2026\/03\/image00002-2-1536x2048.jpeg 1536w, https:\/\/answear.hu\/blog\/wp-content\/uploads\/2026\/03\/image00002-2-scaled.jpeg 1920w\" sizes=\"auto, (max-width: 521px) 100vw, 521px\" \/><\/figure>\r\n\r\n\r\n\r\n<figure class=\"wp-block-image size-large\"><img loading=\"lazy\" decoding=\"async\" width=\"521\" height=\"695\" data-id=\"17510\" src=\"https:\/\/answear.hu\/blog\/wp-content\/uploads\/2026\/03\/image00005-2-521x695.jpeg\" alt=\"\" class=\"wp-image-17510\" srcset=\"https:\/\/answear.hu\/blog\/wp-content\/uploads\/2026\/03\/image00005-2-521x695.jpeg 521w, https:\/\/answear.hu\/blog\/wp-content\/uploads\/2026\/03\/image00005-2-768x1024.jpeg 768w, https:\/\/answear.hu\/blog\/wp-content\/uploads\/2026\/03\/image00005-2-1152x1536.jpeg 1152w, https:\/\/answear.hu\/blog\/wp-content\/uploads\/2026\/03\/image00005-2-1536x2048.jpeg 1536w, https:\/\/answear.hu\/blog\/wp-content\/uploads\/2026\/03\/image00005-2-scaled.jpeg 1920w\" sizes=\"auto, (max-width: 521px) 100vw, 521px\" \/><\/figure>\r\n\r\n\r\n\r\n<figure class=\"wp-block-image size-large\"><img loading=\"lazy\" decoding=\"async\" width=\"521\" height=\"695\" data-id=\"17509\" src=\"https:\/\/answear.hu\/blog\/wp-content\/uploads\/2026\/03\/image00001-2-521x695.jpeg\" alt=\"\" class=\"wp-image-17509\" srcset=\"https:\/\/answear.hu\/blog\/wp-content\/uploads\/2026\/03\/image00001-2-521x695.jpeg 521w, https:\/\/answear.hu\/blog\/wp-content\/uploads\/2026\/03\/image00001-2-768x1024.jpeg 768w, https:\/\/answear.hu\/blog\/wp-content\/uploads\/2026\/03\/image00001-2-1152x1536.jpeg 1152w, https:\/\/answear.hu\/blog\/wp-content\/uploads\/2026\/03\/image00001-2-1536x2048.jpeg 1536w, https:\/\/answear.hu\/blog\/wp-content\/uploads\/2026\/03\/image00001-2.jpeg 1671w\" sizes=\"auto, (max-width: 521px) 100vw, 521px\" \/><\/figure>\r\n<\/figure>\r\n\r\n<p><\/p>\r\n<p>Az SS26 kollekci\u00f3 mely elemei szerinted lesznek a leger\u0151sebben jelen a k\u00f6zelg\u0151 szezonban?<\/p>\r\n<p><\/p>\r\n<p><\/p>\r\n<p>\u0141ukasz Witek: A divat ma m\u00e1r nagyon demokratikus, az egy\u00e9nis\u00e9get helyezi el\u0151t\u00e9rbe, \u00edgy val\u00f3sz\u00edn\u0171leg nem egyetlen elemre akarok f\u00f3kusz\u00e1lni. Szeretn\u00e9m, ha mindenki megn\u00e9zn\u00e9 a bemutat\u00f3t, \u00e9s tal\u00e1lna valami \u201esaj\u00e1tj\u00e1t\u201d valamelyik stylingban.<\/p>\r\n<p><\/p>\r\n<p><\/p>\r\n<p>Van egy apr\u00f3 r\u00e9szlet vagy elem, amire k\u00fcl\u00f6n\u00f6sen \u00e9rdemes figyelni a bemutat\u00f3 sor\u00e1n?<\/p>\r\n<p><\/p>\r\n<p><\/p>\r\n<p>\u0141ukasz Witek: A stylingok kulcsa a r\u00e9szletekben rejlik, amelyek adj\u00e1k a pontot az \u201ei\u201d-re minden stylingban. \u00c9rdemes alaposan megn\u00e9zni \u0151ket a bemutat\u00f3 ut\u00e1n, semmi nem lesz v\u00e9letlenszer\u0171. A bemutat\u00f3nk neve \u201eA te t\u00fck\u00f6rk\u00e9ped\u201d, \u00edgy keresd ezt a t\u00fck\u00f6rk\u00e9pet a r\u00e9szletekben.<\/p>\r\n<p><\/p>\r\n<p><\/p>\r\n<p>Szerinted hogyan v\u00e1ltozik ma a stylist szerepe a divatban?<\/p>\r\n<p><\/p>\r\n<p><\/p>\r\n<p>\u0141ukasz Witek: Hat\u00e1rozottan tudat\u00e1ban kell lenni minden v\u00e1ltoz\u00e1snak, nem csak a divatban, hanem a technol\u00f3gi\u00e1ban is. Ezek a vil\u00e1gok egyre ink\u00e1bb \u00f6sszefon\u00f3dnak, az AI egyre nagyobb szerepet kap a divatban, ez\u00e9rt l\u00e9p\u00e9st kell tartani. A fogyaszt\u00f3k bizonytalan id\u0151kben olyan darabokra t\u00e1maszkodnak, amelyeket \u00e9vekig viselhetnek, \u00edgy a min\u0151s\u00e9g \u00e9s az id\u0151t\u00e1ll\u00f3 szab\u00e1s fontos. Itt j\u00f6n be a stylist szerepe, aki megold\u00e1sokat javasol arra, hogyan lehet egy alap vagy id\u0151t\u00e1ll\u00f3 term\u00e9ket friss m\u00f3don kombin\u00e1lni.<\/p>\r\n<p><\/p>\r\n<p><\/p>\r\n<p>A bemutat\u00f3ra val\u00f3 k\u00e9sz\u00fcl\u00e9s melyik r\u00e9sze a kedvenced \u2013 a kutat\u00e1s, a lookok \u00f6ssze\u00e1ll\u00edt\u00e1sa, amikor minden a kifut\u00f3ra ker\u00fcl, vagy a fot\u00f3k n\u00e9zeget\u00e9se a bemutat\u00f3 ut\u00e1n?<\/p>\r\n<p><\/p>\r\n<p><\/p>\r\n<p>\u0141ukasz Witek: Jelenleg m\u00e9g tizenegy nappal a bemutat\u00f3 el\u0151tt vagyunk. A m\u00e1rk\u00e1k lineupja lez\u00e1rult, a stylingok \u00f6ssze\u00e1lltak, \u00e9s t\u00fal vagyok a lookbook fot\u00f3z\u00e1son, amelyet az Answear oldal\u00e1n meg lehet majd n\u00e9zni, \u00e9s a styling darabjait meg lehet v\u00e1s\u00e1rolni. Ez seg\u00edt v\u00e9gs\u0151 soron ellen\u0151rizni, hogyan n\u00e9znek ki a sziluettek egy\u00fctt, m\u00e9g a v\u00e9gs\u0151 pr\u00f3b\u00e1k el\u0151tt. Szerintem a munk\u00e1m m\u00e9g nem \u00e9rt v\u00e9get, val\u00f3sz\u00edn\u0171leg a bemutat\u00f3 napj\u00e1ig alak\u00edtani fogok n\u00e9h\u00e1ny lookot, mert most is vannak dolgok, amiket m\u00f3dos\u00edtani szeretn\u00e9k, miel\u0151tt l\u00e1tn\u00e1tok a v\u00e9gs\u0151 eredm\u00e9nyt a kifut\u00f3n. Sz\u00f3val, a hossz\u00fa bevezet\u0151 ut\u00e1n, a kedvenc r\u00e9szem tal\u00e1n \u00e9ppen ez most, amikor minden materializ\u00e1l\u00f3dik, \u00e9s m\u00e9g van id\u0151 a v\u00e9gs\u0151 sim\u00edt\u00e1sokra, hogy a k\u00edv\u00e1nt hat\u00e1st el\u00e9rj\u00fck.<\/p>\r\n<p><\/p>\r\n<p><\/p>\r\n<p>\u0141ukasz Witek \u2013 az Answear vezet\u0151 stylistja 2017 \u00f3ta. A stylist csapat vezet\u00e9se mellett az Answearn\u00e9l a k\u00f6vetkez\u0151 szezonok trendkutat\u00e1s\u00e1val is foglalkozik, mind online, mind kifut\u00f3kon. Mag\u00e1n\u00e9let\u00e9ben nagy popzene rajong\u00f3, szereti a hagyom\u00e1nyos olasz konyh\u00e1t \u00e9s a vil\u00e1gv\u00e1rosok felfedez\u00e9s\u00e9t.<\/p>\r\n<p><\/p>","protected":false},"excerpt":{"rendered":"<p><span class=\"span-reading-time rt-reading-time\" style=\"display: block;\"><span class=\"rt-label rt-prefix\">Olvasd el, csak <\/span> <span class=\"rt-time\"> 4<\/span> <span class=\"rt-label rt-postfix\">perc<\/span><\/span>\u0141ukasz Witek, az Answear vezet\u0151 stylistja mes\u00e9l az inspir\u00e1ci\u00f3kr\u00f3l, amelyekkel az SS26 kollekci\u00f3 bemutat\u00f3j\u00e1ra k\u00e9sz\u00fcltek, amely m\u00e1rcius 25-\u00e9n lesz az Answear Concept Store-ban, Vars\u00f3ban.<\/p>\n","protected":false},"author":35,"featured_media":17478,"comment_status":"closed","ping_status":"closed","sticky":false,"template":"","format":"standard","meta":{"footnotes":""},"categories":[731],"tags":[2332,893,2333,2336,1337,2337],"class_list":["post-17477","post","type-post","status-publish","format-standard","has-post-thumbnail","hentry","category-egyenisegek","tag-answear-fashion-show-ss26","tag-answear-hu","tag-divatbemutato","tag-lukasz-witek","tag-stylist","tag-styliyng"],"_links":{"self":[{"href":"https:\/\/answear.hu\/blog\/wp-json\/wp\/v2\/posts\/17477","targetHints":{"allow":["GET"]}}],"collection":[{"href":"https:\/\/answear.hu\/blog\/wp-json\/wp\/v2\/posts"}],"about":[{"href":"https:\/\/answear.hu\/blog\/wp-json\/wp\/v2\/types\/post"}],"author":[{"embeddable":true,"href":"https:\/\/answear.hu\/blog\/wp-json\/wp\/v2\/users\/35"}],"replies":[{"embeddable":true,"href":"https:\/\/answear.hu\/blog\/wp-json\/wp\/v2\/comments?post=17477"}],"version-history":[{"count":20,"href":"https:\/\/answear.hu\/blog\/wp-json\/wp\/v2\/posts\/17477\/revisions"}],"predecessor-version":[{"id":17523,"href":"https:\/\/answear.hu\/blog\/wp-json\/wp\/v2\/posts\/17477\/revisions\/17523"}],"wp:featuredmedia":[{"embeddable":true,"href":"https:\/\/answear.hu\/blog\/wp-json\/wp\/v2\/media\/17478"}],"wp:attachment":[{"href":"https:\/\/answear.hu\/blog\/wp-json\/wp\/v2\/media?parent=17477"}],"wp:term":[{"taxonomy":"category","embeddable":true,"href":"https:\/\/answear.hu\/blog\/wp-json\/wp\/v2\/categories?post=17477"},{"taxonomy":"post_tag","embeddable":true,"href":"https:\/\/answear.hu\/blog\/wp-json\/wp\/v2\/tags?post=17477"}],"curies":[{"name":"wp","href":"https:\/\/api.w.org\/{rel}","templated":true}]}}