{"id":17336,"date":"2025-05-08T15:47:24","date_gmt":"2025-05-08T13:47:24","guid":{"rendered":"https:\/\/answear.hu\/blog\/?p=17336"},"modified":"2025-05-08T15:47:52","modified_gmt":"2025-05-08T13:47:52","slug":"divatos-szinek-2025-mi-hoditja-meg-iden-a-divat-szivet","status":"publish","type":"post","link":"https:\/\/answear.hu\/blog\/divatos-szinek-2025-mi-hoditja-meg-iden-a-divat-szivet\/17336","title":{"rendered":"Divatos sz\u00ednek 2025 \u2013 Mi h\u00f3d\u00edtja meg id\u00e9n a divat sz\u00edv\u00e9t?"},"content":{"rendered":"<span class=\"span-reading-time rt-reading-time\" style=\"display: block;\"><span class=\"rt-label rt-prefix\">Olvasd el, csak <\/span> <span class=\"rt-time\"> 4<\/span> <span class=\"rt-label rt-postfix\">perc<\/span><\/span><p>A 2025-ben divatos sz\u00ednpalett\u00e1t a semleges \u00e9s pasztell \u00e1rnyalatok uralj\u00e1k. A trendek sz\u00e1mos izgalmas javaslatot tartalmaznak, amelyeket b\u00e1rmilyen st\u00edlusban felhaszn\u00e1lhatsz. Fedezd fel, hogyan kombin\u00e1lhatod a legdivatosabb sz\u00edneket, \u00e9s tudd meg, mit \u00e9rdemes beszerezni a gardr\u00f3bodba.<\/p>\r\n<p><!--more--><\/p>\r\n<p>A cikkb\u0151l megtudhatod:<br \/>melyek a 2025-\u00f6s divatsz\u00ednek,<br \/>hogyan haszn\u00e1ld \u0151ket eleg\u00e1ns \u00e9s h\u00e9tk\u00f6znapi \u00f6ssze\u00e1ll\u00edt\u00e1sokban,<br \/>melyik barna \u00e1rnyalat k\u00f6telez\u0151 id\u00e9n,<br \/>milyen sz\u00edneket haszn\u00e1lj kiemel\u0151k\u00e9nt.<\/p>\r\n<h2>Divatos sz\u00ednek 2025 \u2013 mely \u00e1rnyalatok uralj\u00e1k az \u00e9vadot?<\/h2>\r\n<p class=\"bigletter\">Az \u00e9l\u00e9nk, neon sz\u00ednek kiss\u00e9 h\u00e1tt\u00e9rbe szorulnak. 2025-ben a visszafogottabb, vil\u00e1gosabb t\u00f3nusokra helyez\u0151dik a hangs\u00faly, amelyek kifinomults\u00e1got hoznak a ruhat\u00e1rakba. Az elismert m\u00e1rk\u00e1k kollekci\u00f3iban rengeteg &#8222;sima&#8221;, \u00edzl\u00e9ses \u00e1rnyalat tal\u00e1lhat\u00f3 \u2013 a csokol\u00e1d\u00e9barn\u00e1t\u00f3l a cukorkar\u00f3zsasz\u00ednig. A legdivatosabb sz\u00ednek k\u00f6z\u00f6tt n\u00e9h\u00e1ny meglepet\u00e9s is akad, p\u00e9ld\u00e1ul a mandarin narancs, amely az egyik kev\u00e9s energikus javaslat.<\/p>\r\n<p><img loading=\"lazy\" decoding=\"async\" class=\"size-full wp-image-17338 aligncenter\" src=\"https:\/\/answear.hu\/blog\/wp-content\/uploads\/2025\/05\/1.webp\" alt=\"\" width=\"463\" height=\"695\" \/><\/p>\r\n<p>Nem hagyhatjuk ki az \u00e9v sz\u00edn\u00e9t, a Mocha Mousse-t, amely a Pantone Int\u00e9zet aj\u00e1nl\u00e1sai alapj\u00e1n megh\u00f3d\u00edtotta a tervez\u0151k sz\u00edv\u00e9t. Ez az \u00e1rnyalat uralja a barna t\u00f3nusok vil\u00e1g\u00e1t. Az id\u0151tlen eleganci\u00e1val t\u00e1rs\u00edtj\u00e1k, amely d\u00edsz\u00edti a ruh\u00e1kat \u00e9s kieg\u00e9sz\u00edt\u0151ket, valamint remek\u00fcl harmoniz\u00e1l m\u00e1s f\u00f6ldsz\u00ednekkel, amelyek\u00e9rt \u00e9rdemes ny\u00falni az elk\u00f6vetkez\u0151 szezonban.<\/p>\r\n<h2>Mely sz\u00ednek trendik most? Nemcsak a Mocha Mousse\u2026<\/h2>\r\n<p>A leg\u00fajabb trendek k\u00f6z\u00f6tt sz\u00e1mos olyat tal\u00e1lsz, amelyek k\u00fcl\u00f6nb\u00f6z\u0151 st\u00edlusokhoz passzolnak. A karamellbarna \u00e1rnyalatok a klasszikus st\u00edlus rajong\u00f3it \u00e9s a boho st\u00edlus h\u00edveit is elvar\u00e1zsolj\u00e1k, hiszen divatos vel\u00far ruhadarabokon k\u00f6sz\u00f6nnek vissza. A m\u00e9ly smaragdz\u00f6ld eleg\u00e1ns kombin\u00e1ci\u00f3kban h\u00f3d\u00edt majd. Energikusabb, de ugyanolyan n\u00e9pszer\u0171 \u201etestv\u00e9re\u201d \u2013 a menta sz\u00edn \u2013 frissess\u00e9get hoz a divatba m\u00e1s pasztellsz\u00ednekkel egy\u00fctt. Felejtsd el az aranyat! 2025-ben els\u0151sorban az ez\u00fcstre koncentr\u00e1lunk. A met\u00e1lf\u00e9ny\u0171 sz\u00edn cip\u0151ket, k\u00e9zit\u00e1sk\u00e1kat \u00e9s sok m\u00e1s mindent is d\u00edsz\u00edt majd.<\/p>\r\n<h2>Pasztell \u0151r\u00fclet<\/h2>\r\n<p>Finom, feh\u00e9res, n\u00e9ha kiss\u00e9 piszkos \u00e1rnyalatok \u2013 ezek lesznek azok a sz\u00ednek, amelyek uralj\u00e1k a 2025-\u00f6s tavaszi-ny\u00e1ri trendeket. A legdivatosabb pasztellek frissess\u00e9get hoznak \u00e9s kontrasztot alkotnak a semleges f\u00f6ldsz\u00edneken alapul\u00f3 sz\u00ednpalett\u00e1val. Milyen konkr\u00e9t sz\u00ednek \u00e9rdemesek arra, hogy beker\u00fcljenek a gardr\u00f3bodba? A p\u00faderr\u00f3zsasz\u00edn, a vajs\u00e1rga \u00e9s az \u00e9gk\u00e9k ker\u00fclnek el\u0151t\u00e9rbe. Ezeket nemcsak romantikus \u00f6ssze\u00e1ll\u00edt\u00e1sokhoz haszn\u00e1lhatod, hanem t\u00f6k\u00e9letesen illenek a h\u00e9tk\u00f6znapi szettekhez is.<\/p>\r\n<p><img loading=\"lazy\" decoding=\"async\" class=\"size-medium wp-image-17342 aligncenter\" src=\"https:\/\/answear.hu\/blog\/wp-content\/uploads\/2025\/05\/20241023_PB_WLT_L21_021-463x695.jpg\" alt=\"\" width=\"463\" height=\"695\" srcset=\"https:\/\/answear.hu\/blog\/wp-content\/uploads\/2025\/05\/20241023_PB_WLT_L21_021-463x695.jpg 463w, https:\/\/answear.hu\/blog\/wp-content\/uploads\/2025\/05\/20241023_PB_WLT_L21_021-768x1152.jpg 768w, https:\/\/answear.hu\/blog\/wp-content\/uploads\/2025\/05\/20241023_PB_WLT_L21_021-1024x1536.jpg 1024w, https:\/\/answear.hu\/blog\/wp-content\/uploads\/2025\/05\/20241023_PB_WLT_L21_021-1365x2048.jpg 1365w, https:\/\/answear.hu\/blog\/wp-content\/uploads\/2025\/05\/20241023_PB_WLT_L21_021-scaled.jpg 1707w\" sizes=\"auto, (max-width: 463px) 100vw, 463px\" \/><\/p>\r\n<h2>Visszafogottabb piros<\/h2>\r\n<p>A tavasz egyszerre finom \u00e9s l\u00e1gyan n\u0151ies, ugyanakkor m\u00e1r megid\u00e9zi a forr\u00f3 ny\u00e1r els\u0151 rezd\u00fcl\u00e9seit. \u00c9ppen ez\u00e9rt a pasztellsz\u00ednek mellett helyet kapnak az intenz\u00edvebb \u00e1rnyalatok is. B\u00e1r a szerelem, boldogs\u00e1g \u00e9s \u00f6nbizalom sz\u00edne, a piros, az elm\u00falt szezonokat is uralta, m\u00e9g mindig nem vonul vissza. Megjelenik kab\u00e1tokon, balerinacip\u0151k\u00f6n \u00e9s klasszikus romantikus ruh\u00e1kon \u2013 ez\u00fattal visszafogottabb, s\u00f6t\u00e9tebb \u00e1rnyalatban: m\u00e9ly cseresznyev\u00f6r\u00f6sk\u00e9nt. A cseresznyev\u00f6r\u00f6s t\u00f6k\u00e9letes v\u00e1laszt\u00e1s eleg\u00e1ns kombin\u00e1ci\u00f3khoz.<\/p>\r\n<p>A 2025-\u00f6s tavaszi \u00e9s ny\u00e1ri trendek nem csup\u00e1n a sz\u00ednekr\u0151l sz\u00f3lnak. K\u00f6z\u00e9ppontban \u00e1llnak az anyagok, a st\u00edlusok \u00e9s az egyedi eszt\u00e9tik\u00e1k is, amelyek vil\u00e1gszerte megh\u00f3d\u00edtj\u00e1k a divatrajong\u00f3k sz\u00edv\u00e9t. Hogyan kombin\u00e1lhatod mindezeket a trendeket? N\u00e9h\u00e1ny tippet adunk hozz\u00e1.<\/p>\r\n<p>Hihetetlen\u00fcl friss\u00edt\u0151 \u00e9s nyugtat\u00f3 k\u00e9k \u00e1rnyalatok tal\u00e1lhat\u00f3ak meg a klasszikus gall\u00e9ros ingeken vagy a szat\u00e9nruh\u00e1kon. A pasztell r\u00f3zsasz\u00ednt gyakran l\u00e1tni romantikus kre\u00e1ci\u00f3kban, t\u00fcll kieg\u00e9sz\u00edt\u00e9ssel. A vajs\u00e1rga p\u00e9ld\u00e1ul remek\u00fcl illik a hal\u00e1szeszt\u00e9tika \u00e1ltal ihletett st\u00edlusokhoz, amely a 2025-\u00f6s \u00e9v egyik forr\u00f3 trendje. Kiv\u00e1l\u00f3an mutat p\u00e9ld\u00e1ul k\u00f6t\u00f6tt mell\u00e9nyeken. A Mocha Mousse pedig gy\u00f6ny\u00f6r\u0171en \u00e9rv\u00e9nyes\u00fcl vel\u00farkab\u00e1tokon, rojtos k\u00e9zit\u00e1sk\u00e1kon \u00e9s kab\u00e1tokon.<\/p>\r\n<p><img loading=\"lazy\" decoding=\"async\" class=\"size-full wp-image-17347 aligncenter\" src=\"https:\/\/answear.hu\/blog\/wp-content\/uploads\/2025\/05\/TH_I0301199_RGU_T_5076_crop_RGB_300-556x695-1.webp\" alt=\"\" width=\"556\" height=\"695\" \/><\/p>\r\n<h2 data-start=\"0\" data-end=\"371\">A 2025-\u00f6s \u00e9v legdivatosabb sz\u00ednei \u2013 milyen kombin\u00e1ci\u00f3kat \u00e9rdemes haszn\u00e1lni a st\u00edlusodban?<\/h2>\r\n<p class=\"\" data-start=\"0\" data-end=\"371\">Ahhoz, hogy maxim\u00e1lisan kiakn\u00e1zd a leg\u00fajabb divattrendeket, tanulj meg \u00fcgyesen mixelni. B\u00e1tran kombin\u00e1lhatod a k\u00f6zelg\u0151 szezonokat ural\u00f3 pasztellsz\u00edneket. A j\u00e1t\u00e9kos r\u00f3zsasz\u00edn remek p\u00e1ros\u00edt\u00e1s a halv\u00e1nys\u00e1rg\u00e1val. Ugyanakkor a k\u00e9k \u00e1rnyalatai gy\u00f6ny\u00f6r\u0171en kieg\u00e9sz\u00edtik a Mocha Mousse-t.<\/p>\r\n<p class=\"\" data-start=\"373\" data-end=\"592\">A neves divath\u00e1zak kifut\u00f3in sem hi\u00e1nyoztak a total look st\u00edlusok. Ez kiv\u00e1l\u00f3 opci\u00f3 azoknak, akik sz\u00edvesen t\u00e1maszkodnak bev\u00e1lt megold\u00e1sokra. Egy eleg\u00e1ns \u00f6lt\u00f6ny vagy egy maxi ruha seg\u00edt l\u00e9trehozni egy monokr\u00f3m megjelen\u00e9st.<\/p>\r\n<p data-start=\"373\" data-end=\"592\"><img loading=\"lazy\" decoding=\"async\" class=\"size-medium wp-image-17350 aligncenter\" src=\"https:\/\/answear.hu\/blog\/wp-content\/uploads\/2025\/05\/never-fully-dressed-reversible-coat-1_92a87538-fb23-48a1-92f5-618ec3da318e-2-463x695.jpg\" alt=\"\" width=\"463\" height=\"695\" srcset=\"https:\/\/answear.hu\/blog\/wp-content\/uploads\/2025\/05\/never-fully-dressed-reversible-coat-1_92a87538-fb23-48a1-92f5-618ec3da318e-2-463x695.jpg 463w, https:\/\/answear.hu\/blog\/wp-content\/uploads\/2025\/05\/never-fully-dressed-reversible-coat-1_92a87538-fb23-48a1-92f5-618ec3da318e-2.jpg 750w\" sizes=\"auto, (max-width: 463px) 100vw, 463px\" \/><\/p>\r\n<p class=\"kropka\">A 2025-\u00f6s divat sz\u00ednpalett\u00e1ja sz\u00e9les \u2013 a meleg barna \u00e1rnyalatokt\u00f3l eg\u00e9szen a feh\u00e9res pasztellekig terjed. Ennek k\u00f6sz\u00f6nhet\u0151en izgalmas lehet\u0151s\u00e9gek k\u00f6z\u00fcl v\u00e1logathatsz, amelyekkel magabiztosan l\u00e9phetsz az \u00faj szezonba. K\u00f6vesd tippjeinket, \u00e9s alkoss divatos st\u00edlusokat mind h\u00e9tk\u00f6znapi, mind eleg\u00e1ns v\u00e1ltozatokban!<\/p>\r\n<p data-start=\"373\" data-end=\"592\"><\/p>","protected":false},"excerpt":{"rendered":"<p><span class=\"span-reading-time rt-reading-time\" style=\"display: block;\"><span class=\"rt-label rt-prefix\">Olvasd el, csak <\/span> <span class=\"rt-time\"> 4<\/span> <span class=\"rt-label rt-postfix\">perc<\/span><\/span>A 2025-ben divatos sz\u00ednpalett\u00e1t a semleges \u00e9s pasztell \u00e1rnyalatok uralj\u00e1k. A trendek sz\u00e1mos izgalmas javaslatot tartalmaznak, amelyeket b\u00e1rmilyen st\u00edlusban felhaszn\u00e1lhatsz. Fedezd fel, hogyan kombin\u00e1lhatod a legdivatosabb sz\u00edneket, \u00e9s tudd meg, mit \u00e9rdemes beszerezni a gardr\u00f3bodba.<\/p>\n","protected":false},"author":35,"featured_media":17337,"comment_status":"closed","ping_status":"closed","sticky":false,"template":"","format":"standard","meta":{"footnotes":""},"categories":[686],"tags":[749,893,1015,892,2318,1207,2317],"class_list":["post-17336","post","type-post","status-publish","format-standard","has-post-thumbnail","hentry","category-trendek","tag-trend","tag-answear-hu","tag-cipo","tag-divat","tag-divatszin","tag-premium","tag-szin"],"_links":{"self":[{"href":"https:\/\/answear.hu\/blog\/wp-json\/wp\/v2\/posts\/17336","targetHints":{"allow":["GET"]}}],"collection":[{"href":"https:\/\/answear.hu\/blog\/wp-json\/wp\/v2\/posts"}],"about":[{"href":"https:\/\/answear.hu\/blog\/wp-json\/wp\/v2\/types\/post"}],"author":[{"embeddable":true,"href":"https:\/\/answear.hu\/blog\/wp-json\/wp\/v2\/users\/35"}],"replies":[{"embeddable":true,"href":"https:\/\/answear.hu\/blog\/wp-json\/wp\/v2\/comments?post=17336"}],"version-history":[{"count":9,"href":"https:\/\/answear.hu\/blog\/wp-json\/wp\/v2\/posts\/17336\/revisions"}],"predecessor-version":[{"id":17351,"href":"https:\/\/answear.hu\/blog\/wp-json\/wp\/v2\/posts\/17336\/revisions\/17351"}],"wp:featuredmedia":[{"embeddable":true,"href":"https:\/\/answear.hu\/blog\/wp-json\/wp\/v2\/media\/17337"}],"wp:attachment":[{"href":"https:\/\/answear.hu\/blog\/wp-json\/wp\/v2\/media?parent=17336"}],"wp:term":[{"taxonomy":"category","embeddable":true,"href":"https:\/\/answear.hu\/blog\/wp-json\/wp\/v2\/categories?post=17336"},{"taxonomy":"post_tag","embeddable":true,"href":"https:\/\/answear.hu\/blog\/wp-json\/wp\/v2\/tags?post=17336"}],"curies":[{"name":"wp","href":"https:\/\/api.w.org\/{rel}","templated":true}]}}