{"id":17287,"date":"2025-04-02T08:10:32","date_gmt":"2025-04-02T06:10:32","guid":{"rendered":"https:\/\/answear.hu\/blog\/?p=17287"},"modified":"2025-04-02T08:10:32","modified_gmt":"2025-04-02T06:10:32","slug":"kontrasztokkal-teli-divat-az-answear-uj-ss25-kampanya-stilusokat-es-erzelmeket-otvoz","status":"publish","type":"post","link":"https:\/\/answear.hu\/blog\/kontrasztokkal-teli-divat-az-answear-uj-ss25-kampanya-stilusokat-es-erzelmeket-otvoz\/17287","title":{"rendered":"Kontrasztokkal teli divat \u2013 az Answear \u00faj SS25 kamp\u00e1nya st\u00edlusokat \u00e9s \u00e9rzelmeket \u00f6tv\u00f6z"},"content":{"rendered":"<span class=\"span-reading-time rt-reading-time\" style=\"display: block;\"><span class=\"rt-label rt-prefix\">Olvasd el, csak <\/span> <span class=\"rt-time\"> 3<\/span> <span class=\"rt-label rt-postfix\">perc<\/span><\/span><p>Amikor az ellent\u00e9tek k\u00f6z\u00f6s nyelvet tal\u00e1lnak, valami igaz\u00e1n k\u00fcl\u00f6nleges sz\u00fcletik a k\u00f6lcs\u00f6n\u00f6s inspir\u00e1ci\u00f3b\u00f3l. Az Answear.hu \u00faj \u201e\u00d6lt\u00f6ztesd \u00e9leted abba, ami \u00e9rt\u00e9kes!\u201d SS25 kamp\u00e1ny\u00e1nak \u00faj fejezet\u00e9ben a marka bebizony\u00edtja, hogy a divat nem csup\u00e1n a ruh\u00e1kr\u00f3l sz\u00f3l, hanem \u00e9rzelmekr\u0151l, kapcsolatokr\u00f3l \u00e9s eml\u00e9kekr\u0151l, amelyeket nap mint nap teremt\u00fcnk.<\/p>\r\n<p><!--more--><\/p>\r\n<p class=\"bigletter\">A kamp\u00e1ny az \u00e9rzelmekre, a kontrasztokra \u00e9s az emberi kapcsolatokb\u00f3l fakad\u00f3 inspir\u00e1ci\u00f3ra \u00f6sszpontos\u00edt. A f\u00f3kusz az emberekre, kedvenc m\u00e1rk\u00e1ikra \u00e9s st\u00edlusaikra, valamint az ezek m\u00f6g\u00f6tt rejl\u0151 t\u00f6rt\u00e9netekre \u00f6sszpontosul. Az Answear.hu \u00d6lt\u00f6ztesd \u00e9leted abba, ami \u00e9rt\u00e9kes! tavaszi-ny\u00e1ri 2025-\u00f6s kamp\u00e1ny\u00e1ban mer\u00e9szen p\u00e1ros\u00edtja a l\u00e1tsz\u00f3lag \u00f6ssze nem ill\u0151 pr\u00e9mium m\u00e1rk\u00e1kat, bizony\u00edtva, hogy az\u00a0 ellent\u00e9tek leny\u0171g\u00f6z\u0151 kapcsol\u00f3d\u00e1sokat hozhatnak l\u00e9tre. \u00c9pp \u00fagy, ahogy az emberi kapcsolatok, amik a st\u00edlusokkal val\u00f3 k\u00eds\u00e9rletez\u00e9sre inspir\u00e1lnak. A kamp\u00e1ny kreat\u00edv platformj\u00e1nak kiterjeszt\u00e9sek\u00e9nt az SS2025\u00a0kamp\u00e1ny megmutatja, hogy a hozz\u00e1nk k\u00f6zel \u00e1ll\u00f3k milyen nagy hat\u00e1ssal vannak saj\u00e1t st\u00edlusunkra, \u00e9s mik\u00e9pp \u00f6szt\u00f6n\u00f6znek minket arra, hogy b\u00e1tran t\u00fall\u00e9pj\u00fcnk megszokott mint\u00e1inkon.<\/p>\r\n<p><iframe loading=\"lazy\" src=\"\/\/www.youtube.com\/embed\/mHoKxqZ7w8M\" width=\"560\" height=\"314\" allowfullscreen=\"allowfullscreen\"><\/iframe><\/p>\r\n<p>A st\u00edlusunkat nemcsak az hat\u00e1rozza meg, hogy mit visel\u00fcnk, hanem azok az emberek is, akikkel megosztjuk az \u00e9let\u00fcnket. Ez a kamp\u00e1ny bemutatja, hogyan tal\u00e1lkozhatnak ezek a k\u00fcl\u00f6nb\u00f6z\u0151 hat\u00e1sok, hogy egy teljes eg\u00e9szet alkossanak.<\/p>\r\n<p>Az \u00faj kamp\u00e1ny k\u00f6z\u00e9ppontj\u00e1ban egy gondosan \u00f6sszev\u00e1logatott pr\u00e9mium m\u00e1rkaportf\u00f3li\u00f3 \u00e1ll olyan ikonikus nevekkel, mint az adidas, az AllSaints, a Birkenstock, a BOSS, a Patrizia Pepe \u00e9s a Pinko. Az Answear.hu egyed\u00fcl\u00e1ll\u00f3 m\u00f3don, meglep\u0151 p\u00e1ros\u00edt\u00e1sokban mutatja be ezeket a m\u00e1rk\u00e1kat, bizony\u00edtva, hogy a l\u00e1tsz\u00f3lag t\u00e1voli st\u00edlusok leny\u0171g\u00f6z\u0151 kombin\u00e1ci\u00f3kat hozhatnak l\u00e9tre. A kamp\u00e1ny vizu\u00e1lis vil\u00e1ga t\u00f6k\u00e9letesen illusztr\u00e1lja ezt a vag\u00e1ny gondolatot az eleg\u00e1ns Patrizia Pepe \u00e9s a sportos adidas, vagy \u00e9ppen a kifinomult Pinko \u00e9s a men\u0151 AllSaints p\u00e1ros\u00edt\u00e1s\u00e1val<\/p>\r\n<p><iframe loading=\"lazy\" src=\"\/\/www.youtube.com\/embed\/z8sM55Sf2Sk\" width=\"560\" height=\"314\" allowfullscreen=\"allowfullscreen\"><\/iframe><\/p>\r\n<h2>Inspir\u00e1ci\u00f3k, amelyek meglepnek<\/h2>\r\n<p>A kamp\u00e1ny fontos aspektusa a helysz\u00edn is \u2013 a fest\u0151i D\u00e9l-Afrika. Az intenz\u00edv sz\u00ednek \u00e9s a term\u00e9szetes f\u00e9ny val\u00f3ban filmes hangulatot k\u00f6lcs\u00f6n\u00f6ztek a felv\u00e9teleknek. A kamp\u00e1ny leg\u00fajabb kiad\u00e1sa a divaton kereszt\u00fcl b\u00e1tor\u00edt az egyedi pillanatok \u00e9s kapcsolatok meg\u00fcnnepl\u00e9s\u00e9re, mik\u00f6zben izgalmas k\u00e9rd\u00e9seket vet fel: &#8222;Egym\u00e1sba szerethet az adidas \u00e9s a Patrizia Pepe?&#8221; &#8222;\u00d6sszebar\u00e1tkozhat a Pinko \u00e9s az AllSaints?&#8221; &#8222;Meg\u00e9rtheti egym\u00e1st a BOSS \u00e9s a Birkenstock?&#8221;<\/p>\r\n<p>Ezek a k\u00e9rd\u00e9sek egyt\u0151l-egyig arra k\u00e9sztetnek minket, hogy teljesen \u00faj m\u00f3don gondoljunk a divatra, mint az emberi kapcsolatok \u00e9rzelmi kifejez\u00e9s\u00e9re.<\/p>\r\n<p><iframe loading=\"lazy\" src=\"\/\/www.youtube.com\/embed\/ppxmEU_4tG4\" width=\"560\" height=\"314\" allowfullscreen=\"allowfullscreen\"><\/iframe><\/p>\r\n<p>\u201eEz a kamp\u00e1ny t\u00f6bb, mint a szettek \u00e9s ruh\u00e1k bemutat\u00e1sa. A divat az \u00f6nkifejez\u00e9s eszk\u00f6ze, amely lehet\u0151v\u00e9 teszi a st\u00edlusok kombin\u00e1l\u00e1s\u00e1t \u00e9s \u00faj t\u00f6rt\u00e9netek l\u00e9trehoz\u00e1s\u00e1t. Az \u00e9rzelmek, az eml\u00e9kek \u00e9s az \u00e9rt\u00e9kek hordoz\u00f3ja, amelyek form\u00e1lj\u00e1k vil\u00e1gunkat. Amit visel\u00fcnk, az mes\u00e9l r\u00f3lunk, elmondja kik vagyunk, \u00e9s hogy a kapcsolataink hogyan alak\u00edtanak minket. &#8222;Pr\u00e9mium portf\u00f3li\u00f3nk t\u00f6k\u00e9letes p\u00e9ld\u00e1ja a k\u00fcl\u00f6nb\u00f6z\u0151 st\u00edlusok \u00e9s m\u00e1rka-DNS-ek soksz\u00edn\u0171s\u00e9g\u00e9nek, mik\u00f6zben megmutatja azt is, milyen nagyszer\u0171en k\u00e9pesek egy\u00fcttm\u0171k\u00f6dni.&#8221; \u2013 mondja Marta Sawicka, az Answear marketing igazgat\u00f3ja.<\/p>\r\n\r\n<figure class=\"wp-block-gallery has-nested-images columns-default is-cropped wp-block-gallery-2 is-layout-flex wp-block-gallery-is-layout-flex\">\r\n<figure class=\"wp-block-image size-large\"><img loading=\"lazy\" decoding=\"async\" width=\"461\" height=\"695\" data-id=\"17292\" class=\"wp-image-17292\" src=\"https:\/\/answear.hu\/blog\/wp-content\/uploads\/2025\/04\/1-461x695.jpg\" alt=\"\" srcset=\"https:\/\/answear.hu\/blog\/wp-content\/uploads\/2025\/04\/1-461x695.jpg 461w, https:\/\/answear.hu\/blog\/wp-content\/uploads\/2025\/04\/1-768x1157.jpg 768w, https:\/\/answear.hu\/blog\/wp-content\/uploads\/2025\/04\/1-1020x1536.jpg 1020w, https:\/\/answear.hu\/blog\/wp-content\/uploads\/2025\/04\/1.jpg 1328w\" sizes=\"auto, (max-width: 461px) 100vw, 461px\" \/><\/figure>\r\n\r\n\r\n\r\n<figure class=\"wp-block-image size-large\"><img loading=\"lazy\" decoding=\"async\" width=\"461\" height=\"695\" data-id=\"17294\" class=\"wp-image-17294\" src=\"https:\/\/answear.hu\/blog\/wp-content\/uploads\/2025\/04\/2-461x695.jpg\" alt=\"\" srcset=\"https:\/\/answear.hu\/blog\/wp-content\/uploads\/2025\/04\/2-461x695.jpg 461w, https:\/\/answear.hu\/blog\/wp-content\/uploads\/2025\/04\/2-768x1157.jpg 768w, https:\/\/answear.hu\/blog\/wp-content\/uploads\/2025\/04\/2-1020x1536.jpg 1020w, https:\/\/answear.hu\/blog\/wp-content\/uploads\/2025\/04\/2.jpg 1328w\" sizes=\"auto, (max-width: 461px) 100vw, 461px\" \/><\/figure>\r\n\r\n\r\n\r\n<figure class=\"wp-block-image size-large\"><img loading=\"lazy\" decoding=\"async\" width=\"461\" height=\"695\" data-id=\"17293\" class=\"wp-image-17293\" src=\"https:\/\/answear.hu\/blog\/wp-content\/uploads\/2025\/04\/3-461x695.jpg\" alt=\"\" srcset=\"https:\/\/answear.hu\/blog\/wp-content\/uploads\/2025\/04\/3-461x695.jpg 461w, https:\/\/answear.hu\/blog\/wp-content\/uploads\/2025\/04\/3-768x1157.jpg 768w, https:\/\/answear.hu\/blog\/wp-content\/uploads\/2025\/04\/3-1020x1536.jpg 1020w, https:\/\/answear.hu\/blog\/wp-content\/uploads\/2025\/04\/3.jpg 1328w\" sizes=\"auto, (max-width: 461px) 100vw, 461px\" \/><\/figure>\r\n\r\n\r\n\r\n<p>A tavasz a t\u00f6k\u00e9letes id\u0151szak a k\u00eds\u00e9rletez\u00e9sre. A j\u00f3l megszokott kombin\u00e1ci\u00f3k helyett \u00e9rdemes az \u00faj darabokb\u00f3l inspir\u00e1l\u00f3dni, meglepni magunkat, \u00e9s mer\u00e9szen kombin\u00e1lni az els\u0151 pillant\u00e1sra tal\u00e1n nem nyilv\u00e1nval\u00f3 dolgokat. Az Answear teret teremt a klasszikus m\u00e1rk\u00e1k \u00e9s a konvenci\u00f3kon t\u00fall\u00e9p\u0151 st\u00edlusok kombin\u00e1l\u00e1s\u00e1ra, arra \u00f6szt\u00f6n\u00f6z, hogy keverd az eleganci\u00e1t a h\u00e9tk\u00f6znapi lazas\u00e1ggal, \u00e9s told ki a kompromisszumok hat\u00e1rait, legyen sz\u00f3 korr\u00f3l vagy hivat\u00e1sr\u00f3l. A divat sz\u00f3rakoz\u00e1s, amely ebben a kamp\u00e1nyban teljesen \u00faj \u00e9s izgalmas form\u00e1t \u00f6lt.<\/p>\r\n<p>Egyszer\u0171en fogalmazva: \u201e\u00d6lt\u00f6ztesd \u00e9leted azokkal, akiket szeretsz.\u201d Legy\u00fcnk mer\u00e9szek, kombin\u00e1ljuk a st\u00edlusokat, \u00e9s \u00e9lvezz\u00fck egy\u00fctt a divatot!<\/p>\r\n\r\n\r\n\r\n\r\n\r\n<figure class=\"wp-block-gallery has-nested-images columns-default is-cropped wp-block-gallery-1 is-layout-flex wp-block-gallery-is-layout-flex\">\r\n<figure class=\"wp-block-image size-large\"><img loading=\"lazy\" decoding=\"async\" width=\"521\" height=\"695\" data-id=\"17305\" class=\"wp-image-17305\" src=\"https:\/\/answear.hu\/blog\/wp-content\/uploads\/2025\/04\/HU-2-521x695.jpg\" alt=\"\" srcset=\"https:\/\/answear.hu\/blog\/wp-content\/uploads\/2025\/04\/HU-2-521x695.jpg 521w, https:\/\/answear.hu\/blog\/wp-content\/uploads\/2025\/04\/HU-2-768x1024.jpg 768w, https:\/\/answear.hu\/blog\/wp-content\/uploads\/2025\/04\/HU-2-1152x1536.jpg 1152w, https:\/\/answear.hu\/blog\/wp-content\/uploads\/2025\/04\/HU-2.jpg 1500w\" sizes=\"auto, (max-width: 521px) 100vw, 521px\" \/><\/figure>\r\n\r\n\r\n\r\n<figure class=\"wp-block-image size-large\"><img loading=\"lazy\" decoding=\"async\" width=\"521\" height=\"695\" data-id=\"17306\" class=\"wp-image-17306\" src=\"https:\/\/answear.hu\/blog\/wp-content\/uploads\/2025\/04\/HU-521x695.jpg\" alt=\"\" srcset=\"https:\/\/answear.hu\/blog\/wp-content\/uploads\/2025\/04\/HU-521x695.jpg 521w, https:\/\/answear.hu\/blog\/wp-content\/uploads\/2025\/04\/HU-768x1024.jpg 768w, https:\/\/answear.hu\/blog\/wp-content\/uploads\/2025\/04\/HU-1152x1536.jpg 1152w, https:\/\/answear.hu\/blog\/wp-content\/uploads\/2025\/04\/HU.jpg 1500w\" sizes=\"auto, (max-width: 521px) 100vw, 521px\" \/><\/figure>\r\n<\/figure>\r\n<\/figure>\r\n","protected":false},"excerpt":{"rendered":"<p><span class=\"span-reading-time rt-reading-time\" style=\"display: block;\"><span class=\"rt-label rt-prefix\">Olvasd el, csak <\/span> <span class=\"rt-time\"> 3<\/span> <span class=\"rt-label rt-postfix\">perc<\/span><\/span>Amikor az ellent\u00e9tek k\u00f6z\u00f6s nyelvet tal\u00e1lnak, valami igaz\u00e1n k\u00fcl\u00f6nleges sz\u00fcletik a k\u00f6lcs\u00f6n\u00f6s inspir\u00e1ci\u00f3b\u00f3l. Az Answear.hu \u00faj \u201e\u00d6lt\u00f6ztesd \u00e9leted abba, ami \u00e9rt\u00e9kes!\u201d SS25 kamp\u00e1ny\u00e1nak \u00faj fejezet\u00e9ben a marka bebizony\u00edtja, hogy a divat nem csup\u00e1n a ruh\u00e1kr\u00f3l sz\u00f3l, hanem \u00e9rzelmekr\u0151l, kapcsolatokr\u00f3l \u00e9s eml\u00e9kekr\u0151l, amelyeket nap mint nap teremt\u00fcnk.<\/p>\n","protected":false},"author":35,"featured_media":17288,"comment_status":"closed","ping_status":"closed","sticky":false,"template":"","format":"standard","meta":{"footnotes":""},"categories":[686],"tags":[2312],"class_list":["post-17287","post","type-post","status-publish","format-standard","has-post-thumbnail","hentry","category-trendek","tag-answear-dressyourlifewithpeopleyoulove-ss25-adidas-patriziapepe-pinko-allsaints-boss-birkenstock-answearhu-premiumbrands"],"_links":{"self":[{"href":"https:\/\/answear.hu\/blog\/wp-json\/wp\/v2\/posts\/17287","targetHints":{"allow":["GET"]}}],"collection":[{"href":"https:\/\/answear.hu\/blog\/wp-json\/wp\/v2\/posts"}],"about":[{"href":"https:\/\/answear.hu\/blog\/wp-json\/wp\/v2\/types\/post"}],"author":[{"embeddable":true,"href":"https:\/\/answear.hu\/blog\/wp-json\/wp\/v2\/users\/35"}],"replies":[{"embeddable":true,"href":"https:\/\/answear.hu\/blog\/wp-json\/wp\/v2\/comments?post=17287"}],"version-history":[{"count":14,"href":"https:\/\/answear.hu\/blog\/wp-json\/wp\/v2\/posts\/17287\/revisions"}],"predecessor-version":[{"id":17309,"href":"https:\/\/answear.hu\/blog\/wp-json\/wp\/v2\/posts\/17287\/revisions\/17309"}],"wp:featuredmedia":[{"embeddable":true,"href":"https:\/\/answear.hu\/blog\/wp-json\/wp\/v2\/media\/17288"}],"wp:attachment":[{"href":"https:\/\/answear.hu\/blog\/wp-json\/wp\/v2\/media?parent=17287"}],"wp:term":[{"taxonomy":"category","embeddable":true,"href":"https:\/\/answear.hu\/blog\/wp-json\/wp\/v2\/categories?post=17287"},{"taxonomy":"post_tag","embeddable":true,"href":"https:\/\/answear.hu\/blog\/wp-json\/wp\/v2\/tags?post=17287"}],"curies":[{"name":"wp","href":"https:\/\/api.w.org\/{rel}","templated":true}]}}