{"id":17276,"date":"2025-03-14T13:15:23","date_gmt":"2025-03-14T12:15:23","guid":{"rendered":"https:\/\/answear.hu\/blog\/?p=17276"},"modified":"2025-03-14T13:15:23","modified_gmt":"2025-03-14T12:15:23","slug":"az-ero-ami-sosem-megy-ki-a-divatbol-az-answear-lab-bemutatja-a-sisterhood-stories-kollekciot","status":"publish","type":"post","link":"https:\/\/answear.hu\/blog\/az-ero-ami-sosem-megy-ki-a-divatbol-az-answear-lab-bemutatja-a-sisterhood-stories-kollekciot\/17276","title":{"rendered":"Az er\u0151, ami sosem megy ki a divatb\u00f3l \u2013 Az Answear.LAB bemutatja a Sisterhood Stories kollekci\u00f3t"},"content":{"rendered":"<span class=\"span-reading-time rt-reading-time\" style=\"display: block;\"><span class=\"rt-label rt-prefix\">Olvasd el, csak <\/span> <span class=\"rt-time\"> 3<\/span> <span class=\"rt-label rt-postfix\">perc<\/span><\/span><p>A n\u0151k \u00e1ltal n\u0151knek \u00e1lmodott m\u00e1rka, az Answear.LAB ism\u00e9t a n\u0151i szolidarit\u00e1s erej\u00e9t \u00e9s a k\u00f6lcs\u00f6n\u00f6s t\u00e1mogat\u00e1s fontoss\u00e1g\u00e1t hirdeti. A Sisterhood Stories kollekci\u00f3 a modern n\u0151ket \u00fcnnepli, akik tudj\u00e1k, hogy k\u00f6z\u00f6sen t\u00f6bbet \u00e9rnek el, \u00e9s ezt az \u00e9lm\u00e9nyt m\u00e1sokkal is szeretn\u00e9k megosztani.<\/p>\n<p><!--more--><\/p>\n<p class=\"bigletter\">Ez\u00fattal a karakteres megjelen\u00e9s \u00e9s a power dressing, azaz az er\u0151t mutat\u00f3 st\u00edlus egy\u00e9ni megval\u00f3s\u00edt\u00e1sa mellett a kollekci\u00f3 k\u00fcl\u00f6n\u00f6s figyelmet ford\u00edt arra, hogy a n\u0151k ne csak a h\u00e9tk\u00f6znapi helyzetekben, hanem az \u00fczleti \u00e9letben is t\u00e1mogass\u00e1k egym\u00e1st, ahol az egy\u00fcttm\u0171k\u00f6d\u00e9s, a meg\u00e9rt\u00e9s \u00e9s a motiv\u00e1ci\u00f3 kiemelt szerepet kapnak.<\/p>\n<p>Az Answear.LAB \u00e9vek \u00f3ta t\u00e1mogatja a n\u0151k \u00f6nbizalm\u00e1nak \u00e9p\u00edt\u00e9s\u00e9t seg\u00edt\u0151 kezdem\u00e9nyez\u00e9seket, nemcsak st\u00edlusos darabokat k\u00edn\u00e1lva, hanem egy olyan teret alkotva, ahol mindenki kifejezheti saj\u00e1t egy\u00e9nis\u00e9g\u00e9t, amb\u00edci\u00f3j\u00e1t \u00e9s \u00e1lmait. A m\u00e1rka minden kollekci\u00f3ja v\u00e1ltoz\u00e1st el\u0151seg\u00edt\u0151 \u00e9s \u00f6nbizalomn\u00f6vel\u0151 eszk\u00f6zk\u00e9nt, egyfajta manifeszt\u00f3k\u00e9nt tekint a divatra.<\/p>\n<p><img loading=\"lazy\" decoding=\"async\" class=\"alignnone size-medium wp-image-17282\" src=\"https:\/\/answear.hu\/blog\/wp-content\/uploads\/2025\/03\/2025-02-sisterhood-lab3353-R-1042x695.jpg\" alt=\"\" width=\"1042\" height=\"695\" srcset=\"https:\/\/answear.hu\/blog\/wp-content\/uploads\/2025\/03\/2025-02-sisterhood-lab3353-R-1042x695.jpg 1042w, https:\/\/answear.hu\/blog\/wp-content\/uploads\/2025\/03\/2025-02-sisterhood-lab3353-R-768x512.jpg 768w, https:\/\/answear.hu\/blog\/wp-content\/uploads\/2025\/03\/2025-02-sisterhood-lab3353-R-1536x1024.jpg 1536w, https:\/\/answear.hu\/blog\/wp-content\/uploads\/2025\/03\/2025-02-sisterhood-lab3353-R-2048x1366.jpg 2048w, https:\/\/answear.hu\/blog\/wp-content\/uploads\/2025\/03\/2025-02-sisterhood-lab3353-R-272x182.jpg 272w\" sizes=\"auto, (max-width: 1042px) 100vw, 1042px\" \/><\/p>\n<p>\u201eAz Answear.LAB a n\u0151i szolidarit\u00e1s erej\u00e9re \u00e9p\u00edt. Amikor tal\u00e1lkoztam Sylwia Jaskulsk\u00e1val, a m\u00e1rka vezet\u0151 tervez\u0151j\u00e9vel, azonnal olyan kreat\u00edv du\u00f3v\u00e1 v\u00e1ltunk, amiben k\u00f6lcs\u00f6n\u00f6sen inspir\u00e1ljuk \u00e9s motiv\u00e1ljuk egym\u00e1st. Ennek a kapcsolatnak az ereje adja minden egyes kollekci\u00f3nk alapj\u00e1t, l\u00e9trehozva egy teret, ahol minden n\u0151 megtal\u00e1lja az erej\u00e9t, \u00f6nbizalm\u00e1t \u00e9s sz\u00e9ps\u00e9g\u00e9t.\u201d \u2013 mondja Agnieszka Pruchnik, az Answear.LAB m\u00e1rkavezet\u0151je.<\/p>\n<p>A klasszikus \u00e9s a lezser st\u00edlus hat\u00e1r\u00e1n sz\u00fcletett meg a <a href=\"https:\/\/answear.hu\/s\/sisterhood-stories\" target=\"_blank\" rel=\"noopener\">Sisterhood Stories<\/a> \u00f6tlete \u2013 egy olyan kollekci\u00f3\u00e9, ami nem akar v\u00e1lasztani a k\u00e9nyelem \u00e9s az elegancia, a sikk \u00e9s a funkcionalit\u00e1s k\u00f6z\u00f6tt. A sz\u00e9tv\u00e1laszt\u00e1s helyett egyes\u00edt, teret adva a legfontosabbnak: az \u00f6nkifejez\u00e9s szabads\u00e1g\u00e1nak.<\/p>\n<p>A kollekci\u00f3 k\u00f6z\u00e9ppontj\u00e1ban az eleg\u00e1ns egyszer\u0171s\u00e9g szellem\u00e9ben k\u00e9sz\u00fclt koszt\u00fcmvonal \u00e1ll \u2013 k\u00e9t bl\u00e9zer, h\u00e1rom elt\u00e9r\u0151 fazon\u00fa nadr\u00e1g \u00e9s egy szoknya. Egyetlen darab kicser\u00e9l\u00e9s\u00e9vel k\u00f6nnyed\u00e9n \u00e1talak\u00edthat\u00f3 az eleg\u00e1ns \u00fczleti viselet egy teljesen \u00faj, lezser st\u00edlusba. Ha a bl\u00e9zerekhez ill\u0151 divatos s\u00e1lakat is bevetj\u00fck, a lehet\u0151s\u00e9gek t\u00e1rh\u00e1za szinte v\u00e9gtelen. A koszt\u00fcm\u00f6k kellemes tapint\u00e1s\u00fa, term\u00e9szetes \u00f6sszet\u00e9tel\u0171 anyagb\u00f3l k\u00e9sz\u00fcltek: lyocell \u00e9s pamut kever\u00e9k\u00e9b\u0151l.<\/p>\n<p>A sz\u00ednek? Pasztells\u00e1rga \u00e9s k\u00e9k az egyik oldalon, klasszikus fekete a m\u00e1sikon, k\u00f6z\u00e9pen pedig az ol\u00edva \u00e1rnyalatai, amik finom m\u00e9lys\u00e9get \u00e9s frissess\u00e9get adnak az \u00f6sszk\u00e9pnek. Egy koherens, \u00e1tgondolt szett, k\u00e9szen a k\u00eds\u00e9rletez\u00e9sre.<\/p>\n<p><img loading=\"lazy\" decoding=\"async\" class=\"alignnone size-medium wp-image-17281\" src=\"https:\/\/answear.hu\/blog\/wp-content\/uploads\/2025\/03\/2025-02-sisterhood-lab3266-R-1042x695.jpg\" alt=\"\" width=\"1042\" height=\"695\" srcset=\"https:\/\/answear.hu\/blog\/wp-content\/uploads\/2025\/03\/2025-02-sisterhood-lab3266-R-1042x695.jpg 1042w, https:\/\/answear.hu\/blog\/wp-content\/uploads\/2025\/03\/2025-02-sisterhood-lab3266-R-768x512.jpg 768w, https:\/\/answear.hu\/blog\/wp-content\/uploads\/2025\/03\/2025-02-sisterhood-lab3266-R-1536x1024.jpg 1536w, https:\/\/answear.hu\/blog\/wp-content\/uploads\/2025\/03\/2025-02-sisterhood-lab3266-R-2048x1366.jpg 2048w, https:\/\/answear.hu\/blog\/wp-content\/uploads\/2025\/03\/2025-02-sisterhood-lab3266-R-272x182.jpg 272w\" sizes=\"auto, (max-width: 1042px) 100vw, 1042px\" \/><\/p>\n<p>A kollekci\u00f3t a r\u00e9szletek \u00e9s kieg\u00e9sz\u00edt\u0151k teszik igaz\u00e1n egyediv\u00e9. Benne van egy kis visszakacsint\u00e1s a \u201970-es \u00e9vekre: a trap\u00e9znadr\u00e1gok \u00e9s a bl\u00e9zerek hangs\u00falyozott der\u00e9kvonala a retr\u00f3 st\u00edlusra utal, de nem t\u00fal direkt m\u00f3don. A romantikus boh\u00e9m hangulat pedig a legjobb arc\u00e1t mutatja: fodrok, csipk\u00e9k, \u00e1ttetsz\u0151 anyagok &#8211; persze m\u00e9rt\u00e9kkel, \u00e9ppen csak annyira, hogy k\u00f6nnyeds\u00e9get \u00e9s egy kis m\u0171v\u00e9szeti hat\u00e1st adjanak a ruh\u00e1knak.<\/p>\n<p>Az \u00e9kszerek? Mint mindig, k\u00e9zzel k\u00e9sz\u00fcltek. Nyakl\u00e1ncok \u00e9s kark\u00f6t\u0151k term\u00e9szetes k\u00f6vekkel eg\u00e9sz\u00edtik ki a st\u00edlusokat, mik\u00f6zben el\u00e9g sokoldal\u00faak ahhoz, hogy b\u00e1rmelyik szetthez passzoljanak.<\/p>\n<p>A kollekci\u00f3b\u00f3l term\u00e9szetesen nem maradhatott ki az Answear.LAB ikonikus b\u0151rkollekci\u00f3ja sem, amiben kiz\u00e1r\u00f3lag LWG-tan\u00fas\u00edtv\u00e1nnyal rendelkez\u0151 b\u0151r\u00f6k jellennek meg, biztos\u00edtva a fenntarthat\u00f3s\u00e1got \u00e9s felel\u0151s beszerz\u00e9si l\u00e1ncot. A kab\u00e1tok, sportcip\u0151k \u00e9s dzsekik a kortalan elegancia jegy\u00e9ben sz\u00fclettek, nem csup\u00e1n egy szezonra sz\u00f3l\u00f3, hanem hossz\u00fa t\u00e1von vel\u00fcnk marad\u00f3 darabok.<\/p>\n<p>A Sisterhood Stories kollekci\u00f3 nem lenne teljes cip\u0151k \u2013 klasszikus karakteres fazonok n\u00e9lk\u00fcl. Az \u00e9v sz\u00edneit felvonultat\u00f3, apr\u00f3l\u00e9kos r\u00e9szletekkel kidolgozott balerin\u00e1k, t\u0171sark\u00fak \u00e9s szand\u00e1lok nem csup\u00e1n kieg\u00e9sz\u00edt\u0151i a szetteknek, hanem azok alapjai.<\/p>\n<p><img loading=\"lazy\" decoding=\"async\" class=\"alignnone size-medium wp-image-17283\" src=\"https:\/\/answear.hu\/blog\/wp-content\/uploads\/2025\/03\/Canon-0049-R-1042x695.jpg\" alt=\"\" width=\"1042\" height=\"695\" srcset=\"https:\/\/answear.hu\/blog\/wp-content\/uploads\/2025\/03\/Canon-0049-R-1042x695.jpg 1042w, https:\/\/answear.hu\/blog\/wp-content\/uploads\/2025\/03\/Canon-0049-R-768x512.jpg 768w, https:\/\/answear.hu\/blog\/wp-content\/uploads\/2025\/03\/Canon-0049-R-1536x1024.jpg 1536w, https:\/\/answear.hu\/blog\/wp-content\/uploads\/2025\/03\/Canon-0049-R-2048x1366.jpg 2048w, https:\/\/answear.hu\/blog\/wp-content\/uploads\/2025\/03\/Canon-0049-R-272x182.jpg 272w\" sizes=\"auto, (max-width: 1042px) 100vw, 1042px\" \/><\/p>\n<p>A Sisterhood Stories azoknak a n\u0151knek sz\u00f3l, akik keresik a min\u0151s\u00e9get, \u00e9s van b\u00e1tors\u00e1guk, hogy kifejezz\u00e9k magukat. A kollekci\u00f3 sem csup\u00e1n az eleganci\u00e1r\u00f3l sz\u00f3l, hanem a szabads\u00e1gr\u00f3l, ami lehet\u0151v\u00e9 teszi, hogy k\u00f6nnyebben vegy\u00fck a mindennapi kih\u00edv\u00e1sokat, legyen sz\u00f3 egy irodai napr\u00f3l, egy bar\u00e1ti tal\u00e1lkoz\u00f3r\u00f3l, vagy egy esti programr\u00f3l. A kifinomult szab\u00e1svonalak, a min\u0151s\u00e9gi anyagok \u00e9s az egyedi kieg\u00e9sz\u00edt\u0151k hozz\u00e1j\u00e1rulnak ahhoz, hogy minden szett k\u00fcl\u00f6nleges \u00e9s izgalmas t\u00f6rt\u00e9nett\u00e9 v\u00e1ljon. Egy er\u0151s n\u0151r\u0151l sz\u00f3l\u00f3 t\u00f6rt\u00e9nett\u00e9.<\/p>\n<p class=\"kropka\">A Sisterhood Stories t\u00f6bb mint egy kollekci\u00f3 \u2013 egy manifeszt\u00f3, egy ki\u00e1ltv\u00e1ny egy k\u00f6z\u00f6ss\u00e9g\u00e9rt, ami k\u00e9pes hatni a vil\u00e1gra, ami k\u00e9pes hat\u00e1ssal lenni a val\u00f3s\u00e1gra, \u00e9s amiben a n\u0151k k\u00f6lcs\u00f6n\u00f6s t\u00e1mogat\u00e1sa val\u00f3di er\u0151t ad. Hiszen a divatban is, ak\u00e1r az \u00e9letben, k\u00f6z\u00f6sen t\u00f6bbet \u00e9rhet\u00fcnk el.<\/p>\n","protected":false},"excerpt":{"rendered":"<p><span class=\"span-reading-time rt-reading-time\" style=\"display: block;\"><span class=\"rt-label rt-prefix\">Olvasd el, csak <\/span> <span class=\"rt-time\"> 3<\/span> <span class=\"rt-label rt-postfix\">perc<\/span><\/span>A n\u0151k \u00e1ltal n\u0151knek \u00e1lmodott m\u00e1rka, az Answear.LAB ism\u00e9t a n\u0151i szolidarit\u00e1s erej\u00e9t \u00e9s a k\u00f6lcs\u00f6n\u00f6s t\u00e1mogat\u00e1s fontoss\u00e1g\u00e1t hirdeti. A Sisterhood Stories kollekci\u00f3 a modern n\u0151ket \u00fcnnepli, akik tudj\u00e1k, hogy k\u00f6z\u00f6sen t\u00f6bbet \u00e9rnek el, \u00e9s ezt az \u00e9lm\u00e9nyt m\u00e1sokkal is szeretn\u00e9k megosztani.<\/p>\n","protected":false},"author":35,"featured_media":17279,"comment_status":"closed","ping_status":"closed","sticky":false,"template":"","format":"standard","meta":{"footnotes":""},"categories":[889],"tags":[1863,1812,1982,2311,2310],"class_list":["post-17276","post","type-post","status-publish","format-standard","has-post-thumbnail","hentry","category-answear-lab","tag-answear-lab","tag-kollekcio","tag-limitalt","tag-limited","tag-sisterhood-stories"],"_links":{"self":[{"href":"https:\/\/answear.hu\/blog\/wp-json\/wp\/v2\/posts\/17276","targetHints":{"allow":["GET"]}}],"collection":[{"href":"https:\/\/answear.hu\/blog\/wp-json\/wp\/v2\/posts"}],"about":[{"href":"https:\/\/answear.hu\/blog\/wp-json\/wp\/v2\/types\/post"}],"author":[{"embeddable":true,"href":"https:\/\/answear.hu\/blog\/wp-json\/wp\/v2\/users\/35"}],"replies":[{"embeddable":true,"href":"https:\/\/answear.hu\/blog\/wp-json\/wp\/v2\/comments?post=17276"}],"version-history":[{"count":5,"href":"https:\/\/answear.hu\/blog\/wp-json\/wp\/v2\/posts\/17276\/revisions"}],"predecessor-version":[{"id":17285,"href":"https:\/\/answear.hu\/blog\/wp-json\/wp\/v2\/posts\/17276\/revisions\/17285"}],"wp:featuredmedia":[{"embeddable":true,"href":"https:\/\/answear.hu\/blog\/wp-json\/wp\/v2\/media\/17279"}],"wp:attachment":[{"href":"https:\/\/answear.hu\/blog\/wp-json\/wp\/v2\/media?parent=17276"}],"wp:term":[{"taxonomy":"category","embeddable":true,"href":"https:\/\/answear.hu\/blog\/wp-json\/wp\/v2\/categories?post=17276"},{"taxonomy":"post_tag","embeddable":true,"href":"https:\/\/answear.hu\/blog\/wp-json\/wp\/v2\/tags?post=17276"}],"curies":[{"name":"wp","href":"https:\/\/api.w.org\/{rel}","templated":true}]}}