{"id":17232,"date":"2024-12-05T10:30:31","date_gmt":"2024-12-05T09:30:31","guid":{"rendered":"https:\/\/answear.hu\/blog\/?p=17232"},"modified":"2024-12-05T10:30:31","modified_gmt":"2024-12-05T09:30:31","slug":"celebrate-everything-unnepeld-az-ertekes-pillanatokat-az-answear-lab-uj-kollekciojaval","status":"publish","type":"post","link":"https:\/\/answear.hu\/blog\/celebrate-everything-unnepeld-az-ertekes-pillanatokat-az-answear-lab-uj-kollekciojaval\/17232","title":{"rendered":"\u201eCelebrate Everything\u201d \u2013 \u00dcnnepeld az \u00e9rt\u00e9kes pillanatokat az Answear.LAB \u00faj kollekci\u00f3j\u00e1val!"},"content":{"rendered":"<span class=\"span-reading-time rt-reading-time\" style=\"display: block;\"><span class=\"rt-label rt-prefix\">Olvasd el, csak <\/span> <span class=\"rt-time\"> 4<\/span> <span class=\"rt-label rt-postfix\">perc<\/span><\/span><p><em><strong>Az \u00fcnnepl\u00e9s nem felt\u00e9tlen\u00fcl a napt\u00e1rban tal\u00e1lhat\u00f3 k\u00f6telez\u0151 d\u00e1tumokr\u00f3l <\/strong><strong>sz\u00f3l. Sokkal ink\u00e1bb arr\u00f3l, hogy \u00e9rt\u00e9kelj\u00fck az \u00e9let apr\u00f3 \u00e9s nagy pillanatait \u2013 a h\u00e9tk\u00f6znapit\u00f3l az eg\u00e9szen k\u00fcl\u00f6nlegesig \u2013, \u00e9s jelent\u0151s\u00e9get adjunk nekik. V\u00e9g\u00fcl is mi d\u00f6ntj\u00fck el, mi \u00e9rdemli meg, hogy \u00fcnnepp\u00e9 v\u00e1ljon.<\/strong><\/em><\/p>\n<p><!--more--><\/p>\n<p class=\"bigletter\">Az Answear.LAB \u00faj kollekci\u00f3ja, a CELEBRATE EVERYTHING arra \u00f6szt\u00f6n\u00f6z, hogy m\u00e1sk\u00e9pp tekints az \u00fcnnepl\u00e9sre. Megmutatja, hogy a divat lehet eszk\u00f6z az \u00f6r\u00f6m, a b\u00e1tors\u00e1g \u00e9s az egyedis\u00e9g kifejez\u00e9s\u00e9re. Minden darabja megh\u00edv\u00e1st jelent arra, hogy felfedezd saj\u00e1t \u00fcnnepi st\u00edlusod, modern trendek ment\u00e9n, de egy\u00e9ni \u00e9rtelmez\u00e9ssel.<\/p>\n<h2>Elegancia k\u00e9nyelmesen<\/h2>\n<p>Az \u00e9rz\u00e9ki, minimalista st\u00edlus\u00fa ruh\u00e1k mindig a kifinomults\u00e1g \u00e9s a modernit\u00e1s szinonim\u00e1i. A test vonal\u00e1t k\u00f6vet\u0151 szab\u00e1sok, finom red\u0151z\u00e9sek \u00e9s dekorat\u00edv megk\u00f6t\u0151k mind karaktert adnak az \u00f6ssze\u00e1ll\u00edt\u00e1soknak. Az ilyen darabok kiemelik az alakot, mik\u00f6zben meg\u0151rzik a k\u00e9nyelmet \u2013 t\u00f6k\u00e9letesek sokf\u00e9le alkalomra.<\/p>\n\n\n<figure class=\"wp-block-gallery has-nested-images columns-default is-cropped wp-block-gallery-1 is-layout-flex wp-block-gallery-is-layout-flex\">\n<figure class=\"wp-block-image size-large\"><img loading=\"lazy\" decoding=\"async\" width=\"464\" height=\"695\" data-id=\"17238\" src=\"https:\/\/answear.hu\/blog\/wp-content\/uploads\/2024\/12\/2024-10-30-CELEBRATE-12-464x695.jpg\" alt=\"\" class=\"wp-image-17238\" srcset=\"https:\/\/answear.hu\/blog\/wp-content\/uploads\/2024\/12\/2024-10-30-CELEBRATE-12-464x695.jpg 464w, https:\/\/answear.hu\/blog\/wp-content\/uploads\/2024\/12\/2024-10-30-CELEBRATE-12-768x1151.jpg 768w, https:\/\/answear.hu\/blog\/wp-content\/uploads\/2024\/12\/2024-10-30-CELEBRATE-12-1024x1536.jpg 1024w, https:\/\/answear.hu\/blog\/wp-content\/uploads\/2024\/12\/2024-10-30-CELEBRATE-12-1366x2048.jpg 1366w, https:\/\/answear.hu\/blog\/wp-content\/uploads\/2024\/12\/2024-10-30-CELEBRATE-12-scaled.jpg 1707w\" sizes=\"auto, (max-width: 464px) 100vw, 464px\" \/><\/figure>\n\n\n\n<figure class=\"wp-block-image size-large\"><img loading=\"lazy\" decoding=\"async\" width=\"464\" height=\"695\" data-id=\"17236\" src=\"https:\/\/answear.hu\/blog\/wp-content\/uploads\/2024\/12\/2024-10-30-CELEBRATE-2-464x695.jpg\" alt=\"\" class=\"wp-image-17236\" srcset=\"https:\/\/answear.hu\/blog\/wp-content\/uploads\/2024\/12\/2024-10-30-CELEBRATE-2-464x695.jpg 464w, https:\/\/answear.hu\/blog\/wp-content\/uploads\/2024\/12\/2024-10-30-CELEBRATE-2-768x1151.jpg 768w, https:\/\/answear.hu\/blog\/wp-content\/uploads\/2024\/12\/2024-10-30-CELEBRATE-2-1025x1536.jpg 1025w, https:\/\/answear.hu\/blog\/wp-content\/uploads\/2024\/12\/2024-10-30-CELEBRATE-2-1366x2048.jpg 1366w, https:\/\/answear.hu\/blog\/wp-content\/uploads\/2024\/12\/2024-10-30-CELEBRATE-2-scaled.jpg 1708w\" sizes=\"auto, (max-width: 464px) 100vw, 464px\" \/><\/figure>\n\n\n\n<figure class=\"wp-block-image size-large\"><img loading=\"lazy\" decoding=\"async\" width=\"463\" height=\"695\" data-id=\"17237\" src=\"https:\/\/answear.hu\/blog\/wp-content\/uploads\/2024\/12\/2024-10-30-CELEBRATE-19-463x695.jpg\" alt=\"\" class=\"wp-image-17237\" srcset=\"https:\/\/answear.hu\/blog\/wp-content\/uploads\/2024\/12\/2024-10-30-CELEBRATE-19-463x695.jpg 463w, https:\/\/answear.hu\/blog\/wp-content\/uploads\/2024\/12\/2024-10-30-CELEBRATE-19-768x1152.jpg 768w, https:\/\/answear.hu\/blog\/wp-content\/uploads\/2024\/12\/2024-10-30-CELEBRATE-19-1024x1536.jpg 1024w, https:\/\/answear.hu\/blog\/wp-content\/uploads\/2024\/12\/2024-10-30-CELEBRATE-19-1366x2048.jpg 1366w, https:\/\/answear.hu\/blog\/wp-content\/uploads\/2024\/12\/2024-10-30-CELEBRATE-19-scaled.jpg 1707w\" sizes=\"auto, (max-width: 463px) 100vw, 463px\" \/><\/figure>\n<\/figure>\n\n\n\n<figure class=\"wp-block-image size-large\"><img loading=\"lazy\" decoding=\"async\" width=\"1042\" height=\"695\" src=\"https:\/\/answear.hu\/blog\/wp-content\/uploads\/2024\/12\/2024-10-30-CELEBRATE-7-1042x695.jpg\" alt=\"\" class=\"wp-image-17239\" srcset=\"https:\/\/answear.hu\/blog\/wp-content\/uploads\/2024\/12\/2024-10-30-CELEBRATE-7-1042x695.jpg 1042w, https:\/\/answear.hu\/blog\/wp-content\/uploads\/2024\/12\/2024-10-30-CELEBRATE-7-768x512.jpg 768w, https:\/\/answear.hu\/blog\/wp-content\/uploads\/2024\/12\/2024-10-30-CELEBRATE-7-1536x1025.jpg 1536w, https:\/\/answear.hu\/blog\/wp-content\/uploads\/2024\/12\/2024-10-30-CELEBRATE-7-272x182.jpg 272w, https:\/\/answear.hu\/blog\/wp-content\/uploads\/2024\/12\/2024-10-30-CELEBRATE-7.jpg 1920w\" sizes=\"auto, (max-width: 1042px) 100vw, 1042px\" \/><\/figure>\n\n\n\n<div class=\"wp-block-buttons is-layout-flex wp-block-buttons-is-layout-flex\">\n<div class=\"wp-block-button is-style-outline is-style-outline--2\"><a class=\"wp-block-button__link has-text-align-center wp-element-button\" href=\"https:\/\/answear.hu\/s\/celebrate-everything-answearlab\" target=\"_blank\" rel=\"noopener\">Fedezd fel a teljes kollekci\u00f3t!<\/a><\/div>\r\n<div>\u00a0<\/div>\n<\/div>\n\n\n\n<p>Ha m\u00e9g hangs\u00falyosabb\u00e1 tenn\u00e9d a megjelen\u00e9st, v\u00e1lassz felt\u0171n\u0151 kieg\u00e9sz\u00edt\u0151ket, p\u00e9ld\u00e1ul l\u00e1tv\u00e1nyos \u00e9kszereket, hossz\u00fa keszty\u0171ket vagy mer\u00e9sz d\u00edszeket. \u00cdgy megteremtheted a modern, id\u0151tlen elegancia hat\u00e1s\u00e1t, amely sosem okoz csal\u00f3d\u00e1st.<\/p>\n\n\n\n<p><h2>Alternat\u00edv\u00e1k kokt\u00e9lruh\u00e1k helyett az \u00fcnnepekre \u00e9s szilveszterre<\/h2><\/p>\n\n\n\n<p>Id\u00e9n a divat a kreativit\u00e1st \u00e9s a mer\u00e9sz st\u00edlust \u00fcnnepli, egyszer\u0171, m\u00e9gis eleg\u00e1ns alternat\u00edv\u00e1kat k\u00edn\u00e1lva a klasszikus kokt\u00e9lruh\u00e1k helyett. Az eleg\u00e1ns bl\u00fazok \u00e9s kifejez\u0151 fels\u0151k, gy\u00f6ngy\u00f6kkel, flitterekkel vagy h\u00edmz\u00e9sekkel d\u00edsz\u00edtve, az esti szettek k\u00f6zponti elemeiv\u00e9 v\u00e1lnak. Ezek a darabok remek\u00fcl mutatnak szat\u00e9nb\u00f3l vagy \u00e1ttetsz\u0151 anyagb\u00f3l k\u00e9sz\u00fclt szokny\u00e1kkal, leny\u0171g\u00f6z\u0151 \u00e9s st\u00edlusos \u00f6ssze\u00e1ll\u00edt\u00e1sokat alkotva. A fels\u0151k \u00e9s a bl\u00fazok ugyanilyen j\u00f3l kombin\u00e1lhat\u00f3k farmerrel vagy b\u0151 sz\u00e1r\u00fa nadr\u00e1gokkal, eleganci\u00e1t adva a h\u00e9tk\u00f6znapi szettekhez is. A k\u00f6t\u00f6tt holmik szerelmeseinek \u00e9rdekes megold\u00e1s lehet a flitterekkel d\u00edsz\u00edtett szoknya, amely t\u00f6k\u00e9letesen illik egy egyszer\u0171, laza, puha pul\u00f3verhez. Ez a kombin\u00e1ci\u00f3 \u00f6tv\u00f6zi a k\u00e9nyelmet a kifinomults\u00e1ggal, \u00edgy ide\u00e1lis v\u00e1laszt\u00e1s kar\u00e1csonyi tal\u00e1lkoz\u00f3kra vagy szilveszteri vacsor\u00e1kra.<\/p>\n\n\n\n<p>\u00c9rdemes figyelmet ford\u00edtani a kieg\u00e9sz\u00edt\u0151kre is, amelyek ebben a szezonban a gy\u00f6ngymot\u00edvumra helyezik a hangs\u00falyt. A k\u00e9zzel k\u00e9sz\u00edtett \u00e9kszerek, az esti box-t\u00e1sk\u00e1k vagy a kagyl\u00f3 form\u00e1j\u00fa clutchok izgalmas karaktert adnak b\u00e1rmilyen \u00f6ssze\u00e1ll\u00edt\u00e1shoz. A gy\u00f6ngy\u00f6k eleganci\u00e1t \u00e9s finoms\u00e1got sug\u00e1roznak, id\u0151tlen b\u00e1juk pedig t\u00f6k\u00e9letesen illik az esti szettek kifinomults\u00e1g\u00e1hoz.<\/p>\n\n\n\n<figure class=\"wp-block-gallery has-nested-images columns-default is-cropped wp-block-gallery-6 is-layout-flex wp-block-gallery-is-layout-flex\">\n<figure class=\"wp-block-image size-large\"><img loading=\"lazy\" decoding=\"async\" width=\"463\" height=\"695\" data-id=\"17243\" src=\"https:\/\/answear.hu\/blog\/wp-content\/uploads\/2024\/12\/2024-10-30-CELEBRATE-35-463x695.jpg\" alt=\"\" class=\"wp-image-17243\" srcset=\"https:\/\/answear.hu\/blog\/wp-content\/uploads\/2024\/12\/2024-10-30-CELEBRATE-35-463x695.jpg 463w, https:\/\/answear.hu\/blog\/wp-content\/uploads\/2024\/12\/2024-10-30-CELEBRATE-35-768x1152.jpg 768w, https:\/\/answear.hu\/blog\/wp-content\/uploads\/2024\/12\/2024-10-30-CELEBRATE-35-1024x1536.jpg 1024w, https:\/\/answear.hu\/blog\/wp-content\/uploads\/2024\/12\/2024-10-30-CELEBRATE-35-1366x2048.jpg 1366w, https:\/\/answear.hu\/blog\/wp-content\/uploads\/2024\/12\/2024-10-30-CELEBRATE-35-scaled.jpg 1707w\" sizes=\"auto, (max-width: 463px) 100vw, 463px\" \/><\/figure>\n\n\n\n<figure class=\"wp-block-image size-large\"><img loading=\"lazy\" decoding=\"async\" width=\"464\" height=\"695\" data-id=\"17245\" src=\"https:\/\/answear.hu\/blog\/wp-content\/uploads\/2024\/12\/2024-10-30-CELEBRATE-61-464x695.jpg\" alt=\"\" class=\"wp-image-17245\" srcset=\"https:\/\/answear.hu\/blog\/wp-content\/uploads\/2024\/12\/2024-10-30-CELEBRATE-61-464x695.jpg 464w, https:\/\/answear.hu\/blog\/wp-content\/uploads\/2024\/12\/2024-10-30-CELEBRATE-61-768x1151.jpg 768w, https:\/\/answear.hu\/blog\/wp-content\/uploads\/2024\/12\/2024-10-30-CELEBRATE-61-1025x1536.jpg 1025w, https:\/\/answear.hu\/blog\/wp-content\/uploads\/2024\/12\/2024-10-30-CELEBRATE-61-1366x2048.jpg 1366w, https:\/\/answear.hu\/blog\/wp-content\/uploads\/2024\/12\/2024-10-30-CELEBRATE-61-scaled.jpg 1708w\" sizes=\"auto, (max-width: 464px) 100vw, 464px\" \/><\/figure>\n\n\n\n<figure class=\"wp-block-image size-large\"><img loading=\"lazy\" decoding=\"async\" width=\"463\" height=\"695\" data-id=\"17244\" class=\"wp-image-17244\" src=\"https:\/\/answear.hu\/blog\/wp-content\/uploads\/2024\/12\/2024-10-30-CELEBRATE-63-463x695.jpg\" alt=\"\" srcset=\"https:\/\/answear.hu\/blog\/wp-content\/uploads\/2024\/12\/2024-10-30-CELEBRATE-63-463x695.jpg 463w, https:\/\/answear.hu\/blog\/wp-content\/uploads\/2024\/12\/2024-10-30-CELEBRATE-63-768x1152.jpg 768w, https:\/\/answear.hu\/blog\/wp-content\/uploads\/2024\/12\/2024-10-30-CELEBRATE-63-1024x1536.jpg 1024w, https:\/\/answear.hu\/blog\/wp-content\/uploads\/2024\/12\/2024-10-30-CELEBRATE-63-1366x2048.jpg 1366w, https:\/\/answear.hu\/blog\/wp-content\/uploads\/2024\/12\/2024-10-30-CELEBRATE-63-scaled.jpg 1707w\" sizes=\"auto, (max-width: 463px) 100vw, 463px\" \/><\/figure>\r\n<p>A flitteres nadr\u00e1gok szint\u00e9n nagy figyelmet kapnak ebben a szezonban. Egy feh\u00e9r ing \u00e9s fekete, flitteres nadr\u00e1g kombin\u00e1ci\u00f3ja remek p\u00e9ld\u00e1ja annak, hogyan \u00f6tv\u00f6zhet\u0151k a klasszikus elemek egy kis csillog\u00e1ssal. Ez a fajta komb\u00f3 kiv\u00e1l\u00f3 v\u00e1laszt\u00e1s lehet hivatalosabb esem\u00e9nyekre \u00e9s laz\u00e1bb alkalmakra egyar\u00e1nt. A flitterek mindig \u00fcnnep\u00e9lyes hangulatot teremtenek, \u00e9s ebben a szezonban teljesen \u00faj \u00e9rtelmet nyertek, ahogy pul\u00f3verekkel kombin\u00e1lj\u00e1k \u0151ket, \u00fajra\u00e9rtelmezve a glamour st\u00edlust.<\/p>\r\n<\/figure>\n\n\n\n<p>A flitterek egyr\u00e9szt harmoniz\u00e1lnak a puha text\u00far\u00e1kkal, m\u00e1sr\u00e9szt kontrasztot alkotnak, amely vonzza a tekintetet \u00e9s modern jelleget ad az \u00f6ssze\u00e1ll\u00edt\u00e1soknak. N\u00e9pszer\u0171s\u00e9g\u00fck egyre n\u0151, hiszen a mindennapok \u00fcnnepl\u00e9s\u00e9nek trendj\u00e9be illeszkednek, mer\u00e9sz eml\u00e9keztet\u0151k\u00e9nt arra, hogy minden alkalom meg\u00e9rdemel egy kis csillog\u00e1st.<\/p>\n\n\n\n<figure class=\"wp-block-gallery has-nested-images columns-default is-cropped wp-block-gallery-3 is-layout-flex wp-block-gallery-is-layout-flex\">\n<figure class=\"wp-block-image size-large\"><img loading=\"lazy\" decoding=\"async\" width=\"463\" height=\"695\" data-id=\"17241\" src=\"https:\/\/answear.hu\/blog\/wp-content\/uploads\/2024\/12\/2024-10-30-CELEBRATE-24-463x695.jpg\" alt=\"\" class=\"wp-image-17241\" srcset=\"https:\/\/answear.hu\/blog\/wp-content\/uploads\/2024\/12\/2024-10-30-CELEBRATE-24-463x695.jpg 463w, https:\/\/answear.hu\/blog\/wp-content\/uploads\/2024\/12\/2024-10-30-CELEBRATE-24-768x1152.jpg 768w, https:\/\/answear.hu\/blog\/wp-content\/uploads\/2024\/12\/2024-10-30-CELEBRATE-24-1024x1536.jpg 1024w, https:\/\/answear.hu\/blog\/wp-content\/uploads\/2024\/12\/2024-10-30-CELEBRATE-24-1366x2048.jpg 1366w, https:\/\/answear.hu\/blog\/wp-content\/uploads\/2024\/12\/2024-10-30-CELEBRATE-24-scaled.jpg 1707w\" sizes=\"auto, (max-width: 463px) 100vw, 463px\" \/><\/figure>\n\n\n\n<figure class=\"wp-block-image size-large\"><img loading=\"lazy\" decoding=\"async\" width=\"464\" height=\"695\" data-id=\"17242\" src=\"https:\/\/answear.hu\/blog\/wp-content\/uploads\/2024\/12\/2024-10-30-CELEBRATE-29-464x695.jpg\" alt=\"\" class=\"wp-image-17242\" srcset=\"https:\/\/answear.hu\/blog\/wp-content\/uploads\/2024\/12\/2024-10-30-CELEBRATE-29-464x695.jpg 464w, https:\/\/answear.hu\/blog\/wp-content\/uploads\/2024\/12\/2024-10-30-CELEBRATE-29-768x1151.jpg 768w, https:\/\/answear.hu\/blog\/wp-content\/uploads\/2024\/12\/2024-10-30-CELEBRATE-29-1025x1536.jpg 1025w, https:\/\/answear.hu\/blog\/wp-content\/uploads\/2024\/12\/2024-10-30-CELEBRATE-29-1366x2048.jpg 1366w, https:\/\/answear.hu\/blog\/wp-content\/uploads\/2024\/12\/2024-10-30-CELEBRATE-29-scaled.jpg 1708w\" sizes=\"auto, (max-width: 464px) 100vw, 464px\" \/><\/figure>\n\n\n\n<figure class=\"wp-block-image size-large\"><img loading=\"lazy\" decoding=\"async\" width=\"464\" height=\"695\" data-id=\"17240\" src=\"https:\/\/answear.hu\/blog\/wp-content\/uploads\/2024\/12\/2024-10-30-CELEBRATE-81-464x695.jpg\" alt=\"\" class=\"wp-image-17240\" srcset=\"https:\/\/answear.hu\/blog\/wp-content\/uploads\/2024\/12\/2024-10-30-CELEBRATE-81-464x695.jpg 464w, https:\/\/answear.hu\/blog\/wp-content\/uploads\/2024\/12\/2024-10-30-CELEBRATE-81-768x1151.jpg 768w, https:\/\/answear.hu\/blog\/wp-content\/uploads\/2024\/12\/2024-10-30-CELEBRATE-81-1025x1536.jpg 1025w, https:\/\/answear.hu\/blog\/wp-content\/uploads\/2024\/12\/2024-10-30-CELEBRATE-81-1366x2048.jpg 1366w, https:\/\/answear.hu\/blog\/wp-content\/uploads\/2024\/12\/2024-10-30-CELEBRATE-81-scaled.jpg 1708w\" sizes=\"auto, (max-width: 464px) 100vw, 464px\" \/><\/figure>\n<\/figure>\n\n\n\n<p><h2>Power Dressing<\/h2><\/p>\n\n\n\n<p>A power dressing \u00faj dimenzi\u00f3t kap az \u00fcnnepi szezonban, n\u0151i \u00f6lt\u00f6ny\u00f6k mer\u00e9sz, m\u00e9gis eleg\u00e1ns megold\u00e1sokkal h\u00f3d\u00edtanak. F\u00e9nyes anyagok, mint a selyem vagy a b\u00e1rsony, valamint \u00e9kszeres d\u00edsz\u00edt\u00e9sek teszik k\u00fcl\u00f6nlegess\u00e9 a klasszikus szab\u00e1s\u00fa darabokat. Inspir\u00e1l\u00f3dva olyan ikonokt\u00f3l, mint Zendaya, az \u00f6lt\u00f6ny\u00f6k b\u00e1trabbak lettek: viselheted \u0151ket fels\u0151 n\u00e9lk\u00fcl vagy m\u00e9lyen dekolt\u00e1lt ingekkel, ha \u00e9rz\u00e9ki eleganci\u00e1ra v\u00e1gysz.<\/p>\n\n\n\n<figure class=\"wp-block-gallery has-nested-images columns-default is-cropped wp-block-gallery-4 is-layout-flex wp-block-gallery-is-layout-flex\">\n<figure class=\"wp-block-image size-large\"><img loading=\"lazy\" decoding=\"async\" width=\"464\" height=\"695\" data-id=\"17246\" src=\"https:\/\/answear.hu\/blog\/wp-content\/uploads\/2024\/12\/2024-10-30-CELEBRATE-34-464x695.jpg\" alt=\"\" class=\"wp-image-17246\" srcset=\"https:\/\/answear.hu\/blog\/wp-content\/uploads\/2024\/12\/2024-10-30-CELEBRATE-34-464x695.jpg 464w, https:\/\/answear.hu\/blog\/wp-content\/uploads\/2024\/12\/2024-10-30-CELEBRATE-34-768x1151.jpg 768w, https:\/\/answear.hu\/blog\/wp-content\/uploads\/2024\/12\/2024-10-30-CELEBRATE-34-1025x1536.jpg 1025w, https:\/\/answear.hu\/blog\/wp-content\/uploads\/2024\/12\/2024-10-30-CELEBRATE-34-1366x2048.jpg 1366w, https:\/\/answear.hu\/blog\/wp-content\/uploads\/2024\/12\/2024-10-30-CELEBRATE-34-scaled.jpg 1708w\" sizes=\"auto, (max-width: 464px) 100vw, 464px\" \/><\/figure>\n\n\n\n<figure class=\"wp-block-image size-large\"><img loading=\"lazy\" decoding=\"async\" width=\"463\" height=\"695\" data-id=\"17247\" src=\"https:\/\/answear.hu\/blog\/wp-content\/uploads\/2024\/12\/2024-10-30-CELEBRATE-65-463x695.jpg\" alt=\"\" class=\"wp-image-17247\" srcset=\"https:\/\/answear.hu\/blog\/wp-content\/uploads\/2024\/12\/2024-10-30-CELEBRATE-65-463x695.jpg 463w, https:\/\/answear.hu\/blog\/wp-content\/uploads\/2024\/12\/2024-10-30-CELEBRATE-65-768x1152.jpg 768w, https:\/\/answear.hu\/blog\/wp-content\/uploads\/2024\/12\/2024-10-30-CELEBRATE-65-1024x1536.jpg 1024w, https:\/\/answear.hu\/blog\/wp-content\/uploads\/2024\/12\/2024-10-30-CELEBRATE-65-1366x2048.jpg 1366w, https:\/\/answear.hu\/blog\/wp-content\/uploads\/2024\/12\/2024-10-30-CELEBRATE-65-scaled.jpg 1707w\" sizes=\"auto, (max-width: 463px) 100vw, 463px\" \/><\/figure>\n<\/figure>\n\n\n\n<p><h2>\u00dcnnepelj st\u00edlusosan!<\/h2><\/p>\n\n\n\n<p>Az Answear.LAB CELEBRATE EVERYTHING kollekci\u00f3ja arra h\u00edv, hogy szabadon kifejezd \u00f6nmagad. Mer\u00e9sz m\u0171sz\u0151rm\u00e9k, k\u00fcl\u00f6nleges \u00e9kszerek \u00e9s egyedi r\u00e9szletek seg\u00edts\u00e9g\u00e9vel \u00fcnnepelheted a divat soksz\u00edn\u0171s\u00e9g\u00e9t \u00e9s saj\u00e1t egy\u00e9nis\u00e9gedet. \u00dcnnepelj\u00fck a mindennapokat, az apr\u00f3 \u00f6r\u00f6m\u00f6ket \u00e9s a nagy alkalmakat egyar\u00e1nt, olyan kre\u00e1ci\u00f3kban, amelyek t\u00fckr\u00f6zik \u00e9rzelmeinket \u00e9s egyedi st\u00edlusunkat.<\/p>\n\n\n\n<p class=\"kropka\">A CELEBRATE EVERYTHING kollekci\u00f3val a divat \u00fcr\u00fcgy arra, hogy meg\u00fcnnepeld azt, aki vagy, \u00e9s amit \u00e9rzel!<\/p>\n\n\n\n<figure class=\"wp-block-gallery has-nested-images columns-default is-cropped wp-block-gallery-5 is-layout-flex wp-block-gallery-is-layout-flex\">\n<figure class=\"wp-block-image size-large\"><img loading=\"lazy\" decoding=\"async\" width=\"464\" height=\"695\" data-id=\"17256\" src=\"https:\/\/answear.hu\/blog\/wp-content\/uploads\/2024\/12\/2024-10-30-CELEBRATE-72-1-464x695.jpg\" alt=\"\" class=\"wp-image-17256\" srcset=\"https:\/\/answear.hu\/blog\/wp-content\/uploads\/2024\/12\/2024-10-30-CELEBRATE-72-1-464x695.jpg 464w, https:\/\/answear.hu\/blog\/wp-content\/uploads\/2024\/12\/2024-10-30-CELEBRATE-72-1-768x1151.jpg 768w, https:\/\/answear.hu\/blog\/wp-content\/uploads\/2024\/12\/2024-10-30-CELEBRATE-72-1-1025x1536.jpg 1025w, https:\/\/answear.hu\/blog\/wp-content\/uploads\/2024\/12\/2024-10-30-CELEBRATE-72-1-1366x2048.jpg 1366w, https:\/\/answear.hu\/blog\/wp-content\/uploads\/2024\/12\/2024-10-30-CELEBRATE-72-1-scaled.jpg 1708w\" sizes=\"auto, (max-width: 464px) 100vw, 464px\" \/><\/figure>\n\n\n\n<figure class=\"wp-block-image size-large\"><img loading=\"lazy\" decoding=\"async\" width=\"463\" height=\"695\" data-id=\"17257\" src=\"https:\/\/answear.hu\/blog\/wp-content\/uploads\/2024\/12\/2024-10-30-CELEBRATE-76-1-463x695.jpg\" alt=\"\" class=\"wp-image-17257\" srcset=\"https:\/\/answear.hu\/blog\/wp-content\/uploads\/2024\/12\/2024-10-30-CELEBRATE-76-1-463x695.jpg 463w, https:\/\/answear.hu\/blog\/wp-content\/uploads\/2024\/12\/2024-10-30-CELEBRATE-76-1-768x1152.jpg 768w, https:\/\/answear.hu\/blog\/wp-content\/uploads\/2024\/12\/2024-10-30-CELEBRATE-76-1-1024x1536.jpg 1024w, https:\/\/answear.hu\/blog\/wp-content\/uploads\/2024\/12\/2024-10-30-CELEBRATE-76-1-1366x2048.jpg 1366w, https:\/\/answear.hu\/blog\/wp-content\/uploads\/2024\/12\/2024-10-30-CELEBRATE-76-1-scaled.jpg 1707w\" sizes=\"auto, (max-width: 463px) 100vw, 463px\" \/><\/figure>\n<\/figure>\n<\/figure>\n","protected":false},"excerpt":{"rendered":"<p><span class=\"span-reading-time rt-reading-time\" style=\"display: block;\"><span class=\"rt-label rt-prefix\">Olvasd el, csak <\/span> <span class=\"rt-time\"> 4<\/span> <span class=\"rt-label rt-postfix\">perc<\/span><\/span>Az \u00fcnnepl\u00e9s nem felt\u00e9tlen\u00fcl a napt\u00e1rban tal\u00e1lhat\u00f3 k\u00f6telez\u0151 d\u00e1tumokr\u00f3l sz\u00f3l. Sokkal ink\u00e1bb arr\u00f3l, hogy \u00e9rt\u00e9kelj\u00fck az \u00e9let apr\u00f3 \u00e9s nagy pillanatait \u2013 a h\u00e9tk\u00f6znapit\u00f3l az eg\u00e9szen k\u00fcl\u00f6nlegesig \u2013, \u00e9s jelent\u0151s\u00e9get adjunk nekik. V\u00e9g\u00fcl is mi d\u00f6ntj\u00fck el, mi \u00e9rdemli meg, hogy \u00fcnnepp\u00e9 v\u00e1ljon.<\/p>\n","protected":false},"author":35,"featured_media":17233,"comment_status":"closed","ping_status":"closed","sticky":false,"template":"","format":"standard","meta":{"footnotes":""},"categories":[889],"tags":[1863,2309,892,1812,1982],"class_list":["post-17232","post","type-post","status-publish","format-standard","has-post-thumbnail","hentry","category-answear-lab","tag-answear-lab","tag-celebrate-everythig","tag-divat","tag-kollekcio","tag-limitalt"],"_links":{"self":[{"href":"https:\/\/answear.hu\/blog\/wp-json\/wp\/v2\/posts\/17232","targetHints":{"allow":["GET"]}}],"collection":[{"href":"https:\/\/answear.hu\/blog\/wp-json\/wp\/v2\/posts"}],"about":[{"href":"https:\/\/answear.hu\/blog\/wp-json\/wp\/v2\/types\/post"}],"author":[{"embeddable":true,"href":"https:\/\/answear.hu\/blog\/wp-json\/wp\/v2\/users\/35"}],"replies":[{"embeddable":true,"href":"https:\/\/answear.hu\/blog\/wp-json\/wp\/v2\/comments?post=17232"}],"version-history":[{"count":9,"href":"https:\/\/answear.hu\/blog\/wp-json\/wp\/v2\/posts\/17232\/revisions"}],"predecessor-version":[{"id":17258,"href":"https:\/\/answear.hu\/blog\/wp-json\/wp\/v2\/posts\/17232\/revisions\/17258"}],"wp:featuredmedia":[{"embeddable":true,"href":"https:\/\/answear.hu\/blog\/wp-json\/wp\/v2\/media\/17233"}],"wp:attachment":[{"href":"https:\/\/answear.hu\/blog\/wp-json\/wp\/v2\/media?parent=17232"}],"wp:term":[{"taxonomy":"category","embeddable":true,"href":"https:\/\/answear.hu\/blog\/wp-json\/wp\/v2\/categories?post=17232"},{"taxonomy":"post_tag","embeddable":true,"href":"https:\/\/answear.hu\/blog\/wp-json\/wp\/v2\/tags?post=17232"}],"curies":[{"name":"wp","href":"https:\/\/api.w.org\/{rel}","templated":true}]}}