{"id":17128,"date":"2024-10-10T13:18:50","date_gmt":"2024-10-10T11:18:50","guid":{"rendered":"https:\/\/answear.hu\/blog\/?p=17128"},"modified":"2024-10-10T13:19:36","modified_gmt":"2024-10-10T11:19:36","slug":"a-piros-kabat-a-foszerepben-hogyan-hozzunk-letre-szemet-gyonyorkodteto-stilusokat","status":"publish","type":"post","link":"https:\/\/answear.hu\/blog\/a-piros-kabat-a-foszerepben-hogyan-hozzunk-letre-szemet-gyonyorkodteto-stilusokat\/17128","title":{"rendered":"A piros kab\u00e1t a f\u0151szerepben: hogyan hozzunk l\u00e9tre szemet gy\u00f6ny\u00f6rk\u00f6dtet\u0151 st\u00edlusokat?"},"content":{"rendered":"<span class=\"span-reading-time rt-reading-time\" style=\"display: block;\"><span class=\"rt-label rt-prefix\">Olvasd el, csak <\/span> <span class=\"rt-time\"> 4<\/span> <span class=\"rt-label rt-postfix\">perc<\/span><\/span><p>A piros kab\u00e1t olyan alapdarab, amelyr\u0151l neh\u00e9z levenni a szem\u00fcnket, ez a felt\u0171n\u0151 \u00e1rnyalat azonnal megragadja a tekintetet. Ugyanakkor rendk\u00edv\u00fcl eleg\u00e1ns \u00e9s soha nem megy ki a divatb\u00f3l. Hogyan lehet st\u00edlusosan viselni? Adunk p\u00e1r tippet.<!--more--><\/p>\n<p style=\"text-align: center;\">Ebb\u0151l a cikkb\u0151l megtudhatod<\/p>\n<p style=\"text-align: left;\">Milyen kieg\u00e9sz\u00edt\u0151k illenek a piros kab\u00e1thoz?<br \/>\nMilyen szab\u00e1st v\u00e1lassz?<br \/>\nMilyen s\u00e1l illik a piros kab\u00e1thoz?<br \/>\nMilyen kalapot viselj hozz\u00e1?<br \/>\nMilyen cip\u0151 illik a legjobban a piros kab\u00e1thoz?<br \/>\nMit szimboliz\u00e1l a piros kab\u00e1t a divatba?<br \/>\nHogyan viselj\u00fck a piros kab\u00e1tot?<\/p>\n<p class=\"bigletter\">Tulajdonk\u00e9ppen h\u00e1rom lehet\u0151s\u00e9ged van, ha v\u00e1laszt\u00e1sra ker\u00fcl a sor. Az els\u0151 egy biztons\u00e1gos opci\u00f3, amit semleges, klasszikus kieg\u00e9sz\u00edt\u0151kkel viselhetsz. Javasoljuk, hogy egysz\u00edn\u0171 vagy visszafogott mint\u00e1kkal kombin\u00e1ld. A m\u00e1sodik opci\u00f3 a mer\u00e9szek\u00e9. J\u00e1tssz a kontrasztokkal \u00e9s az er\u0151s mint\u00e1kkal. \u00cdgy nagyon felt\u0171n\u0151 kombin\u00e1ci\u00f3kat hozhatsz l\u00e9tre, de ezt ink\u00e1bb azoknak aj\u00e1nljuk, akiknek er\u0151s a divat\u00e9rz\u00e9k\u00fck, \u00e9s nem f\u00e9lnek megmutatni azt. A harmadik lehet\u0151s\u00e9g a monokr\u00f3m kombin\u00e1ci\u00f3k. Megpr\u00f3b\u00e1lhatsz egy eg\u00e9sz \u00f6lt\u00f6z\u00e9ket l\u00e9trehozni a piros k\u00fcl\u00f6nb\u00f6z\u0151 \u00e1rnyalataiban.<\/p>\n<p>B\u00e1rmelyik utat is v\u00e1lasztod, a piros kab\u00e1t \u00f6ssze\u00e1ll\u00edt\u00e1s\u00e1n\u00e1l fogadj a text\u00far\u00e1kkal \u00e9s anyagokkal val\u00f3 j\u00e1t\u00e9kra. A piros kab\u00e1t remek\u00fcl mutat farmerrel vagy b\u0151rnadr\u00e1ggal, de ha ink\u00e1bb eleg\u00e1ns megjelen\u00e9st szeretn\u00e9l, p\u00e1ros\u00edtsd gyapj\u00fa vagy kasm\u00edr darabokkal.<\/p>\n<p><img loading=\"lazy\" decoding=\"async\" class=\"size-medium wp-image-17136 aligncenter\" src=\"https:\/\/answear.hu\/blog\/wp-content\/uploads\/2024\/10\/2024-09-09-RED-Mateusz-L-Lukasz-Ida09513-R-463x695.jpg\" alt=\"\" width=\"463\" height=\"695\" srcset=\"https:\/\/answear.hu\/blog\/wp-content\/uploads\/2024\/10\/2024-09-09-RED-Mateusz-L-Lukasz-Ida09513-R-463x695.jpg 463w, https:\/\/answear.hu\/blog\/wp-content\/uploads\/2024\/10\/2024-09-09-RED-Mateusz-L-Lukasz-Ida09513-R-768x1152.jpg 768w, https:\/\/answear.hu\/blog\/wp-content\/uploads\/2024\/10\/2024-09-09-RED-Mateusz-L-Lukasz-Ida09513-R.jpg 860w\" sizes=\"auto, (max-width: 463px) 100vw, 463px\" \/><\/p>\n<p><strong>Milyen szab\u00e1s\u00fa kab\u00e1tot v\u00e1lasszunk?<\/strong><\/p>\n<p>Miel\u0151tt r\u00e9szletesen kit\u00e9rn\u00e9nk a kieg\u00e9sz\u00edt\u0151kre, meg kell besz\u00e9ln\u00fcnk, hogy milyen modellt v\u00e1lassz. Tavasszal \u00e9s ny\u00e1ron t\u00f6k\u00e9letes lesz egy klasszikus ballonkab\u00e1t sz\u00e9les hajt\u00f3k\u00e1val, \u00f6vvel \u00e9s dupla gombsorral. Minden testalkathoz illik. Az oversize szab\u00e1s ide\u00e1lis azoknak, akik a laz\u00e1bb st\u00edlust kedvelik. Ha nem szereted hangs\u00falyozni az alakodat, t\u00f6k\u00e9letes v\u00e1laszt\u00e1s.<\/p>\n<p>A \u2018k\u00f6nt\u00f6s\u2018 szab\u00e1s\u00fa kab\u00e1t l\u00e1gyan \u00fcl az alakon. Nincsenek rajta gombok, ezeket \u00e1ltal\u00e1ban \u00f6v helyettes\u00edti. Egyenes szab\u00e1sa a k\u00f6nt\u00f6sre eml\u00e9keztet, innen ered az elnevez\u00e9se \u00e9s a legt\u00f6bb sziluetthez j\u00f3l illik, m\u0171k\u00f6dik alkalmi \u00e9s eleg\u00e1ns esem\u00e9nyekre egyar\u00e1nt.<\/p>\n<p>Az A-vonal\u00fa vagy b\u0151v\u00fcl\u0151 szab\u00e1s\u00fa verzi\u00f3 t\u00f6k\u00e9letes a k\u00f6rte alakathoz, mivel eltakarja a cs\u00edp\u0151t, mik\u00f6zben hangs\u00falyozza a fels\u0151testet.<\/p>\n<p>K\u00e9tsoros kab\u00e1t: eleg\u00e1ns szab\u00e1s\u00fa, el\u00f6l k\u00e9t sorban gombokkal. Lehet szabott vagy laz\u00e1bb szab\u00e1s\u00fa. Alkalmas k\u00f6rte alak\u00fa n\u0151knek, b\u00e1r a homok\u00f3ra alak\u00faaknak is j\u00f3l \u00e1ll, kiemelve az ar\u00e1nyokat.<\/p>\n<p><img loading=\"lazy\" decoding=\"async\" class=\"size-medium wp-image-17137 aligncenter\" src=\"https:\/\/answear.hu\/blog\/wp-content\/uploads\/2024\/10\/2024-09-09-RED-Mateusz-L-Lukasz-Ida09837-R-463x695.jpg\" alt=\"\" width=\"463\" height=\"695\" srcset=\"https:\/\/answear.hu\/blog\/wp-content\/uploads\/2024\/10\/2024-09-09-RED-Mateusz-L-Lukasz-Ida09837-R-463x695.jpg 463w, https:\/\/answear.hu\/blog\/wp-content\/uploads\/2024\/10\/2024-09-09-RED-Mateusz-L-Lukasz-Ida09837-R-768x1152.jpg 768w, https:\/\/answear.hu\/blog\/wp-content\/uploads\/2024\/10\/2024-09-09-RED-Mateusz-L-Lukasz-Ida09837-R.jpg 860w\" sizes=\"auto, (max-width: 463px) 100vw, 463px\" \/><\/p>\n<p><strong>Milyen kieg\u00e9sz\u00edt\u0151ket \u00e9rdemes a piros kab\u00e1ttal kombin\u00e1lni?<\/strong><\/p>\n<p>A kieg\u00e9sz\u00edt\u0151k teszik fel arra a bizonyos I-re a pontot. Gondosan v\u00e1laszd ki \u0151ket, hogy leny\u0171g\u00f6z\u0151 eredm\u00e9nyt \u00e9rhess el. \u00cdme a mi javaslataink!<\/p>\n<p>Milyen s\u00e1l illik a piros kab\u00e1thoz?<\/p>\n<p>A feket\u00e9vel igaz\u00e1b\u00f3l nem tudsz mell\u00e9gofni. Igaz, hogy kontrasztot teremt a pirossal, de a lehet\u0151 legklasszikusabb p\u00e1ros\u00edt\u00e1s. A sz\u00fcrke egy m\u00e1sik semleges sz\u00edn, ami t\u00f6k\u00e9letesen kiegyens\u00falyozza a piros intenzit\u00e1s\u00e1t. Egy ilyen \u00e1rnyalat\u00fa s\u00e1l l\u00e1gyabb\u00e1 teszi a megjelen\u00e9st, m\u00edg a fekete eleg\u00e1ns, kiss\u00e9 titokzatos jelleget k\u00f6lcs\u00f6n\u00f6z a megjelen\u00e9sednek.<\/p>\n<p>Szereted a s\u00f6t\u00e9t sz\u00edneket, de a feket\u00e9t nem annyira? V\u00e1laszd a tenger\u00e9szk\u00e9ket, ami pl. a sz\u0151ke haj\u00faaknak is megfelel\u0151 lehet. Kev\u00e9sb\u00e9 felt\u0171n\u0151 mint a fekete, de m\u00e9lys\u00e9get ad a piros kab\u00e1t st\u00edlus\u00e1nak. Mit sz\u00f3ln\u00e1l egy kr\u00e9m vagy b\u00e9zssz\u00edn\u0171 s\u00e1lhoz? Ezek a vil\u00e1gos, meleg sz\u00ednek gy\u00f6ny\u00f6r\u0171 kontrasztot alkotnak a pirossal, kicsit l\u00e1gy\u00edtva azt. Ha mint\u00e1kr\u00f3l van sz\u00f3, a sl\u00e1ger a kocka, p\u00e9ld\u00e1ul piros, b\u00e9zs \u00e9s fekete hangs\u00falyokkal. Pr\u00f3b\u00e1lj meg j\u00f3 min\u0151s\u00e9g\u0171 n\u0151i s\u00e1lakat v\u00e1lasztani olyan anyagokb\u00f3l, mint a kasm\u00edr vagy a gyapj\u00fa.<\/p>\n<p><img loading=\"lazy\" decoding=\"async\" class=\"size-medium wp-image-17138 aligncenter\" src=\"https:\/\/answear.hu\/blog\/wp-content\/uploads\/2024\/10\/2024-09-09-RED-Mateusz-L-Lukasz-Ida09782-R-463x695.jpg\" alt=\"\" width=\"463\" height=\"695\" srcset=\"https:\/\/answear.hu\/blog\/wp-content\/uploads\/2024\/10\/2024-09-09-RED-Mateusz-L-Lukasz-Ida09782-R-463x695.jpg 463w, https:\/\/answear.hu\/blog\/wp-content\/uploads\/2024\/10\/2024-09-09-RED-Mateusz-L-Lukasz-Ida09782-R-768x1152.jpg 768w, https:\/\/answear.hu\/blog\/wp-content\/uploads\/2024\/10\/2024-09-09-RED-Mateusz-L-Lukasz-Ida09782-R.jpg 860w\" sizes=\"auto, (max-width: 463px) 100vw, 463px\" \/><\/p>\n<p><strong>Milyen cip\u0151t v\u00e1lassz a piros kab\u00e1thoz?<\/strong><\/p>\n<p>Kezdj\u00fck a klasszikus, biztons\u00e1gos opci\u00f3kkal. A fekete cip\u0151, k\u00fcl\u00f6n\u00f6sen a vel\u00far vagy b\u0151r univerz\u00e1lis v\u00e1laszt\u00e1s. Ugyanez vonatkozik a b\u00e9zs vagy nude modellekre is, amelyek t\u00f6k\u00e9letesen ellens\u00falyozz\u00e1k a piros intenzit\u00e1s\u00e1t, \u00edgy l\u00e1gy\u00edtva a szett jelleg\u00e9t. Hasonl\u00f3an m\u0171k\u00f6dnek a barna \u00e1rnyalatok is, melegs\u00e9get \u00e9s klasszikus, k\u00f6tetlen hangulatot k\u00f6lcs\u00f6n\u00f6znek az \u00f6lt\u00f6z\u00e9knek.<\/p>\n<p>A mer\u00e9szebbek sz\u00e1m\u00e1ra a k\u00e9k, z\u00f6ld vagy narancss\u00e1rga cip\u0151 is j\u00f3 megold\u00e1s lehet. Ha szereted a szokatlan kombin\u00e1ci\u00f3kak, akkor ez neked val\u00f3. A kab\u00e1ttal azonos \u00e1rnyalat\u00fa, vagy egy \u00e1rnyalattal vil\u00e1gosabb vagy s\u00f6t\u00e9tebb cip\u0151kkel monokr\u00f3m \u00f6lt\u00f6z\u00e9ket hozhatsz l\u00e9tre. Szereted a mint\u00e1kat, \u00e9s nem f\u00e9lsz megvadulni? V\u00e1laszd a leop\u00e1rdmint\u00e1t!<\/p>\n<p>Milyen kalap illik a piros kab\u00e1thoz?<\/p>\n<p>Igen egyszer\u0171, a kalap sz\u00edn\u00e9t igaz\u00edtsd a s\u00e1ladhoz\/kend\u0151dh\u00f6z. V\u00e1laszthatod pontosan ugyanazt a sz\u00ednt, vagy j\u00e1tszhatsz az \u00e1rnyalatokkal. Kombin\u00e1ld szabadon a b\u00e9zs \u00e9s a barna \u00e1rnyalatait a k\u00e9t kieg\u00e9sz\u00edt\u0151n. Ne feledd, hogy a mint\u00e1kat ne keverd, de az egysz\u00edn\u0171 sapka \u00e9s s\u00e1l p\u00e9ld\u00e1ul leop\u00e1rdmint\u00e1val j\u00f3l m\u0171k\u00f6dik.<\/p>\n<p>Mit szimboliz\u00e1l a piros a divatban?<\/p>\n<p>A piros egy szemet gy\u00f6ny\u00f6rk\u00f6dtet\u0151 sz\u00edn. Ez\u00e9rt sokan magabiztoss\u00e1got \u00e9s er\u0151t tulajdon\u00edtanak neki. N\u00e9ha a hatalommal t\u00e1rs\u00edtj\u00e1k, ez\u00e9rt a piros visel\u00e9se az \u00e9let\u00fcnk feletti uralom \u00e9rz\u00e9s\u00e9t keltheti. Tov\u00e1bb\u00e1 a dinamizmust \u00e9s a mozg\u00e1st is k\u00e9pviselheti, \u00edgy az akt\u00edv \u00e9s \u00e9l\u00e9nk emberek sz\u00e1m\u00e1ra megfelel\u0151 v\u00e1laszt\u00e1s lehet.<\/p>\n<p>A piros n\u00e9ha a luxussal \u00e9s az id\u0151tlen eleganci\u00e1val is t\u00e1rsul. K\u00fcl\u00f6n\u00f6sen, ha kiv\u00e1l\u00f3 min\u0151s\u00e9g\u0171 anyagokkal kombin\u00e1lod. A piros az olyan ember ruhat\u00e1r\u00e1nak r\u00e9szek\u00e9nt jelenhet meg, aki \u00e9rt\u00e9keli a magas min\u0151s\u00e9get \u00e9s a r\u00e9szletekre val\u00f3 odafigyel\u00e9st. Ez m\u00e9g nagyobb jelent\u0151s\u00e9get nyer, ha azzal a t\u00e9nnyel kombin\u00e1ljuk, hogy t\u00f6rt\u00e9nelmileg a piros sz\u00ednt gyakran a fels\u0151bb oszt\u00e1lyok tagjai sz\u00e1m\u00e1ra tartott\u00e1k fenn.<\/p>\n<p class=\"kropka\">Egyet biztos p\u00e9ld\u00e1ul piros kab\u00e1tot \u00e9rdemes a ruhat\u00e1r\u00e1ban tartani. Rendk\u00edv\u00fcl eredeti ruhadarab, amely a st\u00edlusalkot\u00e1si lehet\u0151s\u00e9gek sz\u00e9les sk\u00e1l\u00e1j\u00e1t k\u00edn\u00e1lja \u00e9s sz\u00e1mos alkalomra megfelel\u0151 viselet.<\/p>\n<p>&nbsp;<\/p>\n","protected":false},"excerpt":{"rendered":"<p><span class=\"span-reading-time rt-reading-time\" style=\"display: block;\"><span class=\"rt-label rt-prefix\">Olvasd el, csak <\/span> <span class=\"rt-time\"> 4<\/span> <span class=\"rt-label rt-postfix\">perc<\/span><\/span>A piros kab\u00e1t olyan alapdarab, amelyr\u0151l neh\u00e9z levenni a szem\u00fcnket, ez a felt\u0171n\u0151 \u00e1rnyalat azonnal megragadja a tekintetet. Ugyanakkor rendk\u00edv\u00fcl eleg\u00e1ns \u00e9s soha nem megy ki a divatb\u00f3l. Hogyan lehet st\u00edlusosan viselni? Adunk p\u00e1r tippet.<\/p>\n","protected":false},"author":35,"featured_media":17089,"comment_status":"closed","ping_status":"closed","sticky":false,"template":"","format":"standard","meta":{"footnotes":""},"categories":[686],"tags":[1318,893,2303,892,1882,2297,2298],"class_list":["post-17128","post","type-post","status-publish","format-standard","has-post-thumbnail","hentry","category-trendek","tag-answear-webaruhaz","tag-answear-hu","tag-aw24","tag-divat","tag-kampany","tag-piros","tag-red"],"_links":{"self":[{"href":"https:\/\/answear.hu\/blog\/wp-json\/wp\/v2\/posts\/17128","targetHints":{"allow":["GET"]}}],"collection":[{"href":"https:\/\/answear.hu\/blog\/wp-json\/wp\/v2\/posts"}],"about":[{"href":"https:\/\/answear.hu\/blog\/wp-json\/wp\/v2\/types\/post"}],"author":[{"embeddable":true,"href":"https:\/\/answear.hu\/blog\/wp-json\/wp\/v2\/users\/35"}],"replies":[{"embeddable":true,"href":"https:\/\/answear.hu\/blog\/wp-json\/wp\/v2\/comments?post=17128"}],"version-history":[{"count":9,"href":"https:\/\/answear.hu\/blog\/wp-json\/wp\/v2\/posts\/17128\/revisions"}],"predecessor-version":[{"id":17142,"href":"https:\/\/answear.hu\/blog\/wp-json\/wp\/v2\/posts\/17128\/revisions\/17142"}],"wp:featuredmedia":[{"embeddable":true,"href":"https:\/\/answear.hu\/blog\/wp-json\/wp\/v2\/media\/17089"}],"wp:attachment":[{"href":"https:\/\/answear.hu\/blog\/wp-json\/wp\/v2\/media?parent=17128"}],"wp:term":[{"taxonomy":"category","embeddable":true,"href":"https:\/\/answear.hu\/blog\/wp-json\/wp\/v2\/categories?post=17128"},{"taxonomy":"post_tag","embeddable":true,"href":"https:\/\/answear.hu\/blog\/wp-json\/wp\/v2\/tags?post=17128"}],"curies":[{"name":"wp","href":"https:\/\/api.w.org\/{rel}","templated":true}]}}