{"id":17082,"date":"2024-10-02T12:59:46","date_gmt":"2024-10-02T10:59:46","guid":{"rendered":"https:\/\/answear.hu\/blog\/?p=17082"},"modified":"2024-10-02T13:04:06","modified_gmt":"2024-10-02T11:04:06","slug":"answear-hu-oltoztesd-eleted-abba-ami-ertekes-kampany-aw24","status":"publish","type":"post","link":"https:\/\/answear.hu\/blog\/answear-hu-oltoztesd-eleted-abba-ami-ertekes-kampany-aw24\/17082","title":{"rendered":"\u0141ukasz Witek: \u00dagy t\u0171nik, hogy v\u00e9gre elj\u00f6tt a piros \u00e9s a k\u00fcl\u00f6nf\u00e9le \u00e1rnyalatainak az ideje"},"content":{"rendered":"<span class=\"span-reading-time rt-reading-time\" style=\"display: block;\"><span class=\"rt-label rt-prefix\">Olvasd el, csak <\/span> <span class=\"rt-time\"> 4<\/span> <span class=\"rt-label rt-postfix\">perc<\/span><\/span><p>Kacper Barylski: Mes\u00e9ln\u00e9l egy kicsit a leg\u00fajabb kamp\u00e1nyszpot az \u201e\u00d6lt\u00f6ztesd \u00e9leted abba, ami \u00e9rt\u00e9kes!\u201d st\u00edlus\u00e1r\u00f3l?<!--more--><\/p>\r\n<p>\u0141ukasz Witek: A kamp\u00e1ny st\u00edlus\u00e1nak megalkot\u00e1sakor term\u00e9szetesen fontos volt sz\u00e1momra, hogy mi fog t\u00f6rt\u00e9nni az im\u00e1zsfilmben, \u00e9s mit csin\u00e1l majd a h\u0151sn\u0151nk egy adott jelenetben, de az is, hogy egy k\u00fcl\u00f6n\u00e1ll\u00f3 szem\u00e9lyis\u00e9get adjak neki, amely a kamp\u00e1ny ak\u00e1r k\u00e9t jelenet\u00e9n is v\u00e9gigvonul. Mondhatni, kicsit olyan volt, mintha egy filmh\u0151sn\u0151 karakter\u00e9t a ruhat\u00e1r\u00e1n kereszt\u00fcl \u00e9p\u00edten\u00e9nk fel. Azt akartam, hogy minden egyes megjelen\u00e9s er\u0151s legyen, hogy m\u00e9g egy l\u00e1tsz\u00f3lag nagyon h\u00e9tk\u00f6znapi jelenetben is, p\u00e9ld\u00e1ul a piacon val\u00f3 v\u00e1s\u00e1rl\u00e1skor a megjelen\u00e9se felh\u00edvja mag\u00e1ra a figyelmet \u00e9s utaljon arra, hogy mit \u00e9rezhetett abban a pillanatban. Erre a konkr\u00e9t jelenetre el\u0151zetesen k\u00e9sz\u00edtettem n\u00e9h\u00e1ny szett javaslatot, de amikor megl\u00e1ttam a Stine Goya m\u00e1rka ruh\u00e1j\u00e1t a lookbookban (amely v\u00e9g\u00fcl a rekl\u00e1mfilmben is megjelent), tudtam, hogy ez lesz az. Szeretem az utols\u00f3 k\u00e9t jelenetet is, melyek a f\u0151szerepl\u0151 \u00e9rzelmess\u00e9g\u00e9t mutatj\u00e1k. \u00c9n magam is megborzongtam, amikor a rekl\u00e1mfilm els\u0151 mont\u00e1zs\u00e1t n\u00e9ztem a hangal\u00e1mond\u00e1ssal. Mindk\u00e9t st\u00edlus el\u00e9g egyszer\u0171, \u00e9s pontosan ez a l\u00e9nyeg, de ami kiemeli \u0151ket, az a fenomen\u00e1lis poncs\u00f3 (ami egy kicsit az els\u0151 szpot st\u00edlus\u00e1nak nyugodtabb v\u00e1ltozat\u00e1ra is utalni akart (fekete b\u0151rkab\u00e1t ) \u00e9s a l\u00e1tsz\u00f3lag klasszikusnak t\u0171n\u0151, szokatlan form\u00e1j\u00fa ballonkab\u00e1t, mindkett\u0151 a By Malene Birger m\u00e1rk\u00e1t\u00f3l.<\/p>\r\n\r\n<figure class=\"wp-block-gallery has-nested-images columns-default is-cropped wp-block-gallery-1 is-layout-flex wp-block-gallery-is-layout-flex\">\r\n<figure class=\"wp-block-image size-large\"><img loading=\"lazy\" decoding=\"async\" width=\"463\" height=\"695\" data-id=\"17085\" class=\"wp-image-17085\" src=\"https:\/\/answear.hu\/blog\/wp-content\/uploads\/2024\/10\/Beach_0155-463x695.jpg\" alt=\"\" srcset=\"https:\/\/answear.hu\/blog\/wp-content\/uploads\/2024\/10\/Beach_0155-463x695.jpg 463w, https:\/\/answear.hu\/blog\/wp-content\/uploads\/2024\/10\/Beach_0155-768x1152.jpg 768w, https:\/\/answear.hu\/blog\/wp-content\/uploads\/2024\/10\/Beach_0155-1024x1536.jpg 1024w, https:\/\/answear.hu\/blog\/wp-content\/uploads\/2024\/10\/Beach_0155-1365x2048.jpg 1365w, https:\/\/answear.hu\/blog\/wp-content\/uploads\/2024\/10\/Beach_0155-scaled.jpg 1707w\" sizes=\"auto, (max-width: 463px) 100vw, 463px\" \/><\/figure>\r\n\r\n\r\n\r\n<figure class=\"wp-block-image size-large\"><img loading=\"lazy\" decoding=\"async\" width=\"463\" height=\"695\" data-id=\"17086\" class=\"wp-image-17086\" src=\"https:\/\/answear.hu\/blog\/wp-content\/uploads\/2024\/10\/Beach_0461-463x695.jpg\" alt=\"\" srcset=\"https:\/\/answear.hu\/blog\/wp-content\/uploads\/2024\/10\/Beach_0461-463x695.jpg 463w, https:\/\/answear.hu\/blog\/wp-content\/uploads\/2024\/10\/Beach_0461-768x1152.jpg 768w, https:\/\/answear.hu\/blog\/wp-content\/uploads\/2024\/10\/Beach_0461-1024x1536.jpg 1024w, https:\/\/answear.hu\/blog\/wp-content\/uploads\/2024\/10\/Beach_0461-1365x2048.jpg 1365w, https:\/\/answear.hu\/blog\/wp-content\/uploads\/2024\/10\/Beach_0461-scaled.jpg 1707w\" sizes=\"auto, (max-width: 463px) 100vw, 463px\" \/><\/figure>\r\n<\/figure>\r\n\r\n\r\n\r\n<p>KB: M\u00e9g az els\u0151 megtekint\u00e9s ut\u00e1n is megmarad az ember eml\u00e9kezet\u00e9ben az els\u0151 jelenetek l\u00e1tv\u00e1nyos, tot\u00e1l piros \u00f6ssze\u00e1ll\u00edt\u00e1sa. Mes\u00e9ln\u00e9l err\u0151l m\u00e9g valamit?<\/p>\r\n\r\n\r\n\r\n<p>LW: \u00c1ltal\u00e1ban v\u00e9ve pontosan ez volt az elk\u00e9pzel\u00e9s &#8211; ez az outfit lett volna a kamp\u00e1ny \u201eit look\u201d-ja, amire a leger\u0151sebben eml\u00e9keznek majd. A szpot forgat\u00f3k\u00f6nyv\u00e9t pillanatokkal azel\u0151tt tanultam meg, hogy elutaztam a koppenh\u00e1gai divath\u00e9tre, \u00edgy bizonyos v\u00edzi\u00f3k m\u00e1r kialakultak bennem, \u00e9s csak \u00fagy kapkodtam a fejem, hogy megtal\u00e1ljam azt, amit kerestem a kifut\u00f3kon \u00e9s a bemutat\u00f3termekben. \u00c9s meg is tal\u00e1ltam. Amint megl\u00e1ttam ezt a bombert \u00e9s a piros Gestuz-ruh\u00e1t a bemutat\u00f3n, nem volt k\u00e9ts\u00e9gem afel\u0151l, hogy ez lesz az ikonikus piros megjelen\u00e9s\u00fcnk. Nagyon tetszik a dzseki \u00e9s a ruha l\u00e9gies, \u00e1tl\u00e1tsz\u00f3 anyag\u00e1nak kombin\u00e1ci\u00f3ja. Ezt eg\u00e9sz\u00edti ki egy geometrikus Furla t\u00e1ska \u00e9s egy hosszusz\u00e1r\u00fa cowboy csizma az AllSaints m\u00e1rk\u00e1t\u00f3l.<\/p>\r\n\r\n\r\n\r\n<figure class=\"wp-block-gallery has-nested-images columns-default is-cropped wp-block-gallery-2 is-layout-flex wp-block-gallery-is-layout-flex\">\r\n<figure class=\"wp-block-image size-large\"><img loading=\"lazy\" decoding=\"async\" width=\"1043\" height=\"695\" data-id=\"17087\" class=\"wp-image-17087\" src=\"https:\/\/answear.hu\/blog\/wp-content\/uploads\/2024\/10\/Red_0041_blog.jpg\" alt=\"\" srcset=\"https:\/\/answear.hu\/blog\/wp-content\/uploads\/2024\/10\/Red_0041_blog.jpg 1043w, https:\/\/answear.hu\/blog\/wp-content\/uploads\/2024\/10\/Red_0041_blog-768x512.jpg 768w, https:\/\/answear.hu\/blog\/wp-content\/uploads\/2024\/10\/Red_0041_blog-272x182.jpg 272w\" sizes=\"auto, (max-width: 1043px) 100vw, 1043px\" \/><\/figure>\r\n<\/figure>\r\n\r\n\r\n\r\n<p>KB: Hol van a helye van a pirosnak a mostani trendekben, t\u00e9nyleg soha nem megy ki a divatb\u00f3l? Milyen \u00e1rnyalat\u00fa pirosak fognak uralkodni az \u00faj AW24 szezonban?<\/p>\r\n\r\n\r\n\r\n<p>LW: Nem hiszem, hogy van olyan sz\u00edn, amelynek ne lenn\u00e9nek rosszabb pillanatai. Amikor elkezd\u0151d\u00f6tt a vil\u00e1gj\u00e1rv\u00e1ny, olyan sz\u00ednek kezdtek el divatba j\u00f6nni, amelyeknek az volt a c\u00e9lja, hogy feldobj\u00e1k a hangulatunkat \u00e9s energi\u00e1t adjanak nek\u00fcnk, ez\u00e9rt az \u00fagynevezett dopamin \u00f6lt\u00f6zk\u00f6d\u00e9s sok\u00e1ig trendi volt. Ez\u00e9rt is k\u00fczd\u00f6ttek a piros er\u0151s \u00e1rnyalatai n\u00e9h\u00e1ny szezonon kereszt\u00fcl az\u00e9rt, hogy a szezon kedvencei legyenek, de azt\u00e1n vesztettek a Valentino Pinkkel vagy a Kelly Green-nel szemben, amelyek kereskedelmi szempontb\u00f3l hatalmas sikert arattak. \u00dagy t\u0171nik, v\u00e9gre a piros \u00e9s \u00e1rnyalatainak is elj\u00f6tt az ideje. Nem tudom, hogy a k\u00e9t el\u0151bb eml\u00edtett sz\u00ednnel egyenrang\u00fa jelens\u00e9g-e, hiszen azok t\u00e9nyleg teljesen uralt\u00e1k a vil\u00e1got, de az biztos, hogy a tavalyi szezon \u00f3ta ez vezet. Az AW24-es \u00e9vadra a piros t\u00fczes \u00e1rnyalatai el\u0151t\u00e9rbe ker\u00fcltek, de nagyon sikeresek a s\u00f6t\u00e9tebbek is, mint p\u00e9ld\u00e1ul az b\u00edbor vagy a rubin \u00e1rnyalat\u00e1ra eml\u00e9keztet\u0151 sz\u00ednek.<\/p>\r\n\r\n\r\n\r\n<p>KB: Te, mint egy sok\u00e9ves tapasztalattal rendelkez\u0151 stylist, meg tudn\u00e1l j\u00f3solni egy sz\u00ednt, ami a k\u00f6vetkez\u0151 szezonokban domin\u00e1lhat? Vagy van olyan \u00e1rnyalat, esetleg a kedvenced, ami nagy stilisztikai potenci\u00e1llal rendelkezik, \u00e9s m\u00e9g nem nagyon rekl\u00e1mozt\u00e1k?<\/p>\r\n\r\n\r\n\r\n<p class=\"kropka\">LW: V\u00e9lem\u00e9nyem szerint a k\u00f6vetkez\u0151 nyarat nem fogja teljes m\u00e9rt\u00e9kben egy sz\u00edn uralni. Az biztos, hogy ez a szezon a pasztell \u00e1rnyalatok\u00e9 lesz, mint pl. a pannacotta (s\u00e1rga), a j\u00e9gk\u00e9k vagy a r\u00f3zsasz\u00edn. Ezek olyan \u00e1rnyalatok, amelyek v\u00e9lem\u00e9nyem szerint nagyon k\u00f6nnyen stiliz\u00e1lhat\u00f3k, nem t\u00fal tolakod\u00f3ak \u00e9s \u0151szint\u00e9n sz\u00f3lva, az er\u0151s sz\u00ednek hossz\u00fa dominanci\u00e1ja ut\u00e1n azt hiszem, mindannyiunknak sz\u00fcks\u00e9ge van egy kis vigaszra \u00e9s egy nyugodtabb sz\u00ednpalett\u00e1ra. Az eddig l\u00e1tott bemutat\u00f3kon is volt m\u00e9g b\u0151ven piros, de kiss\u00e9 kifeh\u00e9r\u00edtett, l\u00e1gyabb \u00e1rnyalatban, sz\u00f3val egyel\u0151re semmi biztosat nem tudok m\u00e9g mondani.<\/p>\r\n\r\n\r\n\r\n\r\n\r\n<div class=\"wp-block-media-text is-stacked-on-mobile\">\r\n<figure class=\"wp-block-media-text__media\"><img loading=\"lazy\" decoding=\"async\" width=\"1706\" height=\"2560\" class=\"wp-image-17091 size-full\" src=\"https:\/\/answear.hu\/blog\/wp-content\/uploads\/2024\/10\/Lukasz-2-R-copy-1-003-scaled.jpg\" alt=\"\" srcset=\"https:\/\/answear.hu\/blog\/wp-content\/uploads\/2024\/10\/Lukasz-2-R-copy-1-003-scaled.jpg 1706w, https:\/\/answear.hu\/blog\/wp-content\/uploads\/2024\/10\/Lukasz-2-R-copy-1-003-463x695.jpg 463w, https:\/\/answear.hu\/blog\/wp-content\/uploads\/2024\/10\/Lukasz-2-R-copy-1-003-768x1152.jpg 768w, https:\/\/answear.hu\/blog\/wp-content\/uploads\/2024\/10\/Lukasz-2-R-copy-1-003-1024x1536.jpg 1024w, https:\/\/answear.hu\/blog\/wp-content\/uploads\/2024\/10\/Lukasz-2-R-copy-1-003-1365x2048.jpg 1365w\" sizes=\"auto, (max-width: 1706px) 100vw, 1706px\" \/><\/figure>\r\n<div class=\"wp-block-media-text__content\">\r\n<p>\u0141ukasz Witek 2017 \u00f3ta az Answear vezet\u0151 stylistja. Amellett, hogy egy stylistokb\u00f3l \u00e1ll\u00f3 csapatot vezet, az Answear-n\u00e9l r\u00e9szt vesz a k\u00f6vetkez\u0151 szezonok trendjeinek felkutat\u00e1s\u00e1ban is, megfigyelve azokat mind online, mind a kifut\u00f3kon. Nagy rajong\u00f3ja a popzen\u00e9nek, szereti a hagyom\u00e1nyos olasz konyh\u00e1t \u00e9s im\u00e1dja felfedezni a vil\u00e1g f\u0151v\u00e1rosait.<\/p>\r\n<\/div>\r\n<\/div>\r\n\r\n\r\n\r\n<p>&nbsp;<\/p>\r\n","protected":false},"excerpt":{"rendered":"<p><span class=\"span-reading-time rt-reading-time\" style=\"display: block;\"><span class=\"rt-label rt-prefix\">Olvasd el, csak <\/span> <span class=\"rt-time\"> 4<\/span> <span class=\"rt-label rt-postfix\">perc<\/span><\/span>Kacper Barylski: Mes\u00e9ln\u00e9l egy kicsit a leg\u00fajabb kamp\u00e1nyszpot az \u201e\u00d6lt\u00f6ztesd \u00e9leted abba, ami \u00e9rt\u00e9kes!\u201d st\u00edlus\u00e1r\u00f3l?<\/p>\n","protected":false},"author":35,"featured_media":17083,"comment_status":"closed","ping_status":"closed","sticky":false,"template":"","format":"standard","meta":{"footnotes":""},"categories":[686],"tags":[2270,893,2303,892,1882,2269,1627],"class_list":["post-17082","post","type-post","status-publish","format-standard","has-post-thumbnail","hentry","category-trendek","tag-ami-ertekes","tag-answear-hu","tag-aw24","tag-divat","tag-kampany","tag-oltoztesd-eleted-abba","tag-szezon"],"_links":{"self":[{"href":"https:\/\/answear.hu\/blog\/wp-json\/wp\/v2\/posts\/17082","targetHints":{"allow":["GET"]}}],"collection":[{"href":"https:\/\/answear.hu\/blog\/wp-json\/wp\/v2\/posts"}],"about":[{"href":"https:\/\/answear.hu\/blog\/wp-json\/wp\/v2\/types\/post"}],"author":[{"embeddable":true,"href":"https:\/\/answear.hu\/blog\/wp-json\/wp\/v2\/users\/35"}],"replies":[{"embeddable":true,"href":"https:\/\/answear.hu\/blog\/wp-json\/wp\/v2\/comments?post=17082"}],"version-history":[{"count":13,"href":"https:\/\/answear.hu\/blog\/wp-json\/wp\/v2\/posts\/17082\/revisions"}],"predecessor-version":[{"id":17104,"href":"https:\/\/answear.hu\/blog\/wp-json\/wp\/v2\/posts\/17082\/revisions\/17104"}],"wp:featuredmedia":[{"embeddable":true,"href":"https:\/\/answear.hu\/blog\/wp-json\/wp\/v2\/media\/17083"}],"wp:attachment":[{"href":"https:\/\/answear.hu\/blog\/wp-json\/wp\/v2\/media?parent=17082"}],"wp:term":[{"taxonomy":"category","embeddable":true,"href":"https:\/\/answear.hu\/blog\/wp-json\/wp\/v2\/categories?post=17082"},{"taxonomy":"post_tag","embeddable":true,"href":"https:\/\/answear.hu\/blog\/wp-json\/wp\/v2\/tags?post=17082"}],"curies":[{"name":"wp","href":"https:\/\/api.w.org\/{rel}","templated":true}]}}