{"id":17056,"date":"2024-09-26T15:38:39","date_gmt":"2024-09-26T13:38:39","guid":{"rendered":"https:\/\/answear.hu\/blog\/?p=17056"},"modified":"2024-09-26T15:38:39","modified_gmt":"2024-09-26T13:38:39","slug":"felelem-nelkuli-magabiztos-lehengerlo-ilyenek-a-nok-az-answear-lab-uj-no-regrets-kollekciojaban","status":"publish","type":"post","link":"https:\/\/answear.hu\/blog\/felelem-nelkuli-magabiztos-lehengerlo-ilyenek-a-nok-az-answear-lab-uj-no-regrets-kollekciojaban\/17056","title":{"rendered":"F\u00e9lelem n\u00e9lk\u00fcli, magabiztos, lehengerl\u0151 \u2013 ilyenek a n\u0151k az Answear.LAB \u00faj, NO REGRETS kollekci\u00f3j\u00e1ban"},"content":{"rendered":"<span class=\"span-reading-time rt-reading-time\" style=\"display: block;\"><span class=\"rt-label rt-prefix\">Olvasd el, csak <\/span> <span class=\"rt-time\"> 4<\/span> <span class=\"rt-label rt-postfix\">perc<\/span><\/span><p><span style=\"font-weight: 400;\">Az Answear.LAB ism\u00e9t leny\u0171g\u00f6z\u0151, er\u0151s \u00fczenetet k\u00f6zvet\u00edt\u0151, egyedi kollekci\u00f3val \u00e9rkezik. A NO REGRETS az er\u0151 \u00e9s b\u00e1tors\u00e1g manifesztuma, ami lehet\u0151v\u00e9 teszi, hogy az \u00e9lettel b\u00e1tran szemben\u00e9zve kijelents\u00fck: Semmit sem b\u00e1ntam meg!<\/span><!--more--><\/p>\r\n<p class=\"bigletter\">A <a href=\"https:\/\/answear.hu\/s\/no-regrets-by-answearlab\" target=\"_blank\" rel=\"noopener\">NO REGRETS<\/a> t\u00f6bb, mint egy szlogen \u2013 ez egy \u00e9letfiloz\u00f3fia, ami \u00f6nmagunk \u00e9s d\u00f6nt\u00e9seink elfogad\u00e1s\u00e1t jelenti. \u2013 avat be a kollekci\u00f3 m\u00f6g\u00f6tt rejl\u0151 gondolatis\u00e1gba a tervez\u0151, Sylwia Jaskulska. \u201eAzt szeretn\u00e9nk, hogy a n\u0151k \u00e9rezz\u00e9k, joguk van megval\u00f3s\u00edtani \u00e1lmaikat, joguk van saj\u00e1t \u00fatjukat j\u00e1rni \u2013 az el\u00e9j\u00fck ker\u00fcl\u0151 akad\u00e1lyok ellen\u00e9re.<\/p>\r\n<p><iframe loading=\"lazy\" src=\"\/\/www.youtube.com\/embed\/Sk-SHw5USCU\" width=\"560\" height=\"314\" allowfullscreen=\"allowfullscreen\"><\/iframe><\/p>\r\n<p>Az \u00fczenet Marta Dyksnek is testhez\u00e1ll\u00f3, aki fontosnak tartja a n\u0151k t\u00e1mogat\u00e1s\u00e1t \u00e9s inspir\u00e1l\u00e1s\u00e1t, ez\u00e9rt is vesz tev\u00e9kenyen r\u00e9szt k\u00fcl\u00f6nb\u00f6z\u0151 t\u00e1rsadalmilag fontos projektekben. \u201eSz\u00e1momra az elfogad\u00e1s nem a felad\u00e1st vagy a passz\u00edv belet\u00f6r\u0151d\u00e9st jelenti. Hiszem, hogy a cselekv\u00e9s \u00e9s az akt\u00edv r\u00e9szv\u00e9tel hasznosabb, ez adja meg nek\u00fcnk kontroll \u00e9rz\u00e9s\u00e9t, \u00e9s seg\u00edt elker\u00fclni, hogy b\u00e1rmit is megb\u00e1njunk.\u201d \u2013 hangs\u00falyozza.<\/p>\r\n<p>A NO REGRETS kollekci\u00f3 a modern n\u0151k ig\u00e9nyeire is egyfajta v\u00e1lasz, akik a munka, a csal\u00e1d \u00e9s saj\u00e1t szenved\u00e9lyeik k\u00f6z\u00f6tt egyens\u00falyoznak. Kih\u00edv\u00e1sokkal teli \u00fat ez, telis tele k\u00e9ts\u00e9gekkel \u00e9s neh\u00e9z d\u00f6nt\u00e9sekkel. \u201eN\u00e9ha a legnehezebb d\u00f6nt\u00e9sek vezetnek el minket a megel\u00e9gedetts\u00e9ghez.\u201d \u2013 teszi hozz\u00e1 Sylwia Jaskulska. A kollekci\u00f3 ez\u00e9rt arra h\u00edv, helyezd magad az els\u0151 helyre, v\u00e1laszd a saj\u00e1t boldogs\u00e1god, \u00e9s \u00e9lj \u00fagy, hogy semmit se b\u00e1nj meg.<\/p>\r\n\r\n<figure class=\"wp-block-gallery has-nested-images columns-default is-cropped wp-block-gallery-1 is-layout-flex wp-block-gallery-is-layout-flex\">\r\n<figure class=\"wp-block-image size-large\"><img loading=\"lazy\" decoding=\"async\" width=\"1042\" height=\"695\" data-id=\"17064\" class=\"wp-image-17064\" src=\"https:\/\/answear.hu\/blog\/wp-content\/uploads\/2024\/09\/2024-07-Answear-LAB-No-Regret_1235-R2-1042x695.jpg\" alt=\"\" srcset=\"https:\/\/answear.hu\/blog\/wp-content\/uploads\/2024\/09\/2024-07-Answear-LAB-No-Regret_1235-R2-1042x695.jpg 1042w, https:\/\/answear.hu\/blog\/wp-content\/uploads\/2024\/09\/2024-07-Answear-LAB-No-Regret_1235-R2-768x512.jpg 768w, https:\/\/answear.hu\/blog\/wp-content\/uploads\/2024\/09\/2024-07-Answear-LAB-No-Regret_1235-R2-1536x1025.jpg 1536w, https:\/\/answear.hu\/blog\/wp-content\/uploads\/2024\/09\/2024-07-Answear-LAB-No-Regret_1235-R2-2048x1366.jpg 2048w, https:\/\/answear.hu\/blog\/wp-content\/uploads\/2024\/09\/2024-07-Answear-LAB-No-Regret_1235-R2-272x182.jpg 272w\" sizes=\"auto, (max-width: 1042px) 100vw, 1042px\" \/><\/figure>\r\n<\/figure>\r\n\r\n\r\n\r\n<p>A NO REGRETS kollekci\u00f3 a n\u0151k soksz\u00edn\u0171 ig\u00e9nyeit t\u00fckr\u00f6z\u0151 h\u00e1rom trendet \u00f6tv\u00f6z. Megjelennek benne a boho st\u00edlus inspir\u00e1lta romantikus, k\u00f6nnyed sziluettek, a fodros ruh\u00e1k, maxiszokny\u00e1k \u00e9s b\u0151rb\u0151l k\u00e9sz\u00fclt bl\u00fazok, megtal\u00e1ljuk az egyszer\u0171 eleganci\u00e1t letisztult form\u00e1ival hossz\u00fa kab\u00e1tok, ceruzaszokny\u00e1k \u00e9s t\u0171sark\u00fa csizm\u00e1k k\u00e9p\u00e9ben, az \u00e9rz\u00e9kibb st\u00edlus kedvel\u0151i pedig a s\u00f6t\u00e9t romantika elemeit is felfedezhetik a kollekci\u00f3ban: csipk\u00e9s szeg\u00e9lyek, kombin\u00e9ruh\u00e1k \u00e9s felt\u0171n\u0151, magas sark\u00fa cip\u0151k. A b\u0151r, a sifon \u00e9s a mod\u00e1l anyagok egyszerre biztos\u00edtj\u00e1k a k\u00e9nyelmet \u00e9s min\u0151s\u00e9g \u00e9rz\u00e9s\u00e9t, mik\u00f6zben a n\u0151i er\u0151t \u00e9s f\u00fcggetlens\u00e9get hangs\u00falyozz\u00e1k. Minden b\u0151rb\u0151l k\u00e9sz\u00fclt darab Leather Working Group tan\u00fas\u00edtv\u00e1nnyal rendelkezik.<\/p>\r\n<p style=\"text-align: center;\"><a class=\"wp-block-button__link has-text-align-center wp-element-button\" style=\"text-align: center;\" href=\"https:\/\/answear.hu\/s\/no-regrets-by-answearlab\">FEDEZD FEL A TELJES KOLLEKCI\u00d3T!<\/a><\/p>\r\n<div>\u00a0<\/div>\r\n\r\n\r\n\r\n<figure class=\"wp-block-gallery has-nested-images columns-default is-cropped wp-block-gallery-2 is-layout-flex wp-block-gallery-is-layout-flex\">\r\n<figure class=\"wp-block-image size-large\"><img loading=\"lazy\" decoding=\"async\" width=\"464\" height=\"695\" data-id=\"17065\" class=\"wp-image-17065\" src=\"https:\/\/answear.hu\/blog\/wp-content\/uploads\/2024\/09\/2024-07-Answear-LAB-No-Regret_0524-R-464x695.jpg\" alt=\"\" srcset=\"https:\/\/answear.hu\/blog\/wp-content\/uploads\/2024\/09\/2024-07-Answear-LAB-No-Regret_0524-R-464x695.jpg 464w, https:\/\/answear.hu\/blog\/wp-content\/uploads\/2024\/09\/2024-07-Answear-LAB-No-Regret_0524-R-768x1152.jpg 768w, https:\/\/answear.hu\/blog\/wp-content\/uploads\/2024\/09\/2024-07-Answear-LAB-No-Regret_0524-R-1024x1536.jpg 1024w, https:\/\/answear.hu\/blog\/wp-content\/uploads\/2024\/09\/2024-07-Answear-LAB-No-Regret_0524-R-1366x2048.jpg 1366w, https:\/\/answear.hu\/blog\/wp-content\/uploads\/2024\/09\/2024-07-Answear-LAB-No-Regret_0524-R-scaled.jpg 1707w\" sizes=\"auto, (max-width: 464px) 100vw, 464px\" \/><\/figure>\r\n\r\n\r\n\r\n<figure class=\"wp-block-image size-large\"><img loading=\"lazy\" decoding=\"async\" width=\"464\" height=\"695\" data-id=\"17066\" class=\"wp-image-17066\" src=\"https:\/\/answear.hu\/blog\/wp-content\/uploads\/2024\/09\/2024-07-Answear-LAB-No-Regret_0747-R-464x695.jpg\" alt=\"\" srcset=\"https:\/\/answear.hu\/blog\/wp-content\/uploads\/2024\/09\/2024-07-Answear-LAB-No-Regret_0747-R-464x695.jpg 464w, https:\/\/answear.hu\/blog\/wp-content\/uploads\/2024\/09\/2024-07-Answear-LAB-No-Regret_0747-R-768x1152.jpg 768w, https:\/\/answear.hu\/blog\/wp-content\/uploads\/2024\/09\/2024-07-Answear-LAB-No-Regret_0747-R-1024x1536.jpg 1024w, https:\/\/answear.hu\/blog\/wp-content\/uploads\/2024\/09\/2024-07-Answear-LAB-No-Regret_0747-R-1366x2048.jpg 1366w, https:\/\/answear.hu\/blog\/wp-content\/uploads\/2024\/09\/2024-07-Answear-LAB-No-Regret_0747-R-scaled.jpg 1707w\" sizes=\"auto, (max-width: 464px) 100vw, 464px\" \/><\/figure>\r\n<\/figure>\r\n\r\n\r\n\r\n<p>A kollekci\u00f3hoz k\u00e9zzel k\u00e9sz\u00fclt \u00e9kszerek is t\u00e1rsulnak: aszimmetrikus, arannyal bevont f\u00fclbeval\u00f3k \u00e9s k\u00fcl\u00f6nlegesen v\u00e1logatott k\u00f6vek, mint az intu\u00edci\u00f3t t\u00e1mogat\u00f3 \u00e9s az \u00e9rzelmi egyens\u00falyt teremt\u0151 rodonit, \u00e9s a b\u00e1tor d\u00f6nt\u00e9seket seg\u00edt\u0151, kiegyens\u00falyoz\u00f3 aventurin.<\/p>\r\n\r\n\r\n\r\n<p>A kollekci\u00f3 sz\u00ednpalett\u00e1ja tompa f\u00f6ldsz\u00ednekre \u00e9p\u00fcl, \u00e9s k\u00f6veti az aktu\u00e1lis trendeket &#8211; csokol\u00e1d\u00e9barna, ol\u00edvaz\u00f6ld, kr\u00e9tafeh\u00e9r \u00e1rnyalatok, amiket \u00e9l\u00e9nkv\u00f6r\u00f6s \u00e9s bord\u00f3 sz\u00ednek eg\u00e9sz\u00edtenek ki. Sokoldal\u00fa paletta, ami egyar\u00e1nt alkalmas arra, hogy a h\u00e1tt\u00e9rbe olvadjon, vagy ellenkez\u0151leg, hogy kit\u0171nj\u00f6n onnan. \u201eAzt szeretn\u00e9nk, hogy minden n\u0151 megtal\u00e1lja a kedv\u00e9re val\u00f3t, legyen az romantikus boho felszabadults\u00e1g, klasszikusan eleg\u00e1ns vagy \u00e9rz\u00e9kien mer\u00e9sz.\u201d &#8211; teszi hozz\u00e1 Sylwia Jaskulska.<\/p>\r\n\r\n\r\n\r\n<figure class=\"wp-block-gallery has-nested-images columns-default is-cropped wp-block-gallery-3 is-layout-flex wp-block-gallery-is-layout-flex\">\r\n<figure class=\"wp-block-image size-large\"><img loading=\"lazy\" decoding=\"async\" width=\"464\" height=\"695\" data-id=\"17068\" class=\"wp-image-17068\" src=\"https:\/\/answear.hu\/blog\/wp-content\/uploads\/2024\/09\/2024-07-Answear-LAB-No-Regret_0294-R-464x695.jpg\" alt=\"\" srcset=\"https:\/\/answear.hu\/blog\/wp-content\/uploads\/2024\/09\/2024-07-Answear-LAB-No-Regret_0294-R-464x695.jpg 464w, https:\/\/answear.hu\/blog\/wp-content\/uploads\/2024\/09\/2024-07-Answear-LAB-No-Regret_0294-R-768x1151.jpg 768w, https:\/\/answear.hu\/blog\/wp-content\/uploads\/2024\/09\/2024-07-Answear-LAB-No-Regret_0294-R-1024x1536.jpg 1024w, https:\/\/answear.hu\/blog\/wp-content\/uploads\/2024\/09\/2024-07-Answear-LAB-No-Regret_0294-R-1366x2048.jpg 1366w, https:\/\/answear.hu\/blog\/wp-content\/uploads\/2024\/09\/2024-07-Answear-LAB-No-Regret_0294-R-scaled.jpg 1707w\" sizes=\"auto, (max-width: 464px) 100vw, 464px\" \/><\/figure>\r\n\r\n\r\n\r\n<figure class=\"wp-block-image size-large\"><img loading=\"lazy\" decoding=\"async\" width=\"464\" height=\"695\" data-id=\"17067\" class=\"wp-image-17067\" src=\"https:\/\/answear.hu\/blog\/wp-content\/uploads\/2024\/09\/2024-07-Answear-LAB-No-Regret_0698-R-1-464x695.jpg\" alt=\"\" srcset=\"https:\/\/answear.hu\/blog\/wp-content\/uploads\/2024\/09\/2024-07-Answear-LAB-No-Regret_0698-R-1-464x695.jpg 464w, https:\/\/answear.hu\/blog\/wp-content\/uploads\/2024\/09\/2024-07-Answear-LAB-No-Regret_0698-R-1-768x1151.jpg 768w, https:\/\/answear.hu\/blog\/wp-content\/uploads\/2024\/09\/2024-07-Answear-LAB-No-Regret_0698-R-1-1025x1536.jpg 1025w, https:\/\/answear.hu\/blog\/wp-content\/uploads\/2024\/09\/2024-07-Answear-LAB-No-Regret_0698-R-1-1366x2048.jpg 1366w, https:\/\/answear.hu\/blog\/wp-content\/uploads\/2024\/09\/2024-07-Answear-LAB-No-Regret_0698-R-1-scaled.jpg 1708w\" sizes=\"auto, (max-width: 464px) 100vw, 464px\" \/><\/figure>\r\n<\/figure>\r\n\r\n\r\n\r\n<p>A NO REGRETS kollekci\u00f3 a sz\u00e9ps\u00e9g \u00e9s a funkcionalit\u00e1s k\u00f6z\u00f6tti egyens\u00falyra is utal. A darabok rendk\u00edv\u00fcl eleg\u00e1nsak \u00e9s \u00edzl\u00e9sesek, \u00e9s rengeteg olyan elemet tartalmaznak, amelyekb\u0151l figyelemfelkelt\u0151 megjelen\u00e9st lehet alkotni. A tervez\u0151ket a hasznoss\u00e1g, a k\u00e9nyelem \u00e9s a n\u0151iess\u00e9g vez\u00e9relte, minden ruhadarabot gondosan elk\u00e9sz\u00edtve, hogy ne csak az egyedi st\u00edlust hangs\u00falyozza, hanem k\u00e9nyelmet \u00e9s magabiztoss\u00e1got is ny\u00fajtson visel\u0151j\u00e9nek minden helyzetben.<\/p>\r\n\r\n\r\n\r\n<figure class=\"wp-block-image size-large\"><img loading=\"lazy\" decoding=\"async\" width=\"1042\" height=\"695\" class=\"wp-image-17069\" src=\"https:\/\/answear.hu\/blog\/wp-content\/uploads\/2024\/09\/2024-07-Answear-LAB-No-Regret_1471-R-1042x695.jpg\" alt=\"\" srcset=\"https:\/\/answear.hu\/blog\/wp-content\/uploads\/2024\/09\/2024-07-Answear-LAB-No-Regret_1471-R-1042x695.jpg 1042w, https:\/\/answear.hu\/blog\/wp-content\/uploads\/2024\/09\/2024-07-Answear-LAB-No-Regret_1471-R-768x512.jpg 768w, https:\/\/answear.hu\/blog\/wp-content\/uploads\/2024\/09\/2024-07-Answear-LAB-No-Regret_1471-R-1536x1025.jpg 1536w, https:\/\/answear.hu\/blog\/wp-content\/uploads\/2024\/09\/2024-07-Answear-LAB-No-Regret_1471-R-2048x1366.jpg 2048w, https:\/\/answear.hu\/blog\/wp-content\/uploads\/2024\/09\/2024-07-Answear-LAB-No-Regret_1471-R-272x182.jpg 272w\" sizes=\"auto, (max-width: 1042px) 100vw, 1042px\" \/><\/figure>\r\n\r\n\r\n\r\n<p>\u201eA n\u0151k azt v\u00e1rj\u00e1k, hogy a divat v\u00e1laszt adjon mindennapi kih\u00edv\u00e1saikra, ez\u00e9rt azt szeretn\u00e9nk, hogy gy\u00f6ny\u00f6r\u0171nek \u00e9rezz\u00e9k magukat ugyanakkor ruh\u00e1ik legyenek k\u00e9nyelmesek.\u201d &#8211; hangs\u00falyozza az Answear.LAB m\u00e1rkaigazgat\u00f3ja, Agnieszka Pruchnik.<\/p>\r\n\r\n\r\n\r\n<p>Az Answear.LAB most is az egyedi t\u00f6rt\u00e9netekre \u00e9s inspir\u00e1l\u00f3 p\u00e9ld\u00e1kra helyezi a hangs\u00falyt &#8211; olyan n\u0151kre, akik nem f\u00e9lnek kock\u00e1ztatni, \u00e9s a saj\u00e1t boldogs\u00e1gukat v\u00e1lasztj\u00e1k. A k\u00f6z\u00f6ss\u00e9gi m\u00e9di\u00e1n kereszt\u00fcl a m\u00e1rka arra is lehet\u0151s\u00e9get k\u00edn\u00e1l, hogy a n\u0151k megossz\u00e1k azokat a fontos pillanatokat, mikor a neh\u00e9zs\u00e9gek ellen\u00e9re a sz\u00edv\u00fckre hallgatnak, \u00e9s \u00fagy d\u00f6ntenek, k\u00fczdenek az \u00e1lmaik\u00e9rt. \u201eNincs \u00e9rtelme a m\u00falton r\u00e1g\u00f3dni. Minden neh\u00e9zs\u00e9g er\u0151sebb\u00e9 tehet minket, \u00e9s \u00faj lehet\u0151s\u00e9geket nyithat meg. \u00c9lj megb\u00e1n\u00e1s n\u00e9lk\u00fcl.\u201d \u2013 ez a kollekci\u00f3 \u00e9s a kollekci\u00f3t v\u00e1laszt\u00f3 n\u0151k \u00fczenete.<\/p>\r\n\r\n\r\n\r\n<figure class=\"wp-block-gallery has-nested-images columns-default is-cropped wp-block-gallery-4 is-layout-flex wp-block-gallery-is-layout-flex\">\r\n<figure class=\"wp-block-image size-large\"><img loading=\"lazy\" decoding=\"async\" width=\"464\" height=\"695\" data-id=\"17070\" class=\"wp-image-17070\" src=\"https:\/\/answear.hu\/blog\/wp-content\/uploads\/2024\/09\/2024-07-Answear-LAB-No-Regret_0360-R-464x695.jpg\" alt=\"\" srcset=\"https:\/\/answear.hu\/blog\/wp-content\/uploads\/2024\/09\/2024-07-Answear-LAB-No-Regret_0360-R-464x695.jpg 464w, https:\/\/answear.hu\/blog\/wp-content\/uploads\/2024\/09\/2024-07-Answear-LAB-No-Regret_0360-R-768x1151.jpg 768w, https:\/\/answear.hu\/blog\/wp-content\/uploads\/2024\/09\/2024-07-Answear-LAB-No-Regret_0360-R-1025x1536.jpg 1025w, https:\/\/answear.hu\/blog\/wp-content\/uploads\/2024\/09\/2024-07-Answear-LAB-No-Regret_0360-R-1366x2048.jpg 1366w, https:\/\/answear.hu\/blog\/wp-content\/uploads\/2024\/09\/2024-07-Answear-LAB-No-Regret_0360-R-scaled.jpg 1708w\" sizes=\"auto, (max-width: 464px) 100vw, 464px\" \/><\/figure>\r\n\r\n\r\n\r\n<figure class=\"wp-block-image size-large\"><img loading=\"lazy\" decoding=\"async\" width=\"464\" height=\"695\" data-id=\"17072\" class=\"wp-image-17072\" src=\"https:\/\/answear.hu\/blog\/wp-content\/uploads\/2024\/09\/2024-07-Answear-LAB-No-Regret_0788-R-464x695.jpg\" alt=\"\" srcset=\"https:\/\/answear.hu\/blog\/wp-content\/uploads\/2024\/09\/2024-07-Answear-LAB-No-Regret_0788-R-464x695.jpg 464w, https:\/\/answear.hu\/blog\/wp-content\/uploads\/2024\/09\/2024-07-Answear-LAB-No-Regret_0788-R-768x1151.jpg 768w, https:\/\/answear.hu\/blog\/wp-content\/uploads\/2024\/09\/2024-07-Answear-LAB-No-Regret_0788-R-1025x1536.jpg 1025w, https:\/\/answear.hu\/blog\/wp-content\/uploads\/2024\/09\/2024-07-Answear-LAB-No-Regret_0788-R-1366x2048.jpg 1366w, https:\/\/answear.hu\/blog\/wp-content\/uploads\/2024\/09\/2024-07-Answear-LAB-No-Regret_0788-R-scaled.jpg 1708w\" sizes=\"auto, (max-width: 464px) 100vw, 464px\" \/><\/figure>\r\n\r\n\r\n\r\n<figure class=\"wp-block-image size-large\"><img loading=\"lazy\" decoding=\"async\" width=\"464\" height=\"695\" data-id=\"17071\" class=\"wp-image-17071\" src=\"https:\/\/answear.hu\/blog\/wp-content\/uploads\/2024\/09\/2024-07-Answear-LAB-No-Regret_0963-R-464x695.jpg\" alt=\"\" srcset=\"https:\/\/answear.hu\/blog\/wp-content\/uploads\/2024\/09\/2024-07-Answear-LAB-No-Regret_0963-R-464x695.jpg 464w, https:\/\/answear.hu\/blog\/wp-content\/uploads\/2024\/09\/2024-07-Answear-LAB-No-Regret_0963-R-768x1151.jpg 768w, https:\/\/answear.hu\/blog\/wp-content\/uploads\/2024\/09\/2024-07-Answear-LAB-No-Regret_0963-R-1024x1536.jpg 1024w, https:\/\/answear.hu\/blog\/wp-content\/uploads\/2024\/09\/2024-07-Answear-LAB-No-Regret_0963-R-1366x2048.jpg 1366w, https:\/\/answear.hu\/blog\/wp-content\/uploads\/2024\/09\/2024-07-Answear-LAB-No-Regret_0963-R-scaled.jpg 1707w\" sizes=\"auto, (max-width: 464px) 100vw, 464px\" \/><\/figure>\r\n<\/figure>\r\n\r\n\r\n\r\n<p class=\"kropka\">A NO REGRETS olyan n\u0151knek k\u00e9sz\u00fclt, akik nem f\u00e9lnek a kih\u00edv\u00e1sokt\u00f3l, akik b\u00e1tran tekintenek a j\u00f6v\u0151be, \u00e9s akik tudj\u00e1k, hogy d\u00f6nt\u00e9seiket nem fogj\u00e1k megb\u00e1nni. Coco Chanel szavaival \u00e9lve \u201eSemmit sem b\u00e1nok az \u00e9letben &#8211; csak azokat a dolgokat, amiket nem tettem meg.\u201d<\/p>\r\n<p><\/p>","protected":false},"excerpt":{"rendered":"<p><span class=\"span-reading-time rt-reading-time\" style=\"display: block;\"><span class=\"rt-label rt-prefix\">Olvasd el, csak <\/span> <span class=\"rt-time\"> 4<\/span> <span class=\"rt-label rt-postfix\">perc<\/span><\/span>Az Answear.LAB ism\u00e9t leny\u0171g\u00f6z\u0151, er\u0151s \u00fczenetet k\u00f6zvet\u00edt\u0151, egyedi kollekci\u00f3val \u00e9rkezik. A NO REGRETS az er\u0151 \u00e9s b\u00e1tors\u00e1g manifesztuma, ami lehet\u0151v\u00e9 teszi, hogy az \u00e9lettel b\u00e1tran szemben\u00e9zve kijelents\u00fck: Semmit sem b\u00e1ntam meg!<\/p>\n","protected":false},"author":35,"featured_media":17059,"comment_status":"closed","ping_status":"closed","sticky":false,"template":"","format":"standard","meta":{"footnotes":""},"categories":[889],"tags":[1000,1863,892,2301,1580,2299,2302,2300],"class_list":["post-17056","post","type-post","status-publish","format-standard","has-post-thumbnail","hentry","category-answear-lab","tag-answear-kollekcio","tag-answear-lab","tag-divat","tag-elegant-simplicitz","tag-kapszulakollekcio","tag-no-regrets","tag-noir-romance","tag-nu-boheme"],"_links":{"self":[{"href":"https:\/\/answear.hu\/blog\/wp-json\/wp\/v2\/posts\/17056","targetHints":{"allow":["GET"]}}],"collection":[{"href":"https:\/\/answear.hu\/blog\/wp-json\/wp\/v2\/posts"}],"about":[{"href":"https:\/\/answear.hu\/blog\/wp-json\/wp\/v2\/types\/post"}],"author":[{"embeddable":true,"href":"https:\/\/answear.hu\/blog\/wp-json\/wp\/v2\/users\/35"}],"replies":[{"embeddable":true,"href":"https:\/\/answear.hu\/blog\/wp-json\/wp\/v2\/comments?post=17056"}],"version-history":[{"count":13,"href":"https:\/\/answear.hu\/blog\/wp-json\/wp\/v2\/posts\/17056\/revisions"}],"predecessor-version":[{"id":17080,"href":"https:\/\/answear.hu\/blog\/wp-json\/wp\/v2\/posts\/17056\/revisions\/17080"}],"wp:featuredmedia":[{"embeddable":true,"href":"https:\/\/answear.hu\/blog\/wp-json\/wp\/v2\/media\/17059"}],"wp:attachment":[{"href":"https:\/\/answear.hu\/blog\/wp-json\/wp\/v2\/media?parent=17056"}],"wp:term":[{"taxonomy":"category","embeddable":true,"href":"https:\/\/answear.hu\/blog\/wp-json\/wp\/v2\/categories?post=17056"},{"taxonomy":"post_tag","embeddable":true,"href":"https:\/\/answear.hu\/blog\/wp-json\/wp\/v2\/tags?post=17056"}],"curies":[{"name":"wp","href":"https:\/\/api.w.org\/{rel}","templated":true}]}}