{"id":17042,"date":"2024-10-01T08:32:34","date_gmt":"2024-10-01T06:32:34","guid":{"rendered":"https:\/\/answear.hu\/blog\/?p=17042"},"modified":"2024-10-01T08:32:34","modified_gmt":"2024-10-01T06:32:34","slug":"a-piros-az-osz-szine-az-answear-hu-legujabb-kampanyaban-oltoztesd-eleted-abba-ami-ertekes","status":"publish","type":"post","link":"https:\/\/answear.hu\/blog\/a-piros-az-osz-szine-az-answear-hu-legujabb-kampanyaban-oltoztesd-eleted-abba-ami-ertekes\/17042","title":{"rendered":"A piros az \u0151sz sz\u00edne az Answear.hu leg\u00fajabb kamp\u00e1ny\u00e1ban: \u00d6lt\u00f6ztesd \u00e9leted abba, ami \u00e9rt\u00e9kes!"},"content":{"rendered":"<span class=\"span-reading-time rt-reading-time\" style=\"display: block;\"><span class=\"rt-label rt-prefix\">Olvasd el, csak <\/span> <span class=\"rt-time\"> 3<\/span> <span class=\"rt-label rt-postfix\">perc<\/span><\/span><p><strong>Az Answear 2024-es \u0151szi-t\u00e9li kamp\u00e1ny\u00e1ban a l\u00edrai hangv\u00e9tel a r\u00e9szletekre val\u00f3 kiv\u00e9teles odafigyel\u00e9ssel tal\u00e1lkozik olyan divatos szettekben, amik nemcsak \u00f6lt\u00f6ztetnek, de t\u00f6rt\u00e9neteket is mes\u00e9lnek. T\u00f6rt\u00e9neteket, amik hossz\u00fa ideig vel\u00fcnk maradnak.<\/strong><!--more--><\/p>\n<p class=\"bigletter\">Az Answear \u00faj kamp\u00e1nya az \u00e9let meghat\u00e1roz\u00f3 pillanataira h\u00edvja fel a figyelmet. Amikor arr\u00f3l besz\u00e9l\u00fcnk, hogy valami \u00e9rt\u00e9kes, nemcsak eml\u00e9kekre, \u00e9lm\u00e9nyekre vagy \u00e1lmokra gondolunk, hanem arra a k\u00fcl\u00f6nleges \u00e9rz\u00e9sre is, ami szeretett ruh\u00e1ink visel\u00e9se k\u00f6zben j\u00e1r \u00e1t minket. Ilyen a kamp\u00e1ny egyik leghat\u00e1sosabb eleme is, a brazil sz\u00edn\u00e9szn\u0151 Fatima Brunengo leny\u0171g\u00f6z\u0151, piros \u00f6ssze\u00e1ll\u00edt\u00e1sa. Nemcsak az\u00e9rt, mert ez egy er\u0151vel \u00e9s karakterrel teli szett, hanem az\u00e9rt is, mert a piros \u00e9s \u00e1rnyalatai a szezon egyik fontos trendj\u00e9t jel\u00f6lik ki. Ez a szett, j\u00f3val t\u00f6bb mint egy gy\u00f6ny\u00f6r\u0171 ruha, ez a b\u00e1tors\u00e1g \u00e9s \u00f6nbizalom megnyilv\u00e1nul\u00e1sa.<\/p>\n<p><strong>\u201eA piros mindig mag\u00e1ra vonja a figyelmet, de ebben az \u00f6ssze\u00e1ll\u00edt\u00e1sban az er\u0151 \u00e9s a f\u00fcggetlens\u00e9g szimb\u00f3lum\u00e1v\u00e1 v\u00e1lik\u201d<\/strong><\/p>\n<p>\u2013 hangs\u00falyozza Marta Sawicka, az Answear vizu\u00e1lis marketing- \u00e9s kommunik\u00e1ci\u00f3s igazgat\u00f3ja.<\/p>\n<p><iframe loading=\"lazy\" src=\"\/\/www.youtube.com\/embed\/VtfMuhRYz0c\" width=\"560\" height=\"314\" allowfullscreen=\"allowfullscreen\"><\/iframe><\/p>\n<p>A kamp\u00e1ny \u00e9s az \u0151sz f\u0151 sz\u00edne teh\u00e1t a piros, ami a kreat\u00edv energi\u00e1t \u00e9s a szenved\u00e9lyt szimboliz\u00e1lja, \u00f6sszhangban a m\u00e1rka strat\u00e9giai c\u00e9ljaival. A <a href=\"https:\/\/answear.hu\/s\/red-selection\" target=\"_blank\" rel=\"noopener\">piros \u00e1rnyalatai<\/a> hat\u00e1rozottan jelennek meg a trendekben, a m\u00e9lybord\u00f3t\u00f3l eg\u00e9szen a cseresznyepirosig, lefedve ennek az izgalmas \u00e9s sok jelent\u00e9ssel b\u00edr\u00f3 sz\u00ednnek sz\u00e9les sk\u00e1l\u00e1j\u00e1t. Az Answearn\u00e9l a hangs\u00faly most az intenz\u00edv \u00e9rzelmeken \u00e9s az er\u0151teljes \u00e9rzelemkifejez\u00e9sen van, amik az eg\u00e9sz kamp\u00e1ny hangulat\u00e1t \u00e9s megjelen\u00e9s\u00e9t \u00e1thatj\u00e1k.<\/p>\n<p><img loading=\"lazy\" decoding=\"async\" class=\"alignnone size-full wp-image-17045\" src=\"https:\/\/answear.hu\/blog\/wp-content\/uploads\/2024\/09\/makingoff1-1043x695-1.jpg\" alt=\"\" width=\"1043\" height=\"695\" srcset=\"https:\/\/answear.hu\/blog\/wp-content\/uploads\/2024\/09\/makingoff1-1043x695-1.jpg 1043w, https:\/\/answear.hu\/blog\/wp-content\/uploads\/2024\/09\/makingoff1-1043x695-1-768x512.jpg 768w, https:\/\/answear.hu\/blog\/wp-content\/uploads\/2024\/09\/makingoff1-1043x695-1-272x182.jpg 272w\" sizes=\"auto, (max-width: 1043px) 100vw, 1043px\" \/><\/p>\n<h2>\u00d6lt\u00f6ztesd \u00e9leted abba, ami \u00e9rt\u00e9kes!<\/h2>\n<p>A kamp\u00e1ny szlogenje t\u00f6k\u00e9letesen kifejezi a m\u00e1rka \u00fczenet\u00e9t: a divat a legfontosabb pillanatokban is elk\u00eds\u00e9r minket, h\u00e1tteret ny\u00fajtva azokhoz az eml\u00e9kekhez, amik egy \u00e9leten \u00e1t vel\u00fcnk maradnak. Az Answearn\u00e9l hissz\u00fck, hogy a ruh\u00e1k \u00e9rt\u00e9ke nemcsak eszt\u00e9tik\u00e1jukban rejlik, hanem els\u0151sorban abban, hogy milyen \u00e9rzelmeket v\u00e1ltanak ki, hogy milyen eml\u00e9keket kapcsolunk hozz\u00e1juk. A divat, a megjelen\u00e9s az, ami a fontos pillanatokr\u00f3l \u00e9s \u00e9let\u00fcnk fontos embereir\u0151l sz\u00f3l \u2013 azokr\u00f3l, akik rajtunk k\u00edv\u00fcl egyetlen tan\u00fai az eml\u00e9keinknek.<\/p>\n<p>A fest\u0151i Lisszabonban forgatott kamp\u00e1ny atmoszf\u00e9r\u00e1ja pedig val\u00f3ban elvar\u00e1zsol &#8211; minden k\u00e9pkocka gondosan megkompon\u00e1lt, hogy kiemelje azokat a pillanatokat, amikre \u00f6r\u00f6kre eml\u00e9kezni akarunk. A rendez\u0151, Stella Consonni, aki \u00e9rz\u00e9kenys\u00e9g\u00e9r\u0151l \u00e9s a mindennapi pillanatok finom \u00e9rzelmeinek meg\u00f6r\u00f6k\u00edt\u00e9s\u00e9r\u0151l h\u00edres, a h\u00e9tk\u00f6znapit egy csipetnyi luxussal \u00f6tv\u00f6zi. \u201eStella k\u00fcl\u00f6nleges tehets\u00e9ggel alak\u00edtja k\u00e9pekk\u00e9 az \u00e9rzelmeket \u2013 amit l\u00e1tunk, az nem csup\u00e1n divat, az maga az \u00e9let.\u201d \u2013 teszi hozz\u00e1 Marta Sawicka.<\/p>\n<p><img loading=\"lazy\" decoding=\"async\" class=\"alignnone size-full wp-image-17053\" src=\"https:\/\/answear.hu\/blog\/wp-content\/uploads\/2024\/09\/makingoff4-1043x695-1.jpg\" alt=\"\" width=\"1043\" height=\"695\" srcset=\"https:\/\/answear.hu\/blog\/wp-content\/uploads\/2024\/09\/makingoff4-1043x695-1.jpg 1043w, https:\/\/answear.hu\/blog\/wp-content\/uploads\/2024\/09\/makingoff4-1043x695-1-768x512.jpg 768w, https:\/\/answear.hu\/blog\/wp-content\/uploads\/2024\/09\/makingoff4-1043x695-1-272x182.jpg 272w\" sizes=\"auto, (max-width: 1043px) 100vw, 1043px\" \/><\/p>\n<h2>Pr\u00e9mium divatm\u00e1rk\u00e1k<\/h2>\n<p class=\"kropka\">Az Answear \u0151szi kamp\u00e1nya a min\u0151s\u00e9g \u00e9s a sz\u00e9ps\u00e9g el\u0151tt tiszteleg: a v\u00e1s\u00e1rl\u00f3k gondosan kiv\u00e1lasztott term\u00e9keket tal\u00e1lnak a vil\u00e1g vezet\u0151 pr\u00e9mium m\u00e1rk\u00e1it\u00f3l, az id\u0151tlen st\u00edlus \u00e9s elegancia jegy\u00e9ben. B\u00fcszk\u00e9n viselhet\u0151 darabok mindenkinek, aki nemcsak a st\u00edlusos megjelen\u00e9st tartja nagyra, hanem azt is, amit ennek seg\u00edts\u00e9g\u00e9vel kifejezhet\u00fcnk. A m\u00e1rka vallja \u00e9s hirdeti, hogy a divat t\u00f6bb mint egyszer\u0171 ruh\u00e1zkod\u00e1s \u2013 ez az \u00f6nkifejez\u00e9s fontos m\u00f3dja, lehet\u0151s\u00e9g arra, hogy megmutassuk a vil\u00e1gnak, kik vagyunk, \u00e9s mi fontos sz\u00e1munkra.<\/p>\n<p>&nbsp;<\/p>\n","protected":false},"excerpt":{"rendered":"<p><span class=\"span-reading-time rt-reading-time\" style=\"display: block;\"><span class=\"rt-label rt-prefix\">Olvasd el, csak <\/span> <span class=\"rt-time\"> 3<\/span> <span class=\"rt-label rt-postfix\">perc<\/span><\/span>Az Answear 2024-es \u0151szi-t\u00e9li kamp\u00e1ny\u00e1ban a l\u00edrai hangv\u00e9tel a r\u00e9szletekre val\u00f3 kiv\u00e9teles odafigyel\u00e9ssel tal\u00e1lkozik olyan divatos szettekben, amik nemcsak \u00f6lt\u00f6ztetnek, de t\u00f6rt\u00e9neteket is mes\u00e9lnek. T\u00f6rt\u00e9neteket, amik hossz\u00fa ideig vel\u00fcnk maradnak.<\/p>\n","protected":false},"author":35,"featured_media":17044,"comment_status":"closed","ping_status":"closed","sticky":false,"template":"","format":"standard","meta":{"footnotes":""},"categories":[686],"tags":[2270,893,892,1882,2296,2297,1207,2298,1212],"class_list":["post-17042","post","type-post","status-publish","format-standard","has-post-thumbnail","hentry","category-trendek","tag-ami-ertekes","tag-answear-hu","tag-divat","tag-kampany","tag-oltoytesd-eleted-abba","tag-piros","tag-premium","tag-red","tag-webaruhaz"],"_links":{"self":[{"href":"https:\/\/answear.hu\/blog\/wp-json\/wp\/v2\/posts\/17042","targetHints":{"allow":["GET"]}}],"collection":[{"href":"https:\/\/answear.hu\/blog\/wp-json\/wp\/v2\/posts"}],"about":[{"href":"https:\/\/answear.hu\/blog\/wp-json\/wp\/v2\/types\/post"}],"author":[{"embeddable":true,"href":"https:\/\/answear.hu\/blog\/wp-json\/wp\/v2\/users\/35"}],"replies":[{"embeddable":true,"href":"https:\/\/answear.hu\/blog\/wp-json\/wp\/v2\/comments?post=17042"}],"version-history":[{"count":10,"href":"https:\/\/answear.hu\/blog\/wp-json\/wp\/v2\/posts\/17042\/revisions"}],"predecessor-version":[{"id":17055,"href":"https:\/\/answear.hu\/blog\/wp-json\/wp\/v2\/posts\/17042\/revisions\/17055"}],"wp:featuredmedia":[{"embeddable":true,"href":"https:\/\/answear.hu\/blog\/wp-json\/wp\/v2\/media\/17044"}],"wp:attachment":[{"href":"https:\/\/answear.hu\/blog\/wp-json\/wp\/v2\/media?parent=17042"}],"wp:term":[{"taxonomy":"category","embeddable":true,"href":"https:\/\/answear.hu\/blog\/wp-json\/wp\/v2\/categories?post=17042"},{"taxonomy":"post_tag","embeddable":true,"href":"https:\/\/answear.hu\/blog\/wp-json\/wp\/v2\/tags?post=17042"}],"curies":[{"name":"wp","href":"https:\/\/api.w.org\/{rel}","templated":true}]}}