{"id":16992,"date":"2024-07-24T13:15:25","date_gmt":"2024-07-24T11:15:25","guid":{"rendered":"https:\/\/answear.hu\/blog\/?p=16992"},"modified":"2024-07-24T13:16:50","modified_gmt":"2024-07-24T11:16:50","slug":"theory-egy-bevalt-elmelet-a-stilusrol","status":"publish","type":"post","link":"https:\/\/answear.hu\/blog\/theory-egy-bevalt-elmelet-a-stilusrol\/16992","title":{"rendered":"Theory \u2013 egy bev\u00e1lt elm\u00e9let a st\u00edlusr\u00f3l"},"content":{"rendered":"<span class=\"span-reading-time rt-reading-time\" style=\"display: block;\"><span class=\"rt-label rt-prefix\">Olvasd el, csak <\/span> <span class=\"rt-time\"> 3<\/span> <span class=\"rt-label rt-postfix\">perc<\/span><\/span><p>Amikor a modern eleganci\u00e1r\u00f3l \u00e9s a funkcion\u00e1lis luxusr\u00f3l van sz\u00f3, a Theory m\u00e1rka kiemelkedik a t\u00f6bbi divatm\u00e1rka k\u00f6z\u00fcl.<!--more--><\/p>\r\n<p class=\"bigletter\">A Theory-t 1997-ben alap\u00edtott\u00e1k New Yorkban Andrew Rosen \u00e9s Elie Tahari, \u00e9s m\u00e1r a kezdetekt\u0151l fogva folyamatosan rajong\u00f3kat szerzett egyedi divatmegk\u00f6zel\u00edt\u00e9s\u00e9vel. A m\u00e1rka tervei vil\u00e1gosan t\u00fckr\u00f6zik k\u00fcldet\u00e9s\u00e9t \u00e9s kreativit\u00e1s\u00e1t. Ma \u00f6r\u00f6mmel jelentj\u00fck be, hogy ez a kiv\u00e9teles m\u00e1rka csatlakozik portf\u00f3li\u00f3nkhoz, friss n\u00e9z\u0151pontot hozva az \u00fczleti \u00e9s h\u00e9tk\u00f6znapi viseletbe.<\/p>\r\n<h2>Az egyszer\u0171s\u00e9g \u00e9s a luxus elm\u00e9lete<\/h2>\r\n<p>A Theory t\u00f6bb, mint egy m\u00e1rka egy \u00e9letfiloz\u00f3fia. Terveik k\u00f6z\u00e9ppontj\u00e1ban az a hitvall\u00e1s \u00e1ll, hogy a ruh\u00e1zatnak st\u00edlusosnak \u00e9s funkcion\u00e1lisnak kell lennie. Ahogy v\u00e9gign\u00e9zed a kollekci\u00f3it, k\u00f6nnyen meg\u00e9rtheted az elegancia \u00e9s k\u00e9nyelem szint\u00e9zis\u00e9t. A harm\u00f3nia, a kifinomults\u00e1g \u00e9s az id\u0151tlens\u00e9g nyilv\u00e1nval\u00f3 a klasszikus \u00e9s modern elemek kever\u00e9k\u00e9ben. A kiv\u00e1l\u00f3 min\u0151s\u00e9g\u0171 sz\u00f6vetek \u00e9s a hib\u00e1tlan szab\u00e1sok a m\u00e1rka v\u00e9djegyei, amelyek vonzz\u00e1k azokat a v\u00e1s\u00e1rl\u00f3kat, akik \u00e9rt\u00e9kelik mind a megjelen\u00e9st, mind a k\u00e9nyelmet.<\/p>\r\n<p>&nbsp;<\/p>\r\n\r\n<figure class=\"wp-block-gallery has-nested-images columns-default is-cropped wp-block-gallery-1 is-layout-flex wp-block-gallery-is-layout-flex\">\r\n<figure class=\"wp-block-image size-large\"><img loading=\"lazy\" decoding=\"async\" width=\"556\" height=\"695\" data-id=\"16997\" class=\"wp-image-16997\" src=\"https:\/\/answear.hu\/blog\/wp-content\/uploads\/2024\/07\/theory_pion_dziewczyna-556x695.jpg\" alt=\"\" srcset=\"https:\/\/answear.hu\/blog\/wp-content\/uploads\/2024\/07\/theory_pion_dziewczyna-556x695.jpg 556w, https:\/\/answear.hu\/blog\/wp-content\/uploads\/2024\/07\/theory_pion_dziewczyna-768x960.jpg 768w, https:\/\/answear.hu\/blog\/wp-content\/uploads\/2024\/07\/theory_pion_dziewczyna-1229x1536.jpg 1229w, https:\/\/answear.hu\/blog\/wp-content\/uploads\/2024\/07\/theory_pion_dziewczyna-1638x2048.jpg 1638w, https:\/\/answear.hu\/blog\/wp-content\/uploads\/2024\/07\/theory_pion_dziewczyna-scaled.jpg 2048w\" sizes=\"auto, (max-width: 556px) 100vw, 556px\" \/><\/figure>\r\n\r\n\r\n\r\n<figure class=\"wp-block-image size-large\"><img loading=\"lazy\" decoding=\"async\" width=\"556\" height=\"695\" data-id=\"16996\" class=\"wp-image-16996\" src=\"https:\/\/answear.hu\/blog\/wp-content\/uploads\/2024\/07\/z1-556x695.jpg\" alt=\"\" srcset=\"https:\/\/answear.hu\/blog\/wp-content\/uploads\/2024\/07\/z1-556x695.jpg 556w, https:\/\/answear.hu\/blog\/wp-content\/uploads\/2024\/07\/z1-768x960.jpg 768w, https:\/\/answear.hu\/blog\/wp-content\/uploads\/2024\/07\/z1.jpg 800w\" sizes=\"auto, (max-width: 556px) 100vw, 556px\" \/><\/figure>\r\n\r\n\r\n\r\n<figure class=\"wp-block-image size-large\"><img loading=\"lazy\" decoding=\"async\" width=\"556\" height=\"695\" data-id=\"16995\" class=\"wp-image-16995\" src=\"https:\/\/answear.hu\/blog\/wp-content\/uploads\/2024\/07\/z2-556x695.jpg\" alt=\"\" srcset=\"https:\/\/answear.hu\/blog\/wp-content\/uploads\/2024\/07\/z2-556x695.jpg 556w, https:\/\/answear.hu\/blog\/wp-content\/uploads\/2024\/07\/z2-768x960.jpg 768w, https:\/\/answear.hu\/blog\/wp-content\/uploads\/2024\/07\/z2.jpg 800w\" sizes=\"auto, (max-width: 556px) 100vw, 556px\" \/><\/figure>\r\n<\/figure>\r\n\r\n\r\n\r\n<h2>Innovat\u00edv megk\u00f6zel\u00edt\u00e9s<\/h2>\r\n\r\n\r\n\r\n<p>Alap\u00edt\u00e1sa \u00f3ta a Theory \u00e1tt\u00f6r\u0151 megold\u00e1sokat vezetett be, amelyek forradalmas\u00edtott\u00e1k a divatpiacot. A m\u00e1rka az els\u0151k k\u00f6z\u00f6tt volt, amelyik rugalmas sz\u00f6veteket \u00e9p\u00edtett be a mindennapi divatba, \u00faj korszakot nyitva a ruhatervez\u00e9sben. Ez az innovat\u00edv megk\u00f6zel\u00edt\u00e9s minden darabot m\u00e1sodik b\u0151rk\u00e9nt \u00e9rz\u00e9keltet, t\u00f6k\u00e9letesen illeszkedve a test form\u00e1j\u00e1hoz, mik\u00f6zben kifog\u00e1stalan megjelen\u00e9st biztos\u00edt reggelt\u0151l estig. A m\u00e1rka terveiben a st\u00edlus mindig a funkcionalit\u00e1sb\u00f3l fakad. V\u00e1ltoztassuk meg, ahogyan \u00e9rezz\u00fck magunkat, jav\u00edtsuk a munk\u00e1nkat, \u00e9s inspir\u00e1ljuk az \u00e9let\u00fcnket.<\/p>\r\n\r\n\r\n\r\n<h2>\u00cdg\u00e9ret<\/h2>\r\n\r\n\r\n\r\n<p>A Theory c\u00edmk\u00e9vel ell\u00e1tott ruh\u00e1zat nemcsak \u00f6lt\u00f6ztet, hanem meghat\u00e1rozza a szem\u00e9lyis\u00e9gedet is. A Theory visel\u00e9s\u00e9vel egy elit csoport r\u00e9sz\u00e9v\u00e9 v\u00e1lsz, amely \u00e9rt\u00e9keli a klasszikus st\u00edlusokat modern csavarral, kifinomult minimalista eleganci\u00e1t \u00e9s min\u0151s\u00e9get.<\/p>\r\n\r\n\r\n\r\n<figure class=\"wp-block-gallery has-nested-images columns-default is-cropped wp-block-gallery-2 is-layout-flex wp-block-gallery-is-layout-flex\">\r\n<figure class=\"wp-block-image size-large\"><img loading=\"lazy\" decoding=\"async\" width=\"556\" height=\"695\" data-id=\"16998\" class=\"wp-image-16998\" src=\"https:\/\/answear.hu\/blog\/wp-content\/uploads\/2024\/07\/Look_04_010_v2-556x695.jpg\" alt=\"\" srcset=\"https:\/\/answear.hu\/blog\/wp-content\/uploads\/2024\/07\/Look_04_010_v2-556x695.jpg 556w, https:\/\/answear.hu\/blog\/wp-content\/uploads\/2024\/07\/Look_04_010_v2-768x960.jpg 768w, https:\/\/answear.hu\/blog\/wp-content\/uploads\/2024\/07\/Look_04_010_v2-1229x1536.jpg 1229w, https:\/\/answear.hu\/blog\/wp-content\/uploads\/2024\/07\/Look_04_010_v2-1638x2048.jpg 1638w, https:\/\/answear.hu\/blog\/wp-content\/uploads\/2024\/07\/Look_04_010_v2-scaled.jpg 2048w\" sizes=\"auto, (max-width: 556px) 100vw, 556px\" \/><\/figure>\r\n\r\n\r\n\r\n<figure class=\"wp-block-image size-large\"><img loading=\"lazy\" decoding=\"async\" width=\"556\" height=\"695\" data-id=\"16999\" class=\"wp-image-16999\" src=\"https:\/\/answear.hu\/blog\/wp-content\/uploads\/2024\/07\/Look_05_007_v2-556x695.jpg\" alt=\"\" srcset=\"https:\/\/answear.hu\/blog\/wp-content\/uploads\/2024\/07\/Look_05_007_v2-556x695.jpg 556w, https:\/\/answear.hu\/blog\/wp-content\/uploads\/2024\/07\/Look_05_007_v2-768x960.jpg 768w, https:\/\/answear.hu\/blog\/wp-content\/uploads\/2024\/07\/Look_05_007_v2-1229x1536.jpg 1229w, https:\/\/answear.hu\/blog\/wp-content\/uploads\/2024\/07\/Look_05_007_v2-1638x2048.jpg 1638w, https:\/\/answear.hu\/blog\/wp-content\/uploads\/2024\/07\/Look_05_007_v2-scaled.jpg 2048w\" sizes=\"auto, (max-width: 556px) 100vw, 556px\" \/><\/figure>\r\n\r\n\r\n\r\n<figure class=\"wp-block-image size-large\"><img loading=\"lazy\" decoding=\"async\" width=\"556\" height=\"695\" data-id=\"17000\" class=\"wp-image-17000\" src=\"https:\/\/answear.hu\/blog\/wp-content\/uploads\/2024\/07\/Look_07_006_v3-556x695.jpg\" alt=\"\" srcset=\"https:\/\/answear.hu\/blog\/wp-content\/uploads\/2024\/07\/Look_07_006_v3-556x695.jpg 556w, https:\/\/answear.hu\/blog\/wp-content\/uploads\/2024\/07\/Look_07_006_v3-768x960.jpg 768w, https:\/\/answear.hu\/blog\/wp-content\/uploads\/2024\/07\/Look_07_006_v3-1229x1536.jpg 1229w, https:\/\/answear.hu\/blog\/wp-content\/uploads\/2024\/07\/Look_07_006_v3-1638x2048.jpg 1638w, https:\/\/answear.hu\/blog\/wp-content\/uploads\/2024\/07\/Look_07_006_v3-scaled.jpg 2048w\" sizes=\"auto, (max-width: 556px) 100vw, 556px\" \/><\/figure>\r\n<\/figure>\r\n\r\n\r\n\r\n<h2>Fenntarthat\u00f3s\u00e1g<\/h2>\r\n\r\n\r\n\r\n<p>A mai vil\u00e1gban, ahol egyre t\u00f6bb ember figyel a divat \u00f6kol\u00f3giai szempontj\u00e1ra, a Theory a v\u00e1ltoz\u00e1s \u00fatt\u00f6r\u0151je \u00e9s p\u00e9ld\u00e1ja m\u00e1sok sz\u00e1m\u00e1ra. A m\u00e1rka akt\u00edvan hajt v\u00e9gre fenntarthat\u00f3 fejl\u0151d\u00e9si kezdem\u00e9nyez\u00e9seket, a teljes gy\u00e1rt\u00e1si folyamatra \u00f6sszpontos\u00edtva. A m\u00e1rka c\u00e9lja ebben a tekintetben, hogy 2025-re 100%-ban nyomon k\u00f6vethet\u0151 \u00e9s ellen\u0151rz\u00f6tt anyagbeszerz\u00e9si folyamatot \u00e9rjen el. A &#8222;Theory for Good&#8221; kezdem\u00e9nyez\u00e9s eddig sikeresen v\u00e9grehajtotta ezt az elj\u00e1r\u00e1st a gyapj\u00fa, a len \u00e9s a pamut beszerz\u00e9se ter\u00e9n.<\/p>\r\n\r\n\r\n\r\n<h2>\u00daj korszak a portf\u00f3li\u00f3nkban<\/h2>\r\n\r\n\r\n\r\n<p class=\"kropka\">Theory tervei a szem\u00e9lyis\u00e9get \u00e9s az egy\u00e9nis\u00e9get hivatottak kiemelni. Olyan klasszikus mint\u00e1k inspir\u00e1lj\u00e1k \u0151ket, amelyek nem avulnak el a v\u00e1ltoz\u00f3 trendek \u00e9s divat miatt. A Theory az urb\u00e1nus \u00e9letst\u00edlust vezet\u0151 emberek sz\u00e1m\u00e1ra k\u00e9sz\u00fclt. Az eg\u00e9sz tervez\u00e9si \u00e9s gy\u00e1rt\u00e1si folyamat tudatos \u00e9s \u00e1tgondolt az elej\u00e9t\u0151l a v\u00e9g\u00e9ig. A m\u00e1rka kollekci\u00f3i n\u0151k \u00e9s f\u00e9rfiak sz\u00e1m\u00e1ra k\u00e9sz\u00fclt ruhadarabokat, valamint cip\u0151ket \u00e9s kieg\u00e9sz\u00edt\u0151ket tartalmaznak.<\/p>\r\n<p><\/p>","protected":false},"excerpt":{"rendered":"<p><span class=\"span-reading-time rt-reading-time\" style=\"display: block;\"><span class=\"rt-label rt-prefix\">Olvasd el, csak <\/span> <span class=\"rt-time\"> 3<\/span> <span class=\"rt-label rt-postfix\">perc<\/span><\/span>Amikor a modern eleganci\u00e1r\u00f3l \u00e9s a funkcion\u00e1lis luxusr\u00f3l van sz\u00f3, a Theory m\u00e1rka kiemelkedik a t\u00f6bbi divatm\u00e1rka k\u00f6z\u00fcl.<\/p>\n","protected":false},"author":35,"featured_media":16994,"comment_status":"closed","ping_status":"closed","sticky":false,"template":"","format":"standard","meta":{"footnotes":""},"categories":[686],"tags":[893,892,2286,939,2250,2285],"class_list":["post-16992","post","type-post","status-publish","format-standard","has-post-thumbnail","hentry","category-trendek","tag-answear-hu","tag-divat","tag-letisytult","tag-marka","tag-pramium","tag-theorz"],"_links":{"self":[{"href":"https:\/\/answear.hu\/blog\/wp-json\/wp\/v2\/posts\/16992","targetHints":{"allow":["GET"]}}],"collection":[{"href":"https:\/\/answear.hu\/blog\/wp-json\/wp\/v2\/posts"}],"about":[{"href":"https:\/\/answear.hu\/blog\/wp-json\/wp\/v2\/types\/post"}],"author":[{"embeddable":true,"href":"https:\/\/answear.hu\/blog\/wp-json\/wp\/v2\/users\/35"}],"replies":[{"embeddable":true,"href":"https:\/\/answear.hu\/blog\/wp-json\/wp\/v2\/comments?post=16992"}],"version-history":[{"count":5,"href":"https:\/\/answear.hu\/blog\/wp-json\/wp\/v2\/posts\/16992\/revisions"}],"predecessor-version":[{"id":17004,"href":"https:\/\/answear.hu\/blog\/wp-json\/wp\/v2\/posts\/16992\/revisions\/17004"}],"wp:featuredmedia":[{"embeddable":true,"href":"https:\/\/answear.hu\/blog\/wp-json\/wp\/v2\/media\/16994"}],"wp:attachment":[{"href":"https:\/\/answear.hu\/blog\/wp-json\/wp\/v2\/media?parent=16992"}],"wp:term":[{"taxonomy":"category","embeddable":true,"href":"https:\/\/answear.hu\/blog\/wp-json\/wp\/v2\/categories?post=16992"},{"taxonomy":"post_tag","embeddable":true,"href":"https:\/\/answear.hu\/blog\/wp-json\/wp\/v2\/tags?post=16992"}],"curies":[{"name":"wp","href":"https:\/\/api.w.org\/{rel}","templated":true}]}}