{"id":16969,"date":"2024-06-26T11:38:40","date_gmt":"2024-06-26T09:38:40","guid":{"rendered":"https:\/\/answear.hu\/blog\/?p=16969"},"modified":"2024-06-26T11:38:40","modified_gmt":"2024-06-26T09:38:40","slug":"we-are-one-sound-az-answear-lab-tovabb-irja-nokrol-szolo-tortenetet","status":"publish","type":"post","link":"https:\/\/answear.hu\/blog\/we-are-one-sound-az-answear-lab-tovabb-irja-nokrol-szolo-tortenetet\/16969","title":{"rendered":"We Are One Sound &#8211; az Answear.LAB tov\u00e1bb \u00edrja n\u0151kr\u0151l sz\u00f3l\u00f3 t\u00f6rt\u00e9net\u00e9t"},"content":{"rendered":"<span class=\"span-reading-time rt-reading-time\" style=\"display: block;\"><span class=\"rt-label rt-prefix\">Olvasd el, csak <\/span> <span class=\"rt-time\"> 3<\/span> <span class=\"rt-label rt-postfix\">perc<\/span><\/span><p>Indul a fesztiv\u00e1lszezon, amit az Answear.LAB a WE ARE ONE SOUND fesztiv\u00e1lkollekci\u00f3val k\u00f6sz\u00f6nt a szabads\u00e1g, a ny\u00e1r \u00e9s a felszabadult divat jegy\u00e9ben. A zene, \u00e9s kiv\u00e1ltk\u00e9pp az \u00e9l\u0151 zene var\u00e1zslatos k\u00e9pess\u00e9ge, hogy k\u00f6z\u00f6s \u00e9rz\u00e9sekkel, az \u00f6sszetartoz\u00e1s \u00e9lm\u00e9ny\u00e9vel aj\u00e1nd\u00e9koz meg benn\u00fcnket, a fesztiv\u00e1l pedig a szem\u00e9lyis\u00e9g, a szenved\u00e9ly \u00e9s a mer\u00e9szs\u00e9g kifejez\u00e9s\u00e9nek helye az \u00f6lt\u00f6zk\u00f6d\u00e9sben is. Ez az a hely, ahol b\u00e1tran k\u00eds\u00e9rletezhet\u00fcnk.<\/p>\n<p><!--more--><\/p>\n<p class=\"bigletter\">Az \u00faj kollekci\u00f3hoz ezek szellem\u00e9ben a vadnyugat nyers \u00e9s leny\u0171g\u00f6z\u0151 t\u00e1jai, valamint az \u00f3ce\u00e1n kett\u0151ss\u00e9ge, a vad energi\u00e1k \u00e9s a term\u00e9szetes nyugalom szolg\u00e1ltak inspir\u00e1ci\u00f3ul. A vadnyugati elemek, a b\u0151r, az ingek, motoros dzsekik, rojtok vagy cowboykalapok tengeri mot\u00edvumokkal vegy\u00fclnek: kagyl\u00f3form\u00e1kkal, hull\u00e1mokkal, hal\u00e1szh\u00e1l\u00f3kkal, fodrokkal, arany, ez\u00fcst, k\u00e9k \u00e9s f\u00e9mes \u00e1rnyalatokkal. V\u00e9g\u00fcl pedig a vadnyugat nyersess\u00e9g\u00e9nek \u00e9s az \u00f3ce\u00e1n v\u00e9gtelen tereinek kontrasztj\u00e1t az olyan tr\u00f3pusi elemek adj\u00e1k, mint az \u00e9l\u00e9nk vir\u00e1gmint\u00e1k. A kollekci\u00f3 Tenerif\u00e9n, a fot\u00f3z\u00e1s sor\u00e1n bontotta ki igazi arc\u00e1t.<\/p>\n\n\n<figure class=\"wp-block-image size-large\"><img loading=\"lazy\" decoding=\"async\" width=\"1259\" height=\"695\" src=\"https:\/\/answear.hu\/blog\/wp-content\/uploads\/2024\/06\/Inside-1259x695.png\" alt=\"\" class=\"wp-image-16978\" srcset=\"https:\/\/answear.hu\/blog\/wp-content\/uploads\/2024\/06\/Inside-1259x695.png 1259w, https:\/\/answear.hu\/blog\/wp-content\/uploads\/2024\/06\/Inside-768x424.png 768w, https:\/\/answear.hu\/blog\/wp-content\/uploads\/2024\/06\/Inside-1536x848.png 1536w, https:\/\/answear.hu\/blog\/wp-content\/uploads\/2024\/06\/Inside-2048x1131.png 2048w\" sizes=\"auto, (max-width: 1259px) 100vw, 1259px\" \/><\/figure>\n\n\n\n<p>A WE ARE ONE SOUND fesztiv\u00e1lkollekci\u00f3ban a divaton kereszt\u00fcl a helyek, gener\u00e1ci\u00f3k \u00e9s n\u0151k k\u00f6z\u00f6tti kreat\u00edv, \u00e9p\u00edt\u0151 p\u00e1rbesz\u00e9dr\u0151l mes\u00e9l\u00fcnk el egy t\u00f6rt\u00e9netet &#8211; mes\u00e9li Sylwia Jaskulska, a m\u00e1rka vezet\u0151 tervez\u0151je. A szimbolikus jelent\u00e9ssel b\u00edr\u00f3 sz\u00f6v\u00e9sek \u00e9s csipk\u00e9k a k\u00f6tel\u00e9keket \u00e9s kapcsolatokat jelk\u00e9pezik, a kontrasztos st\u00edluskombin\u00e1ci\u00f3k pedig azt bizony\u00edtj\u00e1k, hogy az ellent\u00e9tek milyen sz\u00e9pen tudj\u00e1k kieg\u00e9sz\u00edteni egym\u00e1st. Ez a kollekci\u00f3 egy s\u00f3haj a szabads\u00e1gr\u00f3l val\u00f3 elm\u00e9lked\u00e9sben, \u00e9s gondolkod\u00e1s az emberi kapcsolatokr\u00f3l. Oly sok minden elv\u00e1laszthat benn\u00fcnket, mik\u00f6zben oly sokat mer\u00edthet\u00fcnk egym\u00e1sb\u00f3l &#8211; hangs\u00falyozza.\u0171<\/p>\n\n\n\n<figure class=\"wp-block-image size-large\"><img loading=\"lazy\" decoding=\"async\" width=\"1259\" height=\"695\" src=\"https:\/\/answear.hu\/blog\/wp-content\/uploads\/2024\/06\/Inside_1-1-1259x695.png\" alt=\"\" class=\"wp-image-16979\" srcset=\"https:\/\/answear.hu\/blog\/wp-content\/uploads\/2024\/06\/Inside_1-1-1259x695.png 1259w, https:\/\/answear.hu\/blog\/wp-content\/uploads\/2024\/06\/Inside_1-1-768x424.png 768w, https:\/\/answear.hu\/blog\/wp-content\/uploads\/2024\/06\/Inside_1-1-1536x848.png 1536w, https:\/\/answear.hu\/blog\/wp-content\/uploads\/2024\/06\/Inside_1-1-2048x1131.png 2048w\" sizes=\"auto, (max-width: 1259px) 100vw, 1259px\" \/><\/figure>\n\n\n\n<p>Hiszen ezekben a k\u00fcl\u00f6nbs\u00e9gekben egyed\u00fcl\u00e1ll\u00f3 \u00e9rt\u00e9k rejlik. A szabads\u00e1g minden ember sz\u00e1m\u00e1ra m\u00e1st \u00e9s m\u00e1st jelent, m\u00e1sk\u00e9ppen \u00e9rtelmezhet\u0151. A kollekci\u00f3ban ez\u00e9rt j\u00f3l szabott ingruh\u00e1k, hal\u00e1szh\u00e1l\u00f3-hat\u00e1s\u00fa ruh\u00e1k, hossz\u00fa rojtokkal d\u00edsz\u00edtett bl\u00fazok \u00e9s b\u0151 maxi szokny\u00e1k szerepelnek. Egy sokoldal\u00fa pare\u00f3k\u00e9nt vagy fejkend\u0151k\u00e9nt is viselhet\u0151 s\u00e1l, vagy egy k\u00fcl\u00f6nb\u00f6z\u0151 st\u00edlusokhoz igazod\u00f3 bl\u00faz, a j\u00f3l kombin\u00e1lhat\u00f3 ruhat\u00e1r koncepci\u00f3j\u00e1t hangs\u00falyozz\u00e1k. A kollekci\u00f3 \u00f6r\u00f6mteli fesztiv\u00e1lhangulat\u00e1t az anyagok is t\u00fckr\u00f6zik \u2013 szezon\u00e1lis trendk\u00e9nt jelennek meg az \u00e1ttetsz\u0151 darabok \u00e9s m\u00e1s, l\u00e9gies anyagok, mint a pamut, a mod\u00e1l \u00e9s a viszk\u00f3z. Minden darab Lengyelorsz\u00e1gban k\u00e9sz\u00fclt, a b\u0151r term\u00e9kek pedig Leather Working Group tan\u00fas\u00edtv\u00e1nnyal rendelkeznek, ami garant\u00e1lja a legmagasabb min\u0151s\u00e9get.<\/p>\n\n\n\n<figure class=\"wp-block-image size-large\"><img loading=\"lazy\" decoding=\"async\" width=\"1259\" height=\"695\" src=\"https:\/\/answear.hu\/blog\/wp-content\/uploads\/2024\/06\/Inside_2-1259x695.png\" alt=\"\" class=\"wp-image-16980\" srcset=\"https:\/\/answear.hu\/blog\/wp-content\/uploads\/2024\/06\/Inside_2-1259x695.png 1259w, https:\/\/answear.hu\/blog\/wp-content\/uploads\/2024\/06\/Inside_2-768x424.png 768w, https:\/\/answear.hu\/blog\/wp-content\/uploads\/2024\/06\/Inside_2-1536x848.png 1536w, https:\/\/answear.hu\/blog\/wp-content\/uploads\/2024\/06\/Inside_2-2048x1131.png 2048w\" sizes=\"auto, (max-width: 1259px) 100vw, 1259px\" \/><\/figure>\n\n\n\n<p>A WE ARE ONE SOUND szellem\u00e9ben a tervez\u0151k nemcsak ruh\u00e1kat, hanem cip\u0151ket is \u00e1lmodtak: szand\u00e1lokat, r\u00f6vid cowboycsizm\u00e1kat vagy \u00e9pp papucscip\u0151ket, v\u00e9g\u00fcl pedig \u00e9kszerekkel tett\u00e9k teljess\u00e9 a kollekci\u00f3t. A term\u00e9szetes dr\u00e1gak\u00f6vekb\u0151l k\u00e9sz\u00fclt k\u00e9zm\u0171ves alkot\u00e1sok az \u00e9letenergi\u00e1kat vonultatj\u00e1k fel r\u00f3zsasz\u00edn turmalin, fekete hematit, arany pirit, feh\u00e9r korall \u00e9s z\u00f6ld amazonit form\u00e1j\u00e1ban. Megadjuk a ritmust, amihez a hangok m\u00e1r k\u00f6nnyen illeszthet\u0151k &#8211; mondja Agnieszka Pruchnik, az Answear.LAB m\u00e1rkaigazgat\u00f3ja &#8211; Szeretj\u00fck a zen\u00e9t \u00e9s mindazt, amit ad nek\u00fcnk, ahogy a meg\u00e9rt\u00e9sen \u00e9s tiszteleten alapul\u00f3 kapcsolatokat is. Azokat, amik ny\u00edlt, b\u00e1tor p\u00e1rbesz\u00e9ddel, a m\u00e1sik v\u00e1laszt\u00e1s\u00e1nak tiszteletben tart\u00e1s\u00e1val, t\u00e1rsadalmi vagy gener\u00e1ci\u00f3s k\u00fcl\u00f6nbs\u00e9gekt\u0151l f\u00fcggetlen\u00fcl \u00e9p\u00fclnek \u00e9s sz\u00f6v\u0151dnek. A WE ARE ONE SOUND erre rezon\u00e1l. Elfogadjuk \u00e9s kiemelj\u00fck a soksz\u00edn\u0171s\u00e9get. Megadjuk v\u00e1s\u00e1rl\u00f3inknak a v\u00e1laszt\u00e1s szabads\u00e1g\u00e1t, b\u00e1tor\u00edtjuk a k\u00eds\u00e9rletez\u00e9st,\u00a0 kiemelj\u00fck saj\u00e1t st\u00edlusukat<\/p>\n\n\n\n<figure class=\"wp-block-image size-large\"><img loading=\"lazy\" decoding=\"async\" width=\"1042\" height=\"695\" src=\"https:\/\/answear.hu\/blog\/wp-content\/uploads\/2024\/06\/Inside_3-1042x695.jpg\" alt=\"\" class=\"wp-image-16982\" srcset=\"https:\/\/answear.hu\/blog\/wp-content\/uploads\/2024\/06\/Inside_3-1042x695.jpg 1042w, https:\/\/answear.hu\/blog\/wp-content\/uploads\/2024\/06\/Inside_3-768x512.jpg 768w, https:\/\/answear.hu\/blog\/wp-content\/uploads\/2024\/06\/Inside_3-1536x1024.jpg 1536w, https:\/\/answear.hu\/blog\/wp-content\/uploads\/2024\/06\/Inside_3-2048x1366.jpg 2048w, https:\/\/answear.hu\/blog\/wp-content\/uploads\/2024\/06\/Inside_3-272x182.jpg 272w\" sizes=\"auto, (max-width: 1042px) 100vw, 1042px\" \/><\/figure>\n","protected":false},"excerpt":{"rendered":"<p><span class=\"span-reading-time rt-reading-time\" style=\"display: block;\"><span class=\"rt-label rt-prefix\">Olvasd el, csak <\/span> <span class=\"rt-time\"> 3<\/span> <span class=\"rt-label rt-postfix\">perc<\/span><\/span>Indul a fesztiv\u00e1lszezon, amit az Answear.LAB a WE ARE ONE SOUND fesztiv\u00e1lkollekci\u00f3val k\u00f6sz\u00f6nt a szabads\u00e1g, a ny\u00e1r \u00e9s a felszabadult divat jegy\u00e9ben. A zene, \u00e9s kiv\u00e1ltk\u00e9pp az \u00e9l\u0151 zene var\u00e1zslatos k\u00e9pess\u00e9ge, hogy k\u00f6z\u00f6s \u00e9rz\u00e9sekkel, az \u00f6sszetartoz\u00e1s \u00e9lm\u00e9ny\u00e9vel aj\u00e1nd\u00e9koz meg benn\u00fcnket, a fesztiv\u00e1l pedig a szem\u00e9lyis\u00e9g, a szenved\u00e9ly \u00e9s a mer\u00e9szs\u00e9g kifejez\u00e9s\u00e9nek helye az \u00f6lt\u00f6zk\u00f6d\u00e9sben is. &hellip; <a href=\"https:\/\/answear.hu\/blog\/we-are-one-sound-az-answear-lab-tovabb-irja-nokrol-szolo-tortenetet\/16969\" class=\"more-link\"><span class=\"screen-reader-text\">We Are One Sound &#8211; az Answear.LAB tov\u00e1bb \u00edrja n\u0151kr\u0151l sz\u00f3l\u00f3 t\u00f6rt\u00e9net\u00e9t<\/span> r\u00e9szletei&#8230;<\/a><\/p>\n","protected":false},"author":35,"featured_media":16970,"comment_status":"closed","ping_status":"closed","sticky":false,"template":"","format":"standard","meta":{"footnotes":""},"categories":[889],"tags":[1863,893,919,1812,1982,2281],"class_list":["post-16969","post","type-post","status-publish","format-standard","has-post-thumbnail","hentry","category-answear-lab","tag-answear-lab","tag-answear-hu","tag-fesztival","tag-kollekcio","tag-limitalt","tag-we-are-one-sound"],"_links":{"self":[{"href":"https:\/\/answear.hu\/blog\/wp-json\/wp\/v2\/posts\/16969","targetHints":{"allow":["GET"]}}],"collection":[{"href":"https:\/\/answear.hu\/blog\/wp-json\/wp\/v2\/posts"}],"about":[{"href":"https:\/\/answear.hu\/blog\/wp-json\/wp\/v2\/types\/post"}],"author":[{"embeddable":true,"href":"https:\/\/answear.hu\/blog\/wp-json\/wp\/v2\/users\/35"}],"replies":[{"embeddable":true,"href":"https:\/\/answear.hu\/blog\/wp-json\/wp\/v2\/comments?post=16969"}],"version-history":[{"count":8,"href":"https:\/\/answear.hu\/blog\/wp-json\/wp\/v2\/posts\/16969\/revisions"}],"predecessor-version":[{"id":16983,"href":"https:\/\/answear.hu\/blog\/wp-json\/wp\/v2\/posts\/16969\/revisions\/16983"}],"wp:featuredmedia":[{"embeddable":true,"href":"https:\/\/answear.hu\/blog\/wp-json\/wp\/v2\/media\/16970"}],"wp:attachment":[{"href":"https:\/\/answear.hu\/blog\/wp-json\/wp\/v2\/media?parent=16969"}],"wp:term":[{"taxonomy":"category","embeddable":true,"href":"https:\/\/answear.hu\/blog\/wp-json\/wp\/v2\/categories?post=16969"},{"taxonomy":"post_tag","embeddable":true,"href":"https:\/\/answear.hu\/blog\/wp-json\/wp\/v2\/tags?post=16969"}],"curies":[{"name":"wp","href":"https:\/\/api.w.org\/{rel}","templated":true}]}}