{"id":16771,"date":"2024-03-20T12:03:48","date_gmt":"2024-03-20T11:03:48","guid":{"rendered":"https:\/\/answear.hu\/blog\/?p=16771"},"modified":"2024-03-20T12:04:21","modified_gmt":"2024-03-20T11:04:21","slug":"kapszulagardrob-hogyan-valtoztathatja-meg-a-minimalista-divat-a-stilusodat","status":"publish","type":"post","link":"https:\/\/answear.hu\/blog\/kapszulagardrob-hogyan-valtoztathatja-meg-a-minimalista-divat-a-stilusodat\/16771","title":{"rendered":"Kapszulagardr\u00f3b &#8211; hogyan v\u00e1ltoztathatja meg a minimalista divat a st\u00edlusodat?"},"content":{"rendered":"<span class=\"span-reading-time rt-reading-time\" style=\"display: block;\"><span class=\"rt-label rt-prefix\">Olvasd el, csak <\/span> <span class=\"rt-time\"> 3<\/span> <span class=\"rt-label rt-postfix\">perc<\/span><\/span><p><strong>\u00c9rdekel a divat, \u00e9s tal\u00e1lkozt\u00e1l m\u00e1r a kapszulagardr\u00f3b kifejez\u00e9ssel? Mit jelent ez pontosan? Olvass tov\u00e1bb hogy cikk\u00fcnkb\u0151l megtudd, mi az a kapszulagardr\u00f3b, hogyan hozhatsz l\u00e9tre egyet, \u00e9s milyen ruhadarabokat szerezz be hozz\u00e1.<\/strong><!--more--><\/p>\n<h2>Kapszulagardr\u00f3b &#8211; alapelvek \u00e9s el\u0151ny\u00f6k<\/h2>\n<p class=\"bigletter\">Miel\u0151tt megismern\u00e9d a r\u00e9szleteket, szeretn\u00e9nk bemutatni a kapszulagardr\u00f3b koncepci\u00f3j\u00e1t. Mi is ez pontosan? Az \u00f6tlet egy\u00e1ltal\u00e1n nem \u00faj, hiszen t\u00f6bb mint 50 \u00e9ve sz\u00fcletett meg Susie Faux, a londoni Wardrobe nev\u0171 butik tulajdonos\u00e1nak fej\u00e9ben. Susie Faux \u00fagy gondolta, hogy a n\u0151k t\u00fal sok ruh\u00e1t v\u00e1s\u00e1rolnak, m\u00e9gis panaszkodnak, hogy nincs mit felvenni\u00fck. Elterjesztette a minimalista gardr\u00f3b koncepci\u00f3j\u00e1t, ahol a h\u00f6lgyeknek csak n\u00e9h\u00e1ny alapdarabjuk van, \u00e9s ezekb\u0151l \u00a0teremtenek mindennapos megjelen\u00e9seket. A kapszulagardr\u00f3b \u00f6tlet\u00e9t k\u00e9s\u0151bb Donna Karan divattervez\u0151 is felhaszn\u00e1lta, neki k\u00f6sz\u00f6nhet\u0151en v\u00e1lt n\u00e9pszer\u0171v\u00e9 ez a koncepci\u00f3 az eg\u00e9sz vil\u00e1gon.<\/p>\n<p>A kapszulagardr\u00f3b nem m\u00e1s, mint a legn\u00e9lk\u00fcl\u00f6zhetetlenebb ruh\u00e1k \u00e9s kieg\u00e9sz\u00edt\u0151k gy\u0171jtem\u00e9nye, mint p\u00e9ld\u00e1ul a n\u0151i t\u00e1sk\u00e1k vagy \u00e9kszerek, melyek k\u00fcl\u00f6nb\u00f6z\u0151 kombin\u00e1ci\u00f3kban sokoldal\u00fa szettet alkotnak munk\u00e1hoz, mindennapi viselethez vagy k\u00fcl\u00f6nleges alkalmakhoz. Az alapelv az, hogy a n\u0151i gardr\u00f3b nem kell, hogy dugig legyen, mind\u00f6ssze egy-k\u00e9t sz\u0171k farmerre, n\u00e9h\u00e1ny bl\u00fazra, kab\u00e1tra vagy pul\u00f3verre van sz\u00fcks\u00e9g.<\/p>\n<p>Mi az el\u0151nye a kapszulagardr\u00f3bnak? El\u0151sz\u00f6r is, helyet takar\u00edt meg. Nem kell sok hely egy kapszulagardr\u00f3b l\u00e9trehoz\u00e1s\u00e1hoz, el\u00e9g egy kisebb szekr\u00e9ny hozz\u00e1, n\u00e9h\u00e1ny fogas \u00e9s polc. Ahelyett, hogy tucatnyi nadr\u00e1got v\u00e1s\u00e1roln\u00e1l, amit nem viselsz, ink\u00e1bb egy j\u00f3l szabott \u00e9s j\u00f3l illeszked\u0151 n\u0151i farmerbe vagy textilnadr\u00e1gba fektess be. Ezek a darabok hossz\u00fa \u00e9veken \u00e1t veled maradnak.<\/p>\n<p><img loading=\"lazy\" decoding=\"async\" class=\"alignnone size-medium wp-image-16772\" src=\"https:\/\/answear.hu\/blog\/wp-content\/uploads\/2024\/03\/inside-1291x695.png\" alt=\"\" width=\"1291\" height=\"695\" srcset=\"https:\/\/answear.hu\/blog\/wp-content\/uploads\/2024\/03\/inside-1291x695.png 1291w, https:\/\/answear.hu\/blog\/wp-content\/uploads\/2024\/03\/inside-768x414.png 768w, https:\/\/answear.hu\/blog\/wp-content\/uploads\/2024\/03\/inside-1536x827.png 1536w, https:\/\/answear.hu\/blog\/wp-content\/uploads\/2024\/03\/inside-2048x1103.png 2048w\" sizes=\"auto, (max-width: 1291px) 100vw, 1291px\" \/><\/p>\n<h2>Hogyan hozz l\u00e9tre egy kapszulagardr\u00f3bot? Gyakorlati \u00fatmutat\u00f3<\/h2>\n<p>Szeretn\u00e9nk megk\u00f6nny\u00edteni sz\u00e1modra a kapszulagardr\u00f3b \u00f6ssze\u00e1ll\u00edt\u00e1s\u00e1t, mert j\u00f3l tudjuk, hogy ez manaps\u00e1g neh\u00e9z feladat lehet. El\u0151sz\u00f6r is, egy kapszulagardr\u00f3bban legfeljebb 50 k\u00fcl\u00f6nb\u00f6z\u0151 ruhadarabnak kellene lennie. Term\u00e9szetesen a benne l\u00e9v\u0151 elemeknek az egy\u00e9ni \u00edzl\u00e9sedhez \u00e9s ig\u00e9nyeidhez kell igazodniuk. P\u00e9ld\u00e1ul, ha ink\u00e1bb ruh\u00e1kat \u00e9s szokny\u00e1kat szeretsz viselni, akkor ilyen term\u00e9keket szerezz be. Kezdd a kapszulagardr\u00f3b l\u00e9trehoz\u00e1s\u00e1t az ruh\u00e1id \u00e1ltal\u00e1nos rendbet\u00e9tel\u00e9vel. Dobd ki vagy aj\u00e1nd\u00e9kozd el azokat a ruh\u00e1kat, amik t\u00fal nagyok, t\u00fal kicsik, \u00e9s azokat, amiket \u00e9vek \u00f3ta nem vett\u00e9l fel. A k\u00f6vetkez\u0151 l\u00e9p\u00e9sben gondolkodj el azon, hogy mire van sz\u00fcks\u00e9ged. Ne felejtsd el, hogy a kapszulagardr\u00f3bban l\u00e9v\u0151 elemeknek a lehet\u0151 legjobb min\u0151s\u00e9g\u0171eknek kell lenni\u00fck. V\u00e1lassz term\u00e9szetes anyagokat &#8211; len, pamut vagy selyem -, \u00e9s v\u00e1laszt\u00e1saidban legy\u00e9l k\u00f6vetkezetes, mind a sz\u00ednek, mind a st\u00edlusok tekintet\u00e9ben. Maximum \u00f6t \u00e1rnyalat keveredjen a kapszulagardr\u00f3bodban. Fontold meg azt is, hogy milyen szab\u00e1s vagy fazon emelik ki az alakodat, \u00e9s miket kellene ker\u00fcln\u00f6d.<\/p>\n<h2>A kapszulagardr\u00f3bod elemei &#8211; a minimalista gardr\u00f3b elengedhetetlen darabjai<\/h2>\n<p>M\u00e1r tudod, mi az a kapszulagardr\u00f3b, azonban a lista nem minden n\u0151 sz\u00e1m\u00e1ra ugyanaz, sok befoly\u00e1sol\u00f3 t\u00e9nyez\u0151je van, pl. f\u00fcgg az egy\u00e9ni st\u00edlusodt\u00f3l vagy att\u00f3l, hogy ink\u00e1bb a k\u00e9nyelmes, az \u00fczleti vagy a sportos megjelen\u00e9st r\u00e9szes\u00edted el\u0151nyben. \u00d6ssze\u00e1ll\u00edtottunk egy olyan list\u00e1t, ami ruh\u00e1kat \u00e9s kieg\u00e9sz\u00edt\u0151ket tartalmaz \u00e9s remek v\u00e1laszt\u00e1snak bizonyulhatnak a minimalista kapszulagardr\u00f3bban.<\/p>\n<p>3-4 f\u00e9le ruha \u0151szre \u00e9s t\u00e9lre,<\/p>\n<p>3-4 f\u00e9le ruha tavaszra \u00e9s ny\u00e1rra,<\/p>\n<p>1 alkalmi ruha,<\/p>\n<p>1 sportos leggings,<\/p>\n<p>2 p\u00e1r j\u00f3l szabott farmer (egy vil\u00e1gosabb \u00e9s egy s\u00f6t\u00e9tebb),<\/p>\n<p>2 bl\u00faz,<\/p>\n<p>2 szoknya ny\u00e1rra \u00e9s 2 szoknya t\u00e9lre,<\/p>\n<p>tavaszi kab\u00e1t,<\/p>\n<p>\u0151szi kab\u00e1t,<\/p>\n<p>t\u00e9li kab\u00e1t,<\/p>\n<p>es\u0151kab\u00e1t,<\/p>\n<p>1 feh\u00e9r ing,<\/p>\n<p>3 pul\u00f3ver (k\u00f6zt\u00fck egy kardig\u00e1n),<\/p>\n<p>4 klasszikus p\u00f3l\u00f3,<\/p>\n<p>2 ujjatlan fels\u0151,<\/p>\n<p>4 ing (kett\u0151 r\u00f6vid \u00e9s kett\u0151 hossz\u00fa ujj\u00fa).<\/p>\n<p>Term\u00e9szetesen szabadon m\u00f3dos\u00edthatod ezt a list\u00e1t az \u00edzl\u00e9sed szerint. Ha nem hordasz bl\u00fazokat, cser\u00e9lheted \u0151ket t\u00f6bb p\u00f3l\u00f3ra vagy ford\u00edtva.<\/p>\n<h2>Egy kapszulagardr\u00f3b &#8211; p\u00e9ld\u00e1k \u00e9s inspir\u00e1ci\u00f3<\/h2>\n<p>Most m\u00e1r tudod, minek kell szerepelnie egy kapszulagardr\u00f3bban, sz\u00f3val itt az ideje megmutatni, hogyan kombin\u00e1ld \u00f6ssze a fent eml\u00edtett ruh\u00e1kat. Ha h\u00e9tk\u00f6znapi megjelen\u00e9st szeretn\u00e9l, p\u00e9ld\u00e1ul v\u00e1s\u00e1rl\u00e1sra vagy bar\u00e1tokkal val\u00f3 kikapcsol\u00f3d\u00e1sra, v\u00e1lassz egy klasszikus feh\u00e9r p\u00f3l\u00f3t, k\u00e9k farmert \u00e9s k\u00e9nyelmes cip\u0151t.<\/p>\n<p>Az eleg\u00e1ns nadr\u00e1g, pl. feh\u00e9r bl\u00fazzal \u00e9s magassark\u00faval ide\u00e1lisak munk\u00e1hoz, \u00fczleti tal\u00e1lkoz\u00f3khoz vagy eb\u00e9dhez \u00fczleti partnerekkel. Az esti megjelen\u00e9s egy eleg\u00e1ns \u00e9s id\u0151tlen kis fekete ruh\u00e1b\u00f3l \u00e1llhat. Eg\u00e9sz\u00edtsd ki a megjelen\u00e9st minimalist arany vagy ez\u00fcst \u00e9kszerekkel \u00e9s term\u00e9szetesen egy k\u00e9zit\u00e1sk\u00e1val.<\/p>\n<p class=\"kropka\">Manaps\u00e1g egyre t\u00f6bb divatszakember \u00e9s influenszer n\u00e9pszer\u0171s\u00edti a kapszulagardr\u00f3b l\u00e9trehoz\u00e1s\u00e1t. Inspir\u00e1l\u00f3dj t\u0151l\u00fck te is!<\/p>\n","protected":false},"excerpt":{"rendered":"<p><span class=\"span-reading-time rt-reading-time\" style=\"display: block;\"><span class=\"rt-label rt-prefix\">Olvasd el, csak <\/span> <span class=\"rt-time\"> 3<\/span> <span class=\"rt-label rt-postfix\">perc<\/span><\/span>\u00c9rdekel a divat, \u00e9s tal\u00e1lkozt\u00e1l m\u00e1r a kapszulagardr\u00f3b kifejez\u00e9ssel? Mit jelent ez pontosan? Olvass tov\u00e1bb hogy cikk\u00fcnkb\u0151l megtudd, mi az a kapszulagardr\u00f3b, hogyan hozhatsz l\u00e9tre egyet, \u00e9s milyen ruhadarabokat szerezz be hozz\u00e1.<\/p>\n","protected":false},"author":35,"featured_media":16773,"comment_status":"closed","ping_status":"closed","sticky":false,"template":"","format":"standard","meta":{"footnotes":""},"categories":[686],"tags":[892,2234,2262,1812,2263,1133],"class_list":["post-16771","post","type-post","status-publish","format-standard","has-post-thumbnail","hentry","category-trendek","tag-divat","tag-gardrob","tag-kapszulagardrob","tag-kollekcio","tag-minimalista","tag-ruha"],"_links":{"self":[{"href":"https:\/\/answear.hu\/blog\/wp-json\/wp\/v2\/posts\/16771","targetHints":{"allow":["GET"]}}],"collection":[{"href":"https:\/\/answear.hu\/blog\/wp-json\/wp\/v2\/posts"}],"about":[{"href":"https:\/\/answear.hu\/blog\/wp-json\/wp\/v2\/types\/post"}],"author":[{"embeddable":true,"href":"https:\/\/answear.hu\/blog\/wp-json\/wp\/v2\/users\/35"}],"replies":[{"embeddable":true,"href":"https:\/\/answear.hu\/blog\/wp-json\/wp\/v2\/comments?post=16771"}],"version-history":[{"count":14,"href":"https:\/\/answear.hu\/blog\/wp-json\/wp\/v2\/posts\/16771\/revisions"}],"predecessor-version":[{"id":16787,"href":"https:\/\/answear.hu\/blog\/wp-json\/wp\/v2\/posts\/16771\/revisions\/16787"}],"wp:featuredmedia":[{"embeddable":true,"href":"https:\/\/answear.hu\/blog\/wp-json\/wp\/v2\/media\/16773"}],"wp:attachment":[{"href":"https:\/\/answear.hu\/blog\/wp-json\/wp\/v2\/media?parent=16771"}],"wp:term":[{"taxonomy":"category","embeddable":true,"href":"https:\/\/answear.hu\/blog\/wp-json\/wp\/v2\/categories?post=16771"},{"taxonomy":"post_tag","embeddable":true,"href":"https:\/\/answear.hu\/blog\/wp-json\/wp\/v2\/tags?post=16771"}],"curies":[{"name":"wp","href":"https:\/\/api.w.org\/{rel}","templated":true}]}}