{"id":16677,"date":"2023-12-11T16:05:31","date_gmt":"2023-12-11T15:05:31","guid":{"rendered":"https:\/\/answear.hu\/blog\/?p=16677"},"modified":"2023-12-11T16:05:31","modified_gmt":"2023-12-11T15:05:31","slug":"a-szinek-ereje-tudatos-oltozkodes-nem-kis-feketeben","status":"publish","type":"post","link":"https:\/\/answear.hu\/blog\/a-szinek-ereje-tudatos-oltozkodes-nem-kis-feketeben\/16677","title":{"rendered":"A sz\u00ednek ereje: tudatos \u00f6lt\u00f6zk\u00f6d\u00e9s &#8211; nem \u201ekis feket\u00e9ben\u201d"},"content":{"rendered":"<span class=\"span-reading-time rt-reading-time\" style=\"display: block;\"><span class=\"rt-label rt-prefix\">Olvasd el, csak <\/span> <span class=\"rt-time\"> 5<\/span> <span class=\"rt-label rt-postfix\">perc<\/span><\/span><p><strong> B\u00e1r az adventi id\u0151szakban a kar\u00e1csonyi f\u00e9nyek feldobj\u00e1k sz\u00fcrkes\u00e9get, az utcak\u00e9p m\u00e9g \u00edgy sem t\u00fal sz\u00ednes. Ha elkezden\u00e9nk \u00f6sszesz\u00e1molni, mennyien hordanak fekete t\u00e9likab\u00e1tot, val\u00f3sz\u00edn\u0171leg el\u00e9g magas lenne az ar\u00e1ny. Alapvet\u0151en kevesen mernek sz\u00ednek ut\u00e1n ny\u00falni, aminek lelki okai is lehetnek, \u00e9s persze azzal sem sokan vannak tiszt\u00e1ban, mi az, ami igaz\u00e1n passzol hozz\u00e1juk. Ilyenkor pedig marad a biztons\u00e1gi j\u00e1t\u00e9k: a fekete. Na, de a fekete egy\u00e1ltal\u00e1n mindenkinek j\u00f3l \u00e1ll?<\/strong><!--more--><\/p>\r\n\r\n<p><img loading=\"lazy\" decoding=\"async\" class=\"size-full wp-image-16613 alignleft\" src=\"https:\/\/answear.hu\/blog\/wp-content\/uploads\/2023\/11\/MicrosoftTeams-image-4-1.jpg\" alt=\"\" width=\"150\" height=\"190\" \/>\u00a0<span style=\"font-size: 12pt;\">A Ruhastory c. YouTube csatorna \u00e9s Instagram oldal alap\u00edt\u00f3ja, tartalomgy\u00e1rt\u00f3ja vagyok. Telev\u00edzi\u00f3s f\u0151szerkeszt\u0151i munk\u00e1m mellett 2017-ben elv\u00e9geztem a MOME Design- \u00e9s M\u0171v\u00e9szetmenedzsment mesterszak\u00e1t, ahol szakdolgozatom a fenntarthat\u00f3 divat t\u00e9m\u00e1j\u00e1b\u00f3l \u00edrtam. 4 \u00e9ve \u00fatj\u00e1ra ind\u00edtottam a\u00a0\u00a0sorozatom, amelyben ismert emberek gardr\u00f3bj\u00e1ba \u00e9s magyar tervez\u0151k m\u0171helyeibe, showroom-jaiba n\u00e9zek be.<\/span> \u00a0<\/p>\r\n<p>&nbsp;<\/p>\r\n<p>\u201eNem, dehogy! S\u0151t, kevesebb embernek \u00e1ll j\u00f3l \u00f6nmag\u00e1ban, mint amennyinek igen\u201d \u2013 kezdi a besz\u00e9lget\u00e9s\u00fcnket G\u00f3zon Eszter sz\u00edn- \u00e9s alkatelemz\u0151, az Instagram profilja szerint @thelesswastestylist , aki ahogy a n\u00e9v is mutatja, igyekszik a lehet\u0151 legfenntarthat\u00f3bb tan\u00e1csokkal ell\u00e1tni azokat, akik hozz\u00e1 fordulnak. \u201eNeh\u00e9z k\u00e9rd\u00e9s a t\u00e9li \u00f6lt\u00f6zk\u00f6d\u00e9s, mert hi\u00e1ba ismeri valaki a sz\u00ednt\u00edpus\u00e1t, \u00e9s hi\u00e1ba tudja, hogy neki nem \u00e1ll j\u00f3l a fekete, nem k\u00f6nnyen tal\u00e1l mag\u00e1nak megfelel\u0151 sz\u00edn\u0171 kab\u00e1tot. Egy\u00e9bk\u00e9nt is hajlamosabbak vagyunk a s\u00f6t\u00e9tebb, t\u00f6rtebb sz\u00ednek ut\u00e1n ny\u00falni ilyenkor, mert a sz\u00edn\u00e9rz\u00e9kel\u00e9s\u00fcnk is megv\u00e1ltozik puszt\u00e1n att\u00f3l, hogy sz\u00fcrkes\u00e9g van k\u00f6r\u00fcl\u00f6tt\u00fcnk, hogy m\u00e1sok a f\u00e9nyviszonyok. \u00c9s sajnos a gy\u00e1rt\u00f3k sem halmoznak el minket ilyenkor sz\u00ednekkel. De az\u00e9rt \u00e9rdemes keresg\u00e9lni.\u201d<\/p>\r\n<p>\u201eNeh\u00e9z k\u00e9rd\u00e9s a t\u00e9li \u00f6lt\u00f6zk\u00f6d\u00e9s, mert hi\u00e1ba ismeri valaki a sz\u00ednt\u00edpus\u00e1t, \u00e9s hi\u00e1ba tudja, hogy neki nem \u00e1ll j\u00f3l a fekete, nem k\u00f6nnyen tal\u00e1l mag\u00e1nak megfelel\u0151 sz\u00edn\u0171 kab\u00e1tot. Egy\u00e9bk\u00e9nt is hajlamosabbak vagyunk a s\u00f6t\u00e9tebb, t\u00f6rtebb sz\u00ednek ut\u00e1n ny\u00falni ilyenkor, mert a sz\u00edn\u00e9rz\u00e9kel\u00e9s\u00fcnk is megv\u00e1ltozik puszt\u00e1n att\u00f3l, hogy sz\u00fcrkes\u00e9g van k\u00f6r\u00fcl\u00f6tt\u00fcnk, hogy m\u00e1sok a f\u00e9nyviszonyok. \u00c9s sajnos a gy\u00e1rt\u00f3k sem halmoznak el minket ilyenkor sz\u00ednekkel. De az\u00e9rt \u00e9rdemes keresg\u00e9lni.\u201d<\/p>\r\n<p>&nbsp;<\/p>\r\n\r\n\r\n\r\n<figure class=\"wp-block-gallery has-nested-images columns-default is-cropped wp-block-gallery-1 is-layout-flex wp-block-gallery-is-layout-flex\">\r\n<figure class=\"wp-block-image size-large\"><img loading=\"lazy\" decoding=\"async\" width=\"464\" height=\"695\" class=\"wp-image-16684\" src=\"https:\/\/answear.hu\/blog\/wp-content\/uploads\/2023\/12\/Csoboth-Edina-thelesswastestylist-Gozon-Eszter-2-1-464x695.jpg\" alt=\"\" srcset=\"https:\/\/answear.hu\/blog\/wp-content\/uploads\/2023\/12\/Csoboth-Edina-thelesswastestylist-Gozon-Eszter-2-1-464x695.jpg 464w, https:\/\/answear.hu\/blog\/wp-content\/uploads\/2023\/12\/Csoboth-Edina-thelesswastestylist-Gozon-Eszter-2-1-768x1151.jpg 768w, https:\/\/answear.hu\/blog\/wp-content\/uploads\/2023\/12\/Csoboth-Edina-thelesswastestylist-Gozon-Eszter-2-1-1025x1536.jpg 1025w, https:\/\/answear.hu\/blog\/wp-content\/uploads\/2023\/12\/Csoboth-Edina-thelesswastestylist-Gozon-Eszter-2-1-1367x2048.jpg 1367w, https:\/\/answear.hu\/blog\/wp-content\/uploads\/2023\/12\/Csoboth-Edina-thelesswastestylist-Gozon-Eszter-2-1.jpg 1602w\" sizes=\"auto, (max-width: 464px) 100vw, 464px\" \/><\/figure>\r\n<figure class=\"wp-block-image size-large\"><img loading=\"lazy\" decoding=\"async\" width=\"464\" height=\"695\" class=\"wp-image-16685\" src=\"https:\/\/answear.hu\/blog\/wp-content\/uploads\/2023\/12\/Csoboth-Edina-thelesswastestylist-Gozon-Eszter-1-464x695.jpg\" alt=\"\" srcset=\"https:\/\/answear.hu\/blog\/wp-content\/uploads\/2023\/12\/Csoboth-Edina-thelesswastestylist-Gozon-Eszter-1-464x695.jpg 464w, https:\/\/answear.hu\/blog\/wp-content\/uploads\/2023\/12\/Csoboth-Edina-thelesswastestylist-Gozon-Eszter-1-768x1151.jpg 768w, https:\/\/answear.hu\/blog\/wp-content\/uploads\/2023\/12\/Csoboth-Edina-thelesswastestylist-Gozon-Eszter-1-1025x1536.jpg 1025w, https:\/\/answear.hu\/blog\/wp-content\/uploads\/2023\/12\/Csoboth-Edina-thelesswastestylist-Gozon-Eszter-1-1367x2048.jpg 1367w, https:\/\/answear.hu\/blog\/wp-content\/uploads\/2023\/12\/Csoboth-Edina-thelesswastestylist-Gozon-Eszter-1.jpg 1602w\" sizes=\"auto, (max-width: 464px) 100vw, 464px\" \/><\/figure>\r\n<\/figure>\r\n<p>&nbsp;<\/p>\r\n<h2>Tudatos v\u00e1laszt\u00e1s<\/h2>\r\n\r\n\r\n\r\n<p class=\"MsoNormal\"><span lang=\"HU\">Az ut\u00f3bbi id\u0151ben egyre t\u00f6bbet hallunk a sz\u00edntan\u00e1csad\u00e1sr\u00f3l, ha pedig fenntarthat\u00f3bb \u00f6lt\u00f6zk\u00f6d\u00e9sr\u0151l besz\u00e9l\u00fcnk, \u00e9rdemes tudnunk, mi \u00e1ll j\u00f3l nek\u00fcnk. Vannak darabok, amelyek csak szomor\u00faan l\u00f3gnak a v\u00e1llf\u00e1kr\u00f3l a szekr\u00e9ny\u00fcnkben, \u00e9s nehezen tudjuk megfogalmazni, mi a baj vel\u00fck. Nos, ezekr\u0151l gyakran kider\u00fcl, hogy nem a mi sz\u00ednt\u00edpusunknak megfelel\u0151ek, \u00e9s eg\u00e9sz egyszer\u0171en ez\u00e9rt nem ny\u00falunk ut\u00e1nuk olyan gyakran. Vagy \u00e9pp soha.<\/span><\/p>\r\n<p class=\"MsoNormal\"><span lang=\"HU\">\u201eA sz\u00edntan\u00e1csad\u00e1s sor\u00e1n azt n\u00e9zz\u00fck meg, hogy az emberek alapvet\u0151 b\u0151rsz\u00edn\u00e9hez, az arcuk, a hajuk, a szem\u00f6ld\u00f6k\u00fck, a szem\u00fck kontraszt\u00e9rt\u00e9k\u00e9hez, b\u0151rt\u00f3nus\u00e1hoz milyen \u00e1rnyalatok illenek legink\u00e1bb. Ha valaki nincs kisminkelve, akkor melyek azok a sz\u00ednek, amikt\u0151l frissebbnek, fiatalosabbnak, harmonikusabbnak t\u0171nik a megjelen\u00e9se.\u201dEz ut\u00f3bbi mondatn\u00e1l nyilv\u00e1n felcsillan a szemem. Teh\u00e1t ez azt jelenti, hogy p\u00e9ld\u00e1ul egy olyan \u00e9jszaka ut\u00e1n, amikor egy kisgyerekes anyuka csak 4 \u00f3r\u00e1t alszik (mint \u00e9n, el\u0151z\u0151 \u00e9jjel), akkor egy j\u00f3 sz\u00ednnel ezt lehet leplezni?<\/span><\/p>\r\n<p class=\"MsoNormal\"><span lang=\"HU\">\u201ePersze, ak\u00e1r betegs\u00e9get is!\u201d \u2013 v\u00e1gja r\u00e1 Eszter. \u201eAmikor a sz\u00ednt\u00edpusom sz\u00edneit viselem, akkor nekem rendszeresen azt sem hiszik el, hogy l\u00e1zas vagyok. A vend\u00e9geim mindig meglep\u0151dnek azon, mekkora v\u00e1ltoz\u00e1sokat tud hozni az arcon az, hogy milyen sz\u00ednek ker\u00fclnek mell\u00e9.\u201dEbb\u0151l pedig az is k\u00f6vetkezik, hogy ha nekem nem \u00e1ll j\u00f3l a fekete, att\u00f3l m\u00e9g felvehetek egy ilyen sz\u00edn\u0171 nadr\u00e1got, hisz t\u00e1volabb van az arcomt\u00f3l. S\u0151t, Eszter szerint tulajdonk\u00e9ppen a fekete kab\u00e1ttal sincs semmi gond. <\/span><\/p>\r\n<p>\r\n\r\n<\/p>\r\n<p><img loading=\"lazy\" decoding=\"async\" class=\"alignnone size-medium wp-image-16687\" src=\"https:\/\/answear.hu\/blog\/wp-content\/uploads\/2023\/12\/Czukor-Zoltan-thelesswastestylist-Gozon-Eszter-2-463x695.jpg\" alt=\"\" width=\"463\" height=\"695\" srcset=\"https:\/\/answear.hu\/blog\/wp-content\/uploads\/2023\/12\/Czukor-Zoltan-thelesswastestylist-Gozon-Eszter-2-463x695.jpg 463w, https:\/\/answear.hu\/blog\/wp-content\/uploads\/2023\/12\/Czukor-Zoltan-thelesswastestylist-Gozon-Eszter-2-768x1152.jpg 768w, https:\/\/answear.hu\/blog\/wp-content\/uploads\/2023\/12\/Czukor-Zoltan-thelesswastestylist-Gozon-Eszter-2-1024x1536.jpg 1024w, https:\/\/answear.hu\/blog\/wp-content\/uploads\/2023\/12\/Czukor-Zoltan-thelesswastestylist-Gozon-Eszter-2.jpg 1365w\" sizes=\"auto, (max-width: 463px) 100vw, 463px\" \/><\/p>\r\n<p>\r\n\r\n<\/p>\r\n<p class=\"MsoNormal\"><span lang=\"HU\">\u201eFel lehet dobni k\u00f6zvetlen\u00fcl az arc k\u00f6zel\u00e9ben egy sapk\u00e1val, s\u00e1llal, \u00e9kszerrel, r\u00fazzsal. Teh\u00e1t t\u00e9nyleg az a l\u00e9nyeg, hogy az arc mellett k\u00f6zvetlen\u00fcl milyen sz\u00edneket haszn\u00e1lunk.\u201d<\/span><\/p>\r\n<p class=\"MsoNormal\"><span lang=\"HU\">Ez pedig az\u00e9rt is j\u00f3 h\u00edr, mert ha fenntarthat\u00f3s\u00e1gi szempontokat n\u00e9z\u00fcnk, akkor nyilv\u00e1n nem t\u00fal bolyg\u00f3bar\u00e1t, ha egy sz\u00edntan\u00e1csad\u00e1s ut\u00e1n kidobunk minden darabot, ami nem a sz\u00ednt\u00edpusunknak megfelel\u0151. Eszter szerint ez semmik\u00e9pp sem opci\u00f3.\u201e\u00c9n arra is szoktam biztatni az \u00fcgyfeleimet, hogy ha eddig kev\u00e9s sz\u00ednt\u00edpusuknak megfelel\u0151 darab volt a szekr\u00e9ny\u00fckben, akkor csak nagyon lassan, apr\u00e1nk\u00e9nt engedjenek be \u00faj sz\u00edneket. Figyelj\u00e9k meg, milyen hat\u00e1ssal van r\u00e1juk, a lelk\u00fckre, mert sokszor el\u0151fordul, hogy j\u00f3l \u00e1ll nek\u00fcnk egy sz\u00edn, de nem illik az aznapi hangulatunkhoz, vagy egyszer\u0171en nem vonz\u00f3dunk hozz\u00e1. Nem k\u00f6telez\u0151 mindenkinek az \u00f6sszes neki j\u00f3l \u00e1ll\u00f3 sz\u00ednt hordani. \u00c9s l\u00e9tezik olyan megold\u00e1s is, hogy \u00e1tfest\u00fcnk egy ruh\u00e1t. \u00c9n p\u00e9ld\u00e1ul sok darabomat festettem \u00e1t a nekem megfelel\u0151 sz\u00ednekre. Vannak a Facebook-on ruhacsere csoportok is, amelyek kifejezetten sz\u00ednt\u00edpusokra f\u00f3kusz\u00e1lnak. A sz\u00edntan\u00e1csad\u00e1s pedig j\u00f3 esetben arra is kit\u00e9r, hogy a megl\u00e9v\u0151 darabokat mivel kombin\u00e1ljuk, hogy azok benne maradhassanak a ruhat\u00e1runkban.\u201d<\/span><\/p>\r\n<p>\r\n\r\n<\/p>\r\n<figure class=\"wp-block-image size-large\"><img loading=\"lazy\" decoding=\"async\" width=\"463\" height=\"695\" class=\"wp-image-16695\" src=\"https:\/\/answear.hu\/blog\/wp-content\/uploads\/2023\/12\/Czukor-Zoltan-thelesswastestylist-Gozon-Eszter-1-463x695.jpg\" alt=\"\" srcset=\"https:\/\/answear.hu\/blog\/wp-content\/uploads\/2023\/12\/Czukor-Zoltan-thelesswastestylist-Gozon-Eszter-1-463x695.jpg 463w, https:\/\/answear.hu\/blog\/wp-content\/uploads\/2023\/12\/Czukor-Zoltan-thelesswastestylist-Gozon-Eszter-1-768x1152.jpg 768w, https:\/\/answear.hu\/blog\/wp-content\/uploads\/2023\/12\/Czukor-Zoltan-thelesswastestylist-Gozon-Eszter-1-1024x1536.jpg 1024w, https:\/\/answear.hu\/blog\/wp-content\/uploads\/2023\/12\/Czukor-Zoltan-thelesswastestylist-Gozon-Eszter-1.jpg 1365w\" sizes=\"auto, (max-width: 463px) 100vw, 463px\" \/><\/figure>\r\n<p>\r\n\r\n<\/p>\r\n<p class=\"MsoNormal\">\u00a0<\/p>\r\n<p class=\"MsoNormal\"><span lang=\"HU\">Persze att\u00f3l m\u00e9g, hogy kapunk egy ilyen tud\u00e1st, egy\u00e1ltal\u00e1n nem biztos, hogy k\u00f6rnyezettudatosabb lesz az \u00f6lt\u00f6zk\u00f6d\u00e9s\u00fcnk. Hisz a sz\u00e1munkra ide\u00e1lis sz\u00ednekb\u0151l is fel lehet halmozni felesleges mennyis\u00e9get. \u201eNem tudjuk kiker\u00fclni a tudatoss\u00e1got. Azt, hogy ne csak a saj\u00e1t sz\u00ednt\u00edpusunknak megfelel\u0151 sz\u00edneket ismerj\u00fck, de a testalkatunkat is, meg a st\u00edlusunkat. Hogy milyen anyagokban \u00e9rezz\u00fck j\u00f3l magunkat, mik azok, amik kellemesek a b\u0151r\u00fcnknek is. Teh\u00e1t ez egy hossz\u00fa folyamatnak az els\u0151 l\u00e9p\u00e9se lehet, de fontos l\u00e9p\u00e9s. Hisz innent\u0151l kezdve j\u00f3 es\u00e9llyel nem vesz\u00fcnk meg olyan ruh\u00e1kat, amelyeket a sz\u00edn\u00fck miatt nem hordunk majd.\u201d<\/span><\/p>\r\n<p class=\"MsoNormal\"><span lang=\"HU\">A sz\u00edntan\u00e1csad\u00e1s pedig Eszter elmond\u00e1sa szerint sokszor nem felt\u00e9tlen\u00fcl szigor\u00faan az \u00f6lt\u00f6zk\u00f6d\u00e9sr\u0151l sz\u00f3l, hanem az \u00f6nbizalomr\u00f3l, a n\u0151iess\u00e9g meg\u00e9l\u00e9s\u00e9r\u0151l is.\u201eSokaknak ez egy nagyon m\u00e9ly folyamat. P\u00e9ld\u00e1ul \u00fagy \u00e9rkeznek hozz\u00e1m, hogy ezzel lez\u00e1rnak egy hosszabb ter\u00e1pi\u00e1s szakaszt, \u00e9s a n\u0151iess\u00e9g\u00fcket szeretn\u00e9k \u00edgy vagy \u00fagy meger\u0151s\u00edteni. Kifel\u00e9 is mutatni azt, ami benn\u00fck m\u00e1r megsz\u00fcletett. Sokan csal\u00e1di traum\u00e1k miatt \u00f6lt\u00f6znek l\u00e1thatatlannak, mert p\u00e9ld\u00e1ul azt hozz\u00e1k otthonr\u00f3l, hogy l\u00e1that\u00f3nak lenni n\u0151k\u00e9nt vesz\u00e9lyes. Sz\u00e1mtalan t\u00f6rt\u00e9net van, de az biztos, hogy a sz\u00edntan\u00e1csad\u00e1s mindenkiben hoz egy \u00f6r\u00f6mmel vegy\u00edtett izgatotts\u00e1got, amikor r\u00e1d\u00f6bben a sz\u00edneire, \u00e9s felfedezi mag\u00e1n, hogy milyen gy\u00f6ny\u00f6r\u0171 tud lenni ebben, vagy abban a sz\u00ednben. Fantasztikus l\u00e1tni, amikor az \u00fcgyfelek a sz\u00ednek seg\u00edts\u00e9g\u00e9vel r\u00e1csod\u00e1lkoznak a sz\u00e9ps\u00e9g\u00fckre. Ak\u00e1r olyan emberek is, akik sosem l\u00e1tt\u00e1k magukat sz\u00e9pnek, de a megfelel\u0151 sz\u00edn visel\u00e9s\u00e9vel m\u00e1r l\u00e1tj\u00e1k magukon a harm\u00f3ni\u00e1t.\u201d<\/span><\/p>\r\n<p>\r\n\r\n<\/p>\r\n<p>&nbsp;<\/p>\r\n<p>\r\n\r\n<\/p>\r\n<figure class=\"wp-block-image size-large\"><img loading=\"lazy\" decoding=\"async\" width=\"464\" height=\"695\" class=\"wp-image-16688\" src=\"https:\/\/answear.hu\/blog\/wp-content\/uploads\/2023\/12\/Arvai-Eva-thelesswastestylist-Gozon-Eszter-464x695.jpg\" alt=\"\" srcset=\"https:\/\/answear.hu\/blog\/wp-content\/uploads\/2023\/12\/Arvai-Eva-thelesswastestylist-Gozon-Eszter-464x695.jpg 464w, https:\/\/answear.hu\/blog\/wp-content\/uploads\/2023\/12\/Arvai-Eva-thelesswastestylist-Gozon-Eszter-768x1151.jpg 768w, https:\/\/answear.hu\/blog\/wp-content\/uploads\/2023\/12\/Arvai-Eva-thelesswastestylist-Gozon-Eszter-1025x1536.jpg 1025w, https:\/\/answear.hu\/blog\/wp-content\/uploads\/2023\/12\/Arvai-Eva-thelesswastestylist-Gozon-Eszter-1367x2048.jpg 1367w, https:\/\/answear.hu\/blog\/wp-content\/uploads\/2023\/12\/Arvai-Eva-thelesswastestylist-Gozon-Eszter-scaled.jpg 1709w\" sizes=\"auto, (max-width: 464px) 100vw, 464px\" \/><\/figure>\r\n<p><\/p>","protected":false},"excerpt":{"rendered":"<p><span class=\"span-reading-time rt-reading-time\" style=\"display: block;\"><span class=\"rt-label rt-prefix\">Olvasd el, csak <\/span> <span class=\"rt-time\"> 5<\/span> <span class=\"rt-label rt-postfix\">perc<\/span><\/span>B\u00e1r az adventi id\u0151szakban a kar\u00e1csonyi f\u00e9nyek feldobj\u00e1k sz\u00fcrkes\u00e9get, az utcak\u00e9p m\u00e9g \u00edgy sem t\u00fal sz\u00ednes. Ha elkezden\u00e9nk \u00f6sszesz\u00e1molni, mennyien hordanak fekete t\u00e9likab\u00e1tot, val\u00f3sz\u00edn\u0171leg el\u00e9g magas lenne az ar\u00e1ny. Alapvet\u0151en kevesen mernek sz\u00ednek ut\u00e1n ny\u00falni, aminek lelki okai is lehetnek, \u00e9s persze azzal sem sokan vannak tiszt\u00e1ban, mi az, ami igaz\u00e1n passzol hozz\u00e1juk. Ilyenkor pedig &hellip; <a href=\"https:\/\/answear.hu\/blog\/a-szinek-ereje-tudatos-oltozkodes-nem-kis-feketeben\/16677\" class=\"more-link\"><span class=\"screen-reader-text\">A sz\u00ednek ereje: tudatos \u00f6lt\u00f6zk\u00f6d\u00e9s &#8211; nem \u201ekis feket\u00e9ben\u201d<\/span> r\u00e9szletei&#8230;<\/a><\/p>\n","protected":false},"author":35,"featured_media":16699,"comment_status":"closed","ping_status":"closed","sticky":false,"template":"","format":"standard","meta":{"footnotes":""},"categories":[686],"tags":[749,2231,1337,1606,2251],"class_list":["post-16677","post","type-post","status-publish","format-standard","has-post-thumbnail","hentry","category-trendek","tag-trend","tag-korn-anita","tag-stylist","tag-szinek","tag-teli-szinek"],"_links":{"self":[{"href":"https:\/\/answear.hu\/blog\/wp-json\/wp\/v2\/posts\/16677","targetHints":{"allow":["GET"]}}],"collection":[{"href":"https:\/\/answear.hu\/blog\/wp-json\/wp\/v2\/posts"}],"about":[{"href":"https:\/\/answear.hu\/blog\/wp-json\/wp\/v2\/types\/post"}],"author":[{"embeddable":true,"href":"https:\/\/answear.hu\/blog\/wp-json\/wp\/v2\/users\/35"}],"replies":[{"embeddable":true,"href":"https:\/\/answear.hu\/blog\/wp-json\/wp\/v2\/comments?post=16677"}],"version-history":[{"count":12,"href":"https:\/\/answear.hu\/blog\/wp-json\/wp\/v2\/posts\/16677\/revisions"}],"predecessor-version":[{"id":16698,"href":"https:\/\/answear.hu\/blog\/wp-json\/wp\/v2\/posts\/16677\/revisions\/16698"}],"wp:featuredmedia":[{"embeddable":true,"href":"https:\/\/answear.hu\/blog\/wp-json\/wp\/v2\/media\/16699"}],"wp:attachment":[{"href":"https:\/\/answear.hu\/blog\/wp-json\/wp\/v2\/media?parent=16677"}],"wp:term":[{"taxonomy":"category","embeddable":true,"href":"https:\/\/answear.hu\/blog\/wp-json\/wp\/v2\/categories?post=16677"},{"taxonomy":"post_tag","embeddable":true,"href":"https:\/\/answear.hu\/blog\/wp-json\/wp\/v2\/tags?post=16677"}],"curies":[{"name":"wp","href":"https:\/\/api.w.org\/{rel}","templated":true}]}}