{"id":16667,"date":"2023-12-08T08:26:59","date_gmt":"2023-12-08T07:26:59","guid":{"rendered":"https:\/\/answear.hu\/blog\/?p=16667"},"modified":"2023-12-08T08:26:59","modified_gmt":"2023-12-08T07:26:59","slug":"answear-hu-x-marie-claire-trendajanlo-premium-alapdarabok","status":"publish","type":"post","link":"https:\/\/answear.hu\/blog\/answear-hu-x-marie-claire-trendajanlo-premium-alapdarabok\/16667","title":{"rendered":"Answear.hu x Marie Claire trendaj\u00e1nl\u00f3: pr\u00e9mium alapdarabok"},"content":{"rendered":"<span class=\"span-reading-time rt-reading-time\" style=\"display: block;\"><span class=\"rt-label rt-prefix\">Olvasd el, csak <\/span> <span class=\"rt-time\"> &lt; 1<\/span> <span class=\"rt-label rt-postfix\">perc<\/span><\/span><p><strong>\u00a0Leg\u00fajabb trendaj\u00e1nl\u00f3 vide\u00f3nkban olyan pr\u00e9mium alapdarabokat mutatunk nektek k\u00edn\u00e1latunkb\u00f3l, amelyek a ruhat\u00e1ratok fontos r\u00e9szei lehetnek \u00e9s sok\u00e1ig viselhetitek \u0151ket.\u00a0<\/strong><\/p>\n<p><!--more--><\/p>\n<p>Hajlamosak vagyunk mindenf\u00e9le term\u00e9ket \u00f6sszev\u00e1logatni, amikor \u00fajabb \u00e9s \u00fajabb trendek jelennek meg, \u00e9s amikor meg szeretn\u00e9nk \u00faj\u00edtani a ruhat\u00e1runkat. \u00c9rdemes azonban egy pillanatra meg\u00e1llni \u00e9s \u00e1tgondolni, hogy val\u00f3ban viseln\u00e9nk-e azt a term\u00e9ket. Ha viszont kapszulagardr\u00f3bban gondolkodunk, \u00e9rdemes olyan, pr\u00e9mium alapdarabokat beszerezn\u00fcnk, amelyeket j\u00f3l tudunk vari\u00e1lni. Ak\u00e1r m\u00e9g az aktu\u00e1lis trendekkel kombin\u00e1lva is.<\/p>\n<p><strong><iframe loading=\"lazy\" src=\"\/\/www.youtube.com\/embed\/_O0wyOSwjM4\" width=\"560\" height=\"314\" allowfullscreen=\"allowfullscreen\"><\/iframe><\/strong><\/p>\n","protected":false},"excerpt":{"rendered":"<p><span class=\"span-reading-time rt-reading-time\" style=\"display: block;\"><span class=\"rt-label rt-prefix\">Olvasd el, csak <\/span> <span class=\"rt-time\"> &lt; 1<\/span> <span class=\"rt-label rt-postfix\">perc<\/span><\/span>\u00a0Leg\u00fajabb trendaj\u00e1nl\u00f3 vide\u00f3nkban olyan pr\u00e9mium alapdarabokat mutatunk nektek k\u00edn\u00e1latunkb\u00f3l, amelyek a ruhat\u00e1ratok fontos r\u00e9szei lehetnek \u00e9s sok\u00e1ig viselhetitek \u0151ket.\u00a0<\/p>\n","protected":false},"author":35,"featured_media":16668,"comment_status":"closed","ping_status":"closed","sticky":false,"template":"","format":"standard","meta":{"footnotes":""},"categories":[686],"tags":[1904,892,2244,1179,2250,1794,2249,1431],"class_list":["post-16667","post","type-post","status-publish","format-standard","has-post-thumbnail","hentry","category-trendek","tag-alapdarab","tag-divat","tag-marie-claire","tag-online","tag-pramium","tag-ruhadarab","tag-trendajanlo","tag-video"],"_links":{"self":[{"href":"https:\/\/answear.hu\/blog\/wp-json\/wp\/v2\/posts\/16667","targetHints":{"allow":["GET"]}}],"collection":[{"href":"https:\/\/answear.hu\/blog\/wp-json\/wp\/v2\/posts"}],"about":[{"href":"https:\/\/answear.hu\/blog\/wp-json\/wp\/v2\/types\/post"}],"author":[{"embeddable":true,"href":"https:\/\/answear.hu\/blog\/wp-json\/wp\/v2\/users\/35"}],"replies":[{"embeddable":true,"href":"https:\/\/answear.hu\/blog\/wp-json\/wp\/v2\/comments?post=16667"}],"version-history":[{"count":2,"href":"https:\/\/answear.hu\/blog\/wp-json\/wp\/v2\/posts\/16667\/revisions"}],"predecessor-version":[{"id":16671,"href":"https:\/\/answear.hu\/blog\/wp-json\/wp\/v2\/posts\/16667\/revisions\/16671"}],"wp:featuredmedia":[{"embeddable":true,"href":"https:\/\/answear.hu\/blog\/wp-json\/wp\/v2\/media\/16668"}],"wp:attachment":[{"href":"https:\/\/answear.hu\/blog\/wp-json\/wp\/v2\/media?parent=16667"}],"wp:term":[{"taxonomy":"category","embeddable":true,"href":"https:\/\/answear.hu\/blog\/wp-json\/wp\/v2\/categories?post=16667"},{"taxonomy":"post_tag","embeddable":true,"href":"https:\/\/answear.hu\/blog\/wp-json\/wp\/v2\/tags?post=16667"}],"curies":[{"name":"wp","href":"https:\/\/api.w.org\/{rel}","templated":true}]}}