{"id":16558,"date":"2023-09-25T14:44:33","date_gmt":"2023-09-25T12:44:33","guid":{"rendered":"https:\/\/answear.hu\/blog\/?p=16558"},"modified":"2023-09-25T14:44:33","modified_gmt":"2023-09-25T12:44:33","slug":"mutasd-meg-a-vilagnak-egyedi-szepseged-az-answear-lab-uj-limitalt-kollekcioja-a-no-shame-fontos-uzenetet-kozvetit","status":"publish","type":"post","link":"https:\/\/answear.hu\/blog\/mutasd-meg-a-vilagnak-egyedi-szepseged-az-answear-lab-uj-limitalt-kollekcioja-a-no-shame-fontos-uzenetet-kozvetit\/16558","title":{"rendered":"Mutasd meg a vil\u00e1gnak egyedi sz\u00e9ps\u00e9ged!  Az answear.LAB \u00faj limit\u00e1lt kollekci\u00f3ja, a No Shame fontos \u00fczenetet k\u00f6zvet\u00edt"},"content":{"rendered":"<span class=\"span-reading-time rt-reading-time\" style=\"display: block;\"><span class=\"rt-label rt-prefix\">Olvasd el, csak <\/span> <span class=\"rt-time\"> 3<\/span> <span class=\"rt-label rt-postfix\">perc<\/span><\/span><p><strong> Az emberek val\u00f3di \u00e9rt\u00e9ke k\u00fcls\u0151s\u00e9gekt\u0151l f\u00fcggetlen k\u00e9ne, hogy legyen, \u00e1m olyan vil\u00e1gban \u00e9l\u00fcnk, ahol a t\u00f6k\u00e9letess\u00e9gre val\u00f3 t\u00f6rekv\u00e9s sokszor h\u00e1tt\u00e9rbe szor\u00edtja a term\u00e9szetess\u00e9get. Az \u00f6nelfogad\u00e1shoz vezet\u0151 \u00fat megtal\u00e1l\u00e1sa komoly feladat, k\u00fcl\u00f6n\u00f6sen, amikor rendre a k\u00f6rnyezet\u00fcnk kiritik\u00e1ival kell szemben\u00e9zn\u00fcnk. Az answear.LAB limit\u00e1lt <em>No Shame<\/em> kollekci\u00f3ja most azt az \u00f6r\u00f6k \u00e9rv\u00e9ny\u0171 \u00fczenetet hangs\u00falyozza, hogy a n\u0151i test gy\u00f6ny\u00f6r\u0171, \u00e9s minden form\u00e1ban meg\u00e9rdemli a tiszteletet.<\/strong><!--more--><\/p>\r\n<p>Nem sz\u00e1m\u00edt, hogy n\u00e9z\u00fcnk ki, nem sz\u00e1m\u00edt, h\u00e1ny \u00e9vesek vagyunk vagy milyen d\u00f6nt\u00e9seket hozunk, mindannyian egyediek vagyunk.<\/p>\r\n<p>Az answear.LAB gondolatis\u00e1ggal megt\u00e1mogatott ruh\u00e1kat k\u00e9sz\u00edt, \u00e9s ennek a k\u00fcldet\u00e9snek r\u00e9szek\u00e9nt a leg\u00fajabb, limit\u00e1lt <a href=\"https:\/\/answear.hu\/s\/no-shame-answear-lab\" target=\"_blank\" rel=\"noopener\"><em>No Shame<\/em> kollekci\u00f3t<\/a> annak a sz\u00e9gyen\u00e9rzetnek szentelt\u00e9k, amivel a n\u0151k k\u00fcl\u00f6nb\u00f6z\u0151 \u00e9lethelyzetekben szembes\u00fclnek. A kollekci\u00f3 minden eleme hangs\u00falyozza, hogy a n\u0151k tiszteletet \u00e9rdemelnek, \u00e9s sosem szabad sz\u00e9gyellni\u00fck, hogy kik \u0151k, hogy n\u00e9znek ki vagy \u00e9pp kit szeretnek.<\/p>\r\n<h2>Mutasd meg a vil\u00e1gnak egyedi sz\u00e9ps\u00e9ged<\/h2>\r\n<p>A <em>No Shame<\/em> darabjai az \u0151szi-t\u00e9li szezon trendjeivel \u00f6sszhangban v\u00e1ltozatos anyagokb\u00f3l \u00e9p\u00edtkeznek, a f\u0151szerepet azonban a b\u0151r \u00e9s a csipke j\u00e1tssza. El\u0151bbi hossz\u00fa kab\u00e1tok, eleg\u00e1ns mell\u00e9nyek, koszt\u00fcm\u00f6k \u00e9s cip\u0151k form\u00e1j\u00e1ban mutatja meg mag\u00e1t, a finomabb csipk\u00e9t pedig ruh\u00e1kon, bl\u00fazokon, szokny\u00e1kon \u00fcdv\u00f6z\u00f6lhetj\u00fck. Ezek a k\u00fcl\u00f6nleges anyagok biztos\u00edtj\u00e1k a text\u00far\u00e1k v\u00e1ltozatoss\u00e1g\u00e1t, mik\u00f6zben egyedi karaktert k\u00f6lcs\u00f6n\u00f6znek a kollekci\u00f3nak. A soksz\u00edn\u0171s\u00e9get t\u00f6k\u00e9letesen emeli ki a <em>No Shame<\/em> kollekci\u00f3 alapsz\u00edne, a fekete, amit a sz\u00fcrke, a feh\u00e9r, a kr\u00e9msz\u00edn \u00e9s a felt\u0171n\u0151 fukszia \u00e1rnyalatai eg\u00e9sz\u00edtenek ki.<\/p>\r\n<p><img loading=\"lazy\" decoding=\"async\" class=\"alignnone size-medium wp-image-16565\" src=\"https:\/\/answear.hu\/blog\/wp-content\/uploads\/2023\/09\/2023-08-08-No-Shame-Mikolaj-Ewa2342-R1-1043x695.jpg\" alt=\"\" width=\"1043\" height=\"695\" srcset=\"https:\/\/answear.hu\/blog\/wp-content\/uploads\/2023\/09\/2023-08-08-No-Shame-Mikolaj-Ewa2342-R1-1043x695.jpg 1043w, https:\/\/answear.hu\/blog\/wp-content\/uploads\/2023\/09\/2023-08-08-No-Shame-Mikolaj-Ewa2342-R1-768x512.jpg 768w, https:\/\/answear.hu\/blog\/wp-content\/uploads\/2023\/09\/2023-08-08-No-Shame-Mikolaj-Ewa2342-R1-1536x1024.jpg 1536w, https:\/\/answear.hu\/blog\/wp-content\/uploads\/2023\/09\/2023-08-08-No-Shame-Mikolaj-Ewa2342-R1-2048x1365.jpg 2048w, https:\/\/answear.hu\/blog\/wp-content\/uploads\/2023\/09\/2023-08-08-No-Shame-Mikolaj-Ewa2342-R1-272x182.jpg 272w\" sizes=\"auto, (max-width: 1043px) 100vw, 1043px\" \/><\/p>\r\n<p>&nbsp;<\/p>\r\n\r\n<p>A kollekci\u00f3t \u00e9rzelmekkel teli, atmoszf\u00e9rikus hangulatot sug\u00e1rz\u00f3 fekete-feh\u00e9r fot\u00f3k \u00e9s rendk\u00edv\u00fcli modellek seg\u00edts\u00e9g\u00e9vel ismerhetj\u00fck meg. A k\u00e9peken otthagyta k\u00e9zjegy\u00e9t <strong>Lidia Popiel<\/strong> elismert fot\u00f3s is, aki munk\u00e1ival rendre azt bizony\u00edtja, hogy a sz\u00e9ps\u00e9g nem ismer korhat\u00e1rt. A fot\u00f3z\u00e1s sor\u00e1n <strong>Magdalena Zalejska<\/strong>, ismertebb nev\u00e9n <strong>Apolonka,<\/strong> a n\u00e9pszer\u0171 lengyel modell is a kamer\u00e1k el\u00e9 \u00e1llt, aki az els\u0151k k\u00f6z\u00f6tt mondott nemet a modellszakma <em>size zero<\/em> jelens\u00e9g\u00e9re, bizony\u00edtva, hogy a \u201cnagyobb\u201d m\u00e9retek is megh\u00f3d\u00edthatj\u00e1k a divatvil\u00e1got sz\u00e9ps\u00e9g\u00fckkel.<\/p>\r\n\r\n\r\n\r\n<p>&#8211; <em>Test\u00fcnket gyakran sz\u00e9gyellj\u00fck, ahelyett, hogy tisztelettel \u00e9s szeretettel b\u00e1nn\u00e1nk vele. A limit\u00e1lt No Shame kollekci\u00f3 megalkot\u00e1sa sor\u00e1n azokra a n\u0151kre gondoltunk, akik nehezen fogadj\u00e1k el magukat, akiket k\u00f6rnyezet\u00fck valamilyen form\u00e1ban megsz\u00e9gyen\u00edt. Hisz\u00fcnk benne, hogy ha a sz\u00e9gyenr\u0151l hangos p\u00e1rbesz\u00e9det kezd\u00fcnk, siker\u00fcl meger\u0151s\u00edten\u00fcnk a n\u0151ket abban, hogy k\u00f6nnyebben elfogadj\u00e1k k\u00fclsej\u00fcket, hogy \u00f6nbizalommal teliv\u00e9 v\u00e1ljanak, \u00e9s hogy ne \u00edt\u00e9lkezzenek m\u00e1sok felett<\/em> \u2013 mondta <strong>Agnieszka Pruchnik<\/strong>, az answear.LAB m\u00e1rkaigazgat\u00f3ja.<\/p>\r\n\r\n\r\n\r\n<figure class=\"wp-block-gallery has-nested-images columns-default is-cropped wp-block-gallery-1 is-layout-flex wp-block-gallery-is-layout-flex\">\r\n<figure class=\"wp-block-image size-large\"><img loading=\"lazy\" decoding=\"async\" width=\"463\" height=\"695\" data-id=\"16563\" class=\"wp-image-16563\" src=\"https:\/\/answear.hu\/blog\/wp-content\/uploads\/2023\/09\/2023-08-08-No-shame-Mikolaj-Ewa-dell01394-R-463x695.jpg\" alt=\"\" srcset=\"https:\/\/answear.hu\/blog\/wp-content\/uploads\/2023\/09\/2023-08-08-No-shame-Mikolaj-Ewa-dell01394-R-463x695.jpg 463w, https:\/\/answear.hu\/blog\/wp-content\/uploads\/2023\/09\/2023-08-08-No-shame-Mikolaj-Ewa-dell01394-R-768x1152.jpg 768w, https:\/\/answear.hu\/blog\/wp-content\/uploads\/2023\/09\/2023-08-08-No-shame-Mikolaj-Ewa-dell01394-R-1024x1536.jpg 1024w, https:\/\/answear.hu\/blog\/wp-content\/uploads\/2023\/09\/2023-08-08-No-shame-Mikolaj-Ewa-dell01394-R-1365x2048.jpg 1365w, https:\/\/answear.hu\/blog\/wp-content\/uploads\/2023\/09\/2023-08-08-No-shame-Mikolaj-Ewa-dell01394-R-scaled.jpg 1707w\" sizes=\"auto, (max-width: 463px) 100vw, 463px\" \/><\/figure>\r\n\r\n\r\n\r\n<figure class=\"wp-block-image size-large\"><img loading=\"lazy\" decoding=\"async\" width=\"463\" height=\"695\" data-id=\"16562\" class=\"wp-image-16562\" src=\"https:\/\/answear.hu\/blog\/wp-content\/uploads\/2023\/09\/2023-08-08-No-shame-Mikolaj-Ewa-dell01285-R-463x695.jpg\" alt=\"\" srcset=\"https:\/\/answear.hu\/blog\/wp-content\/uploads\/2023\/09\/2023-08-08-No-shame-Mikolaj-Ewa-dell01285-R-463x695.jpg 463w, https:\/\/answear.hu\/blog\/wp-content\/uploads\/2023\/09\/2023-08-08-No-shame-Mikolaj-Ewa-dell01285-R-768x1152.jpg 768w, https:\/\/answear.hu\/blog\/wp-content\/uploads\/2023\/09\/2023-08-08-No-shame-Mikolaj-Ewa-dell01285-R-1024x1536.jpg 1024w, https:\/\/answear.hu\/blog\/wp-content\/uploads\/2023\/09\/2023-08-08-No-shame-Mikolaj-Ewa-dell01285-R-1365x2048.jpg 1365w, https:\/\/answear.hu\/blog\/wp-content\/uploads\/2023\/09\/2023-08-08-No-shame-Mikolaj-Ewa-dell01285-R-scaled.jpg 1707w\" sizes=\"auto, (max-width: 463px) 100vw, 463px\" \/><\/figure>\r\n<p>&nbsp;<\/p>\r\n<\/figure>\r\n\r\n\r\n\r\n<h2>Kiv\u00e9teles \u00fczenet \u00e9s kiv\u00e9teles illusztr\u00e1ci\u00f3k Carolina Altavill\u00e1t\u00f3l<\/h2>\r\n\r\n\r\n\r\n<p>Hogy a <em>No Shame<\/em> \u00fczenete m\u00e9g hangs\u00falyosabb legyen, az answear.LAB egy <strong>Carolina Altavilla<\/strong> k\u00f6zrem\u0171k\u00f6d\u00e9s\u00e9vel l\u00e9trej\u00f6tt p\u00f3l\u00f3kollekci\u00f3t is bemutat. A Mil\u00e1n\u00f3ban \u00e9l\u0151 argentin illusztr\u00e1tor olyan, t\u00e1rsadalmi t\u00e9m\u00e1kra reflekt\u00e1l\u00f3 grafik\u00e1kat k\u00e9sz\u00edt, amik a k\u00f6z\u00f6ss\u00e9gi m\u00e9dia felhaszn\u00e1l\u00f3inak \u00e9s az olyan magazinok olvas\u00f3inak sz\u00edv\u00e9t h\u00f3d\u00edtott\u00e1k m\u00e1r meg, mint a <em>The Guardian<\/em>, a T<em>he Lancet<\/em> vagy a <em>Just Breathe Magazine<\/em>. Carolina a p\u00f3l\u00f3kat a <em>No Shame<\/em> gondolatis\u00e1g\u00e1ra reflekt\u00e1l\u00f3 rajzokkal d\u00edsz\u00edtette, \u00e9s saj\u00e1t magunk elfogad\u00e1s\u00e1t t\u00e1mogat\u00f3 pozit\u00edv \u00fczenetekkel illusztr\u00e1lta.<\/p>\r\n\r\n\r\n\r\n<p>&#8211; <em>A divatot els\u0151sorban az identit\u00e1s kifejez\u00e9s\u00e9nek tekintem, ez\u00e9rt is motiv\u00e1lt, hogy az answear.LAB-bel dolgozhatok, \u00e9s hogy olyan n\u0151k sz\u00e1m\u00e1ra tervezhetek, akik saj\u00e1t st\u00edlusukat megtartva olyan ruh\u00e1kat szeretn\u00e9nek viselni, amikben \u00fagy \u00e9rzik, teljesen \u00f6nmaguk lehetnek. Inspir\u00e1ci\u00f3im a n\u0151k, akik nyomot hagytak bennem, akik valamilyen m\u00f3don megv\u00e1ltoztatj\u00e1k a val\u00f3s\u00e1got, akik felsz\u00f3lalnak az igazs\u00e1gtalans\u00e1ggal szemben, akikben ott a v\u00e1gy, hogy jobb\u00e1 tegy\u00e9k a vil\u00e1got. A saj\u00e1t \u00e9lettapasztalatom is inspir\u00e1l \u00e9s az a megfontol\u00e1s, hogy kedvesebbnek kell lenn\u00fcnk \u00f6nmagunkhoz, t\u00f6bb szeretettel \u00e9s szabads\u00e1ggal kell \u00e9ln\u00fcnk a mindennapjainkat.<\/em> &#8211; mondta <strong>Carolina Altavilla<\/strong>.<\/p>\r\n\r\n\r\n\r\n\r\n\r\n<p><strong>Az answear.LAB m\u00e1rk\u00e1r\u00f3l:<\/strong><\/p>\r\n\r\n\r\n\r\n<p>Az answear.LAB az Answear saj\u00e1t m\u00e1rk\u00e1ja &#8211; n\u0151kt\u0151l n\u0151knek. Ciklikus, tematikus kapszulakollekci\u00f3k seg\u00edts\u00e9g\u00e9vel mer\u00e9szen \u00e9s j\u00f3l hallhat\u00f3an besz\u00e9l a n\u0151kr\u0151l \u00e9s a n\u0151ket \u00e9rint\u0151 k\u00e9rd\u00e9sekr\u0151l. Az answear.LAB lehet\u0151s\u00e9gek t\u00e1rh\u00e1za is: helyi \u00fczemek, kis m\u00e1rk\u00e1k \u00e9s f\u00fcggetlen tervez\u0151k dolgoznak k\u00f6z\u00f6sen, hogy v\u00e9geredm\u00e9ny\u00fcl egyedi, limit\u00e1lt kollekci\u00f3k sz\u00fclethessenek.<\/p>\r\n","protected":false},"excerpt":{"rendered":"<p><span class=\"span-reading-time rt-reading-time\" style=\"display: block;\"><span class=\"rt-label rt-prefix\">Olvasd el, csak <\/span> <span class=\"rt-time\"> 3<\/span> <span class=\"rt-label rt-postfix\">perc<\/span><\/span>Az emberek val\u00f3di \u00e9rt\u00e9ke k\u00fcls\u0151s\u00e9gekt\u0151l f\u00fcggetlen k\u00e9ne, hogy legyen, \u00e1m olyan vil\u00e1gban \u00e9l\u00fcnk, ahol a t\u00f6k\u00e9letess\u00e9gre val\u00f3 t\u00f6rekv\u00e9s sokszor h\u00e1tt\u00e9rbe szor\u00edtja a term\u00e9szetess\u00e9get. Az \u00f6nelfogad\u00e1shoz vezet\u0151 \u00fat megtal\u00e1l\u00e1sa komoly feladat, k\u00fcl\u00f6n\u00f6sen, amikor rendre a k\u00f6rnyezet\u00fcnk kiritik\u00e1ival kell szemben\u00e9zn\u00fcnk. Az answear.LAB limit\u00e1lt No Shame kollekci\u00f3ja most azt az \u00f6r\u00f6k \u00e9rv\u00e9ny\u0171 \u00fczenetet hangs\u00falyozza, hogy a n\u0151i test &hellip; <a href=\"https:\/\/answear.hu\/blog\/mutasd-meg-a-vilagnak-egyedi-szepseged-az-answear-lab-uj-limitalt-kollekcioja-a-no-shame-fontos-uzenetet-kozvetit\/16558\" class=\"more-link\"><span class=\"screen-reader-text\">Mutasd meg a vil\u00e1gnak egyedi sz\u00e9ps\u00e9ged!  Az answear.LAB \u00faj limit\u00e1lt kollekci\u00f3ja, a No Shame fontos \u00fczenetet k\u00f6zvet\u00edt<\/span> r\u00e9szletei&#8230;<\/a><\/p>\n","protected":false},"author":35,"featured_media":16559,"comment_status":"closed","ping_status":"closed","sticky":false,"template":"","format":"standard","meta":{"footnotes":""},"categories":[889],"tags":[1863,1812,1982,2222,1133],"class_list":["post-16558","post","type-post","status-publish","format-standard","has-post-thumbnail","hentry","category-answear-lab","tag-answear-lab","tag-kollekcio","tag-limitalt","tag-no-shame","tag-ruha"],"_links":{"self":[{"href":"https:\/\/answear.hu\/blog\/wp-json\/wp\/v2\/posts\/16558","targetHints":{"allow":["GET"]}}],"collection":[{"href":"https:\/\/answear.hu\/blog\/wp-json\/wp\/v2\/posts"}],"about":[{"href":"https:\/\/answear.hu\/blog\/wp-json\/wp\/v2\/types\/post"}],"author":[{"embeddable":true,"href":"https:\/\/answear.hu\/blog\/wp-json\/wp\/v2\/users\/35"}],"replies":[{"embeddable":true,"href":"https:\/\/answear.hu\/blog\/wp-json\/wp\/v2\/comments?post=16558"}],"version-history":[{"count":5,"href":"https:\/\/answear.hu\/blog\/wp-json\/wp\/v2\/posts\/16558\/revisions"}],"predecessor-version":[{"id":16569,"href":"https:\/\/answear.hu\/blog\/wp-json\/wp\/v2\/posts\/16558\/revisions\/16569"}],"wp:featuredmedia":[{"embeddable":true,"href":"https:\/\/answear.hu\/blog\/wp-json\/wp\/v2\/media\/16559"}],"wp:attachment":[{"href":"https:\/\/answear.hu\/blog\/wp-json\/wp\/v2\/media?parent=16558"}],"wp:term":[{"taxonomy":"category","embeddable":true,"href":"https:\/\/answear.hu\/blog\/wp-json\/wp\/v2\/categories?post=16558"},{"taxonomy":"post_tag","embeddable":true,"href":"https:\/\/answear.hu\/blog\/wp-json\/wp\/v2\/tags?post=16558"}],"curies":[{"name":"wp","href":"https:\/\/api.w.org\/{rel}","templated":true}]}}