{"id":16461,"date":"2023-04-05T11:54:40","date_gmt":"2023-04-05T09:54:40","guid":{"rendered":"https:\/\/answear.hu\/blog\/?p=16461"},"modified":"2023-04-05T11:54:40","modified_gmt":"2023-04-05T09:54:40","slug":"top-5-kiegeszito-2023-tavaszara","status":"publish","type":"post","link":"https:\/\/answear.hu\/blog\/top-5-kiegeszito-2023-tavaszara\/16461","title":{"rendered":"Top 5 kieg\u00e9sz\u00edt\u0151 2023 tavasz\u00e1ra"},"content":{"rendered":"<span class=\"span-reading-time rt-reading-time\" style=\"display: block;\"><span class=\"rt-label rt-prefix\">Olvasd el, csak <\/span> <span class=\"rt-time\"> 3<\/span> <span class=\"rt-label rt-postfix\">perc<\/span><\/span><p><strong> Az apr\u00f3 dolgok nagy v\u00e1ltoz\u00e1st hozhatnak. Ahogy bel\u00e9p\u00fcnk egy \u00faj szezonba, ki vagyunk \u00e9hezve az \u00fajdons\u00e1gokra. Odafigyel\u00fcnk a r\u00e9szletekre, \u00e9lvezz\u00fck a sz\u00edneket \u00e9s az \u00faj, inspir\u00e1l\u00f3 form\u00e1kat, k\u00f6zt\u00fck azokat is, amik v\u00e1ltozatoss\u00e1 tesznek egy megjelen\u00e9st. \u00cdme 5 rendhagy\u00f3 tavaszi kieg\u00e9sz\u00edt\u0151, egyenesen a kifut\u00f3r\u00f3l. Megmutatjuk a top divatm\u00e1rk\u00e1k legforr\u00f3bb v\u00e1laszt\u00e1sait.<\/strong><!--more--><\/p>\r\n<h2>A magassark\u00fa cip\u0151k \u00faj szintje<\/h2>\r\n<p>A tavasz a k\u00eds\u00e9rletez\u00e9sr\u0151l sz\u00f3l, mi\u00e9rt ne kezdhetn\u00e9d a cip\u0151kkel? Avantg\u00e1rd, dekonstru\u00e1lt, meglep\u0151, ez csak n\u00e9h\u00e1ny jelz\u0151 a t\u0171sark\u00fa cip\u0151kre, amik ebben a szezonban h\u00f3d\u00edtanak. A k\u00f6z\u00e9ppontban a sarok \u00e1ll, ami id\u00e9n tavasszal krist\u00e1lyos, gy\u00f6ngy\u00f6kkel d\u00edsz\u00edtett, f\u00e9mes vagy ak\u00e1r teljesen szokatlan form\u00e1j\u00fa, p\u00e9ld\u00e1ul a szobr\u00e1szat vagy az \u00e9kszerek vil\u00e1g\u00e1b\u00f3l ered\u0151 form\u00e1k inspir\u00e1lt\u00e1k. Na ez m\u00e1r m\u0171v\u00e9szet.<\/p>\r\n<p>&nbsp;<\/p>\r\n\r\n<figure class=\"wp-block-gallery has-nested-images columns-default is-cropped wp-block-gallery-1 is-layout-flex wp-block-gallery-is-layout-flex\">\r\n<figure class=\"wp-block-image size-large\"><img loading=\"lazy\" decoding=\"async\" width=\"461\" height=\"695\" data-id=\"16466\" class=\"wp-image-16466\" src=\"https:\/\/answear.hu\/blog\/wp-content\/uploads\/2023\/04\/1-1.jpg\" alt=\"\" \/><\/figure>\r\n\r\n\r\n\r\n<figure class=\"wp-block-image size-large\"><img loading=\"lazy\" decoding=\"async\" width=\"461\" height=\"695\" data-id=\"16465\" class=\"wp-image-16465\" src=\"https:\/\/answear.hu\/blog\/wp-content\/uploads\/2023\/04\/2.jpg\" alt=\"\" \/><\/figure>\r\n<\/figure>\r\n\r\n\r\n\r\n<h2>\u00c9kszerkert<\/h2>\r\n\r\n\r\n\r\n<p>A f\u00e1k vir\u00e1gz\u00f3 r\u00fcgyeire m\u00e9g egy kicsit v\u00e1rnunk kell. De van r\u00e1 m\u00f3d, hogy a vir\u00e1gok egy kicsit hamarabb megjelenjenek a k\u00f6rnyezet\u00fcnkben. A term\u00e9szet ihlette \u00e9kszerek lehet\u0151v\u00e9 teszik, hogy teljes m\u00e9rt\u00e9kben ki\u00e9lvezz\u00fck az \u00faj \u00e9vszakot. Az ujjakat, a f\u00fcleket, a csukl\u00f3kat \u00e9s a nyakakat 90-es \u00e9vek ihlette sz\u00e1zszorsz\u00e9p mot\u00edvumok, hatalmas \u00e9s csillog\u00f3 vir\u00e1gform\u00e1k \u00e9s egyszer\u0171, ak\u00e1r kont\u00faros f\u00e9mform\u00e1k d\u00edsz\u00edtik. Id\u00e9n az \u00e9kszerek vir\u00e1gainak titokzatos kertje nyitja meg kapuit.<\/p>\r\n\r\n\r\n\r\n<figure class=\"wp-block-gallery has-nested-images columns-default is-cropped wp-block-gallery-2 is-layout-flex wp-block-gallery-is-layout-flex\">\r\n<figure class=\"wp-block-image size-large\"><img loading=\"lazy\" decoding=\"async\" width=\"461\" height=\"695\" data-id=\"16468\" class=\"wp-image-16468\" src=\"https:\/\/answear.hu\/blog\/wp-content\/uploads\/2023\/04\/3.jpg\" alt=\"\" \/><\/figure>\r\n\r\n\r\n\r\n<figure class=\"wp-block-image size-large\"><img loading=\"lazy\" decoding=\"async\" width=\"461\" height=\"695\" data-id=\"16467\" class=\"wp-image-16467\" src=\"https:\/\/answear.hu\/blog\/wp-content\/uploads\/2023\/04\/4.jpg\" alt=\"\" \/><\/figure>\r\n<\/figure>\r\n\r\n\r\n\r\n<h2>K\u00e9zit\u00e1sk\u00e1k, \u00e9ljenek a sz\u00ednek<\/h2>\r\n\r\n\r\n\r\n<p>Lime z\u00f6ld, r\u00f3zsasz\u00edn vagy tal\u00e1n narancss\u00e1rga? Itt nincs egyetlen helyes v\u00e1lasz, mert eg\u00e9sz egyszer\u0171en a sz\u00edn sz\u00e1m\u00edt. 2023 tavasz\u00e1nak leg\u00e9rdekesebb k\u00e9zit\u00e1sk\u00e1i a sziv\u00e1rv\u00e1ny sz\u00edn\u00e9vel var\u00e1zsol el. Im\u00e1djuk mind az egysz\u00edn\u0171 modelleket, mind azokat, amikben az egyes \u00e1rnyalatok sz\u00ednblokkol\u00e1ssal ker\u00fclnek egym\u00e1s mell\u00e9. Ez sz\u00f3rakoztat\u00f3, \u00e9rdekes \u00e9s kreat\u00edv. M\u00e9g ha a visszafogottabb st\u00edlust is v\u00e1lasztod, egy sz\u00ednes k\u00e9zit\u00e1ska j\u00f3 alap lesz a mer\u00e9szebb k\u00eds\u00e9rletez\u00e9sekhez.<\/p>\r\n\r\n\r\n\r\n<figure class=\"wp-block-gallery has-nested-images columns-default is-cropped wp-block-gallery-3 is-layout-flex wp-block-gallery-is-layout-flex\">\r\n<figure class=\"wp-block-image size-large\"><img loading=\"lazy\" decoding=\"async\" width=\"1536\" height=\"1024\" data-id=\"16469\" class=\"wp-image-16469\" src=\"https:\/\/answear.hu\/blog\/wp-content\/uploads\/2023\/04\/5-1043x695.jpg\" alt=\"\" srcset=\"https:\/\/answear.hu\/blog\/wp-content\/uploads\/2023\/04\/5-1043x695.jpg 1043w, https:\/\/answear.hu\/blog\/wp-content\/uploads\/2023\/04\/5-768x512.jpg 768w, https:\/\/answear.hu\/blog\/wp-content\/uploads\/2023\/04\/5-272x182.jpg 272w, https:\/\/answear.hu\/blog\/wp-content\/uploads\/2023\/04\/5.jpg 1536w\" sizes=\"auto, (max-width: 1536px) 100vw, 1536px\" \/><\/figure>\r\n<\/figure>\r\n\r\n\r\n\r\n<h2>Belrinacip\u0151k, nem csak balerin\u00e1knak<\/h2>\r\n\r\n\r\n\r\n<p>Balletcore &#8211; ha k\u00f6veted a mikrotrendeket, ez a sz\u00f3 nem ismeretlen sz\u00e1modra. A balerinacip\u0151k m\u00e1r 2018-ban megjelentek a MiuMiu kifut\u00f3j\u00e1n, de kellett m\u00e9g n\u00e9h\u00e1ny szezon, hogy a trend komolyan kivir\u00e1gozhasson. Ez legink\u00e1bb a Z gener\u00e1ci\u00f3nak k\u00f6sz\u00f6nhet\u0151, akik egyszer\u0171en im\u00e1dj\u00e1k a r\u00e9gi trendeket el\u0151venni \u00e9s viselni, \u00faj m\u00f3don bemutatni azokat. A Mary Jane-st\u00edlus\u00fa balerin\u00e1k, vagyis a p\u00e1nttal ell\u00e1tott balerin\u00e1k egyr\u00e9szt minimalista \u00e9s klasszikus, m\u00e1sr\u00e9szt kiss\u00e9 nosztalgikus hat\u00e1st keltenek. B\u00e1jukat, valamint k\u00e9nyelm\u00fcket nem lehet letagadni. T\u00f6k\u00e9letesen illenek a miniruh\u00e1khoz vagy a bok\u00e1ig \u00e9r\u0151 farmerekhez.<\/p>\r\n\r\n\r\n\r\n<figure class=\"wp-block-gallery has-nested-images columns-default is-cropped wp-block-gallery-4 is-layout-flex wp-block-gallery-is-layout-flex\">\r\n<figure class=\"wp-block-image size-large\"><img loading=\"lazy\" decoding=\"async\" width=\"464\" height=\"695\" data-id=\"16470\" class=\"wp-image-16470\" src=\"https:\/\/answear.hu\/blog\/wp-content\/uploads\/2023\/04\/6.jpg\" alt=\"\" \/><\/figure>\r\n\r\n\r\n\r\n<figure class=\"wp-block-image size-large\"><img loading=\"lazy\" decoding=\"async\" width=\"461\" height=\"695\" data-id=\"16471\" class=\"wp-image-16471\" src=\"https:\/\/answear.hu\/blog\/wp-content\/uploads\/2023\/04\/7.jpg\" alt=\"\" \/><\/figure>\r\n<\/figure>\r\n\r\n\r\n\r\n<h2>A hal\u00e1szsapka m\u00e1sodik \u00e9lete<\/h2>\r\n\r\n\r\n\r\n<p>B\u00e1r \u00fagy t\u0171nhet, hogy a hal\u00e1szsapk\u00e1k kora lej\u00e1rt, a l\u00e1tszat csal. Az \u0151r\u00fclt &#8217;90-es \u00e9vekhez \u00e9s a horg\u00e1szt\u00far\u00e1khoz kapcsol\u00f3d\u00f3 kieg\u00e9sz\u00edt\u0151 m\u00e9g marad vel\u00fcnk \u00e9s ez egy j\u00f3 alkalom arra, hogy megpr\u00f3b\u00e1ljuk megszeretni. A minden nyaral\u00e1son k\u00f6telez\u0151 darab, id\u00e9n tavasszal meglep\u0151 form\u00e1kat \u00f6lt. Nyomottmint\u00e1s pamut, farmer \u00e9s kordb\u00e1rsony, horgolt, fonott, steppelt \u00e9s nem utols\u00f3sorban kontrasztos csipke \u00e9s t\u00fcll\u2026 ezek egyt\u0151l-egyig a sapka karim\u00e1j\u00e1t d\u00edsz\u00edthetik. Van mib\u0151l v\u00e1logatni.<\/p>\r\n\r\n\r\n\r\n<figure class=\"wp-block-gallery has-nested-images columns-default is-cropped wp-block-gallery-5 is-layout-flex wp-block-gallery-is-layout-flex\">\r\n<figure class=\"wp-block-image size-large\"><img loading=\"lazy\" decoding=\"async\" width=\"461\" height=\"695\" data-id=\"16472\" class=\"wp-image-16472\" src=\"https:\/\/answear.hu\/blog\/wp-content\/uploads\/2023\/04\/8.jpg\" alt=\"\" \/><\/figure>\r\n\r\n\r\n\r\n<figure class=\"wp-block-image size-large\"><img loading=\"lazy\" decoding=\"async\" width=\"461\" height=\"695\" data-id=\"16473\" class=\"wp-image-16473\" src=\"https:\/\/answear.hu\/blog\/wp-content\/uploads\/2023\/04\/9.jpg\" alt=\"\" \/><\/figure>\r\n<\/figure>\r\n","protected":false},"excerpt":{"rendered":"<p><span class=\"span-reading-time rt-reading-time\" style=\"display: block;\"><span class=\"rt-label rt-prefix\">Olvasd el, csak <\/span> <span class=\"rt-time\"> 3<\/span> <span class=\"rt-label rt-postfix\">perc<\/span><\/span>Az apr\u00f3 dolgok nagy v\u00e1ltoz\u00e1st hozhatnak. Ahogy bel\u00e9p\u00fcnk egy \u00faj szezonba, ki vagyunk \u00e9hezve az \u00fajdons\u00e1gokra. Odafigyel\u00fcnk a r\u00e9szletekre, \u00e9lvezz\u00fck a sz\u00edneket \u00e9s az \u00faj, inspir\u00e1l\u00f3 form\u00e1kat, k\u00f6zt\u00fck azokat is, amik v\u00e1ltozatoss\u00e1 tesznek egy megjelen\u00e9st. \u00cdme 5 rendhagy\u00f3 tavaszi kieg\u00e9sz\u00edt\u0151, egyenesen a kifut\u00f3r\u00f3l. Megmutatjuk a top divatm\u00e1rk\u00e1k legforr\u00f3bb v\u00e1laszt\u00e1sait.<\/p>\n","protected":false},"author":35,"featured_media":16462,"comment_status":"closed","ping_status":"closed","sticky":false,"template":"","format":"standard","meta":{"footnotes":""},"categories":[686],"tags":[749,1015,892,1414,1007,1133,1073],"class_list":["post-16461","post","type-post","status-publish","format-standard","has-post-thumbnail","hentry","category-trendek","tag-trend","tag-cipo","tag-divat","tag-kiegeszito","tag-napszemuveg","tag-ruha","tag-sneaker"],"_links":{"self":[{"href":"https:\/\/answear.hu\/blog\/wp-json\/wp\/v2\/posts\/16461","targetHints":{"allow":["GET"]}}],"collection":[{"href":"https:\/\/answear.hu\/blog\/wp-json\/wp\/v2\/posts"}],"about":[{"href":"https:\/\/answear.hu\/blog\/wp-json\/wp\/v2\/types\/post"}],"author":[{"embeddable":true,"href":"https:\/\/answear.hu\/blog\/wp-json\/wp\/v2\/users\/35"}],"replies":[{"embeddable":true,"href":"https:\/\/answear.hu\/blog\/wp-json\/wp\/v2\/comments?post=16461"}],"version-history":[{"count":3,"href":"https:\/\/answear.hu\/blog\/wp-json\/wp\/v2\/posts\/16461\/revisions"}],"predecessor-version":[{"id":16475,"href":"https:\/\/answear.hu\/blog\/wp-json\/wp\/v2\/posts\/16461\/revisions\/16475"}],"wp:featuredmedia":[{"embeddable":true,"href":"https:\/\/answear.hu\/blog\/wp-json\/wp\/v2\/media\/16462"}],"wp:attachment":[{"href":"https:\/\/answear.hu\/blog\/wp-json\/wp\/v2\/media?parent=16461"}],"wp:term":[{"taxonomy":"category","embeddable":true,"href":"https:\/\/answear.hu\/blog\/wp-json\/wp\/v2\/categories?post=16461"},{"taxonomy":"post_tag","embeddable":true,"href":"https:\/\/answear.hu\/blog\/wp-json\/wp\/v2\/tags?post=16461"}],"curies":[{"name":"wp","href":"https:\/\/api.w.org\/{rel}","templated":true}]}}