{"id":16288,"date":"2022-10-20T15:23:52","date_gmt":"2022-10-20T13:23:52","guid":{"rendered":"https:\/\/answear.hu\/blog\/?p=16288"},"modified":"2022-10-20T15:23:52","modified_gmt":"2022-10-20T13:23:52","slug":"a-2022-es-oszi-szezon-legdivatosabb-cipoi","status":"publish","type":"post","link":"https:\/\/answear.hu\/blog\/a-2022-es-oszi-szezon-legdivatosabb-cipoi\/16288","title":{"rendered":"A 2022-es \u0151szi szezon legdivatosabb cip\u0151i"},"content":{"rendered":"<span class=\"span-reading-time rt-reading-time\" style=\"display: block;\"><span class=\"rt-label rt-prefix\">Olvasd el, csak <\/span> <span class=\"rt-time\"> 3<\/span> <span class=\"rt-label rt-postfix\">perc<\/span><\/span><p><strong>Eleg\u00e1ns vagy alkalmi, n\u00e9pies vagy retr\u00f3 &#8211; a 2022-es \u0151szi szezon legdivatosabb cip\u0151i m\u00e9g azok elv\u00e1r\u00e1sait is fel\u00fclm\u00falj\u00e1k, akik a divatban nem egy\u00e9rtelm\u0171 megold\u00e1sokat keresnek. \u00cdme az idei szezon 5 legk\u00edv\u00e1natosabb modellje.<\/strong><\/p>\n<p><!--more--><\/p>\n<p>A szand\u00e1lokat, papucsokat \u00e9s tornacip\u0151ket lassan elpakoljuk a szekr\u00e9nybe, de n\u00e9h\u00e1ny h\u00f3nap m\u00falva, a tavasz els\u0151 napsugaraival \u00fajra \u00fcdv\u00f6z\u00f6lhetj\u00fck \u0151ket. Most a magas \u00e9s t\u00f6rpe sark\u00fa, az alacsony \u00e9s hossz\u00fa sz\u00e1r\u00fa csizm\u00e1k, a bakancsok \u00e9s k\u00fcl\u00f6nf\u00e9le t\u00e9li fazonok l\u00e9pnek a p\u00e1ly\u00e1ra. A szezon v\u00e1ltozatos lesz, hol klasszikus, hol praktikus, lesz benne k\u00e9nyelmes \u00e9s k\u00e9nyelmetlen megold\u00e1s is. A vezet\u0151 trendek k\u00f6z\u00fcl v\u00e1logattunk nektek n\u00e9h\u00e1nyat, mutatjuk a tuti befut\u00f3kat.<\/p>\n<h2>Preppy st\u00edlus<\/h2>\n<p>Nincs \u00faj a nap alatt, ha \u0151sz, akkor ir\u00e1ny az iskola. Az Oxford \u00e9s Harvard egyetem falai k\u00f6z\u00fcl a mokaszinek, a lord \u00e9s oxford cip\u0151k mutatkoznak be els\u0151k\u00e9nt, nem felt\u00e9tlen\u00fcl egyenruh\u00e1val kombin\u00e1lva. Lapos talppal vagy alacsony platformmal (ami egy m\u00e1sik itt eml\u00edtett trendhez kapcsol\u00f3dik), kieg\u00e9sz\u00edtik az \u0151szi bl\u00e9zer-nadr\u00e1g komb\u00f3t, a cs\u00edkos ruh\u00e1kat \u00e9s a laza farmereket. Mind a klasszikus &#8211; fekete \u00e9s barna &#8211; \u00e1rnyalat\u00fa modellek, mind a sz\u00ednes lakkb\u0151rb\u0151l k\u00e9sz\u00fclt diz\u00e1jner verzi\u00f3k igen n\u00e9pszer\u0171ek. Figyelem, ha fel akarod dobni a megjelen\u00e9sedet, kombin\u00e1ld a r\u00e9gim\u00f3di mokaszineket sz\u00ednes zoknival.<\/p>\n<p><img loading=\"lazy\" decoding=\"async\" class=\"alignnone size-full wp-image-16289\" src=\"https:\/\/answear.hu\/blog\/wp-content\/uploads\/2022\/10\/1.jpg\" alt=\"\" width=\"1000\" height=\"666\" srcset=\"https:\/\/answear.hu\/blog\/wp-content\/uploads\/2022\/10\/1.jpg 1000w, https:\/\/answear.hu\/blog\/wp-content\/uploads\/2022\/10\/1-768x511.jpg 768w, https:\/\/answear.hu\/blog\/wp-content\/uploads\/2022\/10\/1-272x182.jpg 272w\" sizes=\"auto, (max-width: 1000px) 100vw, 1000px\" \/><\/p>\n<h2>A hegyes orr visszat\u00e9r\u00e9se<\/h2>\n<p>Magas sarok + hegyes orr. Ez a kombin\u00e1ci\u00f3 \u00f6r\u00f6k\u00e9rv\u00e9ny\u0171nek t\u0171nik, \u00edgy id\u00e9n \u0151sszel visszat\u00e9r\u00fcnk ehhez a trendhez, ami k\u00fcl\u00f6n\u00f6sen a 2000-es \u00e9vekben volt nagy sl\u00e1ger. A sarok magass\u00e1ga itt nem igaz\u00e1n sz\u00e1m\u00edt, lehet lapos vagy igaz\u00e1n magas, 8 + cm is. \u00a0Ami sz\u00e1m\u00edt, az a cip\u0151 fels\u0151 r\u00e9sze, a jellegzetes cs\u00facsban v\u00e9gz\u0151d\u0151 orr, ami meghosszabb\u00edtja a l\u00e1bat \u00e9s karaktert k\u00f6lcs\u00f6n\u00f6z b\u00e1rmilyen modellnek. De ne hagyd, hogy a forma megvezessen. \u0150sszel sem lehet\u00fcnk unalmasak \u2013 tudod, j\u00f6nnek majd a kar\u00e1csonyi \u00e9s szilveszteri partik is &#8211; \u00a0ez\u00e9rt a hegyes orr nem el\u00e9g, kell egy kis extra, p\u00e9ld\u00e1ul a leop\u00e1rdminta vagy k\u00f6vekkel kirakott csat, szat\u00e9nf\u00e9ny\u0171 anyag vagy barokkos sarok, esetleg \u00e1tl\u00e1tsz\u00f3 p\u00e1ntok&#8230; ezek egyt\u0151l-egyig st\u00edlusos \u00e9s k\u00fcl\u00f6nleges megjelen\u00e9st k\u00f6lcs\u00f6n\u00f6zhetnek.<\/p>\n<p><img loading=\"lazy\" decoding=\"async\" class=\"alignnone size-medium wp-image-16290\" src=\"https:\/\/answear.hu\/blog\/wp-content\/uploads\/2022\/10\/2-1043x695.jpg\" alt=\"\" width=\"1043\" height=\"695\" srcset=\"https:\/\/answear.hu\/blog\/wp-content\/uploads\/2022\/10\/2-1043x695.jpg 1043w, https:\/\/answear.hu\/blog\/wp-content\/uploads\/2022\/10\/2-768x512.jpg 768w, https:\/\/answear.hu\/blog\/wp-content\/uploads\/2022\/10\/2-272x182.jpg 272w, https:\/\/answear.hu\/blog\/wp-content\/uploads\/2022\/10\/2.jpg 1500w\" sizes=\"auto, (max-width: 1043px) 100vw, 1043px\" \/><\/p>\n<h2>A musk\u00e9t\u00e1sok klubja<\/h2>\n<p>Hossz\u00fa sz\u00e1r&#8230; nem csak Rihanna gyeng\u00e9je a t\u00e9rdig \u00e9r\u0151 csizm\u00e1k. T\u00f6bb szezonra elt\u0171ntek ezek a fazonok, most diadalmasan visszat\u00e9rnek sz\u0171k, l\u00e1bra simul\u00f3 fazonban \u00e9s oversize verzi\u00f3kban is. Magas sark\u00fa vagy lapos talp\u00fa, mindegy, m\u00e9lt\u00f3 t\u00e1rs lesz az \u0151szi kalandoknak (\u00e9s remek v\u00e9delem az es\u0151 ellen). Kombin\u00e1lhatjuk \u0151ket r\u00f6vidnadr\u00e1ggal, miniszokny\u00e1val \u00e9s m\u00e9lyen kiv\u00e1gott ruh\u00e1kkal is.<\/p>\n<p><img loading=\"lazy\" decoding=\"async\" class=\"alignnone size-full wp-image-16291\" src=\"https:\/\/answear.hu\/blog\/wp-content\/uploads\/2022\/10\/3.jpg\" alt=\"\" width=\"920\" height=\"690\" srcset=\"https:\/\/answear.hu\/blog\/wp-content\/uploads\/2022\/10\/3.jpg 920w, https:\/\/answear.hu\/blog\/wp-content\/uploads\/2022\/10\/3-768x576.jpg 768w\" sizes=\"auto, (max-width: 920px) 100vw, 920px\" \/><\/p>\n<h2>F\u00f3kusz a talpon<\/h2>\n<p>A 70-es \u00e9s kilencvenes \u00e9vek diszk\u00f3eszt\u00e9tik\u00e1ja t\u00e9r vissza, platformok form\u00e1j\u00e1ban. Massz\u00edv talp\u00fa csizm\u00e1k \u00e9s bakancsok viszik a pr\u00edmet, valamint p\u00e9ld\u00e1ul bulikba t\u00f6k\u00e9letes vel\u00far szand\u00e1lok egyar\u00e1nt megtal\u00e1lhat\u00f3k a kollekci\u00f3kban. Ezek a l\u00e1bbelik t\u00f6k\u00e9letesen passzolnak a kiv\u00e1gott nadr\u00e1g trendhez.<\/p>\n<p><img loading=\"lazy\" decoding=\"async\" class=\"alignnone size-medium wp-image-16292\" src=\"https:\/\/answear.hu\/blog\/wp-content\/uploads\/2022\/10\/4-1041x695.jpg\" alt=\"\" width=\"1041\" height=\"695\" srcset=\"https:\/\/answear.hu\/blog\/wp-content\/uploads\/2022\/10\/4-1041x695.jpg 1041w, https:\/\/answear.hu\/blog\/wp-content\/uploads\/2022\/10\/4-768x513.jpg 768w, https:\/\/answear.hu\/blog\/wp-content\/uploads\/2022\/10\/4-272x182.jpg 272w, https:\/\/answear.hu\/blog\/wp-content\/uploads\/2022\/10\/4.jpg 1536w\" sizes=\"auto, (max-width: 1041px) 100vw, 1041px\" \/><\/p>\n<h2>Vadnyugati st\u00edlus<\/h2>\n<p>A 2022-es trendek k\u00f6z\u00fcl nem hi\u00e1nyozhatnak a cowboy csizm\u00e1k. Az egyenesen Texasb\u00f3l \u00e9rkez\u0151 csizm\u00e1k azoknak a n\u0151knek fognak tetszeni, akik a klasszikus Chelsea csizm\u00e1k alternat\u00edv\u00e1j\u00e1ra v\u00e1gynak. K\u00f6nnyed folkos be\u00fct\u00e9s\u00fckkell remek kieg\u00e9sz\u00edt\u0151i a farmereknek, a feh\u00e9r ingnek \u00e9s a b\u0151rdzsekinek. A tipikus cowboy csizm\u00e1k mellett l\u00e9teznek western v\u00e1ltozatok is, amiket csak azoknak aj\u00e1nlunk, akik al\u00f3ban tudj\u00e1k az ilyen extr\u00e9m darabokat viselni.<\/p>\n<p><img loading=\"lazy\" decoding=\"async\" class=\"alignnone size-full wp-image-16293\" src=\"https:\/\/answear.hu\/blog\/wp-content\/uploads\/2022\/10\/5.jpg\" alt=\"\" width=\"1000\" height=\"667\" srcset=\"https:\/\/answear.hu\/blog\/wp-content\/uploads\/2022\/10\/5.jpg 1000w, https:\/\/answear.hu\/blog\/wp-content\/uploads\/2022\/10\/5-768x512.jpg 768w, https:\/\/answear.hu\/blog\/wp-content\/uploads\/2022\/10\/5-272x182.jpg 272w\" sizes=\"auto, (max-width: 1000px) 100vw, 1000px\" \/><\/p>\n","protected":false},"excerpt":{"rendered":"<p><span class=\"span-reading-time rt-reading-time\" style=\"display: block;\"><span class=\"rt-label rt-prefix\">Olvasd el, csak <\/span> <span class=\"rt-time\"> 3<\/span> <span class=\"rt-label rt-postfix\">perc<\/span><\/span>Eleg\u00e1ns vagy alkalmi, n\u00e9pies vagy retr\u00f3 &#8211; a 2022-es \u0151szi szezon legdivatosabb cip\u0151i m\u00e9g azok elv\u00e1r\u00e1sait is fel\u00fclm\u00falj\u00e1k, akik a divatban nem egy\u00e9rtelm\u0171 megold\u00e1sokat keresnek. \u00cdme az idei szezon 5 legk\u00edv\u00e1natosabb modellje.<\/p>\n","protected":false},"author":35,"featured_media":16294,"comment_status":"closed","ping_status":"closed","sticky":false,"template":"","format":"standard","meta":{"footnotes":""},"categories":[686],"tags":[749,2180,1015,2179,2066,1073,2178],"class_list":["post-16288","post","type-post","status-publish","format-standard","has-post-thumbnail","hentry","category-trendek","tag-trend","tag-bokacsizma","tag-cipo","tag-csizmal","tag-olcso-cipo","tag-sneaker","tag-trendi-cipok"],"_links":{"self":[{"href":"https:\/\/answear.hu\/blog\/wp-json\/wp\/v2\/posts\/16288","targetHints":{"allow":["GET"]}}],"collection":[{"href":"https:\/\/answear.hu\/blog\/wp-json\/wp\/v2\/posts"}],"about":[{"href":"https:\/\/answear.hu\/blog\/wp-json\/wp\/v2\/types\/post"}],"author":[{"embeddable":true,"href":"https:\/\/answear.hu\/blog\/wp-json\/wp\/v2\/users\/35"}],"replies":[{"embeddable":true,"href":"https:\/\/answear.hu\/blog\/wp-json\/wp\/v2\/comments?post=16288"}],"version-history":[{"count":2,"href":"https:\/\/answear.hu\/blog\/wp-json\/wp\/v2\/posts\/16288\/revisions"}],"predecessor-version":[{"id":16298,"href":"https:\/\/answear.hu\/blog\/wp-json\/wp\/v2\/posts\/16288\/revisions\/16298"}],"wp:featuredmedia":[{"embeddable":true,"href":"https:\/\/answear.hu\/blog\/wp-json\/wp\/v2\/media\/16294"}],"wp:attachment":[{"href":"https:\/\/answear.hu\/blog\/wp-json\/wp\/v2\/media?parent=16288"}],"wp:term":[{"taxonomy":"category","embeddable":true,"href":"https:\/\/answear.hu\/blog\/wp-json\/wp\/v2\/categories?post=16288"},{"taxonomy":"post_tag","embeddable":true,"href":"https:\/\/answear.hu\/blog\/wp-json\/wp\/v2\/tags?post=16288"}],"curies":[{"name":"wp","href":"https:\/\/api.w.org\/{rel}","templated":true}]}}