{"id":16224,"date":"2022-08-22T11:18:09","date_gmt":"2022-08-22T09:18:09","guid":{"rendered":"https:\/\/answear.hu\/blog\/?p=16224"},"modified":"2022-08-22T11:19:02","modified_gmt":"2022-08-22T09:19:02","slug":"a-luxus-diszkret-baja-az-ikonikus-markak-legszebb-napszemuvegei","status":"publish","type":"post","link":"https:\/\/answear.hu\/blog\/a-luxus-diszkret-baja-az-ikonikus-markak-legszebb-napszemuvegei\/16224","title":{"rendered":"A luxus diszkr\u00e9t b\u00e1ja &#8211; az ikonikus m\u00e1rk\u00e1k legszebb napszem\u00fcvegei"},"content":{"rendered":"<span class=\"span-reading-time rt-reading-time\" style=\"display: block;\"><span class=\"rt-label rt-prefix\">Olvasd el, csak <\/span> <span class=\"rt-time\"> 3<\/span> <span class=\"rt-label rt-postfix\">perc<\/span><\/span><p><strong> Jav\u00e1ban tombol a ny\u00e1r, h\u00e9t \u00e1gra s\u00fct a nap. Dobd fel \u00f6lt\u00f6z\u00e9ked egy luxus, log\u00f3s napszem\u00fcveggel. A h\u00edres high fashion m\u00e1rk\u00e1k meg\u00e9rkeztek k\u00edn\u00e1latunkba.<\/strong><!--more--><\/p>\r\n<h2>Chlo\u00e9<\/h2>\r\n<p>A m\u00e1rka t\u00f6rt\u00e9nete eg\u00e9szen 1952-ig ny\u00falik vissza. A Gaby Aghion \u00e1ltal alap\u00edtott divath\u00e1z Ready-To-Wear term\u00e9keket k\u00edn\u00e1lt, amik \u00fajdons\u00e1gnak sz\u00e1m\u00edtottak a high fashion vil\u00e1g\u00e1ban. Nem csoda, hogy a m\u00e1rka gyorsan n\u00e9pszer\u0171v\u00e9 v\u00e1lt a felt\u00f6rekv\u0151 fiatal n\u0151k k\u00f6r\u00e9ben, akik sikerre v\u00e1gynak egy v\u00e1ltoz\u00f3 vil\u00e1gban. Csillog\u00e1s \u00e9s vag\u00e1nys\u00e1g &#8211; a francia divath\u00e1z romantikus darabjait t\u00f6bbek k\u00f6z\u00f6tt Grace Kelly, Brigitte Bardot \u00e9s Jackie Kennedy is viselte. A Chlo\u00e9 DNS-e t\u00f6bb \u00e9vtizeden \u00e1t v\u00e1ltozatlan maradt, \u00e9s a m\u00e1rka jellegzetes &#8222;l\u00e1nyos&#8221; diz\u00e1jnja visszak\u00f6sz\u00f6n napszem\u00fcveg kollekci\u00f3jukban is. A finom form\u00e1kt\u00f3l a mer\u00e9sz, t\u00falm\u00e9retezett vonalakig minden egyes keret a m\u00e1rka prec\u00edz tervez\u00e9s\u00e9t \u00e9s k\u00e9zm\u0171ves kivitelez\u00e9s\u00e9t p\u00e9ld\u00e1zza. A k\u00f6nny\u0171 kivitelez\u00e9st \u00e9s a kifinomult text\u00far\u00e1kat f\u00e9nyes, gradiens \u00e1rnyalatok eg\u00e9sz\u00edtik ki, \u00edgy a kollekci\u00f3 egyben n\u0151ies \u00e9s mer\u00e9sz.<\/p>\r\n<p><a class=\"wp-block-button__link\" href=\"https:\/\/answear.hu\/m\/chloe?nem=N%C5%91i\" target=\"_blank\" rel=\"noopener\">Fedezd fel a Chlo\u00e9 m\u00e1rk\u00e1t!<\/a><\/p>\r\n<p><img loading=\"lazy\" decoding=\"async\" class=\"alignnone size-full wp-image-16231\" src=\"https:\/\/answear.hu\/blog\/wp-content\/uploads\/2022\/08\/chloe.jpg\" alt=\"\" width=\"1043\" height=\"695\" srcset=\"https:\/\/answear.hu\/blog\/wp-content\/uploads\/2022\/08\/chloe.jpg 1043w, https:\/\/answear.hu\/blog\/wp-content\/uploads\/2022\/08\/chloe-768x512.jpg 768w, https:\/\/answear.hu\/blog\/wp-content\/uploads\/2022\/08\/chloe-272x182.jpg 272w\" sizes=\"auto, (max-width: 1043px) 100vw, 1043px\" \/><\/p>\r\n<h2>Balenciaga<\/h2>\r\n<p>A Balenciaga egy luxus divath\u00e1z, amelyet 1919-ben Crist\u00f3bal Balenciaga alap\u00edtott Spanyolorsz\u00e1gban. Alap\u00edt\u00f3ja szak\u00edtott a megszokottal \u00e9s kompromisszumok n\u00e9lk\u00fcl \u00faj hat\u00e1rokat szabott a divat vil\u00e1g\u00e1ban. Ma ezt a hagyom\u00e1nyt Demna Gvasalia kreat\u00edv igazgat\u00f3 viszi tov\u00e1bb. A Balenciaga a saj\u00e1t nem\u00e9ben egy k\u00edv\u00e1natos, kultikus \u00e9s kifejez\u0151 m\u00e1rka, amelyben a futurizmus keveredik a retr\u00f3val, Cristobal arch\u00edv projektjeihez ny\u00falva. Olyan vil\u00e1gszt\u00e1rok viselik a m\u00e1rka darabjait, mint Kim Kardashian, Nicole Kidman, Dua Lipa \u00e9s Bella Hadid. A divath\u00e1z jellegzetes log\u00f3j\u00e1val ell\u00e1tott szem\u00fcvegeket a felt\u0171nni szeret\u0151 individualist\u00e1k im\u00e1dj\u00e1k, nem is csoda, \u00a0ezeket a futurisztikus cat-eye fazonokat nem lehet sz\u00f3 n\u00e9lk\u00fcl hagyni.<\/p>\r\n<p><a class=\"wp-block-button__link\" href=\"https:\/\/answear.hu\/m\/balenciaga?nem=N%C5%91i\" target=\"_blank\" rel=\"noopener\">Fedezd fel a Balenciaga m\u00e1rk\u00e1t!<\/a><\/p>\r\n<p><img loading=\"lazy\" decoding=\"async\" class=\"alignnone size-full wp-image-16234\" src=\"https:\/\/answear.hu\/blog\/wp-content\/uploads\/2022\/08\/b.jpg\" alt=\"\" width=\"1043\" height=\"695\" srcset=\"https:\/\/answear.hu\/blog\/wp-content\/uploads\/2022\/08\/b.jpg 1043w, https:\/\/answear.hu\/blog\/wp-content\/uploads\/2022\/08\/b-768x512.jpg 768w, https:\/\/answear.hu\/blog\/wp-content\/uploads\/2022\/08\/b-272x182.jpg 272w\" sizes=\"auto, (max-width: 1043px) 100vw, 1043px\" \/><\/p>\r\n<h2>Bottega Veneta<\/h2>\r\n<p>Az ezredfordul\u00f3sok \u00e9s a Z gener\u00e1ci\u00f3 \u00e1ltal kedvelt m\u00e1rk\u00e1t Olaszorsz\u00e1gban alap\u00edtott\u00e1k, \u00e9s kezdetben kiz\u00e1r\u00f3lag b\u0151r\u00e1ruk gy\u00e1rt\u00e1s\u00e1ra \u00f6sszpontos\u00edtott. B\u00e1r 1966 \u00f3ta l\u00e9tezik, jelenlegi n\u00e9pszer\u0171s\u00e9g\u00e9t Daniel Lee kor\u00e1bbi kreat\u00edv igazgat\u00f3nak k\u00f6sz\u00f6nheti, aki \u00fajra\u00e9rtelmezte a klasszikusokat \u00e9s fel\u00e9bresztette a szunnyad\u00f3 \u00f3ri\u00e1st, ahogy a m\u00e1rka szokta jellemezni. A f\u0171z\u00f6ld pufit\u00e1ska, a fonott Cassette k\u00e9zit\u00e1ska \u00e9s a vastag talp\u00fa r\u00f6vid gumicsizma csak n\u00e9h\u00e1ny kedvenc a m\u00e1rka \u00e1ltal az elm\u00falt szezonokban piacra dobott darabok k\u00f6z\u00fcl. Val\u00f3sz\u00edn\u0171leg \u2013 ak\u00e1r l\u00e1tatlanban &#8211; te is tudod mely darabokrol van sz\u00f3, hisz a legt\u00f6bb divatmagazinban \u00e9s az influenszerek \u00f6ssze\u00e1ll\u00edt\u00e1saiban is megjelentek. Mit sz\u00f3ln\u00e1l napjaink egyik legn\u00e9pszer\u0171bb divath\u00e1z\u00e1nak log\u00f3j\u00e1val ell\u00e1tott szem\u00fcveghez?<\/p>\r\n<p><a class=\"wp-block-button__link\" href=\"https:\/\/answear.hu\/m\/bottega-veneta?nem=N%C5%91i\" target=\"_blank\" rel=\"noopener\">Fedezd fel a Bottega Veneta m\u00e1rk\u00e1t!<\/a><\/p>\r\n<p><img loading=\"lazy\" decoding=\"async\" class=\"alignnone size-full wp-image-16233\" src=\"https:\/\/answear.hu\/blog\/wp-content\/uploads\/2022\/08\/BTV_SS22_horizontal7-1043x695-1.jpg\" alt=\"\" width=\"1043\" height=\"695\" srcset=\"https:\/\/answear.hu\/blog\/wp-content\/uploads\/2022\/08\/BTV_SS22_horizontal7-1043x695-1.jpg 1043w, https:\/\/answear.hu\/blog\/wp-content\/uploads\/2022\/08\/BTV_SS22_horizontal7-1043x695-1-768x512.jpg 768w, https:\/\/answear.hu\/blog\/wp-content\/uploads\/2022\/08\/BTV_SS22_horizontal7-1043x695-1-272x182.jpg 272w\" sizes=\"auto, (max-width: 1043px) 100vw, 1043px\" \/><\/p>\r\n<h2>Gucci<\/h2>\r\n<p>Ez az olasz divath\u00e1z egyedi \u00e9s tele van sz\u00ednes diz\u00e1jnokkal &#8211; csak\u00fagy, mint a t\u00f6rt\u00e9nete, tele fordulatokkal. B\u00e1r ma m\u00e1r nem a h\u00edres Gucci csal\u00e1d kez\u00e9ben van, sikere t\u00f6retlen \u00e9s n\u0151k ezreit ejti rabul csod\u00e1latos st\u00edlus\u00e1val. Alessandro Michele alatt a Gucci eklektikus, excentrikus \u00e9s hat\u00e1rokon \u00e1tny\u00fal\u00f3 m\u00e1rk\u00e1v\u00e1 n\u0151tte ki mag\u00e1t. A t\u00f6rt\u00e9nelmi utal\u00e1sok keverednek a fant\u00e1zi\u00e1val, az \u00e1lom val\u00f3s\u00e1gg\u00e1 v\u00e1lik, \u00e9s a kort\u00e1rs k\u00e9preg\u00e9nyek ugyanolyan j\u00f3 inspir\u00e1ci\u00f3s forr\u00e1ss\u00e1 v\u00e1lnak, mint a nagybet\u0171s fest\u00e9szet. Viktori\u00e1nus st\u00edlus, rock&#8217;n&#8217;roll utal\u00e1sok, horgolt anyagok, mese\u00e1llatok, klasszikusok \u2013 ez mind-mind a Gucci \u0151r\u00fcletes vil\u00e1ga.<\/p>\r\n<p><a class=\"wp-block-button__link\" href=\"https:\/\/answear.hu\/m\/gucci?nem=N%C5%91i\" target=\"_blank\" rel=\"noopener\">Fedezd fel a Gucci m\u00e1rk\u00e1t!<\/a><\/p>\r\n<!-- \/wp:post-content -->\r\n\r\n<!-- wp:buttons -->\r\n<div class=\"wp-block-buttons\"><!-- wp:button {\"className\":\"is-style-outline\"} -->\r\n<div class=\"wp-block-button is-style-outline\">\u00a0<\/div>\r\n<!-- \/wp:button --><\/div>\r\n<!-- \/wp:buttons -->\r\n\r\n<!-- wp:buttons -->\r\n<div class=\"wp-block-buttons\"><!-- wp:button {\"className\":\"wp-block-button is-style-outline\"} -->\r\n<div class=\"wp-block-button is-style-outline\"><img loading=\"lazy\" decoding=\"async\" class=\"alignnone size-full wp-image-16232\" src=\"https:\/\/answear.hu\/blog\/wp-content\/uploads\/2022\/08\/GUC_SS22_MAIN_horizontal_nologo-1022x695-1.jpg\" alt=\"\" width=\"1022\" height=\"695\" srcset=\"https:\/\/answear.hu\/blog\/wp-content\/uploads\/2022\/08\/GUC_SS22_MAIN_horizontal_nologo-1022x695-1.jpg 1022w, https:\/\/answear.hu\/blog\/wp-content\/uploads\/2022\/08\/GUC_SS22_MAIN_horizontal_nologo-1022x695-1-768x522.jpg 768w\" sizes=\"auto, (max-width: 1022px) 100vw, 1022px\" \/><\/div>\r\n<!-- \/wp:button --><\/div>\r\n<!-- \/wp:buttons -->\r\n\r\n<!-- wp:paragraph -->\r\n<p>&nbsp;<\/p>\r\n<!-- \/wp:paragraph -->","protected":false},"excerpt":{"rendered":"<p><span class=\"span-reading-time rt-reading-time\" style=\"display: block;\"><span class=\"rt-label rt-prefix\">Olvasd el, csak <\/span> <span class=\"rt-time\"> 3<\/span> <span class=\"rt-label rt-postfix\">perc<\/span><\/span>Jav\u00e1ban tombol a ny\u00e1r, h\u00e9t \u00e1gra s\u00fct a nap. Dobd fel \u00f6lt\u00f6z\u00e9ked egy luxus, log\u00f3s napszem\u00fcveggel. A h\u00edres high fashion m\u00e1rk\u00e1k meg\u00e9rkeztek k\u00edn\u00e1latunkba.<\/p>\n","protected":false},"author":35,"featured_media":16236,"comment_status":"closed","ping_status":"closed","sticky":false,"template":"","format":"standard","meta":{"footnotes":""},"categories":[686],"tags":[2167,2170,2169,2168,1672,2166,1007,2165,2164],"class_list":["post-16224","post","type-post","status-publish","format-standard","has-post-thumbnail","hentry","category-trendek","tag-balenciga","tag-bottega","tag-bottega-veneta","tag-chloe","tag-gucci","tag-luxus-marka","tag-napszemuveg","tag-stiilus","tag-sunglass"],"_links":{"self":[{"href":"https:\/\/answear.hu\/blog\/wp-json\/wp\/v2\/posts\/16224","targetHints":{"allow":["GET"]}}],"collection":[{"href":"https:\/\/answear.hu\/blog\/wp-json\/wp\/v2\/posts"}],"about":[{"href":"https:\/\/answear.hu\/blog\/wp-json\/wp\/v2\/types\/post"}],"author":[{"embeddable":true,"href":"https:\/\/answear.hu\/blog\/wp-json\/wp\/v2\/users\/35"}],"replies":[{"embeddable":true,"href":"https:\/\/answear.hu\/blog\/wp-json\/wp\/v2\/comments?post=16224"}],"version-history":[{"count":6,"href":"https:\/\/answear.hu\/blog\/wp-json\/wp\/v2\/posts\/16224\/revisions"}],"predecessor-version":[{"id":16235,"href":"https:\/\/answear.hu\/blog\/wp-json\/wp\/v2\/posts\/16224\/revisions\/16235"}],"wp:featuredmedia":[{"embeddable":true,"href":"https:\/\/answear.hu\/blog\/wp-json\/wp\/v2\/media\/16236"}],"wp:attachment":[{"href":"https:\/\/answear.hu\/blog\/wp-json\/wp\/v2\/media?parent=16224"}],"wp:term":[{"taxonomy":"category","embeddable":true,"href":"https:\/\/answear.hu\/blog\/wp-json\/wp\/v2\/categories?post=16224"},{"taxonomy":"post_tag","embeddable":true,"href":"https:\/\/answear.hu\/blog\/wp-json\/wp\/v2\/tags?post=16224"}],"curies":[{"name":"wp","href":"https:\/\/api.w.org\/{rel}","templated":true}]}}