{"id":16186,"date":"2022-07-17T08:38:37","date_gmt":"2022-07-17T06:38:37","guid":{"rendered":"https:\/\/answear.hu\/blog\/?p=16186"},"modified":"2022-08-23T15:03:04","modified_gmt":"2022-08-23T13:03:04","slug":"mit-diktal-a-2022-es-iskolataska-divat","status":"publish","type":"post","link":"https:\/\/answear.hu\/blog\/mit-diktal-a-2022-es-iskolataska-divat\/16186","title":{"rendered":"Mit dikt\u00e1l a 2022-es iskolat\u00e1ska-divat?"},"content":{"rendered":"<span class=\"span-reading-time rt-reading-time\" style=\"display: block;\"><span class=\"rt-label rt-prefix\">Olvasd el, csak <\/span> <span class=\"rt-time\"> 3<\/span> <span class=\"rt-label rt-postfix\">perc<\/span><\/span><p><strong> Szerencs\u00e9re semmik\u00e9ppen sem tollba mond\u00e1st vagy b\u00e1rmilyen k\u00e9rdezz-felelek alap\u00fa sz\u00e1monk\u00e9r\u00e9st. A trend legink\u00e1bb csak utakat k\u00edn\u00e1l, aj\u00e1nl \u00e9s mutat. Az pedig m\u00e1r csak rajtad \u00e1ll, hogy elnyeri-e b\u00e1rmelyik a tetsz\u00e9sedet. Ha igen, akkor k\u00f6nnyed\u00e9n v\u00e1laszthatod, ha pedig nem, akkor f\u00fcrg\u00e9n tov\u00e1bb\u00e1llhatsz \u00faj lehet\u0151s\u00e9gek ut\u00e1n kutatva. J\u00f6jjenek azok a bizonyos javaslatok, amikr\u0151l azt\u00e1n eld\u00f6ntheted, hogy mennyire k\u00e9zen-, vagyis \u201eh\u00e1tonfekv\u0151ek\u201d.<\/strong><!--more--><\/p>\r\n<h2>A m\u00e1rka a megb\u00edzhat\u00f3s\u00e1g z\u00e1loga?<\/h2>\r\n<p>A m\u00e1rk\u00e1s iskolat\u00e1sk\u00e1k nem v\u00e9letlen\u00fcl annyira n\u00e9pszer\u0171ek. Itt nem egyfajta vakhitr\u0151l vagy olyan, alaptalan m\u00e1rkah\u0171s\u00e9gr\u0151l van sz\u00f3, ami kiz\u00e1r\u00f3lag a n\u00e9vnek sz\u00f3l. Kor\u00e1ntsem. A sportgy\u00e1rt\u00f3 c\u00e9gek az elm\u00falt \u00e9vtizedekben j\u00f3csk\u00e1n letett\u00e9k arra a bizonyos k\u00f6z\u00f6s asztalra azt, amit tudnak, amit k\u00edn\u00e1lnak \u00e9s amire k\u00e9pesek. Nem csek\u00e9lys\u00e9g mindez. Komoly jelent\u0151s\u00e9ggel b\u00edr\u00f3 bizony\u00edt\u00e9kok ezek, amikre biztons\u00e1gos t\u00e1maszkodni. Sz\u00f3val az els\u0151 \u00edratlan j\u00f3 tan\u00e1cs, hogy a min\u0151s\u00e9g prefer\u00e1l\u00e1sa nem v\u00e1lhat kedv k\u00e9rd\u00e9s\u00e9v\u00e9. R\u00e1ad\u00e1sk\u00e9nt ma m\u00e1r az sem mondhat\u00f3, hogy a v\u00e1llalatok a csillagos \u00e9g k\u00f6zel\u00e9ben tal\u00e1lj\u00e1k ki az \u00e1raikat. Ugyanis sokkalta el\u00e9rhet\u0151bbek a term\u00e9kek, mint valaha. \u00dagyhogy \u00e9rdemesek a v\u00e9giggondol\u00e1sra.<\/p>\r\n\r\n<p>Na, de hogy valami eg\u00e9szen konkr\u00e9ttal is el\u0151rukkoljunk, a 2022-es esztend\u0151 a sz\u00ednek \u00e9ve. Hogy ez mit jelent? Azt, hogy a soksz\u00edn\u0171 term\u00e9kek divatja arat \u00e9s h\u00f3d\u00edt. Az \u00e9l\u00e9nkebb \u00e1rnyalatok is teret-helyet kapnak maguknak a palett\u00e1ban. De semmi v\u00e9sz, ha ez nem nyeri el a tetsz\u00e9sedet, akkor sim\u00e1n v\u00e1logathatsz a hagyom\u00e1nyosnak nevezhet\u0151 alternat\u00edv\u00e1k k\u00f6z\u00fcl, l\u00e9v\u00e9n azoknak a trendje m\u00falhatatlan.<\/p>\r\n\r\n\r\n\r\n<p>A <a href=\"https:\/\/answear.hu\/k\/gyerek?kateg%C3%B3ria=H%C3%A1tizs%C3%A1kok&amp;nem=L%C3%A1ny&amp;q=nike\">Nike<\/a> iskolat\u00e1sk\u00e1k \u00e9pp \u00fagy nem fukarkodnak a mot\u00edvumokban \u00e9s mint\u00e1kban, mint mondjuk a <a href=\"https:\/\/answear.hu\/k\/gyerek?q=vans\">Vans<\/a> iskolat\u00e1sk\u00e1k. Egyik m\u00e1rk\u00e1t sem kell v\u00e9lhet\u0151en bemutatnunk a sz\u00e1modra. A <a href=\"https:\/\/answear.hu\/k\/gyerek?q=fila\">Fila<\/a> iskolat\u00e1ska is joggal ide sorolhat\u00f3, amir\u0151l szint\u00e9n nem \u00e9rdemes megfeledkezni. A v\u00e1laszt\u00e9k teh\u00e1t sz\u00e9les spektrumot j\u00e1r be. Az es\u00e9lytelen forgat\u00f3k\u00f6nyv, hogy ne tal\u00e1ln\u00e1l olyan modellt, ami minden elv\u00e1r\u00e1sodnak megfelel. Az egy\u00e9ni krit\u00e9riumokat am\u00fagy c\u00e9lszer\u0171 alaposan k\u00f6r\u00fclj\u00e1rni \u00e9s tiszt\u00e1zni, \u00e9s hozz\u00e1juk szigor\u00faan ragaszkodni, mert \u00edgy a csal\u00f3d\u00e1sok teljes m\u00e9rt\u00e9kben elker\u00fclhet\u0151ek.<\/p>\r\n\r\n\r\n\r\n<figure class=\"wp-block-gallery columns-2 is-cropped wp-block-gallery-1 is-layout-flex wp-block-gallery-is-layout-flex\">\r\n<ul class=\"blocks-gallery-grid\">\r\n<li class=\"blocks-gallery-item\">\r\n<figure><img loading=\"lazy\" decoding=\"async\" width=\"473\" height=\"695\" class=\"wp-image-16191\" src=\"https:\/\/answear.hu\/blog\/wp-content\/uploads\/2022\/07\/2-3-473x695.jpg\" alt=\"\" data-id=\"16191\" data-full-url=\"https:\/\/answear.hu\/blog\/wp-content\/uploads\/2022\/07\/2-3.jpg\" data-link=\"https:\/\/answear.hu\/blog\/?attachment_id=16191\" srcset=\"https:\/\/answear.hu\/blog\/wp-content\/uploads\/2022\/07\/2-3-473x695.jpg 473w, https:\/\/answear.hu\/blog\/wp-content\/uploads\/2022\/07\/2-3-768x1127.jpg 768w, https:\/\/answear.hu\/blog\/wp-content\/uploads\/2022\/07\/2-3.jpg 1000w\" sizes=\"auto, (max-width: 473px) 100vw, 473px\" \/><\/figure>\r\n<\/li>\r\n<li class=\"blocks-gallery-item\">\r\n<figure><img loading=\"lazy\" decoding=\"async\" width=\"464\" height=\"695\" class=\"wp-image-16192\" src=\"https:\/\/answear.hu\/blog\/wp-content\/uploads\/2022\/07\/3-2-464x695.jpg\" alt=\"\" data-id=\"16192\" data-full-url=\"https:\/\/answear.hu\/blog\/wp-content\/uploads\/2022\/07\/3-2.jpg\" data-link=\"https:\/\/answear.hu\/blog\/?attachment_id=16192\" srcset=\"https:\/\/answear.hu\/blog\/wp-content\/uploads\/2022\/07\/3-2-464x695.jpg 464w, https:\/\/answear.hu\/blog\/wp-content\/uploads\/2022\/07\/3-2-768x1150.jpg 768w, https:\/\/answear.hu\/blog\/wp-content\/uploads\/2022\/07\/3-2.jpg 1000w\" sizes=\"auto, (max-width: 464px) 100vw, 464px\" \/><\/figure>\r\n<\/li>\r\n<\/ul>\r\n<\/figure>\r\n\r\n\r\n\r\n<h2 class=\"wp-block-heading\">A kialak\u00edt\u00e1sba is belesz\u00f3l a divat?<\/h2>\r\n\r\n\r\n\r\n<p>Nem igaz\u00e1n. F\u0151leg, mivel a kivitel milyens\u00e9ge ezerf\u00e9le lehet, ahogy annak a kedvelts\u00e9ge sem egys\u00e9ges. Van, aki p\u00e9ld\u00e1ul rajong a sokfakkos iskolat\u00e1sk\u00e1k valamelyik\u00e9\u00e9rt. Hiszen min\u00e9l t\u00f6bb a rekesz ann\u00e1l egyszer\u0171bb \u00e9s \u00e1tl\u00e1that\u00f3bb a pakol\u00e1s. Megint m\u00e1s nem is hajland\u00f3 az egyter\u0171 vari\u00e1ci\u00f3kon t\u00fal l\u00e1tni, mert ez az a megjelen\u00edt\u00e9si forma, ami k\u00e9ts\u00e9gtelen\u00fcl a legvonz\u00f3bb, r\u00e1ad\u00e1sul praktikuss\u00e1g ter\u00e9n sem teljes\u00edt rosszul. Viszont egyik sem j\u00f3 vagy rossz d\u00f6nt\u00e9s. Ezzel egy\u00fctt mindegyiknek megvan a helye a k\u00edn\u00e1latban.<\/p>\r\n\r\n\r\n\r\n<p>Azt\u00e1n a kialak\u00edt\u00e1shoz tartozik a p\u00e1ntok szab\u00e1lyozhat\u00f3s\u00e1ga. Mondhatn\u00e1nk, hogy ez nem is olyan fontos, de ez, k\u00fcl\u00f6n\u00f6sen manaps\u00e1g a sok t\u00edzkil\u00f3s h\u00e1tizs\u00e1kok kor\u00e1ban nem igaz. Nagyon is l\u00e9nyeges, hogy mennyire pozicion\u00e1lhat\u00f3ak a p\u00e1ntok, ugyanis ez az egy dolog \u00f6nmag\u00e1ban a k\u00e9nyelmes hord\u00e1s\u00e9rt felel.<\/p>\r\n\r\n\r\n\r\n<p>A gyakorlat azt mutatja, hogy sz\u00e9ps\u00e9g ide, trendis\u00e9g oda, akad egyetlen egy tulajdons\u00e1g, ami fontoss\u00e1g szempontj\u00e1b\u00f3l minden m\u00e1st fel\u00fcl\u00edr. Van \u00f6tleted, hogy mi ez? El\u00e1ruljuk neked. A maxim\u00e1lis, hi\u00e1nytalan k\u00e9nyelem. A komfortos viselet kiz\u00e1r\u00f3lag \u00edgy val\u00f3sulhat meg. \u00c9s h\u00e1t val\u00f3ban, mit \u00e9r a kellem k\u00e9nyelmes k\u00f6zeg n\u00e9lk\u00fcl? Semmit sem! S ezzel a sportszergy\u00e1rt\u00f3k is tiszt\u00e1ban vannak. Pontosan ez\u00e9rt a m\u00e9lt\u00e1n h\u00edres m\u00e1rk\u00e1k term\u00e9kein\u00e9l nem kell elgondolkodnod egy percig sem, hogy vajon mekkora m\u00e9rt\u00e9kben adott a testet, s f\u0151leg v\u00e1llakat, h\u00e1tat k\u00e9nyeztet\u0151 k\u00e9nyelem. \u00cdgy ha minden stimmel, akkor m\u00e1r j\u00f6het is a becsenget\u00e9s!<\/p>\r\n\r\n\r\n\r\n<figure class=\"wp-block-gallery columns-1 is-cropped wp-block-gallery-2 is-layout-flex wp-block-gallery-is-layout-flex\">\r\n<ul class=\"blocks-gallery-grid\">\r\n<li class=\"blocks-gallery-item\">\r\n<figure><img loading=\"lazy\" decoding=\"async\" width=\"873\" height=\"695\" class=\"wp-image-16190\" src=\"https:\/\/answear.hu\/blog\/wp-content\/uploads\/2022\/07\/1-3-873x695.jpg\" alt=\"\" data-id=\"16190\" data-full-url=\"https:\/\/answear.hu\/blog\/wp-content\/uploads\/2022\/07\/1-3.jpg\" data-link=\"https:\/\/answear.hu\/blog\/?attachment_id=16190\" srcset=\"https:\/\/answear.hu\/blog\/wp-content\/uploads\/2022\/07\/1-3-873x695.jpg 873w, https:\/\/answear.hu\/blog\/wp-content\/uploads\/2022\/07\/1-3-768x611.jpg 768w, https:\/\/answear.hu\/blog\/wp-content\/uploads\/2022\/07\/1-3-1536x1223.jpg 1536w, https:\/\/answear.hu\/blog\/wp-content\/uploads\/2022\/07\/1-3.jpg 2000w\" sizes=\"auto, (max-width: 873px) 100vw, 873px\" \/><\/figure>\r\n<\/li>\r\n<\/ul>\r\n<\/figure>\r\n","protected":false},"excerpt":{"rendered":"<p><span class=\"span-reading-time rt-reading-time\" style=\"display: block;\"><span class=\"rt-label rt-prefix\">Olvasd el, csak <\/span> <span class=\"rt-time\"> 3<\/span> <span class=\"rt-label rt-postfix\">perc<\/span><\/span>Szerencs\u00e9re semmik\u00e9ppen sem tollba mond\u00e1st vagy b\u00e1rmilyen k\u00e9rdezz-felelek alap\u00fa sz\u00e1monk\u00e9r\u00e9st. A trend legink\u00e1bb csak utakat k\u00edn\u00e1l, aj\u00e1nl \u00e9s mutat. Az pedig m\u00e1r csak rajtad \u00e1ll, hogy elnyeri-e b\u00e1rmelyik a tetsz\u00e9sedet. Ha igen, akkor k\u00f6nnyed\u00e9n v\u00e1laszthatod, ha pedig nem, akkor f\u00fcrg\u00e9n tov\u00e1bb\u00e1llhatsz \u00faj lehet\u0151s\u00e9gek ut\u00e1n kutatva. J\u00f6jjenek azok a bizonyos javaslatok, amikr\u0151l azt\u00e1n eld\u00f6ntheted, hogy mennyire &hellip; <a href=\"https:\/\/answear.hu\/blog\/mit-diktal-a-2022-es-iskolataska-divat\/16186\" class=\"more-link\"><span class=\"screen-reader-text\">Mit dikt\u00e1l a 2022-es iskolat\u00e1ska-divat?<\/span> r\u00e9szletei&#8230;<\/a><\/p>\n","protected":false},"author":35,"featured_media":16187,"comment_status":"closed","ping_status":"closed","sticky":false,"template":"","format":"standard","meta":{"footnotes":""},"categories":[686],"tags":[892,2157,1626,948,2158,1627,1061,1797],"class_list":["post-16186","post","type-post","status-publish","format-standard","has-post-thumbnail","hentry","category-trendek","tag-divat","tag-gyerekdivat","tag-iskola","tag-iskolataska","tag-szeptember","tag-szezon","tag-taska","tag-vasarlas"],"_links":{"self":[{"href":"https:\/\/answear.hu\/blog\/wp-json\/wp\/v2\/posts\/16186","targetHints":{"allow":["GET"]}}],"collection":[{"href":"https:\/\/answear.hu\/blog\/wp-json\/wp\/v2\/posts"}],"about":[{"href":"https:\/\/answear.hu\/blog\/wp-json\/wp\/v2\/types\/post"}],"author":[{"embeddable":true,"href":"https:\/\/answear.hu\/blog\/wp-json\/wp\/v2\/users\/35"}],"replies":[{"embeddable":true,"href":"https:\/\/answear.hu\/blog\/wp-json\/wp\/v2\/comments?post=16186"}],"version-history":[{"count":4,"href":"https:\/\/answear.hu\/blog\/wp-json\/wp\/v2\/posts\/16186\/revisions"}],"predecessor-version":[{"id":16195,"href":"https:\/\/answear.hu\/blog\/wp-json\/wp\/v2\/posts\/16186\/revisions\/16195"}],"wp:featuredmedia":[{"embeddable":true,"href":"https:\/\/answear.hu\/blog\/wp-json\/wp\/v2\/media\/16187"}],"wp:attachment":[{"href":"https:\/\/answear.hu\/blog\/wp-json\/wp\/v2\/media?parent=16186"}],"wp:term":[{"taxonomy":"category","embeddable":true,"href":"https:\/\/answear.hu\/blog\/wp-json\/wp\/v2\/categories?post=16186"},{"taxonomy":"post_tag","embeddable":true,"href":"https:\/\/answear.hu\/blog\/wp-json\/wp\/v2\/tags?post=16186"}],"curies":[{"name":"wp","href":"https:\/\/api.w.org\/{rel}","templated":true}]}}