{"id":16173,"date":"2022-07-13T08:33:43","date_gmt":"2022-07-13T06:33:43","guid":{"rendered":"https:\/\/answear.hu\/blog\/?p=16173"},"modified":"2022-08-23T15:03:28","modified_gmt":"2022-08-23T13:03:28","slug":"jojjon-egy-kis-oltozkodesi-kalauz","status":"publish","type":"post","link":"https:\/\/answear.hu\/blog\/jojjon-egy-kis-oltozkodesi-kalauz\/16173","title":{"rendered":"J\u00f6jj\u00f6n egy kis \u00f6lt\u00f6zk\u00f6d\u00e9si kalauz"},"content":{"rendered":"<span class=\"span-reading-time rt-reading-time\" style=\"display: block;\"><span class=\"rt-label rt-prefix\">Olvasd el, csak <\/span> <span class=\"rt-time\"> 3<\/span> <span class=\"rt-label rt-postfix\">perc<\/span><\/span><div class=\"edit-post-visual-editor__post-title-wrapper\">\n<div class=\"wp-block editor-post-title editor-post-title__block\"><\/div>\n<\/div>\n<div><\/div>\n<div class=\"block-editor-block-list__layout is-root-container\" data-is-drop-zone=\"true\">\n<div id=\"block-574576fb-aa7f-41ea-a1ae-ac7b06df8af4\" class=\"block-editor-block-list__block wp-block wp-block-freeform\" tabindex=\"0\" role=\"group\" aria-label=\"Blokk: Klasszikus\" data-block=\"574576fb-aa7f-41ea-a1ae-ac7b06df8af4\" data-type=\"core\/freeform\" data-title=\"Klasszikus\">\n<div id=\"editor-574576fb-aa7f-41ea-a1ae-ac7b06df8af4\" class=\"wp-block-freeform block-library-rich-text__tinymce mce-content-body html5-captions mce-edit-focus\" contenteditable=\"true\">\n<p><strong>A \u201emilyen ruh\u00e1t vegyek fel\u201d dilemma els\u0151 hall\u00e1sra olyan kis egyszer\u0171nek, \u00e9s f\u0151leg k\u00f6nnyen megv\u00e1laszolhat\u00f3nak t\u0171nik. Igen \u00e1m, de ez csak a felsz\u00edn. K\u00fcl\u00f6n\u00f6sen akkor, ha a dress code, mint fogalom \u00e9s mint ir\u00e1nymutat\u00f3 elv bej\u00f6n a k\u00e9pbe. Mert innent\u0151l kezdve tulajdonk\u00e9ppen kategorikus szab\u00e1lyokr\u00f3l, s\u0151t elv\u00e1r\u00e1sokr\u00f3l besz\u00e9l\u00fcnk.<\/strong><!--more--><\/p>\n<h2>A dress code ismerete er\u0151sen aj\u00e1nlott?<\/h2>\n<p>Igen. A k\u00fcl\u00f6nb\u00f6z\u0151 k\u00f3drendszerek megtanulhat\u00f3ak, ak\u00e1rcsak a hozz\u00e1juk tartoz\u00f3 \u00edrott-\u00edratlan szab\u00e1lyok. Az a bizonyos mond\u00e1s, miszerint a t\u00f6rv\u00e9ny nem ismerete nem mentes\u00edt annak k\u00f6vetkezm\u00e9nyei al\u00f3l erre a helyzetre is teljes m\u00e9rt\u00e9kben r\u00e1h\u00fazhat\u00f3. Sz\u00f3val c\u00e9lszer\u0171 az alapvet\u0151 fogalmakat tiszt\u00e1ba tenni, amennyiben persze szem\u00e9lyesen neked es\u00e9lyes a tal\u00e1lkoz\u00e1s vel\u00fck.<\/p>\n<\/div>\n<\/div>\n<figure id=\"block-7b960fae-86fc-4aed-9f1d-2726da79aa41\" class=\"block-editor-block-list__block wp-block wp-block-gallery columns-2 is-cropped\" tabindex=\"0\" role=\"group\" aria-label=\"Blokk: Gal\u00e9ria\" data-block=\"7b960fae-86fc-4aed-9f1d-2726da79aa41\" data-type=\"core\/gallery\" data-title=\"Gal\u00e9ria\">\n<ul class=\"blocks-gallery-grid\">\n<li class=\"blocks-gallery-item\">\n<figure class=\"\"><img decoding=\"async\" tabindex=\"0\" src=\"https:\/\/answear.hu\/blog\/wp-content\/uploads\/2022\/07\/1-2-463x695.jpg\" alt=\"\" data-id=\"16177\" aria-label=\"a gal\u00e9ria 1. k\u00e9pe a 2 k\u00e9pb\u0151l\" \/><\/figure>\n<\/li>\n<li class=\"blocks-gallery-item\">\n<figure class=\"\"><img decoding=\"async\" tabindex=\"0\" src=\"https:\/\/answear.hu\/blog\/wp-content\/uploads\/2022\/07\/2-2-463x695.jpg\" alt=\"\" data-id=\"16178\" aria-label=\"a gal\u00e9ria 2. k\u00e9pe a 2 k\u00e9pb\u0151l\" \/><\/figure>\n<\/li>\n<\/ul>\n<div class=\"components-drop-zone\" data-is-drop-zone=\"true\"><span style=\"font-size: 29px; font-weight: bold;\">Mi az a business \u00e9s smart casual?<\/span><\/div>\n<div data-is-drop-zone=\"true\"><\/div>\n<\/figure>\n<p id=\"block-14e4fd0e-bd8d-4e1f-8e13-7d22517e956a\" class=\"block-editor-rich-text__editable block-editor-block-list__block wp-block wp-block-paragraph rich-text\" tabindex=\"0\" role=\"group\" contenteditable=\"true\" aria-multiline=\"true\" aria-label=\"Bekezd\u00e9s blokk\" data-block=\"14e4fd0e-bd8d-4e1f-8e13-7d22517e956a\" data-type=\"core\/paragraph\" data-title=\"Bekezd\u00e9s\" data-empty=\"false\">Ez az egyik legizgalmasabb, egy\u00fattal legt\u00f6bb k\u00f6nnyeds\u00e9get \u00edg\u00e9r\u0151 k\u00e9rd\u00e9s a t\u00e9m\u00e1ban. \u00cdme a k\u00e9t ismertet\u0151!<\/p>\n<p id=\"block-cb80fe48-2eca-4663-8122-2bf08deaecaa\" class=\"block-editor-rich-text__editable block-editor-block-list__block wp-block wp-block-paragraph rich-text\" tabindex=\"0\" role=\"group\" contenteditable=\"true\" aria-multiline=\"true\" aria-label=\"Bekezd\u00e9s blokk\" data-block=\"cb80fe48-2eca-4663-8122-2bf08deaecaa\" data-type=\"core\/paragraph\" data-title=\"Bekezd\u00e9s\" data-empty=\"false\">A business casual jelent\u00e9se: hamis\u00edthatatlan munkahelyi \u00f6lt\u00f6zet, m\u00e9gpedig \u00edzl\u00e9s szerinti lazas\u00e1gban. Sz\u00f3val ez a kateg\u00f3ria alapvet\u0151en nem a koszt\u00fcm\u00f6kr\u0151l \u00e9s a k\u00f6r\u00f6mcip\u0151kr\u0151l sz\u00f3l. B\u00e1r azt az\u00e9rt mindenk\u00e9ppen \u00e9rdemes hozz\u00e1tenni, hogy akad, akinek ez a p\u00e1ros\u00edt\u00e1s mag\u00e1t\u00f3l \u00e9rtet\u0151d\u0151 \u00e9s nem holmi dress code ki\u00edr\u00e1s miatt, hanem csak \u00fagy. Alapj\u00e1raton. Az \u00f6ssze\u00e1ll\u00edt\u00e1sra am\u00fagy a soksz\u00edn\u0171s\u00e9g \u00e9s a sokoldal\u00fas\u00e1g jellemz\u0151. Teh\u00e1t van, aki kifejezetten lezseren veszi az akad\u00e1lyt, megint m\u00e1snak nem ez az, ami komfortos. Amennyiben nincs speci\u00e1lis vagy szigor\u00fa szab\u00e1lyoz\u00e1s \u00e9rv\u00e9nyben, ami konkr\u00e9tan k\u00f6r\u00fclhat\u00e1roln\u00e1 az \u00f6lt\u00f6zk\u00f6d\u00e9s milyens\u00e9g\u00e9t, akkor ez a legsim\u00e1bb terep. Itt azt\u00e1n j\u00f6het a kibontakoz\u00e1s, \u00e9s minden olyan ruhadarab, ami egyr\u00e9szt munkahelyi st\u00edlus\u00fa, m\u00e1sr\u00e9szt ugyanakkor kell\u0151en k\u00e9nyelmes, maxim\u00e1lis komfortot ny\u00fajt\u00f3 viselet.<\/p>\n<p id=\"block-3f10c140-9cb6-43c1-83f5-83cc4bc15b48\" class=\"block-editor-rich-text__editable block-editor-block-list__block wp-block wp-block-paragraph rich-text\" tabindex=\"0\" role=\"group\" contenteditable=\"true\" aria-multiline=\"true\" aria-label=\"Bekezd\u00e9s blokk\" data-block=\"3f10c140-9cb6-43c1-83f5-83cc4bc15b48\" data-type=\"core\/paragraph\" data-title=\"Bekezd\u00e9s\" data-empty=\"false\">A smart casual jelent\u00e9se: a smart casual abszol\u00fat nem hivatalos form\u00e1tum, tulajdonk\u00e9ppen benne van a ki\u00f6lt\u00f6z\u00e9s es\u00e9lye, mondjuk egy csal\u00e1di s\u00e9ta, vagy bar\u00e1ti parkos kiruccan\u00e1s \u00edg\u00e9rete, de am\u00fagy a lazas\u00e1g ebben az esetben is teret-helyet h\u00f3d\u00edthat mag\u00e1nak. Vagyis a mokaszin p\u00e9ld\u00e1ul pont ugyanannyira sz\u00e1m\u00edt\u00e1sba j\u00f6het, mint a k\u00f6r\u00f6mcip\u0151. Kinek mi az, ami megadhatja az alap hangulatot egy, alapvet\u0151en k\u00f6tetlen, \u00e1m m\u00e9gis a sz\u00f3rakoz\u00e1s c\u00edmsz\u00f3val illethet\u0151 est\u00e9nek vagy d\u00e9lut\u00e1nnak.<\/p>\n<p id=\"block-c0d820ab-ef12-4d57-9de1-aec04d6658fe\" class=\"block-editor-rich-text__editable block-editor-block-list__block wp-block wp-block-paragraph rich-text\" tabindex=\"0\" role=\"group\" contenteditable=\"true\" aria-multiline=\"true\" aria-label=\"Bekezd\u00e9s blokk\" data-block=\"c0d820ab-ef12-4d57-9de1-aec04d6658fe\" data-type=\"core\/paragraph\" data-title=\"Bekezd\u00e9s\" data-empty=\"false\">Ha nagyon szigor\u00faan \u00e9s szakmaian vessz\u00fck, akkor ezek azok a jellemvon\u00e1sok, amiket \u00e9rdemes ismerni, adott esetben alkalmazni. Viszont az mindk\u00e9t szitu\u00e1ci\u00f3ban teljesen mag\u00e1t\u00f3l \u00e9rtet\u0151d\u0151, hogy a dress code, pl\u00e1ne a kifejezetten katon\u00e1s, merev szab\u00e1lyokat felvonultat\u00f3 rendszer egyikre sem \u00e9rv\u00e9nyes. M\u00e1rpedig ez a gyakorlat nyelv\u00e9re leford\u00edtva igen nagy szabads\u00e1got adhat. Mert b\u00e1r vannak, akiket a paragrafusok szabad\u00edtanak fel, l\u00e9v\u00e9n kereteket biztos\u00edtanak, s ez sz\u00e1mukra biztons\u00e1g\u00e9rzetet teremt, m\u00e9g akkor is, ha ezek a korl\u00e1tok hat\u00e1rozottan sz\u0171k\u00f6sek. De az\u00e9rt t\u00f6bbs\u00e9g\u00e9ben mindenki \u00e9lvezi, ha egy picit kiteljesedhet az \u00f6lt\u00f6zk\u00f6d\u00e9s\u00e9ben, \u00e9s ha az am\u00fagy j\u00f3l v\u00e1zolhat\u00f3 \u00e9s \u00e9rezhet\u0151 hat\u00e1rokon bel\u00fcl ki \u00e9s meg\u00e9lheti az egy\u00e9nis\u00e9g\u00e9t an\u00e9lk\u00fcl, hogy azzal megszegne b\u00e1rmilyen szab\u00e1lyrendszert.<\/p>\n<figure id=\"block-05e9d55c-6483-492d-a0fa-861f08c8804a\" class=\"block-editor-block-list__block wp-block wp-block-gallery columns-1 is-cropped\" tabindex=\"0\" role=\"group\" aria-label=\"Blokk: Gal\u00e9ria\" data-block=\"05e9d55c-6483-492d-a0fa-861f08c8804a\" data-type=\"core\/gallery\" data-title=\"Gal\u00e9ria\">\n<ul class=\"blocks-gallery-grid\">\n<li class=\"blocks-gallery-item\">\n<figure class=\"\"><img decoding=\"async\" tabindex=\"0\" src=\"https:\/\/answear.hu\/blog\/wp-content\/uploads\/2022\/07\/3-1.jpg\" alt=\"\" data-id=\"16179\" aria-label=\"a gal\u00e9ria 1. k\u00e9pe a 1 k\u00e9pb\u0151l\" \/><\/figure>\n<\/li>\n<\/ul>\n<div class=\"components-drop-zone\" data-is-drop-zone=\"true\"><span style=\"font-size: 29px; font-weight: bold;\">Hogyan defini\u00e1lhat\u00f3 a lazas\u00e1g?<\/span><\/div>\n<\/figure>\n<p>Olyan sokat emlegett\u00fck m\u00e1r ezt a jelz\u0151t, hogy logikusnak t\u0171nik a k\u00e9rd\u00e9s, hogy j\u00f3-j\u00f3, de mit is jelent tulajdonk\u00e9ppen?<\/p>\n<p id=\"block-0913b437-0977-4fba-b878-1291a87a26b9\" class=\"block-editor-rich-text__editable block-editor-block-list__block wp-block wp-block-paragraph rich-text\" tabindex=\"0\" role=\"group\" contenteditable=\"true\" aria-multiline=\"true\" aria-label=\"Bekezd\u00e9s blokk\" data-block=\"0913b437-0977-4fba-b878-1291a87a26b9\" data-type=\"core\/paragraph\" data-title=\"Bekezd\u00e9s\" data-empty=\"false\">Mivel ez egy t\u00e1gan \u00e9rtelmezhet\u0151 fogalom, ez\u00e9rt a k\u00f6r\u00fcl\u00edr\u00e1sa nem olyan egyszer\u0171, mint mondjuk a fenti kateg\u00f3ri\u00e1k eset\u00e9n. De nagyon leegyszer\u0171s\u00edtve a lazas\u00e1g az, amit\u0151l k\u00f6nnyednek \u00e9rzed magad, ami felszabad\u00edt, ami teret ad neked, \u00e9s ami t\u00e1vol tart a merev k\u00f6t\u00f6tts\u00e9gekt\u0151l \u00e9s a k\u0151be v\u00e9settnek t\u0171n\u0151 szab\u00e1lyokt\u00f3l. A lazas\u00e1g enged kibontakozni \u00fagy, ahogy az neked k\u00e9nyelmes. Pontosan ez\u00e9rt ebbe belef\u00e9r a sportosra hajaz\u00f3 megjelen\u00e9s \u00e9pp \u00fagy, mint az eleganci\u00e1t megtestes\u00edt\u0151 fell\u00e9p\u00e9s.<\/p>\n<figure id=\"block-2abcb8c6-be03-4097-8b80-f30bfb8787f9\" class=\"block-editor-block-list__block wp-block wp-block-gallery columns-2 is-cropped\" tabindex=\"0\" role=\"group\" aria-label=\"Blokk: Gal\u00e9ria\" data-block=\"2abcb8c6-be03-4097-8b80-f30bfb8787f9\" data-type=\"core\/gallery\" data-title=\"Gal\u00e9ria\">\n<ul class=\"blocks-gallery-grid\">\n<li class=\"blocks-gallery-item\">\n<figure class=\"\"><img decoding=\"async\" tabindex=\"0\" src=\"https:\/\/answear.hu\/blog\/wp-content\/uploads\/2022\/07\/4-1-463x695.jpg\" alt=\"\" data-id=\"16180\" aria-label=\"a gal\u00e9ria 1. k\u00e9pe a 2 k\u00e9pb\u0151l\" \/><\/figure>\n<\/li>\n<li class=\"blocks-gallery-item\">\n<figure class=\"\"><img decoding=\"async\" tabindex=\"0\" src=\"https:\/\/answear.hu\/blog\/wp-content\/uploads\/2022\/07\/5-463x695.jpg\" alt=\"\" data-id=\"16181\" aria-label=\"a gal\u00e9ria 2. k\u00e9pe a 2 k\u00e9pb\u0151l\" \/><\/figure>\n<\/li>\n<\/ul>\n<\/figure>\n<\/div>\n","protected":false},"excerpt":{"rendered":"<p><span class=\"span-reading-time rt-reading-time\" style=\"display: block;\"><span class=\"rt-label rt-prefix\">Olvasd el, csak <\/span> <span class=\"rt-time\"> 3<\/span> <span class=\"rt-label rt-postfix\">perc<\/span><\/span>A \u201emilyen ruh\u00e1t vegyek fel\u201d dilemma els\u0151 hall\u00e1sra olyan kis egyszer\u0171nek, \u00e9s f\u0151leg k\u00f6nnyen megv\u00e1laszolhat\u00f3nak t\u0171nik. Igen \u00e1m, de ez csak a felsz\u00edn. K\u00fcl\u00f6n\u00f6sen akkor, ha a dress code, mint fogalom \u00e9s mint ir\u00e1nymutat\u00f3 elv bej\u00f6n a k\u00e9pbe. Mert innent\u0151l kezdve tulajdonk\u00e9ppen kategorikus szab\u00e1lyokr\u00f3l, s\u0151t elv\u00e1r\u00e1sokr\u00f3l besz\u00e9l\u00fcnk.<\/p>\n","protected":false},"author":35,"featured_media":16174,"comment_status":"closed","ping_status":"closed","sticky":false,"template":"","format":"standard","meta":{"footnotes":""},"categories":[686],"tags":[2156,892,2155,1287,1212],"class_list":["post-16173","post","type-post","status-publish","format-standard","has-post-thumbnail","hentry","category-trendek","tag-2o22-divat","tag-divat","tag-oltozkodesi-kalauz","tag-trendek","tag-webaruhaz"],"_links":{"self":[{"href":"https:\/\/answear.hu\/blog\/wp-json\/wp\/v2\/posts\/16173","targetHints":{"allow":["GET"]}}],"collection":[{"href":"https:\/\/answear.hu\/blog\/wp-json\/wp\/v2\/posts"}],"about":[{"href":"https:\/\/answear.hu\/blog\/wp-json\/wp\/v2\/types\/post"}],"author":[{"embeddable":true,"href":"https:\/\/answear.hu\/blog\/wp-json\/wp\/v2\/users\/35"}],"replies":[{"embeddable":true,"href":"https:\/\/answear.hu\/blog\/wp-json\/wp\/v2\/comments?post=16173"}],"version-history":[{"count":5,"href":"https:\/\/answear.hu\/blog\/wp-json\/wp\/v2\/posts\/16173\/revisions"}],"predecessor-version":[{"id":16185,"href":"https:\/\/answear.hu\/blog\/wp-json\/wp\/v2\/posts\/16173\/revisions\/16185"}],"wp:featuredmedia":[{"embeddable":true,"href":"https:\/\/answear.hu\/blog\/wp-json\/wp\/v2\/media\/16174"}],"wp:attachment":[{"href":"https:\/\/answear.hu\/blog\/wp-json\/wp\/v2\/media?parent=16173"}],"wp:term":[{"taxonomy":"category","embeddable":true,"href":"https:\/\/answear.hu\/blog\/wp-json\/wp\/v2\/categories?post=16173"},{"taxonomy":"post_tag","embeddable":true,"href":"https:\/\/answear.hu\/blog\/wp-json\/wp\/v2\/tags?post=16173"}],"curies":[{"name":"wp","href":"https:\/\/api.w.org\/{rel}","templated":true}]}}