{"id":16155,"date":"2022-07-08T08:21:24","date_gmt":"2022-07-08T06:21:24","guid":{"rendered":"https:\/\/answear.hu\/blog\/?p=16155"},"modified":"2022-07-08T08:21:24","modified_gmt":"2022-07-08T06:21:24","slug":"van-amikor-nem-a-termeszetes-a-legjobb-valasztas","status":"publish","type":"post","link":"https:\/\/answear.hu\/blog\/van-amikor-nem-a-termeszetes-a-legjobb-valasztas\/16155","title":{"rendered":"Van, amikor nem a term\u00e9szetes a legjobb v\u00e1laszt\u00e1s?"},"content":{"rendered":"<span class=\"span-reading-time rt-reading-time\" style=\"display: block;\"><span class=\"rt-label rt-prefix\">Olvasd el, csak <\/span> <span class=\"rt-time\"> 3<\/span> <span class=\"rt-label rt-postfix\">perc<\/span><\/span><p><strong> T\u00f6bbnyire az \u00e9letben azok a d\u00f6nt\u00e9sek a jobbak, amik a term\u00e9szetess\u00e9g fel\u00e9 hajlanak. Igen \u00e1m, de jelen esetben egy olyan \u00e9rz\u00e9keny t\u00e9m\u00e1t \u00e9rint\u00fcnk, amiben kor\u00e1ntsem biztos, hogy az a nyer\u0151, amit a term\u00e9szet k\u00edn\u00e1l. A b\u0151r vagy nem b\u0151r k\u00e9rd\u00e9se a gy\u00e1rt\u00f3knak is j\u00f3csk\u00e1n feladta a leck\u00e9t. Az etikai, jogi \u00e9s \u00e9rzelmi probl\u00e9m\u00e1kat felvet\u0151 marhab\u0151r alkalmaz\u00e1sa a k\u00e9zit\u00e1sk\u00e1k vagy \u00e9ppen l\u00e1bbelik el\u0151\u00e1ll\u00edt\u00e1s\u00e1n\u00e1l egyre kev\u00e9sb\u00e9 n\u00e9pszer\u0171bb. Na, de akkor mi az, ami helyette, mint hordhat\u00f3an j\u00f3 vari\u00e1ci\u00f3 k\u00edn\u00e1lkozik? Azonnal mutatjuk \u00e9s ler\u00e1ntjuk a leplet!<\/strong><!--more--><\/p>\n<h2>A mesters\u00e9ges olykor mesteri?<\/h2>\n<p>Ebben az esetben nagyon \u00fagy t\u0171nik, hogy igen. Itt az id\u0151, hogy bemutassuk az ekol\u00f3gikus b\u0151r univerzum\u00e1t. Ha eddig m\u00e9g nem hallott\u00e1l r\u00f3la, akkor semmi v\u00e9sz, p\u00e1r mondattal k\u00e9s\u0151bb m\u00e1r minden l\u00e9nyeges inform\u00e1ci\u00f3t a magad\u00e9nak tudhatsz.<\/p>\n<p>A polivinil-kloriddal bevont poliuret\u00e1n (\u00edg\u00e9rj\u00fck, eddig tartott a k\u00e9mia \u00f3ra) sz\u00e1z sz\u00e1zal\u00e9kosan szintetikusan, azaz laborat\u00f3riumban, k\u00e9miai folyamatok eredm\u00e9nyek\u00e9nt l\u00e9trehozott anyag. Ak\u00e1r ez rosszul is hangozhatna, viszont nem abban az esetben, amikor az ker\u00fcl a figyelem c\u00e9lkeresztj\u00e9be, hogy mivel helyettes\u00edthet\u0151 a b\u0151r? Az \u00e1llatok v\u00e9delme, a veg\u00e1ns\u00e1g elterjed\u00e9se, ami egy\u00e9bk\u00e9nt kor\u00e1ntsem kiz\u00e1r\u00f3lag t\u00e1pl\u00e1lkoz\u00e1si ir\u00e1nyzat, automatikusan mag\u00e1val hozta az ig\u00e9nyt arra, hogy a b\u0151r alkalmaz\u00e1s\u00e1t valamilyen m\u00e1s anyag haszn\u00e1lata v\u00e1ltsa fel. Lehet\u0151leg olyasvalami, ami nem \u00e1rt az \u00e9l\u0151vil\u00e1gnak, ami nem okoz f\u00e1jdalmat egyetlen \u00e9l\u0151l\u00e9nynek sem, azaz ami maxim\u00e1lisan t\u00e1mogatja az \u00e1llatvil\u00e1g \u00e9ps\u00e9g\u00e9nek meg\u00f3v\u00e1s\u00e1t.<\/p>\n<p>Ahogy ezek az elv\u00e1r\u00e1sok k\u00f6rvonalaz\u00f3dtak \u00fagy kezd\u0151dtek meg a munk\u00e1latok, \u00e9s bukkant fel ez a speci\u00e1lis alapanyag, ami am\u00fagy minden fenti krit\u00e9riumnak maxim\u00e1lisan megfelel. S akkor m\u00e9g az el\u0151nyeir\u0151l nem is tett\u00fcnk eml\u00edt\u00e9st. M\u00e9g.<\/p>\n<p><img loading=\"lazy\" decoding=\"async\" class=\"alignnone size-full wp-image-16156\" src=\"https:\/\/answear.hu\/blog\/wp-content\/uploads\/2022\/07\/1.jpg\" alt=\"\" width=\"1000\" height=\"666\" srcset=\"https:\/\/answear.hu\/blog\/wp-content\/uploads\/2022\/07\/1.jpg 1000w, https:\/\/answear.hu\/blog\/wp-content\/uploads\/2022\/07\/1-768x511.jpg 768w, https:\/\/answear.hu\/blog\/wp-content\/uploads\/2022\/07\/1-272x182.jpg 272w\" sizes=\"auto, (max-width: 1000px) 100vw, 1000px\" \/><\/p>\n<h2>El\u0151 a p\u00e9nzt\u00e1rc\u00e1kkal: \u00edme az igazs\u00e1g!<\/h2>\n<p>Kardin\u00e1lis dilemma, hogy az ekol\u00f3gikus b\u0151r mit jelent az anyagiak tekintet\u00e9ben. Vajon t\u00f6bbe ker\u00fcl egy, ilyen anyagb\u00f3l remekelt l\u00e1bbeli, vagy a b\u0151r az, ami tov\u00e1bbra is viszi a pr\u00edmet, m\u00e1r ami a beker\u00fcl\u00e9si k\u00f6lts\u00e9geket illeti? Nos, a b\u0151r magasan vezeti a list\u00e1t, sz\u00f3val j\u00f3csk\u00e1n meg kell fizetni az \u00e1r\u00e1t, s bizony ez a kijelent\u00e9s, ha k\u00f6zelebbr\u0151l megvizsg\u00e1ljuk nagyon is k\u00e9t\u00e9rtelm\u0171. T\u00fal nagy \u00e1rat kell fizetni \u00e9rte, \u00edgy sem t\u00falz\u00e1s a fogalmaz\u00e1s. Ellenben a szintetikus alternat\u00edva hozz\u00e1j\u00e1rul\u00e1s\u00e1val k\u00e9sz\u00edtett k\u00e9zit\u00e1sk\u00e1k vagy \u00e9ppen cip\u0151k roppantul kedvez\u0151 anyagi felt\u00e9telekkel szerezhet\u0151ek be. Teh\u00e1t, ha szigor\u00faan csak a gazdas\u00e1goss\u00e1g oldal\u00e1t vizsg\u00e1ljuk ennek, az am\u00fagy els\u0151 pillanatt\u00f3l kezdve eld\u0151lt p\u00e1rharcnak, akkor vitathatatlanul az ekol\u00f3gikus b\u0151r a nyertes.<\/p>\n<h2>Mi \u00fajs\u00e1g a megjelen\u00e9ssel?<\/h2>\n<p>A k\u00f6vetkez\u0151 megfontol\u00e1sra m\u00e9lt\u00f3 ter\u00fclet a st\u00edlusjegyek vari\u00e1lhat\u00f3s\u00e1ga. A helyzet az, hogy a term\u00e9szetes b\u0151r m\u00e9g a legnagyobb szakmais\u00e1g \u00e9s hozz\u00e1\u00e9rt\u00e9s mellett sem kombin\u00e1lhat\u00f3 olyan izgalmasan p\u00e9ld\u00e1ul mint\u00e1k, mot\u00edvumok, sz\u00ednek tekintet\u00e9ben, mint a mesters\u00e9ges m\u0171b\u0151r. Az ekol\u00f3gikus b\u0151r jelent\u00e9se ebb\u0151l a szempontb\u00f3l sokoldal\u00fas\u00e1g. Azaz a felbukkan\u00f3 kollekci\u00f3k tagjai, f\u00fcggetlen\u00fcl att\u00f3l, hogy milyen kieg\u00e9sz\u00edt\u0151r\u0151l van sz\u00f3, k\u00e9ts\u00e9gtelen\u00fcl leny\u0171g\u00f6z\u0151. Ez a fajta soksz\u00edn\u0171s\u00e9g nem saj\u00e1tja a term\u00e9szetes b\u0151r term\u00e9keknek. Ez k\u00e9ts\u00e9gtelen, \u00e9s egyetlen szempillant\u00e1s alatt felm\u00e9rhet\u0151 t\u00e9ny.<\/p>\n<h2>A karbantart\u00e1s sok id\u0151t ig\u00e9nyel?<\/h2>\n<p>A b\u0151r \u00e1pol\u00e1sa bonyolultabb \u00e9s \u00f6sszetettebb feladat, mint a m\u0171b\u0151r gondoz\u00e1sa. Ut\u00f3bbi gyakorlatilag egyetlen puha kend\u0151vel tiszt\u00e1v\u00e1 var\u00e1zsolhat\u00f3, mik\u00f6zben a fel\u00fclet\u00e9t egy\u00e1ltal\u00e1n nem kell pol\u00edrozni. Sz\u00f3val t\u00fals\u00e1gosan sok energi\u00e1t \u00e9s f\u0151leg szabadid\u0151t nem k\u00f6vetel a tiszt\u00e1n tart\u00e1s, m\u00edg az\u00e9rt ez a b\u0151r \u00e1pol\u00e1s\u00e1r\u00f3l nem mondhat\u00f3 el, ami nem megfelel\u0151 k\u00f6r\u00fclm\u00e9nyek k\u00f6z\u00f6tt kirepedezhet \u00e9s jelent\u0151s \u00e1llagroml\u00e1son mehet kereszt\u00fcl.<\/p>\n<p><img loading=\"lazy\" decoding=\"async\" class=\"alignnone size-medium wp-image-16157\" src=\"https:\/\/answear.hu\/blog\/wp-content\/uploads\/2022\/07\/2-1043x695.jpg\" alt=\"\" width=\"1043\" height=\"695\" srcset=\"https:\/\/answear.hu\/blog\/wp-content\/uploads\/2022\/07\/2-1043x695.jpg 1043w, https:\/\/answear.hu\/blog\/wp-content\/uploads\/2022\/07\/2-768x512.jpg 768w, https:\/\/answear.hu\/blog\/wp-content\/uploads\/2022\/07\/2-1536x1024.jpg 1536w, https:\/\/answear.hu\/blog\/wp-content\/uploads\/2022\/07\/2-2048x1365.jpg 2048w, https:\/\/answear.hu\/blog\/wp-content\/uploads\/2022\/07\/2-272x182.jpg 272w\" sizes=\"auto, (max-width: 1043px) 100vw, 1043px\" \/><\/p>\n","protected":false},"excerpt":{"rendered":"<p><span class=\"span-reading-time rt-reading-time\" style=\"display: block;\"><span class=\"rt-label rt-prefix\">Olvasd el, csak <\/span> <span class=\"rt-time\"> 3<\/span> <span class=\"rt-label rt-postfix\">perc<\/span><\/span>T\u00f6bbnyire az \u00e9letben azok a d\u00f6nt\u00e9sek a jobbak, amik a term\u00e9szetess\u00e9g fel\u00e9 hajlanak. Igen \u00e1m, de jelen esetben egy olyan \u00e9rz\u00e9keny t\u00e9m\u00e1t \u00e9rint\u00fcnk, amiben kor\u00e1ntsem biztos, hogy az a nyer\u0151, amit a term\u00e9szet k\u00edn\u00e1l. A b\u0151r vagy nem b\u0151r k\u00e9rd\u00e9se a gy\u00e1rt\u00f3knak is j\u00f3csk\u00e1n feladta a leck\u00e9t. Az etikai, jogi \u00e9s \u00e9rzelmi probl\u00e9m\u00e1kat felvet\u0151 marhab\u0151r &hellip; <a href=\"https:\/\/answear.hu\/blog\/van-amikor-nem-a-termeszetes-a-legjobb-valasztas\/16155\" class=\"more-link\"><span class=\"screen-reader-text\">Van, amikor nem a term\u00e9szetes a legjobb v\u00e1laszt\u00e1s?<\/span> r\u00e9szletei&#8230;<\/a><\/p>\n","protected":false},"author":35,"featured_media":16158,"comment_status":"closed","ping_status":"closed","sticky":false,"template":"","format":"standard","meta":{"footnotes":""},"categories":[686],"tags":[1063,2137,1215,1015,892,2152,1061],"class_list":["post-16155","post","type-post","status-publish","format-standard","has-post-thumbnail","hentry","category-trendek","tag-bor","tag-borcipo","tag-bortaska","tag-cipo","tag-divat","tag-eko","tag-taska"],"_links":{"self":[{"href":"https:\/\/answear.hu\/blog\/wp-json\/wp\/v2\/posts\/16155","targetHints":{"allow":["GET"]}}],"collection":[{"href":"https:\/\/answear.hu\/blog\/wp-json\/wp\/v2\/posts"}],"about":[{"href":"https:\/\/answear.hu\/blog\/wp-json\/wp\/v2\/types\/post"}],"author":[{"embeddable":true,"href":"https:\/\/answear.hu\/blog\/wp-json\/wp\/v2\/users\/35"}],"replies":[{"embeddable":true,"href":"https:\/\/answear.hu\/blog\/wp-json\/wp\/v2\/comments?post=16155"}],"version-history":[{"count":1,"href":"https:\/\/answear.hu\/blog\/wp-json\/wp\/v2\/posts\/16155\/revisions"}],"predecessor-version":[{"id":16160,"href":"https:\/\/answear.hu\/blog\/wp-json\/wp\/v2\/posts\/16155\/revisions\/16160"}],"wp:featuredmedia":[{"embeddable":true,"href":"https:\/\/answear.hu\/blog\/wp-json\/wp\/v2\/media\/16158"}],"wp:attachment":[{"href":"https:\/\/answear.hu\/blog\/wp-json\/wp\/v2\/media?parent=16155"}],"wp:term":[{"taxonomy":"category","embeddable":true,"href":"https:\/\/answear.hu\/blog\/wp-json\/wp\/v2\/categories?post=16155"},{"taxonomy":"post_tag","embeddable":true,"href":"https:\/\/answear.hu\/blog\/wp-json\/wp\/v2\/tags?post=16155"}],"curies":[{"name":"wp","href":"https:\/\/api.w.org\/{rel}","templated":true}]}}