{"id":16144,"date":"2022-06-28T13:24:52","date_gmt":"2022-06-28T11:24:52","guid":{"rendered":"https:\/\/answear.hu\/blog\/?p=16144"},"modified":"2022-06-28T13:24:52","modified_gmt":"2022-06-28T11:24:52","slug":"miert-olyan-fontos-az-alkat-ismerete-es-elismerese","status":"publish","type":"post","link":"https:\/\/answear.hu\/blog\/miert-olyan-fontos-az-alkat-ismerete-es-elismerese\/16144","title":{"rendered":"Mi\u00e9rt olyan fontos az alkat ismerete \u00e9s elismer\u00e9se?"},"content":{"rendered":"<span class=\"span-reading-time rt-reading-time\" style=\"display: block;\"><span class=\"rt-label rt-prefix\">Olvasd el, csak <\/span> <span class=\"rt-time\"> 3<\/span> <span class=\"rt-label rt-postfix\">perc<\/span><\/span><p><strong> Sokakat kifejezetten frusztr\u00e1l az alkatt\u00edpus k\u00e9rd\u00e9se. A legt\u00f6bben ugyanis valamilyen \u201episzk\u00e1l\u00e1si\u201d fel\u00fcletet v\u00e9lnek felfedezni ezen a ter\u00fcleten, ahol ha kider\u00fcl, az am\u00fagy t\u00f6bbnyire nagyon is j\u00f3l l\u00e1that\u00f3 titok, akkor az alapk\u00e9nt szolg\u00e1lhat a besz\u00f3l\u00e1soknak, kritikus megjegyz\u00e9seknek. Pedig err\u0151l sz\u00f3 nincsen. Az alkatot pelleng\u00e9rre \u00e1ll\u00edtani egy cseppet sem szakmai l\u00e9p\u00e9s, \u00fagyhogy ez t\u00e1vol \u00e1ll t\u0151l\u00fcnk. Ami\u00e9rt viszont m\u00e9gis arra biztatunk, hogy n\u00e9zz r\u00e1 a saj\u00e1t helyzetedre, mert ha ismered magad, egy\u00fattal az alkatodat, akkor olyan el\u0151ny\u00f6s \u00f6lt\u00f6zk\u00f6d\u00e9sre tehetsz szert, amire k\u00e9ts\u00e9gtelen\u00fcl a l\u00e9legzetel\u00e1ll\u00edt\u00f3 a legjobb jelz\u0151.<\/strong><\/p>\n<h2><!--more--><br \/>\nMi jellemz\u0151 arra a bizonyos, sokat emlegetett homok\u00f3r\u00e1ra?<\/h2>\n<p>A homok\u00f3ra alak, mint meghat\u00e1roz\u00e1s j\u00f3l ismert, azt is mondhatn\u00e1nk, hogy r\u00e9g beker\u00fclt a k\u00f6ztudatba \u00e9s onnan soha t\u00f6bb\u00e9 ki sem l\u00e9pett. Nagyon j\u00f3 a magyar megfogalmaz\u00e1s, hiszen roppantul besz\u00e9des a sz\u00f3. Homok\u00f3ra. Ha erre a t\u00e1rgyra gondolsz, akkor m\u00e1ris k\u00f6nnyed\u00e9n elk\u00e9pzelheted, hogy mit is jelent mindez, alkatokra levet\u00edtve.<\/p>\n<p>A k\u00f6z elk\u00e9pzel\u00e9s\u00e9ben \u00e9l egy olyan fals t\u00e1rs\u00edt\u00e1s a t\u00e9m\u00e1ban, hogy a homok\u00f3ra alak\u00faak kiv\u00e9tel n\u00e9lk\u00fcl karcs\u00faak, \u00e1m ez nem igaz. A telt idomok \u00e9pp \u00fagy ide sorolhat\u00f3ak, mint a hat\u00e1rozottan slank testfel\u00e9p\u00edt\u00e9s. Ami az alkat jellegzetess\u00e9g\u00e9t, egy\u00fattal keresztel\u0151j\u00e9t adja, hogy a mellek, a der\u00e9kvonal \u00e9s a cs\u00edp\u0151 tipikusan kirajzol\u00f3d\u00f3 homok\u00f3ra form\u00e1t mutatnak. Vagyis a der\u00e9kr\u00e9sz a legkarcs\u00fabb, mik\u00f6zben a dekolt\u00e1zs \u00e9s a cs\u00edp\u0151 ter\u00fcletei g\u00f6mb\u00f6ly\u00f6dnek.<\/p>\n<p><img loading=\"lazy\" decoding=\"async\" class=\"alignnone size-medium wp-image-16149\" src=\"https:\/\/answear.hu\/blog\/wp-content\/uploads\/2022\/06\/1-6-1042x695.jpg\" alt=\"\" width=\"1042\" height=\"695\" srcset=\"https:\/\/answear.hu\/blog\/wp-content\/uploads\/2022\/06\/1-6-1042x695.jpg 1042w, https:\/\/answear.hu\/blog\/wp-content\/uploads\/2022\/06\/1-6-768x512.jpg 768w, https:\/\/answear.hu\/blog\/wp-content\/uploads\/2022\/06\/1-6-272x182.jpg 272w, https:\/\/answear.hu\/blog\/wp-content\/uploads\/2022\/06\/1-6.jpg 1181w\" sizes=\"auto, (max-width: 1042px) 100vw, 1042px\" \/><\/p>\n<h2>De mi\u00e9rt ker\u00fclt be a t\u00f6rt\u00e9nelem lapjaira is ez az alkat?<\/h2>\n<p>Az\u00e9rt, mert ezt tartj\u00e1k sokan a lehet\u0151 legn\u0151iesebb testalkatnak a vil\u00e1gon. Nincsen enn\u00e9l k\u00edv\u00e1natosabb, nincsen enn\u00e9l l\u00e9giesebb, ugyanakkor mark\u00e1nsan n\u0151iesebb. Ez a cs\u00facs, ez az, amire rengetegen v\u00e1gynak, \u00e9s ez az, ami am\u00fagy semmif\u00e9le di\u00e9t\u00e1z\u00e1ssal vagy m\u00e1s hasonl\u00f3 praktik\u00e1val nem \u00e9rhet\u0151 el. Mert alkati k\u00e9rd\u00e9s, alkat f\u00fcggv\u00e9nye. Vagy eredend\u0151en adott, vagy nem. Ezt az\u00e9rt nem lehet el\u00e9gszer kihangs\u00falyozni, mert rengeteg n\u0151 nyomor\u00edtja meg a saj\u00e1t \u00e9let\u00e9t az\u00e9rt, mert abban a t\u00e9ves hitben \u00e9l, hogy minden egyes alkat el\u00e9rhet\u0151, m\u00e9g akkor is, ha jelenleg abszol\u00fat el\u00e9rhetetlennek t\u0171nik.<\/p>\n<p>Gondolj csak bele, teljesen illogikus elk\u00e9pzel\u00e9s az, hogy a dekolt\u00e1zs meg a cs\u00edp\u0151 valahogy g\u00f6mb\u00f6ly\u00edthet\u0151, mik\u00f6zben a der\u00e9kvonal karcs\u00fas\u00edthat\u00f3. Az ilyen pr\u00f3b\u00e1lkoz\u00e1soknak kiv\u00e9tel n\u00e9lk\u00fcl keser\u0171 csal\u00f3dotts\u00e1g a v\u00e9ge, \u00e9s tot\u00e1lis ki\u00e1br\u00e1ndul\u00e1s. Pedig alapvet\u0151en nincsen m\u00e1s feladat, mint mindenkinek elfogadni azt, ami adatot \u00e9s a megl\u00e9v\u0151 param\u00e9terekhez igazodni. \u00cdgy ugyanis a szexi v\u00e9geredm\u00e9ny bor\u00edt\u00e9kolhat\u00f3.<\/p>\n<p><img loading=\"lazy\" decoding=\"async\" class=\"alignnone size-medium wp-image-16150\" src=\"https:\/\/answear.hu\/blog\/wp-content\/uploads\/2022\/06\/2-5-1042x695.jpg\" alt=\"\" width=\"1042\" height=\"695\" srcset=\"https:\/\/answear.hu\/blog\/wp-content\/uploads\/2022\/06\/2-5-1042x695.jpg 1042w, https:\/\/answear.hu\/blog\/wp-content\/uploads\/2022\/06\/2-5-768x512.jpg 768w, https:\/\/answear.hu\/blog\/wp-content\/uploads\/2022\/06\/2-5-1536x1025.jpg 1536w, https:\/\/answear.hu\/blog\/wp-content\/uploads\/2022\/06\/2-5-272x182.jpg 272w, https:\/\/answear.hu\/blog\/wp-content\/uploads\/2022\/06\/2-5.jpg 1772w\" sizes=\"auto, (max-width: 1042px) 100vw, 1042px\" \/><\/p>\n<h2>Mit rejt a homok\u00f3ra alak\u00fa h\u00f6lgyek gardr\u00f3bja?<\/h2>\n<p>Ha ebbe a kateg\u00f3ri\u00e1ba tartozol, de tan\u00e1cstalan vagy, hogy mit is vegy\u00e9l fel, akkor seg\u00edt\u00fcnk. Ez az az alkat, ami nem rejteget\u00e9st, hanem megmutat\u00e1st \u00e9rdemel. A der\u00e9kvonal hangs\u00falyoz\u00e1sa puha, fesz\u00fcl\u0151s anyagokkal kifejezetten d\u00edjnyertes \u00f6tlet. Mik\u00f6zben a mellek kiemel\u00e9se, megfelel\u0151 feh\u00e9rnem\u0171vel tov\u00e1bb \u00e1rnyalhatja a lehengerl\u0151 hat\u00e1s\u00fa k\u00e9pet. Telt idomok eset\u00e9n az alakform\u00e1l\u00f3 melltart\u00f3k \u00e9s bugyik sokat dobhatnak az \u00f6sszk\u00e9pen, mik\u00f6zben persze a komfortoss\u00e1g is meg\u0151rizhet\u0151. J\u00f6hetnek a der\u00e9kban sz\u0171k\u00edtett fels\u0151k, a trap\u00e9znadr\u00e1gok, magas der\u00e9kkal vagy \u00e9ppen a ceruzaszokny\u00e1k. Hab a tort\u00e1n egy kell\u0151en sikkes magassark\u00fa vagy balerina, amik t\u00e9nyleg feltehetik az i-re a pontot.<br \/>\nViszont van valami, ami mindezekn\u00e9l fontosabb. A magabiztoss\u00e1god \u00e9s az \u00f6n\u00e9rt\u00e9kel\u00e9sed rendez\u00e9se. Ugyanis ezekben a ruh\u00e1kban kiz\u00e1r\u00f3lag akkor \u00e9rezheted j\u00f3l, felszabadultan, n\u0151iesnek magad, ha rendben vagy lelkileg. Mert ezeket a ruh\u00e1kat nemcsak hordani, hanem viselni kell. Amit\u0151l megelevenedhetnek azok a homok\u00f3r\u00e1ban perg\u0151 szemek!<\/p>\n<p><img loading=\"lazy\" decoding=\"async\" class=\"alignnone size-medium wp-image-16151\" src=\"https:\/\/answear.hu\/blog\/wp-content\/uploads\/2022\/06\/3-5-1042x695.jpg\" alt=\"\" width=\"1042\" height=\"695\" srcset=\"https:\/\/answear.hu\/blog\/wp-content\/uploads\/2022\/06\/3-5-1042x695.jpg 1042w, https:\/\/answear.hu\/blog\/wp-content\/uploads\/2022\/06\/3-5-768x512.jpg 768w, https:\/\/answear.hu\/blog\/wp-content\/uploads\/2022\/06\/3-5-1536x1025.jpg 1536w, https:\/\/answear.hu\/blog\/wp-content\/uploads\/2022\/06\/3-5-272x182.jpg 272w, https:\/\/answear.hu\/blog\/wp-content\/uploads\/2022\/06\/3-5.jpg 1772w\" sizes=\"auto, (max-width: 1042px) 100vw, 1042px\" \/><\/p>\n","protected":false},"excerpt":{"rendered":"<p><span class=\"span-reading-time rt-reading-time\" style=\"display: block;\"><span class=\"rt-label rt-prefix\">Olvasd el, csak <\/span> <span class=\"rt-time\"> 3<\/span> <span class=\"rt-label rt-postfix\">perc<\/span><\/span>Sokakat kifejezetten frusztr\u00e1l az alkatt\u00edpus k\u00e9rd\u00e9se. A legt\u00f6bben ugyanis valamilyen \u201episzk\u00e1l\u00e1si\u201d fel\u00fcletet v\u00e9lnek felfedezni ezen a ter\u00fcleten, ahol ha kider\u00fcl, az am\u00fagy t\u00f6bbnyire nagyon is j\u00f3l l\u00e1that\u00f3 titok, akkor az alapk\u00e9nt szolg\u00e1lhat a besz\u00f3l\u00e1soknak, kritikus megjegyz\u00e9seknek. Pedig err\u0151l sz\u00f3 nincsen. Az alkatot pelleng\u00e9rre \u00e1ll\u00edtani egy cseppet sem szakmai l\u00e9p\u00e9s, \u00fagyhogy ez t\u00e1vol \u00e1ll t\u0151l\u00fcnk. Ami\u00e9rt &hellip; <a href=\"https:\/\/answear.hu\/blog\/miert-olyan-fontos-az-alkat-ismerete-es-elismerese\/16144\" class=\"more-link\"><span class=\"screen-reader-text\">Mi\u00e9rt olyan fontos az alkat ismerete \u00e9s elismer\u00e9se?<\/span> r\u00e9szletei&#8230;<\/a><\/p>\n","protected":false},"author":35,"featured_media":16145,"comment_status":"closed","ping_status":"closed","sticky":false,"template":"","format":"standard","meta":{"footnotes":""},"categories":[686],"tags":[1575,892,2151,2140],"class_list":["post-16144","post","type-post","status-publish","format-standard","has-post-thumbnail","hentry","category-trendek","tag-alkat","tag-divat","tag-karakter","tag-noi-alkat"],"_links":{"self":[{"href":"https:\/\/answear.hu\/blog\/wp-json\/wp\/v2\/posts\/16144","targetHints":{"allow":["GET"]}}],"collection":[{"href":"https:\/\/answear.hu\/blog\/wp-json\/wp\/v2\/posts"}],"about":[{"href":"https:\/\/answear.hu\/blog\/wp-json\/wp\/v2\/types\/post"}],"author":[{"embeddable":true,"href":"https:\/\/answear.hu\/blog\/wp-json\/wp\/v2\/users\/35"}],"replies":[{"embeddable":true,"href":"https:\/\/answear.hu\/blog\/wp-json\/wp\/v2\/comments?post=16144"}],"version-history":[{"count":4,"href":"https:\/\/answear.hu\/blog\/wp-json\/wp\/v2\/posts\/16144\/revisions"}],"predecessor-version":[{"id":16153,"href":"https:\/\/answear.hu\/blog\/wp-json\/wp\/v2\/posts\/16144\/revisions\/16153"}],"wp:featuredmedia":[{"embeddable":true,"href":"https:\/\/answear.hu\/blog\/wp-json\/wp\/v2\/media\/16145"}],"wp:attachment":[{"href":"https:\/\/answear.hu\/blog\/wp-json\/wp\/v2\/media?parent=16144"}],"wp:term":[{"taxonomy":"category","embeddable":true,"href":"https:\/\/answear.hu\/blog\/wp-json\/wp\/v2\/categories?post=16144"},{"taxonomy":"post_tag","embeddable":true,"href":"https:\/\/answear.hu\/blog\/wp-json\/wp\/v2\/tags?post=16144"}],"curies":[{"name":"wp","href":"https:\/\/api.w.org\/{rel}","templated":true}]}}