{"id":16122,"date":"2022-06-28T12:19:23","date_gmt":"2022-06-28T10:19:23","guid":{"rendered":"https:\/\/answear.hu\/blog\/?p=16122"},"modified":"2022-08-23T15:06:31","modified_gmt":"2022-08-23T13:06:31","slug":"azok-a-bizonyos-almatlansagot-hozo-vadlik","status":"publish","type":"post","link":"https:\/\/answear.hu\/blog\/azok-a-bizonyos-almatlansagot-hozo-vadlik\/16122","title":{"rendered":"Azok a bizonyos \u00e1lmatlans\u00e1got hoz\u00f3 v\u00e1dlik"},"content":{"rendered":"<span class=\"span-reading-time rt-reading-time\" style=\"display: block;\"><span class=\"rt-label rt-prefix\">Olvasd el, csak <\/span> <span class=\"rt-time\"> 3<\/span> <span class=\"rt-label rt-postfix\">perc<\/span><\/span><p><strong> H\u00e1ny n\u0151 forog \u00e1lmatlanul \u00e9jszak\u00e1nk\u00e9nt az \u00e1gy\u00e1ban, ha arra gondol, a v\u00e1dlija t\u00fal sz\u00e9les? Mennyi \u00e9s mennyi olyan k\u00fcls\u0151 t\u00e9nyez\u0151 van a F\u00f6ld kerek\u00e9n, amiket valaki egyszer elfogadott, meghat\u00e1rozott \u00e9s k\u00f6vetend\u0151nek be\u00e1ll\u00edtott? Ezernyi! Pedig ezek k\u00f6z\u00fcl aligha akad olyan, ami mindenkire egyen sablonk\u00e9nt r\u00e1h\u00fazhat\u00f3. Kor\u00e1ntsem. \u00cdgy azt\u00e1n a sokat emlegetett v\u00e1dlik\u00e9rd\u00e9s sem annyira fekete vagy feh\u00e9r, mint ahogy azt a legt\u00f6bben sejtik. \u00dagyhogy \u00e9rdemes ut\u00e1namenni annak, hogy mi az, ami egy ilyen alkati szitu\u00e1ci\u00f3b\u00f3l kihozhat\u00f3.<\/strong><\/p>\r\n<h2><!--more--><br \/>A sz\u00e9ps\u00e9g k\u00e9nyelmetlens\u00e9ggel j\u00e1r?<\/h2>\r\n<p>Nem, nem \u00e9s nem! M\u00e9g akkor sem, ha a mai napig akadnak olyan sz\u00f3sz\u00f3l\u00f3k, akik \u00e1ll\u00edtj\u00e1k, hogy van az a fok\u00fa kisug\u00e1rz\u00e1s, ami\u00e9rt konkr\u00e9tan meg kell szenvedni. Mik\u00f6zben a val\u00f3s\u00e1g ennek az ellenkez\u0151je. Ha a sz\u00e9ps\u00e9g, a vonzer\u0151 adott, akkor semmif\u00e9le k\u00fczdelemre nincsen sz\u00fcks\u00e9g ennek a kifejez\u00e9s\u00e9re. Na, de hogy visszakanyarodjunk a t\u00e9m\u00e1nkhoz, a sz\u00e9les v\u00e1dli sem arra sz\u00fcletett, hogy mindenf\u00e9le keskeny l\u00e1bbelibe legyen beleer\u0151ltetve, ami szor\u00edt, nyom, horzsol, b\u00f6k \u00e9s a diszkomfort az eset\u00e9ben garant\u00e1lhat\u00f3. Nem! A csizma sz\u00e9les v\u00e1dlira az a kialak\u00edt\u00e1si forma, ami minden v\u00e9lt vagy val\u00f3s probl\u00e9m\u00e1t megold, puszt\u00e1n annak k\u00f6sz\u00f6nhet\u0151en, hogy nem mindennapi k\u00e9nyelmet k\u00edn\u00e1l. \u00c9s nem egy kilom\u00e9teren.<br \/>A sz\u00e9les sz\u00e1r\u00fa csizma kifejezetten trendi viselet, ami r\u00e1ad\u00e1sul egyre n\u00e9pszer\u0171bb. Viszont az is igaz, hogy nem felt\u00e9tlen\u00fcl \u00e1ll j\u00f3l mindenkinek. \u00dagyhogy ha eddig azt gondoltad magadban, hogy a sz\u00e9les v\u00e1dlinak nincsenek el\u0151nyei, s\u0151t tulajdonk\u00e9ppen csak a h\u00e1tr\u00e1nyait ismered, akkor \u00edme egy jelent\u0151s pozit\u00edvum. Ez az a modell, ami legink\u00e1bb ebben a helyzetben j\u00f6het sz\u00e1m\u00edt\u00e1sba, mert ekkor teljes\u00edtheti ki a rendeltetett sors\u00e1t. Ugyanis a megjelen\u00e9se k\u00e9ts\u00e9gtelen\u00fcl vonz\u00f3, ami nem hogy nem emeli ki a v\u00e1dli, sokszor t\u00fals\u00e1gosan is t\u00falmisztifik\u00e1lt \u201chib\u00e1it\u201d, hanem elfedi azokat. Mivel st\u00edlusos kieg\u00e9sz\u00edt\u0151, \u00edgy azt\u00e1n \u00f6r\u00f6m r\u00e1n\u00e9zni, ami szint\u00e9n a sikeress\u00e9g bor\u00edt\u00e9kol\u00f3ja.<\/p>\r\n<p><img loading=\"lazy\" decoding=\"async\" class=\"alignnone size-medium wp-image-16127\" src=\"https:\/\/answear.hu\/blog\/wp-content\/uploads\/2022\/06\/1-4-927x695.jpg\" alt=\"\" width=\"927\" height=\"695\" srcset=\"https:\/\/answear.hu\/blog\/wp-content\/uploads\/2022\/06\/1-4-927x695.jpg 927w, https:\/\/answear.hu\/blog\/wp-content\/uploads\/2022\/06\/1-4-768x576.jpg 768w, https:\/\/answear.hu\/blog\/wp-content\/uploads\/2022\/06\/1-4.jpg 1179w\" sizes=\"auto, (max-width: 927px) 100vw, 927px\" \/><\/p>\r\n<p>Az extra sz\u00e9les sz\u00e1r\u00fa csizma \u00e1pol \u00e9s eltakar, nagyon r\u00f6viden \u00edgy is \u00f6sszefoglalhatjuk a pozit\u00edvumait. Ha id\u00e1ig azt gondoltad, hogy nincs menekv\u00e9s \u00e9s nincs olyan l\u00e1bbeli a gl\u00f3buszon, ami hozz\u00e1d illene, amit igazi k\u00f6nnyeds\u00e9ggel viselhetsz, akkor \u00edme. \u00cdme a v\u00e1lasz az eddigi dilemm\u00e1idra \u00e9s \u00edme az alternat\u00edva, ami k\u00e9nyelemmel, kellemmel \u00e9s el\u00e9gedetts\u00e9ggel aj\u00e1nd\u00e9kozhat meg. A hossz\u00fa sz\u00e1r\u00fa csizma sz\u00e9les v\u00e1dlira nem a t\u00f6megek viselete. Nem az un\u00e1sig ism\u00e9telt cip\u0151k csal\u00e1dj\u00e1hoz tartozik. Nem \u00e1ll j\u00f3l mindenkinek, egy\u00fattal a megjelen\u00e9s\u00e9t nem lehet sz\u00f3 \u00e9s tettek n\u00e9lk\u00fcl hagyni. Annyira jellegzetes, k\u00fcl\u00f6nleges \u00e9s egyedi. Na pontosan \u00edgy ford\u00edthat\u00f3ak \u00e1t a v\u00e9lt vagy val\u00f3s h\u00e1tr\u00e1nyok el\u0151ny\u00f6kk\u00e9. Minden kiz\u00e1r\u00f3lag n\u00e9z\u0151pont k\u00e9rd\u00e9se.<\/p>\r\n<h2>Mire figyelj v\u00e1s\u00e1rl\u00e1s k\u00f6zben?<\/h2>\r\n<p>Amikor a legmegfelel\u0151bb vari\u00e1ci\u00f3 ut\u00e1n kutatsz, akkor ne felejtsd el a v\u00e1dlid k\u00f6rm\u00e9ret\u00e9t is alapul venni. Nem el\u00e9g ugyanis kiz\u00e1r\u00f3lag a talp m\u00e9rettel kalkul\u00e1lni. Ha a kiszemelt modell sz\u00e1ra szor\u00edt, vagy \u00e9ppen d\u00f6bbenetesen el\u00e1ll a l\u00e1badt\u00f3l, akkor semmik\u00e9ppen sem ide\u00e1lis v\u00e1laszt\u00e1s. Ha erre az apr\u00f3nak t\u0171n\u0151 r\u00e9szletre nagy figyelmet szentelsz, akkor ellenben nem \u00e9rhetnek k\u00e9nyelmetlens\u00e9geket hoz\u00f3 meglepet\u00e9sek.<\/p>\r\n<p>Term\u00e9szetesen a sz\u00edn kiv\u00e1laszt\u00e1sa is r\u00e1d v\u00e1r, s a kieg\u00e9sz\u00edt\u0151k felsorakoztat\u00e1sa is izgalmas feladatnak t\u0171nik. A hossz\u00fa sz\u00e1r\u00fa csizm\u00e1hoz am\u00fagy kifejezetten j\u00f3l \u00e1llnak a buggyosabb, b\u0151vebb fazon\u00fa nadr\u00e1gok, amik szint\u00e9n nagyszer\u0171ek a k\u00e9nyesebbnek \u00edt\u00e9lt alkati r\u00e9szletek elfed\u00e9s\u00e9ben. Sz\u00f3val ha eddig szorong\u00e1st v\u00e1ltott ki bel\u0151led a v\u00e1dlid sz\u00e9less\u00e9ge, akkor a fentiek f\u00e9ny\u00e9ben van egy j\u00f3 h\u00edr\u00fcnk a sz\u00e1modra. Az \u00e1ltalad eddig probl\u00e9m\u00e1nak \u00edt\u00e9lt tulajdons\u00e1god a szexepiledd\u00e9 v\u00e1lhat!<\/p>\r\n<p>&nbsp;<\/p>\r\n\r\n<figure class=\"wp-block-gallery columns-2 is-cropped wp-block-gallery-1 is-layout-flex wp-block-gallery-is-layout-flex\">\r\n<ul class=\"blocks-gallery-grid\">\r\n<li style=\"list-style-type: none;\">\r\n<ul class=\"blocks-gallery-grid\">\r\n<li class=\"blocks-gallery-item\">\r\n<figure><img loading=\"lazy\" decoding=\"async\" width=\"463\" height=\"695\" class=\"wp-image-16129\" src=\"https:\/\/answear.hu\/blog\/wp-content\/uploads\/2022\/06\/2-4.jpg\" alt=\"\" data-id=\"16129\" data-full-url=\"https:\/\/answear.hu\/blog\/wp-content\/uploads\/2022\/06\/2-4.jpg\" data-link=\"https:\/\/answear.hu\/blog\/?attachment_id=16129\" \/><\/figure>\r\n<\/li>\r\n<li class=\"blocks-gallery-item\">\r\n<figure><img loading=\"lazy\" decoding=\"async\" width=\"463\" height=\"695\" class=\"wp-image-16130\" src=\"https:\/\/answear.hu\/blog\/wp-content\/uploads\/2022\/06\/3-3.jpg\" alt=\"\" data-id=\"16130\" data-full-url=\"https:\/\/answear.hu\/blog\/wp-content\/uploads\/2022\/06\/3-3.jpg\" data-link=\"https:\/\/answear.hu\/blog\/?attachment_id=16130\" \/><\/figure>\r\n<\/li>\r\n<li>\u00a0<\/li>\r\n<li>\r\n<div class=\"hidden\"><img loading=\"lazy\" decoding=\"async\" class=\"alignnone size-full wp-image-16132\" src=\"https:\/\/answear.hu\/blog\/wp-content\/uploads\/2022\/06\/hidden-image.png\" alt=\"\" width=\"564\" height=\"564\" srcset=\"https:\/\/answear.hu\/blog\/wp-content\/uploads\/2022\/06\/hidden-image.png 564w, https:\/\/answear.hu\/blog\/wp-content\/uploads\/2022\/06\/hidden-image-45x45.png 45w\" sizes=\"auto, (max-width: 564px) 100vw, 564px\" \/><\/div>\r\n<\/li>\r\n<\/ul>\r\n<\/li>\r\n<\/ul>\r\n<\/figure>\r\n","protected":false},"excerpt":{"rendered":"<p><span class=\"span-reading-time rt-reading-time\" style=\"display: block;\"><span class=\"rt-label rt-prefix\">Olvasd el, csak <\/span> <span class=\"rt-time\"> 3<\/span> <span class=\"rt-label rt-postfix\">perc<\/span><\/span>H\u00e1ny n\u0151 forog \u00e1lmatlanul \u00e9jszak\u00e1nk\u00e9nt az \u00e1gy\u00e1ban, ha arra gondol, a v\u00e1dlija t\u00fal sz\u00e9les? Mennyi \u00e9s mennyi olyan k\u00fcls\u0151 t\u00e9nyez\u0151 van a F\u00f6ld kerek\u00e9n, amiket valaki egyszer elfogadott, meghat\u00e1rozott \u00e9s k\u00f6vetend\u0151nek be\u00e1ll\u00edtott? Ezernyi! Pedig ezek k\u00f6z\u00fcl aligha akad olyan, ami mindenkire egyen sablonk\u00e9nt r\u00e1h\u00fazhat\u00f3. Kor\u00e1ntsem. \u00cdgy azt\u00e1n a sokat emlegetett v\u00e1dlik\u00e9rd\u00e9s sem annyira fekete vagy &hellip; <a href=\"https:\/\/answear.hu\/blog\/azok-a-bizonyos-almatlansagot-hozo-vadlik\/16122\" class=\"more-link\"><span class=\"screen-reader-text\">Azok a bizonyos \u00e1lmatlans\u00e1got hoz\u00f3 v\u00e1dlik<\/span> r\u00e9szletei&#8230;<\/a><\/p>\n","protected":false},"author":35,"featured_media":16125,"comment_status":"closed","ping_status":"closed","sticky":false,"template":"","format":"standard","meta":{"footnotes":""},"categories":[771],"tags":[2143,1587,2142,2144,2145],"class_list":["post-16122","post","type-post","status-publish","format-standard","has-post-thumbnail","hentry","category-inspiraciok","tag-noi-alak","tag-noi-test","tag-vadli","tag-vastag-vadli","tag-vekony-vadli"],"_links":{"self":[{"href":"https:\/\/answear.hu\/blog\/wp-json\/wp\/v2\/posts\/16122","targetHints":{"allow":["GET"]}}],"collection":[{"href":"https:\/\/answear.hu\/blog\/wp-json\/wp\/v2\/posts"}],"about":[{"href":"https:\/\/answear.hu\/blog\/wp-json\/wp\/v2\/types\/post"}],"author":[{"embeddable":true,"href":"https:\/\/answear.hu\/blog\/wp-json\/wp\/v2\/users\/35"}],"replies":[{"embeddable":true,"href":"https:\/\/answear.hu\/blog\/wp-json\/wp\/v2\/comments?post=16122"}],"version-history":[{"count":4,"href":"https:\/\/answear.hu\/blog\/wp-json\/wp\/v2\/posts\/16122\/revisions"}],"predecessor-version":[{"id":16133,"href":"https:\/\/answear.hu\/blog\/wp-json\/wp\/v2\/posts\/16122\/revisions\/16133"}],"wp:featuredmedia":[{"embeddable":true,"href":"https:\/\/answear.hu\/blog\/wp-json\/wp\/v2\/media\/16125"}],"wp:attachment":[{"href":"https:\/\/answear.hu\/blog\/wp-json\/wp\/v2\/media?parent=16122"}],"wp:term":[{"taxonomy":"category","embeddable":true,"href":"https:\/\/answear.hu\/blog\/wp-json\/wp\/v2\/categories?post=16122"},{"taxonomy":"post_tag","embeddable":true,"href":"https:\/\/answear.hu\/blog\/wp-json\/wp\/v2\/tags?post=16122"}],"curies":[{"name":"wp","href":"https:\/\/api.w.org\/{rel}","templated":true}]}}