{"id":15808,"date":"2021-12-02T12:08:02","date_gmt":"2021-12-02T11:08:02","guid":{"rendered":"https:\/\/answear.hu\/blog\/?p=15808"},"modified":"2021-12-02T12:08:02","modified_gmt":"2021-12-02T11:08:02","slug":"hogyan-csomagolj-be-egy-karacsonyi-ajandekot-inspiralo-otletek-a-gyonyoru-vegeredmenyhez","status":"publish","type":"post","link":"https:\/\/answear.hu\/blog\/hogyan-csomagolj-be-egy-karacsonyi-ajandekot-inspiralo-otletek-a-gyonyoru-vegeredmenyhez\/15808","title":{"rendered":"Hogyan csomagolj be egy kar\u00e1csonyi aj\u00e1nd\u00e9kot? Inspir\u00e1l\u00f3 \u00f6tletek a gy\u00f6ny\u00f6r\u0171 v\u00e9geredm\u00e9nyhez"},"content":{"rendered":"<span class=\"span-reading-time rt-reading-time\" style=\"display: block;\"><span class=\"rt-label rt-prefix\">Olvasd el, csak <\/span> <span class=\"rt-time\"> 3<\/span> <span class=\"rt-label rt-postfix\">perc<\/span><\/span><p><strong> December a kar\u00e1csonyr\u00f3l sz\u00f3l, \u00edgy az aj\u00e1nd\u00e9koz\u00e1sr\u00f3l is. De hogyan kell az aj\u00e1nd\u00e9kokat sz\u00e9pen becsomagolni? N\u00e9zd meg tippjeinket \u00e9s inspir\u00e1ci\u00f3inkat, majd fogj pap\u00edrt, oll\u00f3t, sz\u00ednes szalagokat, \u00e9s k\u00e9sz\u00edts bel\u0151l\u00fck csod\u00e1s kompoz\u00edci\u00f3kat.<\/strong><!--more--><\/p>\r\n<h2>St\u00edlusos csomagol\u00e1s<\/h2>\r\n<p>Az aj\u00e1nd\u00e9kok csomagol\u00e1s\u00e1nak legn\u00e9pszer\u0171bb m\u00f3dja, ha dekorat\u00edv pap\u00edrral becsomagolt \u00e9s szalaggal \u00e1tk\u00f6t\u00f6tt dobozba tessz\u00fck \u0151ket. Ez egy klasszikus, id\u0151t\u00e1ll\u00f3 \u00f6tlet, amit \u00e9rdemes id\u0151r\u0151l id\u0151re felfriss\u00edteni. El\u0151sz\u00f6r is fontosak a dekor\u00e1ci\u00f3s anyagok &#8211; legyenek j\u00f3 min\u0151s\u00e9g\u0171ek, hogy ne vesz\u00edtsd el a fejed (vagy a t\u00fcrelmed) az aj\u00e1nd\u00e9kok csomagol\u00e1sa k\u00f6zben. V\u00e1lassz vastagabb d\u00edszpap\u00edrt, amik nem fognak meggy\u0171r\u0151dni vagy elszakadni csomagol\u00e1skor. Ford\u00edts figyelmet a szalagok, c\u00edmk\u00e9k \u00e9s masnik min\u0151s\u00e9g\u00e9re \u00e9s st\u00edlus\u00e1r. A sz\u00f6vetb\u0151l k\u00e9sz\u00fclt verzi\u00f3k sokkal praktikusabbak, mint a f\u00e9nyes, f\u00f3li\u00e1s darabok. A pap\u00edr sz\u00ednben passzoljon a masnihoz \u00e9s az eg\u00e9sz legyen egy st\u00edlus\u00fa. K\u00e9sz\u00edthetsz b\u00e1jos pasztellsz\u00edn\u0171 kompoz\u00edci\u00f3t, fekete-arany v\u00e1ltozatot vagy t\u00e9lre utal\u00f3 feh\u00e9r, ez\u00fcst \u00e9s k\u00e9k csomagol\u00e1st.<\/p>\r\n<p><img loading=\"lazy\" decoding=\"async\" class=\"alignnone size-medium wp-image-15829\" src=\"https:\/\/answear.hu\/blog\/wp-content\/uploads\/2021\/12\/Main_1680x480_04-884x695.jpg\" alt=\"\" width=\"884\" height=\"695\" srcset=\"https:\/\/answear.hu\/blog\/wp-content\/uploads\/2021\/12\/Main_1680x480_04-884x695.jpg 884w, https:\/\/answear.hu\/blog\/wp-content\/uploads\/2021\/12\/Main_1680x480_04-768x604.jpg 768w, https:\/\/answear.hu\/blog\/wp-content\/uploads\/2021\/12\/Main_1680x480_04.jpg 920w\" sizes=\"auto, (max-width: 884px) 100vw, 884px\" \/><\/p>\r\n<!-- \/wp:post-content -->\r\n\r\n<!-- wp:paragraph -->\r\n<h2>Az aj\u00e1nd\u00e9kot feldob\u00f3 elemek<\/h2>\r\n<!-- \/wp:paragraph -->\r\n\r\n<!-- wp:paragraph -->\r\n<p>Egy \u00edzl\u00e9ses masni nem el\u00e9g neked? Az aj\u00e1nd\u00e9kcsomagol\u00e1st tov\u00e1bbi elemekkel is vonz\u00f3bb\u00e1 teheted, de pr\u00f3b\u00e1lj m\u00e9rt\u00e9ktart\u00f3 lenni \u00e9s csak egy dologra \u00f6sszpontos\u00edtani. Az aj\u00e1nd\u00e9k kar\u00e1csonyi jelleg\u00e9t hangs\u00falyozz\u00e1k a masni mell\u00e9 helyezett apr\u00f3 bubor\u00e9kok, egy pap\u00edrb\u00f3l kiv\u00e1gott h\u00f3pehely, egy \u00e1g form\u00e1j\u00fa d\u00edsz, feny\u0151tobozok, fah\u00e9jr\u00fad, sz\u00e1r\u00edtott narancsszeletek vagy cukorkarudak. Diz\u00e1jnelem lehet a csomagol\u00e1sra ragasztott v\u00e1gott bet\u0171k (ezekb\u0151l vicces, szem\u00e9lyre szabott szlogent, sz\u00f6veget is k\u00e9sz\u00edthetsz), rojtok vagy \u00e9kszerek &#8211; p\u00e9ld\u00e1ul egy szalagra felf\u0171z\u00f6tt gy\u0171r\u0171 vagy egy brossal r\u00f6gz\u00edtett masni.<\/p>\r\n<p><img loading=\"lazy\" decoding=\"async\" class=\"alignnone size-full wp-image-15834\" src=\"https:\/\/answear.hu\/blog\/wp-content\/uploads\/2021\/12\/Main_1680x480_08-1.jpg\" alt=\"\" width=\"920\" height=\"598\" srcset=\"https:\/\/answear.hu\/blog\/wp-content\/uploads\/2021\/12\/Main_1680x480_08-1.jpg 920w, https:\/\/answear.hu\/blog\/wp-content\/uploads\/2021\/12\/Main_1680x480_08-1-768x499.jpg 768w\" sizes=\"auto, (max-width: 920px) 100vw, 920px\" \/><\/p>\r\n<!-- \/wp:paragraph -->\r\n\r\n<!-- wp:paragraph -->\r\n<h2>Term\u00e9szetbar\u00e1t aj\u00e1nd\u00e9kcsomagol\u00e1s<\/h2>\r\n<!-- \/wp:paragraph -->\r\n\r\n<!-- wp:paragraph -->\r\n<p>Nem szeretsz szalagokat, sz\u00ednes pap\u00edrokat \u00e9s hasonl\u00f3 dolgokat v\u00e1s\u00e1rolni? Haszn\u00e1ld fel, amid van, \u00e9s k\u00e9sz\u00edts hullad\u00e9kmentes csomagol\u00e1st! Mind\u00f6ssze sz\u00fcrke csomagol\u00f3pap\u00edrra, egy darab madzagra vagy pamut csipkeszalagra \u00e9s egy feny\u0151fa \u00e1gra lesz sz\u00fcks\u00e9ged, hogy gy\u00f6ny\u00f6r\u0171, minimalista, nat\u00far csomagol\u00e1st k\u00e9sz\u00edts. R\u00f6gz\u00edtsd a dobozra a fent eml\u00edtett term\u00e9szetes elemeket, p\u00e9ld\u00e1ul sz\u00e1r\u00edtott citrom- \u00e9s narancsszeleteket, vir\u00e1gokat, egy \u00e1g fagy\u00f6ngy\u00f6t vagy bor\u00f3k\u00e1t. A sz\u00fcrke pap\u00edr helyett r\u00e9gi \u00fajs\u00e1gpap\u00edrt is haszn\u00e1lhat, aminek k\u00f6sz\u00f6nhet\u0151en a csomagol\u00e1s retr\u00f3 b\u00e1jt kap majd. Ne f\u00e9lj felhaszn\u00e1lni, ami \u00e9ppen k\u00e9zn\u00e9l van &#8211; az upcycling igaz\u00e1n sz\u00f3rakoztat\u00f3.<\/p>\r\n<p><img loading=\"lazy\" decoding=\"async\" class=\"alignnone size-medium wp-image-15830\" src=\"https:\/\/answear.hu\/blog\/wp-content\/uploads\/2021\/12\/Main_1680x480_11-884x695.jpg\" alt=\"\" width=\"884\" height=\"695\" srcset=\"https:\/\/answear.hu\/blog\/wp-content\/uploads\/2021\/12\/Main_1680x480_11-884x695.jpg 884w, https:\/\/answear.hu\/blog\/wp-content\/uploads\/2021\/12\/Main_1680x480_11-768x604.jpg 768w, https:\/\/answear.hu\/blog\/wp-content\/uploads\/2021\/12\/Main_1680x480_11.jpg 920w\" sizes=\"auto, (max-width: 884px) 100vw, 884px\" \/><\/p>\r\n<!-- \/wp:paragraph -->\r\n\r\n<!-- wp:paragraph -->\r\n<h2>Az aj\u00e1nd\u00e9kcsomagol\u00e1s m\u0171v\u00e9szi m\u00f3dja<\/h2>\r\n<!-- \/wp:paragraph -->\r\n\r\n<!-- wp:paragraph -->\r\n<p>Az emberi kreativit\u00e1s hat\u00e1rtalan, \u00edgy ha decemberi est\u00e9kre keresel elfoglalts\u00e1got \u00e9s szeretn\u00e9d meglepni szeretteidet, pr\u00f3b\u00e1ld ki az aj\u00e1nd\u00e9kok m\u0171v\u00e9szi m\u00f3don t\u00f6rt\u00e9n\u0151 becsomagol\u00e1s\u00e1t. Az al\u00e1bbiakban egy mar\u00e9knyi inspir\u00e1l\u00f3 technik\u00e1t \u00e9s \u00fatmutat\u00f3t tal\u00e1lsz.<\/p>\r\n<!-- \/wp:paragraph -->\r\n\r\n<!-- wp:paragraph -->\r\n<h2>Az origami technika<\/h2>\r\n<!-- \/wp:paragraph -->\r\n\r\n<!-- wp:paragraph -->\r\n<p>Eml\u00e9kszel m\u00e9g gyermekkorodb\u00f3l arra, hogy k\u00fcl\u00f6nb\u00f6z\u0151 form\u00e1kat hajtogatt\u00e1l pap\u00edrb\u00f3l? Az origami technika az aj\u00e1nd\u00e9kcsomagol\u00e1s vil\u00e1g\u00e1ban is alkalmazhat\u00f3. Mind\u00f6ssze n\u00e9h\u00e1ny pap\u00edrlapra, precizit\u00e1sra \u00e9s egy kis t\u00fcrelemre lesz sz\u00fcks\u00e9geded. Minden egyes becsomagolt aj\u00e1nd\u00e9kkal \u00faj tapasztalatot szerezhetsz. Az al\u00e1bbiakban egy egyszer\u0171, de hat\u00e9kony m\u00f3dj\u00e1t tal\u00e1lod egy geometrikus masnival megkoron\u00e1zott aj\u00e1nd\u00e9k becsomagol\u00e1s\u00e1nak:<\/p>\r\n<p><iframe loading=\"lazy\" src=\"\/\/www.youtube.com\/embed\/IFSf-KzZRUk\" width=\"920\" height=\"516\" allowfullscreen=\"allowfullscreen\"><\/iframe><\/p>\r\n<h2>A lehengerl\u0151 legyez\u0151<\/h2>\r\n<p>Csak mint\u00e1s pap\u00edrra \u00e9s k\u00e9toldalas ragaszt\u00f3szalagra van sz\u00fcks\u00e9ged, hogy ilyen kis csod\u00e1kat alkoss. Ez a m\u00f3dszer remek \u00e9s kicsit egyszer\u0171bb alternat\u00edv\u00e1ja a bonyolultabb origami form\u00e1knak:<\/p>\r\n<p><iframe loading=\"lazy\" src=\"\/\/www.youtube.com\/embed\/bxcw50ZBuT0\" width=\"920\" height=\"516\" allowfullscreen=\"allowfullscreen\"><\/iframe><\/p>\r\n<h2>Pap\u00edr k\u00f6nyvjelz\u0151k<\/h2>\r\n<p>M\u0171v\u00e9szi k\u00f6nyvjelz\u0151k k\u00e9sz\u00edt\u00e9s\u00e9vel szab\u00e1lyos kocka alak\u00fa aj\u00e1nd\u00e9kokat csomagolhatsz pap\u00edrba. Egy ilyen forma eset\u00e9ben a sima text\u00far\u00e1k m\u0171k\u00f6dnek a legjobban &#8211; m\u00e9g a sz\u00fcrke csomagol\u00f3pap\u00edr is leny\u0171g\u00f6z\u0151en mutat majd:<\/p>\r\n<p><iframe loading=\"lazy\" src=\"\/\/www.youtube.com\/embed\/OqajLQ4w1O0\" width=\"920\" height=\"516\" allowfullscreen=\"allowfullscreen\"><\/iframe><\/p>\r\n<h2>Anyagba csomagolva<\/h2>\r\n<p>Dekorpap\u00edr helyett valami anyagba csomagoln\u00e1d az aj\u00e1nd\u00e9kokat? A furoshiki egy jap\u00e1n n\u00e9gyzet alak\u00fa kend\u0151, amelyet \u00e9vezredek \u00f3ta haszn\u00e1lnak t\u00e1rgyak csomagol\u00e1s\u00e1ra. Csak egy tetsz\u0151leges, az aj\u00e1nd\u00e9k m\u00e9ret\u00e9nek megfelel\u0151 sz\u00f6vetdarabra van sz\u00fcks\u00e9ged &#8211; itt remek\u00fcl bev\u00e1lik egy s\u00e1l, ami egyben az aj\u00e1nd\u00e9kod r\u00e9sze is lesz:<\/p>\r\n<p><iframe loading=\"lazy\" src=\"\/\/www.youtube.com\/embed\/f7hAWc7ynGc\" width=\"920\" height=\"516\" allowfullscreen=\"allowfullscreen\"><\/iframe><\/p>\r\n<div class=\"hidden\"><img loading=\"lazy\" decoding=\"async\" class=\"alignnone size-full wp-image-15827\" src=\"https:\/\/answear.hu\/blog\/wp-content\/uploads\/2021\/12\/hidden-image.png\" alt=\"\" width=\"564\" height=\"564\" srcset=\"https:\/\/answear.hu\/blog\/wp-content\/uploads\/2021\/12\/hidden-image.png 564w, https:\/\/answear.hu\/blog\/wp-content\/uploads\/2021\/12\/hidden-image-45x45.png 45w\" sizes=\"auto, (max-width: 564px) 100vw, 564px\" \/><\/div>\r\n<p>&nbsp;<\/p>\r\n<!-- \/wp:paragraph -->","protected":false},"excerpt":{"rendered":"<p><span class=\"span-reading-time rt-reading-time\" style=\"display: block;\"><span class=\"rt-label rt-prefix\">Olvasd el, csak <\/span> <span class=\"rt-time\"> 3<\/span> <span class=\"rt-label rt-postfix\">perc<\/span><\/span>December a kar\u00e1csonyr\u00f3l sz\u00f3l, \u00edgy az aj\u00e1nd\u00e9koz\u00e1sr\u00f3l is. De hogyan kell az aj\u00e1nd\u00e9kokat sz\u00e9pen becsomagolni? N\u00e9zd meg tippjeinket \u00e9s inspir\u00e1ci\u00f3inkat, majd fogj pap\u00edrt, oll\u00f3t, sz\u00ednes szalagokat, \u00e9s k\u00e9sz\u00edts bel\u0151l\u00fck csod\u00e1s kompoz\u00edci\u00f3kat.<\/p>\n","protected":false},"author":35,"featured_media":15832,"comment_status":"closed","ping_status":"closed","sticky":false,"template":"","format":"standard","meta":{"footnotes":""},"categories":[771],"tags":[2093,967,976,2095,2094,1431],"class_list":["post-15808","post","type-post","status-publish","format-standard","has-post-thumbnail","hentry","category-inspiraciok","tag-csomagolas","tag-karacsony","tag-karacsonyi-ajandek","tag-karacsonyi-ajandek-csomagolas","tag-otletek","tag-video"],"_links":{"self":[{"href":"https:\/\/answear.hu\/blog\/wp-json\/wp\/v2\/posts\/15808","targetHints":{"allow":["GET"]}}],"collection":[{"href":"https:\/\/answear.hu\/blog\/wp-json\/wp\/v2\/posts"}],"about":[{"href":"https:\/\/answear.hu\/blog\/wp-json\/wp\/v2\/types\/post"}],"author":[{"embeddable":true,"href":"https:\/\/answear.hu\/blog\/wp-json\/wp\/v2\/users\/35"}],"replies":[{"embeddable":true,"href":"https:\/\/answear.hu\/blog\/wp-json\/wp\/v2\/comments?post=15808"}],"version-history":[{"count":12,"href":"https:\/\/answear.hu\/blog\/wp-json\/wp\/v2\/posts\/15808\/revisions"}],"predecessor-version":[{"id":15835,"href":"https:\/\/answear.hu\/blog\/wp-json\/wp\/v2\/posts\/15808\/revisions\/15835"}],"wp:featuredmedia":[{"embeddable":true,"href":"https:\/\/answear.hu\/blog\/wp-json\/wp\/v2\/media\/15832"}],"wp:attachment":[{"href":"https:\/\/answear.hu\/blog\/wp-json\/wp\/v2\/media?parent=15808"}],"wp:term":[{"taxonomy":"category","embeddable":true,"href":"https:\/\/answear.hu\/blog\/wp-json\/wp\/v2\/categories?post=15808"},{"taxonomy":"post_tag","embeddable":true,"href":"https:\/\/answear.hu\/blog\/wp-json\/wp\/v2\/tags?post=15808"}],"curies":[{"name":"wp","href":"https:\/\/api.w.org\/{rel}","templated":true}]}}