{"id":15626,"date":"2021-10-15T10:06:36","date_gmt":"2021-10-15T08:06:36","guid":{"rendered":"https:\/\/answear.hu\/blog\/?p=15626"},"modified":"2021-10-15T10:06:36","modified_gmt":"2021-10-15T08:06:36","slug":"divatos-es-stilusos-megjelenes-hatvan-felett","status":"publish","type":"post","link":"https:\/\/answear.hu\/blog\/divatos-es-stilusos-megjelenes-hatvan-felett\/15626","title":{"rendered":"Divatos \u00e9s st\u00edlusos megjelen\u00e9s hatvan felett"},"content":{"rendered":"<span class=\"span-reading-time rt-reading-time\" style=\"display: block;\"><span class=\"rt-label rt-prefix\">Olvasd el, csak <\/span> <span class=\"rt-time\"> 4<\/span> <span class=\"rt-label rt-postfix\">perc<\/span><\/span><p><strong>\u00a0R\u00e9gen megvoltak azok a szigor\u00fa \u00f6lt\u00f6zk\u00f6d\u00e9si szab\u00e1lyok, amelyeket mindenkinek be kellett tartani, k\u00fcl\u00f6nben megsz\u00f3lt\u00e1k \u0151ket. Be is tartotta ezeket a nagy t\u00f6bbs\u00e9g \u2013 mindenki tudta, hogy az \u00e9letkora alapj\u00e1n milyen szettet illik viselnie. Napjainkban ez m\u00e1r nincs \u00edgy. De akkor milyen a divatos megjelen\u00e9s hatvan felett?<\/strong><!--more--><\/p>\n<h2>Divat 60 felett<\/h2>\n<p>Az ut\u00f3bbi \u00e9vtizedekben m\u00e1r jelent\u0151sen lazultak a fent eml\u00edtett szab\u00e1lyok. M\u00e1r nem az a fontos, hogy milyen \u00e9letkorban vagyunk, hanem az, hogy mi \u00e1ll a legk\u00f6zelebb a st\u00edlusunkhoz, mi nyeri el legink\u00e1bb a tetsz\u00e9s\u00fcnket. Persze a 60 \u00e9v feletti divat is lehet izgalmas. Napjainkban az \u00f6nkifejez\u00e9s egy hat\u00e1sos eszk\u00f6zek\u00e9nt tekint\u00fcnk a divatra. A st\u00edlus a 60 \u00e9vesek sz\u00e1m\u00e1ra m\u00e1st jelent, mint a fiatalabbak sz\u00e1m\u00e1ra. Hatvan felett m\u00e1r kevesen akarnak trendik lenni, m\u00e1r r\u00e9g nem akarnak a mondvacsin\u00e1lt elv\u00e1r\u00e1soknak megfelelni az emberek. Sokkal ink\u00e1bb a szem\u00e9lyis\u00e9ggel \u00f6sszhangban l\u00e9v\u0151, st\u00edlusos megjelen\u00e9s a fontos. Kiemelt szerepet kapott a k\u00e9nyelem. Ma m\u00e1r kevesen \u00e1ldozz\u00e1k fel a k\u00e9nyelmet a megjelen\u00e9s \u00e9rdek\u00e9ben. Persze ez nem azt jelenti, hogy unalmasak lenn\u00e9nek a szettek. Izgalmas \u00f6ssze\u00e1ll\u00edt\u00e1sok is biztos\u00edthatj\u00e1k a maxim\u00e1lis k\u00e9nyelmet. R\u00e1ad\u00e1sul a hatvanas \u00e9veikben j\u00e1r\u00f3k n\u00e9mi el\u0151nnyel is rendelkeznek a fiatalabb koroszt\u00e1llyal szemben. M\u00e9gpedig azzal, hogy \u0151k m\u00e1r pontosan tiszt\u00e1ban vannak a testi \u00e9s a lelki adotts\u00e1gaikkal. Tudj\u00e1k, hogy milyen elv\u00e1r\u00e1saik lehetnek magukkal szemben. Nem a divat hat\u00e1rozza meg \u0151ket, ismerik a saj\u00e1t st\u00edlusukat. Pontosan tudj\u00e1k, hogy miben \u00e9rzik j\u00f3l \u00e9s k\u00e9nyelmesen magukat.<\/p>\n<p>Az \u00e9rettebb koroszt\u00e1ly k\u00e9pvisel\u0151i azzal is maxim\u00e1lisan tiszt\u00e1ban vannak, hogy mit \u00e9rdemes magukon kihangs\u00falyozni, \u00e9s mit nem. Hatvan felett sem kell drasztikusan megv\u00e1ltoztatni a kor\u00e1bbi st\u00edlust, csup\u00e1n n\u00e9h\u00e1ny apr\u00f3 m\u00f3dos\u00edt\u00e1st kell bevezetni. \u00cdgy mindig csinos \u00e9s modern marad a megjelen\u00e9s. A mint\u00e1s ruh\u00e1k eset\u00e9ben azzal az alapszab\u00e1llyal fontos tiszt\u00e1ban lenni, hogy a nagy mint\u00e1k sz\u00e9les\u00edtenek, m\u00edg a kisebbek karcs\u00fas\u00edtanak. A nadr\u00e1gok k\u00f6z\u00fcl az egyenes sz\u00e1r\u00fa a legjobb v\u00e1laszt\u00e1s, mivel nem fesz\u00fcl, s\u0151t karcs\u00fas\u00edt is. A koptatott, szakadt \u00e9s d\u00edsz\u00edtett nadr\u00e1gokat 60 felett m\u00e1r \u00e9rdemes ker\u00fclni. Tov\u00e1bb\u00e1 \u00e9rdemes ker\u00fclni a miniszokny\u00e1t, a magas platformos cip\u0151t \u00e9s a leggingseket is.<\/p>\n<p><img loading=\"lazy\" decoding=\"async\" class=\"alignnone size-large wp-image-15681\" src=\"https:\/\/answear.hu\/blog\/wp-content\/uploads\/2021\/10\/1-4-463x695.jpg\" alt=\"\" width=\"463\" height=\"695\" srcset=\"https:\/\/answear.hu\/blog\/wp-content\/uploads\/2021\/10\/1-4-463x695.jpg 463w, https:\/\/answear.hu\/blog\/wp-content\/uploads\/2021\/10\/1-4-768x1152.jpg 768w, https:\/\/answear.hu\/blog\/wp-content\/uploads\/2021\/10\/1-4-1024x1536.jpg 1024w, https:\/\/answear.hu\/blog\/wp-content\/uploads\/2021\/10\/1-4-1365x2048.jpg 1365w, https:\/\/answear.hu\/blog\/wp-content\/uploads\/2021\/10\/1-4-scaled.jpg 1707w\" sizes=\"auto, (max-width: 463px) 100vw, 463px\" \/><\/p>\n<h2>Mit aj\u00e1nl a divat 60 \u00e9v feletti h\u00f6lgyek sz\u00e1m\u00e1ra?<\/h2>\n<p>A divatos \u00e9s st\u00edlusos megjelen\u00e9s indul\u00f3 szintje 60 felett is az \u00e1polts\u00e1g. Id\u0151t kell sz\u00e1nni a hajform\u00e1z\u00e1sra, a b\u0151r\u00e1pol\u00e1sra, \u00e9s a h\u00f6lgyek eset\u00e9ben a sminkel\u00e9sre. Nem kell nagy sminkekre gondolni: a szem\u00f6ld\u00f6k \u00e9s a szempilla kiemel\u00e9se, illetve n\u00e9mi arcpiros\u00edt\u00f3 csod\u00e1kat m\u0171vel. A b\u00e1trabbak \u00e9l\u00e9nkebb sz\u00edn\u0171 r\u00fazsokat is haszn\u00e1lhatnak. Az \u00e1polts\u00e1ghoz a pedik\u0171r \u00e9s a manik\u0171r is hozz\u00e1tartozik. Hogyan kell \u00f6lt\u00f6zni 60 felett? A v\u00e1laszt\u00e1skor arra kell legink\u00e1bb \u00fcgyelni, hogy m\u00e9retben stimmeljenek a <a href=\"https:\/\/answear.hu\/k\/noi\/ruhazat\">divatos ruh\u00e1k<\/a> 60 \u00e9veseknek. Tov\u00e1bb\u00e1 k\u00e9nyelmesek legyenek, \u00e9s olyan sz\u00ednekb\u0151l \u00e1lljanak, amelyek illenek a visel\u0151j\u00fckh\u00f6z. Ehhez \u00e9rdemes stylist vagy sz\u00edntan\u00e1csad\u00f3 seg\u00edts\u00e9g\u00e9t k\u00e9rni els\u0151 alkalommal. A n\u0151i gardr\u00f3b alapdarabjai k\u00f6z\u00e9 tartozik t\u00f6bbek k\u00f6z\u00f6tt a farmer, a feh\u00e9r p\u00f3l\u00f3, a kis fekete ruha, a b\u0151rdzseki, a fekete magassark\u00fa \u00e9s a ballonkab\u00e1t. J\u00f3 h\u00edr, hogy ezekr\u0151l 60 \u00e9v felett sem kell lemondani, ugyan\u00fagy a ruhat\u00e1r r\u00e9sz\u00e9t k\u00e9pezhetik, mint harminc\u00e9vesen.<\/p>\n<p><img loading=\"lazy\" decoding=\"async\" class=\"alignnone size-large wp-image-15683\" src=\"https:\/\/answear.hu\/blog\/wp-content\/uploads\/2021\/10\/2-3-463x695.jpg\" alt=\"\" width=\"463\" height=\"695\" srcset=\"https:\/\/answear.hu\/blog\/wp-content\/uploads\/2021\/10\/2-3-463x695.jpg 463w, https:\/\/answear.hu\/blog\/wp-content\/uploads\/2021\/10\/2-3-768x1152.jpg 768w, https:\/\/answear.hu\/blog\/wp-content\/uploads\/2021\/10\/2-3-1024x1536.jpg 1024w, https:\/\/answear.hu\/blog\/wp-content\/uploads\/2021\/10\/2-3-1365x2048.jpg 1365w, https:\/\/answear.hu\/blog\/wp-content\/uploads\/2021\/10\/2-3-scaled.jpg 1707w\" sizes=\"auto, (max-width: 463px) 100vw, 463px\" \/><\/p>\n<p>A j\u00f3l megv\u00e1lasztott szett, a j\u00f3 smink \u00e9s frizura egy\u00fcttesen k\u00e9pes megfiatal\u00edtani mindenkit. P\u00e9ld\u00e1ul b\u00e1tran lehet tornacip\u0151t viselni 60 \u00e9ves kor felett is. A legjobb, ha a tornacip\u0151 egy b\u0151 szab\u00e1s\u00fa inggel \u00e9s egy eleg\u00e1ns nadr\u00e1ggal van p\u00e1ros\u00edtva. Az eredm\u00e9ny egyszer\u0171 \u00e9s st\u00edlusos megjelen\u00e9s lesz. Fokozhat\u00f3 az eredm\u00e9ny n\u00e9h\u00e1ny j\u00f3l megv\u00e1lasztott <a href=\"https:\/\/answear.hu\/k\/noi\/kiegeszitok\">kieg\u00e9sz\u00edt\u0151vel<\/a>, p\u00e9ld\u00e1ul f\u00fclbeval\u00f3val \u00e9s napszem\u00fcveggel. Az ing, zak\u00f3, bokanadr\u00e1g, balett <a href=\"https:\/\/answear.hu\/k\/noi\/cipok\">cip\u0151<\/a> szett is remek v\u00e1laszt\u00e1s. Ez is kieg\u00e9sz\u00edthet\u0151 egy figyelemfelkelt\u0151 \u00e9kszerrel vagy <a href=\"https:\/\/answear.hu\/k\/noi\/kiegeszitok\/taskak\">t\u00e1sk\u00e1val<\/a>. Ez a szett az \u00fczleti eb\u00e9dek alkalm\u00e1val is meg\u00e1llja a hely\u00e9t.<\/p>\n<p>A legt\u00f6bb \u00f6ssze\u00e1ll\u00edt\u00e1s b\u00e1tran kieg\u00e9sz\u00edthet\u0151 egy kimon\u00f3val, egy hossz\u00fa kardig\u00e1nnal vagy pedig egy selyemkend\u0151vel. A k\u00e9nyelmes farmer, laza ing, egyszer\u0171 zak\u00f3 szett is v\u00e1laszthat\u00f3 minden korban. Sz\u00f3val 60 \u00e9ves kor felett sem kell unalmasan \u00f6lt\u00f6zk\u00f6dni. Azonban a k\u00e9nyelmet \u00e9s a praktikumot ebben a korban is \u00e9rdemes szem el\u0151tt tartani. Term\u00e9szetesen a ruhat\u00e1r \u00f6ssze\u00e1ll\u00edt\u00e1sakor az egy\u00e9nis\u00e9g a legfontosabb, ahhoz kell igaz\u00edtani mindent. Ez az oka annak, hogy nincs k\u00e9t egyforma gardr\u00f3b. M\u00e9g egy j\u00f3 tan\u00e1cs a cikk v\u00e9g\u00e9re: \u00e9rdemes ellesni n\u00e9h\u00e1ny tippet olyan st\u00edlusos szt\u00e1rokt\u00f3l, mint Meryl Streep, Helen Mirren, Jane Seymour, Judi Dench \u00e9s Emma Thompson. Term\u00e9szetesen eset\u00fckben nem a v\u00f6r\u00f6s sz\u0151nyegen viselt ruhadarabokra gondolunk, hanem a h\u00e9tk\u00f6znapok sor\u00e1n viselt szettekre \u2013 ut\u00f3bbiak k\u00e9pviselik igaz\u00e1n az eml\u00edtett szt\u00e1rok st\u00edlus\u00e1t. Az \u00e1ltaluk viselt ruh\u00e1k 60 \u00e9v feletti n\u0151knek b\u00e1tran aj\u00e1nlhat\u00f3ak.<\/p>\n<p><img loading=\"lazy\" decoding=\"async\" class=\"alignnone size-large wp-image-15682\" src=\"https:\/\/answear.hu\/blog\/wp-content\/uploads\/2021\/10\/3-3-926x695.jpg\" alt=\"\" width=\"660\" height=\"495\" srcset=\"https:\/\/answear.hu\/blog\/wp-content\/uploads\/2021\/10\/3-3-926x695.jpg 926w, https:\/\/answear.hu\/blog\/wp-content\/uploads\/2021\/10\/3-3-768x576.jpg 768w, https:\/\/answear.hu\/blog\/wp-content\/uploads\/2021\/10\/3-3-1536x1153.jpg 1536w, https:\/\/answear.hu\/blog\/wp-content\/uploads\/2021\/10\/3-3.jpg 1997w\" sizes=\"auto, (max-width: 660px) 100vw, 660px\" \/><\/p>\n<div class=\"hidden\"> <img loading=\"lazy\" decoding=\"async\" class=\"alignnone size-full wp-image-15724\" src=\"https:\/\/answear.hu\/blog\/wp-content\/uploads\/2021\/10\/564x564_4.jpg\" alt=\"\" width=\"564\" height=\"564\" srcset=\"https:\/\/answear.hu\/blog\/wp-content\/uploads\/2021\/10\/564x564_4.jpg 564w, https:\/\/answear.hu\/blog\/wp-content\/uploads\/2021\/10\/564x564_4-45x45.jpg 45w\" sizes=\"auto, (max-width: 564px) 100vw, 564px\" \/><\/div>\n","protected":false},"excerpt":{"rendered":"<p><span class=\"span-reading-time rt-reading-time\" style=\"display: block;\"><span class=\"rt-label rt-prefix\">Olvasd el, csak <\/span> <span class=\"rt-time\"> 4<\/span> <span class=\"rt-label rt-postfix\">perc<\/span><\/span>\u00a0R\u00e9gen megvoltak azok a szigor\u00fa \u00f6lt\u00f6zk\u00f6d\u00e9si szab\u00e1lyok, amelyeket mindenkinek be kellett tartani, k\u00fcl\u00f6nben megsz\u00f3lt\u00e1k \u0151ket. Be is tartotta ezeket a nagy t\u00f6bbs\u00e9g \u2013 mindenki tudta, hogy az \u00e9letkora alapj\u00e1n milyen szettet illik viselnie. Napjainkban ez m\u00e1r nincs \u00edgy. De akkor milyen a divatos megjelen\u00e9s hatvan felett?<\/p>\n","protected":false},"author":35,"featured_media":15679,"comment_status":"closed","ping_status":"closed","sticky":false,"template":"","format":"standard","meta":{"footnotes":""},"categories":[771],"tags":[917,892,2053,2055,2054,1797],"class_list":["post-15626","post","type-post","status-publish","format-standard","has-post-thumbnail","hentry","category-inspiraciok","tag-stilus","tag-divat","tag-hatvan-felett","tag-korhoz-illo-ruha","tag-ruha-hatvan-felett","tag-vasarlas"],"_links":{"self":[{"href":"https:\/\/answear.hu\/blog\/wp-json\/wp\/v2\/posts\/15626","targetHints":{"allow":["GET"]}}],"collection":[{"href":"https:\/\/answear.hu\/blog\/wp-json\/wp\/v2\/posts"}],"about":[{"href":"https:\/\/answear.hu\/blog\/wp-json\/wp\/v2\/types\/post"}],"author":[{"embeddable":true,"href":"https:\/\/answear.hu\/blog\/wp-json\/wp\/v2\/users\/35"}],"replies":[{"embeddable":true,"href":"https:\/\/answear.hu\/blog\/wp-json\/wp\/v2\/comments?post=15626"}],"version-history":[{"count":5,"href":"https:\/\/answear.hu\/blog\/wp-json\/wp\/v2\/posts\/15626\/revisions"}],"predecessor-version":[{"id":15728,"href":"https:\/\/answear.hu\/blog\/wp-json\/wp\/v2\/posts\/15626\/revisions\/15728"}],"wp:featuredmedia":[{"embeddable":true,"href":"https:\/\/answear.hu\/blog\/wp-json\/wp\/v2\/media\/15679"}],"wp:attachment":[{"href":"https:\/\/answear.hu\/blog\/wp-json\/wp\/v2\/media?parent=15626"}],"wp:term":[{"taxonomy":"category","embeddable":true,"href":"https:\/\/answear.hu\/blog\/wp-json\/wp\/v2\/categories?post=15626"},{"taxonomy":"post_tag","embeddable":true,"href":"https:\/\/answear.hu\/blog\/wp-json\/wp\/v2\/tags?post=15626"}],"curies":[{"name":"wp","href":"https:\/\/api.w.org\/{rel}","templated":true}]}}