{"id":15270,"date":"2021-09-28T14:04:49","date_gmt":"2021-09-28T12:04:49","guid":{"rendered":"https:\/\/answear.hu\/blog\/?p=15270"},"modified":"2021-10-20T14:51:53","modified_gmt":"2021-10-20T12:51:53","slug":"women-on-board-kapszulakollekcio-answear-irodai-stilus-pszi-divat-vasarlas","status":"publish","type":"post","link":"https:\/\/answear.hu\/blog\/women-on-board-kapszulakollekcio-answear-irodai-stilus-pszi-divat-vasarlas\/15270","title":{"rendered":"Women on Board kapszulakollekci\u00f3 &#8211; Mutasd meg st\u00edlusod az irod\u00e1ban is"},"content":{"rendered":"<span class=\"span-reading-time rt-reading-time\" style=\"display: block;\"><span class=\"rt-label rt-prefix\">Olvasd el, csak <\/span> <span class=\"rt-time\"> 2<\/span> <span class=\"rt-label rt-postfix\">perc<\/span><\/span><p>Az iroda nem egyenl\u0151 az unalmas szettekkel \u00e9s az answear.LAB most be is bizony\u00edtja. Gy\u0151z\u0151dj meg r\u00f3la, hogy \u00e9rdemes a Women on Board tagjai k\u00f6z\u00e9 tartozni.<\/p>\r\n<p><!--more--><\/p>\r\n<p>Az answear.LAB leg\u00fajabb kapszulakollekci\u00f3ja a klasszikus irodai \u00f6lt\u00f6zk\u00f6d\u00e9s igazi (r)evol\u00faci\u00f3ja. A Women on Board minden olyan &#8222;f\u0151n\u00f6kn\u0151&#8221; \u00e1lma, aki a divatos, modern \u00e9s a hivatalos etikettnek megfelel\u0151en megalkotott darabokat keresi. Itt az ideje, hogy teljess\u00e9 tedd \u00fczleti megjelen\u00e9sed \u00e9s val\u00f3s\u00edtsd meg b\u00e1tran \u00e9s magabiztosan terveid.<\/p>\r\n<p>A Women on Board kapszulakollekci\u00f3 olyan n\u0151knek k\u00e9sz\u00fclt, akik munkahely\u00fckt\u0151l f\u00fcggetlen\u00fcl szeretnek k\u00eds\u00e9rletezni a divattal, magabiztosnak akarj\u00e1k \u00e9rezni magukat \u00e9s ruh\u00e1ikon kereszt\u00fcl szeretn\u00e9k kifejezni szem\u00e9lyis\u00e9g\u00fcket. Az answear.LAB v\u00e1s\u00e1rl\u00f3i sz\u00e1m\u00e1ra az unalmas nem l\u00e9tezik. \u00c9s neked? Az answear.LAB kollekci\u00f3ja a minimalizmus szerelmeseinek is tetszeni fog. A Women on Board kollekci\u00f3 elemei univerz\u00e1lisak \u00e9s k\u00f6nnyed\u00e9n kombin\u00e1lhatod \u0151ket kedvenc kieg\u00e9sz\u00edt\u0151iddel.<\/p>\r\n<!-- \/wp:post-content -->\r\n\r\n<!-- wp:paragraph \/-->\r\n\r\n<!-- wp:paragraph -->\r\n<h2>Mit tal\u00e1lsz az \u00faj answear.LAB kapszulakollekci\u00f3ban?<\/h2>\r\n<!-- \/wp:paragraph -->\r\n\r\n<!-- wp:paragraph -->\r\n<p>A Women on Board form\u00e1lis darabokat bemutat\u00f3 kollekci\u00f3: vannak eleg\u00e1ns (b\u00e1r abszol\u00fat nem unalmas) ruh\u00e1k, ingruh\u00e1k vari\u00e1ci\u00f3i, gombos ingek\/bl\u00fazok \u00e9s sz\u00e9lessz\u00e1r\u00fa, sz\u00f6vetb\u0151l k\u00e9sz\u00fclt, magasderek\u00fa nadr\u00e1gok. Nem feledkezt\u00fcnk meg a bl\u00e9zerekr\u0151l, nadr\u00e1gokr\u00f3l \u00e9s a hossz\u00fa mell\u00e9nyekr\u0151l sem, amik t\u00f6bb szezon \u00f3ta h\u00f3d\u00edtanak \u00e9s mivel j\u00f6n a t\u00e9l, a \u00a0klasszikus gyapj\u00fakab\u00e1tok is beker\u00fcltek a v\u00e1laszt\u00e9kba. A kollekci\u00f3t a visszafogott \u00e1rnyalatok jellemzik, mint a fekete, a b\u00e9zs, a feh\u00e9r, vannak a k\u00e9k \u00e9s a tenger\u00e9szk\u00e9k darabok is. A kapszulakollekci\u00f3 jellegzetes elemei az akvarell szer\u0171, elmos\u00f3dott cs\u00edkokkal ell\u00e1tott darabok. A kollekci\u00f3ban \u00f6kol\u00f3giai b\u0151rb\u0151l k\u00e9sz\u00fclt k\u00e9zit\u00e1sk\u00e1k, n\u0151i csizm\u00e1k \u00e9s mokaszinok is szerepelnek, amik t\u00f6k\u00e9letes kieg\u00e9sz\u00edt\u0151i lesznek az \u0151szi \u00f6ssze\u00e1ll\u00edt\u00e1saidnak.<\/p>\r\n<!-- \/wp:paragraph -->\r\n\r\n<!-- wp:gallery {\"ids\":[15274,15276],\"linkTo\":\"none\"} -->\r\n<figure class=\"wp-block-gallery columns-2 is-cropped\">\r\n<ul class=\"blocks-gallery-grid\">\r\n<li class=\"blocks-gallery-item\">\r\n<figure><img loading=\"lazy\" decoding=\"async\" width=\"463\" height=\"695\" class=\"wp-image-15274\" src=\"https:\/\/answear.hu\/blog\/wp-content\/uploads\/2021\/09\/3-2-463x695.jpg\" alt=\"\" data-id=\"15274\" data-full-url=\"https:\/\/answear.hu\/blog\/wp-content\/uploads\/2021\/09\/3-2.jpg\" data-link=\"https:\/\/answear.hu\/blog\/?attachment_id=15274\" srcset=\"https:\/\/answear.hu\/blog\/wp-content\/uploads\/2021\/09\/3-2-463x695.jpg 463w, https:\/\/answear.hu\/blog\/wp-content\/uploads\/2021\/09\/3-2-768x1152.jpg 768w, https:\/\/answear.hu\/blog\/wp-content\/uploads\/2021\/09\/3-2.jpg 1000w\" sizes=\"auto, (max-width: 463px) 100vw, 463px\" \/><\/figure>\r\n<\/li>\r\n<li class=\"blocks-gallery-item\">\r\n<figure><img loading=\"lazy\" decoding=\"async\" width=\"463\" height=\"695\" class=\"wp-image-15276\" src=\"https:\/\/answear.hu\/blog\/wp-content\/uploads\/2021\/09\/4-3-463x695.jpg\" alt=\"\" data-id=\"15276\" data-full-url=\"https:\/\/answear.hu\/blog\/wp-content\/uploads\/2021\/09\/4-3.jpg\" data-link=\"https:\/\/answear.hu\/blog\/?attachment_id=15276\" srcset=\"https:\/\/answear.hu\/blog\/wp-content\/uploads\/2021\/09\/4-3-463x695.jpg 463w, https:\/\/answear.hu\/blog\/wp-content\/uploads\/2021\/09\/4-3-768x1152.jpg 768w, https:\/\/answear.hu\/blog\/wp-content\/uploads\/2021\/09\/4-3.jpg 1000w\" sizes=\"auto, (max-width: 463px) 100vw, 463px\" \/><\/figure>\r\n<\/li>\r\n<\/ul>\r\n<\/figure>\r\n<!-- \/wp:gallery -->","protected":false},"excerpt":{"rendered":"<p><span class=\"span-reading-time rt-reading-time\" style=\"display: block;\"><span class=\"rt-label rt-prefix\">Olvasd el, csak <\/span> <span class=\"rt-time\"> 2<\/span> <span class=\"rt-label rt-postfix\">perc<\/span><\/span>Az iroda nem egyenl\u0151 az unalmas szettekkel \u00e9s az answear.LAB most be is bizony\u00edtja. Gy\u0151z\u0151dj meg r\u00f3la, hogy \u00e9rdemes a Women on Board tagjai k\u00f6z\u00e9 tartozni.<\/p>\n","protected":false},"author":35,"featured_media":15278,"comment_status":"closed","ping_status":"closed","sticky":false,"template":"","format":"standard","meta":{"footnotes":""},"categories":[889],"tags":[675,917,893,892,1839,2010,1840,1419,1580,1812,1982,1834,1642,1277,2009],"class_list":["post-15270","post","type-post","status-publish","format-standard","has-post-thumbnail","hentry","category-answear-lab","tag-answear","tag-stilus","tag-answear-hu","tag-divat","tag-iroda","tag-irodai-ruha","tag-irodai-stilus","tag-kabat","tag-kapszulakollekcio","tag-kollekcio","tag-limitalt","tag-olcso-ruha","tag-online-shopping","tag-oszi-divat","tag-women-on-board"],"_links":{"self":[{"href":"https:\/\/answear.hu\/blog\/wp-json\/wp\/v2\/posts\/15270","targetHints":{"allow":["GET"]}}],"collection":[{"href":"https:\/\/answear.hu\/blog\/wp-json\/wp\/v2\/posts"}],"about":[{"href":"https:\/\/answear.hu\/blog\/wp-json\/wp\/v2\/types\/post"}],"author":[{"embeddable":true,"href":"https:\/\/answear.hu\/blog\/wp-json\/wp\/v2\/users\/35"}],"replies":[{"embeddable":true,"href":"https:\/\/answear.hu\/blog\/wp-json\/wp\/v2\/comments?post=15270"}],"version-history":[{"count":7,"href":"https:\/\/answear.hu\/blog\/wp-json\/wp\/v2\/posts\/15270\/revisions"}],"predecessor-version":[{"id":15743,"href":"https:\/\/answear.hu\/blog\/wp-json\/wp\/v2\/posts\/15270\/revisions\/15743"}],"wp:featuredmedia":[{"embeddable":true,"href":"https:\/\/answear.hu\/blog\/wp-json\/wp\/v2\/media\/15278"}],"wp:attachment":[{"href":"https:\/\/answear.hu\/blog\/wp-json\/wp\/v2\/media?parent=15270"}],"wp:term":[{"taxonomy":"category","embeddable":true,"href":"https:\/\/answear.hu\/blog\/wp-json\/wp\/v2\/categories?post=15270"},{"taxonomy":"post_tag","embeddable":true,"href":"https:\/\/answear.hu\/blog\/wp-json\/wp\/v2\/tags?post=15270"}],"curies":[{"name":"wp","href":"https:\/\/api.w.org\/{rel}","templated":true}]}}