{"id":15191,"date":"2021-09-10T07:47:49","date_gmt":"2021-09-10T05:47:49","guid":{"rendered":"https:\/\/answear.hu\/blog\/?p=15191"},"modified":"2022-09-20T14:08:42","modified_gmt":"2022-09-20T12:08:42","slug":"girl-power-x-molnar-lainey-interju-a-girl-power-kifejezes-szamomra-mindig-az-onkifejezest-fogja-jelenteni","status":"publish","type":"post","link":"https:\/\/answear.hu\/blog\/girl-power-x-molnar-lainey-interju-a-girl-power-kifejezes-szamomra-mindig-az-onkifejezest-fogja-jelenteni\/15191","title":{"rendered":"Girl Power x Moln\u00e1r Lainey interj\u00fa: &#8222;a Girl Power kifejez\u00e9s sz\u00e1momra mindig az \u00f6nkifejez\u00e9st fogja jelenteni&#8221;"},"content":{"rendered":"<span class=\"span-reading-time rt-reading-time\" style=\"display: block;\"><span class=\"rt-label rt-prefix\">Olvasd el, csak <\/span> <span class=\"rt-time\"> 2<\/span> <span class=\"rt-label rt-postfix\">perc<\/span><\/span><p><strong> Girl Power \u2013 az answear.LAB e k\u00e9t h\u00edv\u00f3sz\u00f3ra \u00e9p\u00edtette ruh\u00e1kb\u00f3l, cip\u0151kb\u0151l \u00e9s kieg\u00e9sz\u00edt\u0151kb\u0151l \u00e1ll\u00f3 \u00faj limit\u00e1lt kollekci\u00f3j\u00e1t, aminek teljes bev\u00e9tel\u00e9t a Magyar N\u0151i \u00c9rdek\u00e9rv\u00e9nyes\u00edt\u0151 Sz\u00f6vets\u00e9gnek aj\u00e1nljuk fel. Magyarorsz\u00e1gon a kamp\u00e1nyt \u00e9s a j\u00f3 \u00fcgyet olyan ismert magyar n\u0151k n\u00e9pszer\u0171s\u00edtik, akik inspir\u00e1ci\u00f3k\u00e9nt \u00e9s p\u00e9ldak\u00e9pk\u00e9nt szolg\u00e1lnak rengeteg ember el\u0151tt. Ismerd meg most Moln\u00e1r Lainey illusztr\u00e1tort.<\/strong><!--more--><\/p>\n<h3>Girl Power<\/h3>\n<p>Az answear.LAB hisz a n\u0151k erej\u00e9ben, a k\u00f6zt\u00fck l\u00e9v\u0151 testv\u00e9ris\u00e9gben \u00e9s egym\u00e1s k\u00f6lcs\u00f6n\u00f6s t\u00e1mogat\u00e1s\u00e1ban, \u00edgy m\u00e1r t\u00f6bb mint egy \u00e9ve k\u00e9sz\u00edt kapszulakollekci\u00f3kat sz\u00e1mukra. A m\u00e1rka elk\u00f6telezett amellett, hogy mindannyiunknak, f\u00fcggetlen\u00fcl att\u00f3l, hol \u00e9l\u00fcnk vagy honnan sz\u00e1rmazunk, k\u00e9pesnek kell lenn\u00fcnk r\u00e1, hogy saj\u00e1t m\u00e9rc\u00e9nk szerint m\u00e9lt\u00f3s\u00e1ggal \u00e9lj\u00fcnk, ez\u00e9rt a\u00a0<a href=\"https:\/\/answear.hu\/blog\/girl-power-az-answear-lab-uj-kollekcioja-megmutatja-az-erod\/15146\">Girl Power kollekci\u00f3<\/a>\u00a0elad\u00e1s\u00e1b\u00f3l sz\u00e1rmaz\u00f3 bev\u00e9telt a Magyar N\u0151i \u00c9rdek\u00e9rv\u00e9nyes\u00edt\u0151 Sz\u00f6vets\u00e9gnek aj\u00e1nlj\u00e1k fel. A kamp\u00e1nyt Magyarorsz\u00e1gon Marge-al, Moln\u00e1r Lainey-vel \u00e9s Weisz Fannival k\u00e9sz\u00fclt kreat\u00edvokkal n\u00e9pszer\u0171s\u00edti a m\u00e1rka.<\/p>\n<p>Az\u00a0<strong>answear.LAB<\/strong>\u00a0a n\u0151k ir\u00e1nti m\u00e9ly elk\u00f6telez\u0151d\u00e9s\u00e9t hangs\u00falyozza azzal, hogy az elad\u00e1sb\u00f3l befolyt \u00f6sszeggel a N\u0151i \u00c9rdeket t\u00e1mogatja, aminek hossz\u00fa t\u00e1v\u00fa c\u00e9lja, hogy a magyar n\u0151k t\u00e1rsadalmi \u00e9s jogi egyenl\u0151s\u00e9g\u00e9t jav\u00edtsa, hogy szeml\u00e9letv\u00e1lt\u00e1st hozzon a nemek es\u00e9lyegyenl\u0151s\u00e9g\u00e9nek tekintet\u00e9ben. A sz\u00f6vets\u00e9g igyekszik a n\u0151k szoci\u00e1lis helyzet\u00e9t, \u00e9letes\u00e9lyeit \u00e9s \u00e9letmin\u0151s\u00e9g\u00e9t a maga eszk\u00f6zeivel jav\u00edtani, valamint fell\u00e9pni a n\u0151kkel szembeni diszkrimin\u00e1ci\u00f3 \u00e9s er\u0151szak minden form\u00e1j\u00e1nak tilalm\u00e1\u00e9rt.<\/p>\n<p>A kamp\u00e1ny arcai \u00e9s a nemes \u00fcgy n\u00e9pszer\u0171s\u00edt\u0151i olyan ismert magyar n\u0151k, akik seg\u00edts\u00e9get, inspir\u00e1ci\u00f3t ny\u00fajtanak m\u00e1soknak \u00e9s p\u00e9ldak\u00e9pk\u00e9nt szolg\u00e1lnak rengeteg embernek. Ismerd meg \u0151ket.<\/p>\n<h2>Moln\u00e1r Lainey<\/h2>\n<p>Moln\u00e1r Lainey az orsz\u00e1g els\u0151 szem\u00e9lyes bloggerek\u00e9nt indult egy \u00e9vtizeddel ezel\u0151tt, majd bej\u00e1rt h\u00e1rom kontinenst miel\u0151tt megtal\u00e1lta volna a hivat\u00e1s\u00e1t illusztr\u00e1tork\u00e9nt. Lainey rajzainak f\u014d t\u00e9m\u00e1ja a n\u0151i egyenjog\u00fas\u00e1g, az elfogad\u00e1s \u00e9s tolerancia, \u00e9s a n\u0151kre vet\u00fcl\u0151 t\u00e1rsadalmi stigm\u00e1k levet\u00e9se. Hiszi, hogy a nemzetk\u00f6zi k\u00f6z\u00f6ss\u00e9g, ami a seg\u00edts\u00e9g\u00e9vel is \u00e9p\u00fcl, egy \u00edt\u00e9lkez\u00e9s \u00e9s nyom\u00e1s n\u00e9lk\u00fcli j\u00f6v\u0151t tud \u00e9p\u00edteni &#8211; nem csak nek\u00fcnk n\u0151knek.<\/p>\n<p><iframe loading=\"lazy\" title=\"GIRL POWER x Moln\u00e1r Lainey interj\u00fa - limit\u00e1lt kollekci\u00f3 az answear.LAB m\u00e1rk\u00e1t\u00f3l\" width=\"660\" height=\"371\" src=\"https:\/\/www.youtube.com\/embed\/6nsL1TdFtjs?start=3&#038;feature=oembed\" frameborder=\"0\" allow=\"accelerometer; autoplay; clipboard-write; encrypted-media; gyroscope; picture-in-picture; web-share\" referrerpolicy=\"strict-origin-when-cross-origin\" allowfullscreen><\/iframe><\/p>\n<h2><a href=\"https:\/\/answear.hu\/s\/answearlab-girl-power-limitalt-kollekcio\">A kollekci\u00f3 darabjait ITT tal\u00e1lod!<\/a><\/h2>\n","protected":false},"excerpt":{"rendered":"<p><span class=\"span-reading-time rt-reading-time\" style=\"display: block;\"><span class=\"rt-label rt-prefix\">Olvasd el, csak <\/span> <span class=\"rt-time\"> 2<\/span> <span class=\"rt-label rt-postfix\">perc<\/span><\/span>Girl Power \u2013 az answear.LAB e k\u00e9t h\u00edv\u00f3sz\u00f3ra \u00e9p\u00edtette ruh\u00e1kb\u00f3l, cip\u0151kb\u0151l \u00e9s kieg\u00e9sz\u00edt\u0151kb\u0151l \u00e1ll\u00f3 \u00faj limit\u00e1lt kollekci\u00f3j\u00e1t, aminek teljes bev\u00e9tel\u00e9t a Magyar N\u0151i \u00c9rdek\u00e9rv\u00e9nyes\u00edt\u0151 Sz\u00f6vets\u00e9gnek aj\u00e1nljuk fel. Magyarorsz\u00e1gon a kamp\u00e1nyt \u00e9s a j\u00f3 \u00fcgyet olyan ismert magyar n\u0151k n\u00e9pszer\u0171s\u00edtik, akik inspir\u00e1ci\u00f3k\u00e9nt \u00e9s p\u00e9ldak\u00e9pk\u00e9nt szolg\u00e1lnak rengeteg ember el\u0151tt. Ismerd meg most Moln\u00e1r Lainey illusztr\u00e1tort.<\/p>\n","protected":false},"author":35,"featured_media":15192,"comment_status":"closed","ping_status":"closed","sticky":false,"template":"","format":"standard","meta":{"footnotes":""},"categories":[731],"tags":[1863,1979,892,1131,1968,1980,957,1983,1812,1982,1971,1977,1133,1981],"class_list":["post-15191","post","type-post","status-publish","format-standard","has-post-thumbnail","hentry","category-egyenisegek","tag-answear-lab","tag-charity","tag-divat","tag-farmer","tag-girl-power","tag-illusztarot","tag-instagram","tag-jotakonyseg","tag-kollekcio","tag-limitalt","tag-molnar-lainey","tag-noi-erdek","tag-ruha","tag-women-empowerment"],"_links":{"self":[{"href":"https:\/\/answear.hu\/blog\/wp-json\/wp\/v2\/posts\/15191","targetHints":{"allow":["GET"]}}],"collection":[{"href":"https:\/\/answear.hu\/blog\/wp-json\/wp\/v2\/posts"}],"about":[{"href":"https:\/\/answear.hu\/blog\/wp-json\/wp\/v2\/types\/post"}],"author":[{"embeddable":true,"href":"https:\/\/answear.hu\/blog\/wp-json\/wp\/v2\/users\/35"}],"replies":[{"embeddable":true,"href":"https:\/\/answear.hu\/blog\/wp-json\/wp\/v2\/comments?post=15191"}],"version-history":[{"count":2,"href":"https:\/\/answear.hu\/blog\/wp-json\/wp\/v2\/posts\/15191\/revisions"}],"predecessor-version":[{"id":16274,"href":"https:\/\/answear.hu\/blog\/wp-json\/wp\/v2\/posts\/15191\/revisions\/16274"}],"wp:featuredmedia":[{"embeddable":true,"href":"https:\/\/answear.hu\/blog\/wp-json\/wp\/v2\/media\/15192"}],"wp:attachment":[{"href":"https:\/\/answear.hu\/blog\/wp-json\/wp\/v2\/media?parent=15191"}],"wp:term":[{"taxonomy":"category","embeddable":true,"href":"https:\/\/answear.hu\/blog\/wp-json\/wp\/v2\/categories?post=15191"},{"taxonomy":"post_tag","embeddable":true,"href":"https:\/\/answear.hu\/blog\/wp-json\/wp\/v2\/tags?post=15191"}],"curies":[{"name":"wp","href":"https:\/\/api.w.org\/{rel}","templated":true}]}}