{"id":15177,"date":"2021-09-09T16:35:11","date_gmt":"2021-09-09T14:35:11","guid":{"rendered":"https:\/\/answear.hu\/blog\/?p=15177"},"modified":"2021-10-06T18:59:30","modified_gmt":"2021-10-06T16:59:30","slug":"girl-power-x-marge-interju-a-csaladomon-belul-es-a-csaladomon-kivul-is-nagyon-sok-no-segit-nekem-es-nagyon-sok-not-segitek-en-is","status":"publish","type":"post","link":"https:\/\/answear.hu\/blog\/girl-power-x-marge-interju-a-csaladomon-belul-es-a-csaladomon-kivul-is-nagyon-sok-no-segit-nekem-es-nagyon-sok-not-segitek-en-is\/15177","title":{"rendered":"Girl Power x Marge interj\u00fa: &#8222;a csal\u00e1domon bel\u00fcl \u00e9s a csal\u00e1domon k\u00edv\u00fcl is nagyon sok n\u0151 seg\u00edt nekem \u00e9s nagyon sok n\u0151t seg\u00edtek \u00e9n is&#8221;"},"content":{"rendered":"<span class=\"span-reading-time rt-reading-time\" style=\"display: block;\"><span class=\"rt-label rt-prefix\">Olvasd el, csak <\/span> <span class=\"rt-time\"> 2<\/span> <span class=\"rt-label rt-postfix\">perc<\/span><\/span><p>Girl Power \u2013 az answear.LAB e k\u00e9t h\u00edv\u00f3sz\u00f3ra \u00e9p\u00edtette ruh\u00e1kb\u00f3l, cip\u0151kb\u0151l \u00e9s kieg\u00e9sz\u00edt\u0151kb\u0151l \u00e1ll\u00f3 \u00faj limit\u00e1lt kollekci\u00f3j\u00e1t, aminek teljes bev\u00e9tel\u00e9t a Magyar N\u0151i \u00c9rdek\u00e9rv\u00e9nyes\u00edt\u0151 Sz\u00f6vets\u00e9gnek aj\u00e1nljuk fel. Magyarorsz\u00e1gon a kamp\u00e1nyt \u00e9s a j\u00f3 \u00fcgyet olyan ismert magyar n\u0151k n\u00e9pszer\u0171s\u00edtik, akik inspir\u00e1ci\u00f3k\u00e9nt \u00e9s p\u00e9ldak\u00e9pk\u00e9nt szolg\u00e1lnak rengeteg ember el\u0151tt. Ismerd meg most Marge \u00e9nekesn\u0151t, dalszerz\u0151t \u00e9s aktivist\u00e1t.<\/p>\r\n<p><!--more--><\/p>\r\n<h3>Girl Power<\/h3>\r\n<p>Az answear.LAB hisz a n\u0151k erej\u00e9ben, a k\u00f6zt\u00fck l\u00e9v\u0151 testv\u00e9ris\u00e9gben \u00e9s egym\u00e1s k\u00f6lcs\u00f6n\u00f6s t\u00e1mogat\u00e1s\u00e1ban, \u00edgy m\u00e1r t\u00f6bb mint egy \u00e9ve k\u00e9sz\u00edt kapszulakollekci\u00f3kat sz\u00e1mukra. A m\u00e1rka elk\u00f6telezett amellett, hogy mindannyiunknak, f\u00fcggetlen\u00fcl att\u00f3l, hol \u00e9l\u00fcnk vagy honnan sz\u00e1rmazunk, k\u00e9pesnek kell lenn\u00fcnk r\u00e1, hogy saj\u00e1t m\u00e9rc\u00e9nk szerint m\u00e9lt\u00f3s\u00e1ggal \u00e9lj\u00fcnk, ez\u00e9rt a <a href=\"https:\/\/answear.hu\/blog\/girl-power-az-answear-lab-uj-kollekcioja-megmutatja-az-erod\/15146\">Girl Power kollekci\u00f3<\/a> elad\u00e1s\u00e1b\u00f3l sz\u00e1rmaz\u00f3 bev\u00e9telt a Magyar N\u0151i \u00c9rdek\u00e9rv\u00e9nyes\u00edt\u0151 Sz\u00f6vets\u00e9gnek aj\u00e1nlj\u00e1k fel. A kamp\u00e1nyt Magyarorsz\u00e1gon Marge-al, Moln\u00e1r Lainey-vel \u00e9s Weisz Fannival k\u00e9sz\u00fclt kreat\u00edvokkal n\u00e9pszer\u0171s\u00edti a m\u00e1rka.<\/p>\r\n<p>Az <strong>answear.LAB<\/strong> a n\u0151k ir\u00e1nti m\u00e9ly elk\u00f6telez\u0151d\u00e9s\u00e9t hangs\u00falyozza azzal, hogy az elad\u00e1sb\u00f3l befolyt \u00f6sszeggel a N\u0151i \u00c9rdeket t\u00e1mogatja, aminek hossz\u00fa t\u00e1v\u00fa c\u00e9lja, hogy a magyar n\u0151k t\u00e1rsadalmi \u00e9s jogi egyenl\u0151s\u00e9g\u00e9t jav\u00edtsa, hogy szeml\u00e9letv\u00e1lt\u00e1st hozzon a nemek es\u00e9lyegyenl\u0151s\u00e9g\u00e9nek tekintet\u00e9ben. A sz\u00f6vets\u00e9g igyekszik a n\u0151k szoci\u00e1lis helyzet\u00e9t, \u00e9letes\u00e9lyeit \u00e9s \u00e9letmin\u0151s\u00e9g\u00e9t a maga eszk\u00f6zeivel jav\u00edtani, valamint fell\u00e9pni a n\u0151kkel szembeni diszkrimin\u00e1ci\u00f3 \u00e9s er\u0151szak minden form\u00e1j\u00e1nak tilalm\u00e1\u00e9rt.<\/p>\r\n<p>A kamp\u00e1ny arcai \u00e9s a nemes \u00fcgy n\u00e9pszer\u0171s\u00edt\u0151i olyan ismert magyar n\u0151k, akik seg\u00edts\u00e9get, inspir\u00e1ci\u00f3t ny\u00fajtanak m\u00e1soknak \u00e9s p\u00e9ldak\u00e9pk\u00e9nt szolg\u00e1lnak rengeteg embernek. Ismerd meg \u0151ket.<\/p>\r\n<h2>Marge<\/h2>\r\n<p>\u00c9nekes, dalszerz\u0151, hangterapeuta, aktivista. \u00c9nekesn\u0151k\u00e9nt ismerhett\u00fck meg a v\u00e1ratlan ny\u00e1r c\u00edm\u0171 ny\u00e1ri sl\u00e1ger\u00e9vel. Marge var\u00e1zslatos vil\u00e1ga a m\u0171v\u00e9szetben ugyanannyira izgalmas mint civilben is. Ahogy \u0151 maga is feln\u0151tt, a social m\u00e9dia fel\u00fcleteit is tudatosan alak\u00edtja. L\u00e1thatatlan \u00e9s fontos \u00fcgyek mellett \u00e1ll ki. \u0150 alap\u00edtotta a #nemtabuavet\u00e9l\u00e9s csoportot \u00e9s kezdett bele a #szerd\u00e1nmargen\u00e1l mozgalomba, melyben civil szervezeteket alap\u00edtv\u00e1nyokat l\u00e1t vend\u00e9g\u00fcl az oldalain. T\u00f6bb alap\u00edtv\u00e1ny nagyk\u00f6vete \u00e9s az \u00c1rv\u00e1cska alap\u00edtv\u00e1ny tagja. K\u00f6vetkez\u0151 nagylemez\u00e9n dolgozik, amely a t\u00e1rsadalmi felel\u0151s\u00e9gv\u00e1llal\u00e1s fontos t\u00e9m\u00e1it is feszegeti. Mozaik csal\u00e1djuk negyedik gyermek\u00e9t v\u00e1rja.<\/p>\r\n<p><iframe loading=\"lazy\" title=\"GIRL POWER x Marge interj\u00fa - limit\u00e1lt kollekci\u00f3 az answear.LAB m\u00e1rk\u00e1t\u00f3l\" width=\"660\" height=\"371\" src=\"https:\/\/www.youtube.com\/embed\/vrNxUH8IBbk?start=3&#038;feature=oembed\" frameborder=\"0\" allow=\"accelerometer; autoplay; clipboard-write; encrypted-media; gyroscope; picture-in-picture; web-share\" referrerpolicy=\"strict-origin-when-cross-origin\" allowfullscreen><\/iframe><\/p>\r\n<h2 style=\"text-align: left;\"><a href=\"https:\/\/answear.hu\/s\/answearlab-girl-power-limitalt-kollekcio\">A kollekci\u00f3 darabjait ITT tal\u00e1lod!<\/a><\/h2>\r\n<h3 style=\"text-align: center;\">\u00a0<\/h3>\r\n<p>&nbsp;<\/p>\r\n<p>&nbsp;<\/p>\r\n\r\n<figure class=\"wp-block-gallery columns-0 is-cropped wp-block-gallery-1 is-layout-flex wp-block-gallery-is-layout-flex\"><\/figure>\r\n","protected":false},"excerpt":{"rendered":"<p><span class=\"span-reading-time rt-reading-time\" style=\"display: block;\"><span class=\"rt-label rt-prefix\">Olvasd el, csak <\/span> <span class=\"rt-time\"> 2<\/span> <span class=\"rt-label rt-postfix\">perc<\/span><\/span>Girl Power \u2013 az answear.LAB e k\u00e9t h\u00edv\u00f3sz\u00f3ra \u00e9p\u00edtette ruh\u00e1kb\u00f3l, cip\u0151kb\u0151l \u00e9s kieg\u00e9sz\u00edt\u0151kb\u0151l \u00e1ll\u00f3 \u00faj limit\u00e1lt kollekci\u00f3j\u00e1t, aminek teljes bev\u00e9tel\u00e9t a Magyar N\u0151i \u00c9rdek\u00e9rv\u00e9nyes\u00edt\u0151 Sz\u00f6vets\u00e9gnek aj\u00e1nljuk fel. Magyarorsz\u00e1gon a kamp\u00e1nyt \u00e9s a j\u00f3 \u00fcgyet olyan ismert magyar n\u0151k n\u00e9pszer\u0171s\u00edtik, akik inspir\u00e1ci\u00f3k\u00e9nt \u00e9s p\u00e9ldak\u00e9pk\u00e9nt szolg\u00e1lnak rengeteg ember el\u0151tt. Ismerd meg most Marge \u00e9nekesn\u0151t, dalszerz\u0151t \u00e9s aktivist\u00e1t.<\/p>\n","protected":false},"author":35,"featured_media":15184,"comment_status":"closed","ping_status":"closed","sticky":false,"template":"","format":"standard","meta":{"footnotes":""},"categories":[731],"tags":[1979,892,1968,1882,1812,1865,1972,1971,1977,1976,1975,1978,1970],"class_list":["post-15177","post","type-post","status-publish","format-standard","has-post-thumbnail","hentry","category-egyenisegek","tag-charity","tag-divat","tag-girl-power","tag-kampany","tag-kollekcio","tag-limitalt-kollekcio","tag-marge","tag-molnar-lainey","tag-noi-erdek","tag-noi-jogok","tag-nok","tag-szovetseg","tag-weisz-fanni"],"_links":{"self":[{"href":"https:\/\/answear.hu\/blog\/wp-json\/wp\/v2\/posts\/15177","targetHints":{"allow":["GET"]}}],"collection":[{"href":"https:\/\/answear.hu\/blog\/wp-json\/wp\/v2\/posts"}],"about":[{"href":"https:\/\/answear.hu\/blog\/wp-json\/wp\/v2\/types\/post"}],"author":[{"embeddable":true,"href":"https:\/\/answear.hu\/blog\/wp-json\/wp\/v2\/users\/35"}],"replies":[{"embeddable":true,"href":"https:\/\/answear.hu\/blog\/wp-json\/wp\/v2\/comments?post=15177"}],"version-history":[{"count":12,"href":"https:\/\/answear.hu\/blog\/wp-json\/wp\/v2\/posts\/15177\/revisions"}],"predecessor-version":[{"id":15213,"href":"https:\/\/answear.hu\/blog\/wp-json\/wp\/v2\/posts\/15177\/revisions\/15213"}],"wp:featuredmedia":[{"embeddable":true,"href":"https:\/\/answear.hu\/blog\/wp-json\/wp\/v2\/media\/15184"}],"wp:attachment":[{"href":"https:\/\/answear.hu\/blog\/wp-json\/wp\/v2\/media?parent=15177"}],"wp:term":[{"taxonomy":"category","embeddable":true,"href":"https:\/\/answear.hu\/blog\/wp-json\/wp\/v2\/categories?post=15177"},{"taxonomy":"post_tag","embeddable":true,"href":"https:\/\/answear.hu\/blog\/wp-json\/wp\/v2\/tags?post=15177"}],"curies":[{"name":"wp","href":"https:\/\/api.w.org\/{rel}","templated":true}]}}