{"id":15146,"date":"2021-09-09T09:50:00","date_gmt":"2021-09-09T07:50:00","guid":{"rendered":"https:\/\/answear.hu\/blog\/?p=15146"},"modified":"2021-10-06T18:59:17","modified_gmt":"2021-10-06T16:59:17","slug":"girl-power-az-answear-lab-uj-kollekcioja-megmutatja-az-erod","status":"publish","type":"post","link":"https:\/\/answear.hu\/blog\/girl-power-az-answear-lab-uj-kollekcioja-megmutatja-az-erod\/15146","title":{"rendered":"Girl Power &#8211; az answear.LAB \u00faj kollekci\u00f3ja megmutatja az er\u0151d"},"content":{"rendered":"<span class=\"span-reading-time rt-reading-time\" style=\"display: block;\"><span class=\"rt-label rt-prefix\">Olvasd el, csak <\/span> <span class=\"rt-time\"> 4<\/span> <span class=\"rt-label rt-postfix\">perc<\/span><\/span><p>Girl Power \u2013 az answear.LAB e k\u00e9t h\u00edv\u00f3sz\u00f3ra \u00e9p\u00edtette ruh\u00e1kb\u00f3l, cip\u0151kb\u0151l \u00e9s kieg\u00e9sz\u00edt\u0151kb\u0151l \u00e1ll\u00f3 \u00faj kollekci\u00f3j\u00e1t. Az answear.LAB hisz a n\u0151k erej\u00e9ben, a k\u00f6zt\u00fck l\u00e9v\u0151 testv\u00e9ris\u00e9gben \u00e9s egym\u00e1s k\u00f6lcs\u00f6n\u00f6s t\u00e1mogat\u00e1s\u00e1ban, \u00edgy m\u00e1r t\u00f6bb mint egy \u00e9ve k\u00e9sz\u00edt kapszulakollekci\u00f3kat sz\u00e1mukra. A kamp\u00e1ny magyarorsz\u00e1gi nagyk\u00f6vetei &#8211; akik egy nemes c\u00e9l n\u00e9pszer\u0171s\u00edt\u00e9s\u00e9ben is seg\u00edtenek &#8211; Marge, Moln\u00e1r Lainey \u00e9s Weisz Fanni.<\/p>\r\n<p><!--more--><\/p>\r\n<h3>Egy kollekci\u00f3 n\u0151kt\u0151l, n\u0151knek<\/h3>\r\n<p>A m\u00e1rka elk\u00f6telezett amellett, hogy mindannyiunknak, f\u00fcggetlen\u00fcl att\u00f3l, hol \u00e9l\u00fcnk vagy honnan sz\u00e1rmazunk, k\u00e9pesnek kell lenn\u00fcnk r\u00e1, hogy saj\u00e1t m\u00e9rc\u00e9nk szerint m\u00e9lt\u00f3s\u00e1ggal \u00e9lj\u00fcnk, ez\u00e9rt <strong>a Girl Power kollekci\u00f3 elad\u00e1s\u00e1b\u00f3l sz\u00e1rmaz\u00f3 bev\u00e9telt a Magyar N\u0151i \u00c9rdek\u00e9rv\u00e9nyes\u00edt\u0151 Sz\u00f6vets\u00e9gnek aj\u00e1nljuk fel.<\/strong> A kamp\u00e1ny magyarorsz\u00e1gi nagyk\u00f6vetei &#8211; akik a nemes c\u00e9l n\u00e9pszer\u0171s\u00edt\u00e9s\u00e9ben is seg\u00edtenek &#8211; <strong>Marge<\/strong>, <strong>Moln\u00e1r Lainey <\/strong>\u00e9s <strong>Weisz Fanni<\/strong>.<\/p>\r\n\r\n<div class=\"wp-block-buttons is-layout-flex wp-block-buttons-is-layout-flex\">\r\n<div class=\"wp-block-button has-custom-width wp-block-button__width-50 is-style-fill\"><a class=\"wp-block-button__link has-white-color has-pale-pink-background-color has-text-color has-background\" href=\"https:\/\/answear.hu\/s\/answearlab-girl-power-limitalt-kollekcio\" rel=\"https:\/\/answear.hu\/s\/answearlab-girl-power-limitalt-kollekcio\">A Girl Power kollekci\u00f3 darabjait itt tal\u00e1lod!<\/a><\/div>\r\n<div>\u00a0<\/div>\r\n<\/div>\r\n\r\n\r\n\r\n<figure class=\"wp-block-image size-large\"><img loading=\"lazy\" decoding=\"async\" width=\"1042\" height=\"695\" class=\"wp-image-15151\" src=\"https:\/\/answear.hu\/blog\/wp-content\/uploads\/2021\/09\/r_CR6I7832-1-1042x695.jpg\" alt=\"\" srcset=\"https:\/\/answear.hu\/blog\/wp-content\/uploads\/2021\/09\/r_CR6I7832-1-1042x695.jpg 1042w, https:\/\/answear.hu\/blog\/wp-content\/uploads\/2021\/09\/r_CR6I7832-1-768x512.jpg 768w\" sizes=\"auto, (max-width: 1042px) 100vw, 1042px\" \/><\/figure>\r\n<p style=\"text-align: center;\"><span style=\"font-size: 12pt;\">A fot\u00f3n balr\u00f3l jobbra: Marge, Moln\u00e1r Lainey \u00e9s Weisz Fanni<\/span><\/p>\r\n\r\n\r\n\r\n<p>Az <strong>answear.LAB<\/strong> a n\u0151k ir\u00e1nti m\u00e9ly elk\u00f6telez\u0151d\u00e9s\u00e9t hangs\u00falyozza azzal, hogy az elad\u00e1sb\u00f3l befolyt \u00f6sszeggel a N\u0151i \u00c9rdeket t\u00e1mogatja, aminek hossz\u00fa t\u00e1v\u00fa c\u00e9lja, hogy a magyar n\u0151k t\u00e1rsadalmi \u00e9s jogi egyenl\u0151s\u00e9g\u00e9t jav\u00edtsa, hogy szeml\u00e9letv\u00e1lt\u00e1st hozzon a nemek es\u00e9lyegyenl\u0151s\u00e9g\u00e9nek tekintet\u00e9ben. A sz\u00f6vets\u00e9g igyekszik a n\u0151k szoci\u00e1lis helyzet\u00e9t, \u00e9letes\u00e9lyeit \u00e9s \u00e9letmin\u0151s\u00e9g\u00e9t a maga eszk\u00f6zeivel jav\u00edtani, valamint fell\u00e9pni a n\u0151kkel szembeni diszkrimin\u00e1ci\u00f3 \u00e9s er\u0151szak minden form\u00e1j\u00e1nak tilalm\u00e1\u00e9rt.<\/p>\r\n\r\n\r\n\r\n<p>A fiatal m\u00e1rka a <a href=\"https:\/\/answear.hu\/s\/answearlab-girl-power-limitalt-kollekcio\"><strong>Girl Power<\/strong> kollekci\u00f3val<\/a> a n\u0151k erej\u00e9t \u00e9s f\u00fcggetlens\u00e9g ir\u00e1nti ig\u00e9ny\u00e9t k\u00edv\u00e1nja hangs\u00falyozni, ami lehet\u0151v\u00e9 teszi sz\u00e1mukra, hogy az \u00e9letben el\u0151r\u00e9bb jussanak, kiteljesedjenek. &#8222;Ezzel a kollekci\u00f3val t\u00f6bbet akartam l\u00e9trehozni, mint p\u00e1r alkalmi szettet, nem csak a divat nyelv\u00e9n besz\u00e9lni. Fogtam p\u00e1r j\u00f3l ismert alapdarabot, majd \u00f6sszekombin\u00e1ltam ezeket n\u00e9h\u00e1ny er\u0151s, t\u00e1mogat\u00f3 szlogennel, amik b\u00e1tors\u00e1gra, a t\u00f6bbre val\u00f3 t\u00f6rekv\u00e9sre \u00e9s \u00faj dolgok kipr\u00f3b\u00e1l\u00e1s\u00e1ra \u00f6szt\u00f6n\u00f6znek. Minden egyes kollekci\u00f3 megalkot\u00e1sakor biztosnak kell lennem abban, hogy az megtal\u00e1lja a hely\u00e9t a vil\u00e1gban, \u00e9s nem csak az aktu\u00e1lis szezon trendjeinek \u00e9rtelmez\u00e9se lesz.&#8221; &#8211; mondja Agnieszka Korsak, az <strong>answear.LAB<\/strong> m\u00e1rkaigazgat\u00f3ja.<\/p>\r\n\r\n\r\n\r\n<figure class=\"wp-block-image size-large\"><img loading=\"lazy\" decoding=\"async\" width=\"1043\" height=\"695\" class=\"wp-image-15152\" src=\"https:\/\/answear.hu\/blog\/wp-content\/uploads\/2021\/09\/r_CR6I7872-1043x695.jpg\" alt=\"\" srcset=\"https:\/\/answear.hu\/blog\/wp-content\/uploads\/2021\/09\/r_CR6I7872-1043x695.jpg 1043w, https:\/\/answear.hu\/blog\/wp-content\/uploads\/2021\/09\/r_CR6I7872-768x512.jpg 768w\" sizes=\"auto, (max-width: 1043px) 100vw, 1043px\" \/><\/figure>\r\n<p>&nbsp;<\/p>\r\n\r\n\r\n\r\n<p>A <strong>Girl Power<\/strong> egyszerre l\u00e1zad\u00f3 \u00e9s romantikus. Univerz\u00e1lis, de megk\u00e9rd\u0151jelezi az \u00f6lt\u00f6zk\u00f6d\u00e9si szok\u00e1sok szab\u00e1lyait \u00e9s a k\u00e9nyelmet helyezi el\u0151t\u00e9rbe. A laza p\u00f3l\u00f3k, a meleg\u00edt\u0151 szettek, a farmerek \u00e9s feh\u00e9r ingek, a praktikus fekete ruh\u00e1k megold\u00e1st k\u00edn\u00e1lnak a f\u00e9nysebess\u00e9ggel v\u00e1ltoz\u00f3 \u00e1tmeneti trendekre, amikkel nincs is id\u0151nk igaz\u00e1n megismerkedni. A kollekci\u00f3 k\u00f6rnyezetbar\u00e1t anyagokb\u00f3l k\u00e9sz\u00fclt: pamut, bambusz, vagy \u00e9pp \u00fajrahasznos\u00edtott poli\u00e9szter hozz\u00e1ad\u00e1s\u00e1val el\u0151\u00e1ll\u00edtott tencel. Minden darab GOTS \u00e9s \u00d6ko-Tex tan\u00fas\u00edtv\u00e1nnyal rendelkezik, ami vonatkozik a cip\u0151kre \u00e9s a kieg\u00e9sz\u00edt\u0151kre is. A k\u00fcl\u00f6nleges, er\u0151s csizm\u00e1k \u00e9s cip\u0151k minim\u00e1lis er\u0151forr\u00e1s felhaszn\u00e1l\u00e1s\u00e1val k\u00e9sz\u00fcltek, a gy\u00e1rt\u00e1sukhoz haszn\u00e1lt b\u0151r pedig fenntarthat\u00f3 gazd\u00e1lkod\u00e1s mell\u00e9kterm\u00e9k\u00e9b\u0151l sz\u00e1rmazik. A kollekci\u00f3ban megtal\u00e1lhat\u00f3 univerz\u00e1lis t\u00e1sk\u00e1k \u00fajrahasznos\u00edtott sz\u00e1lakb\u00f3l k\u00e9sz\u00fcltek.<\/p>\r\n<p><span style=\"font-size: 18pt;\"><strong>Ismerkedj meg a magyarorsz\u00e1gi Girl Power kamp\u00e1ny nagyk\u00f6veteivel!<\/strong><\/span><\/p>\r\n<p><strong>Marge<\/strong><\/p>\r\n<p>\r\n\r\n<\/p>\r\n<p>\u00c9nekes, dalszerz\u0151, hangterapeuta, aktivista. \u00c9nekesn\u0151k\u00e9nt ismerhett\u00fck meg a v\u00e1ratlan ny\u00e1r c\u00edm\u0171 ny\u00e1ri sl\u00e1ger\u00e9vel. Marge var\u00e1zslatos vil\u00e1ga a m\u0171v\u00e9szetben ugyanannyira izgalmas mint civilben is. Ahogy \u0151 maga is feln\u0151tt, a social m\u00e9dia fel\u00fcleteit is tudatosan alak\u00edtja. L\u00e1thatatlan \u00e9s fontos \u00fcgyek mellett \u00e1ll ki. \u0150 alap\u00edtotta a #nemtabuavet\u00e9l\u00e9s csoportot \u00e9s kezdett bele a #szerd\u00e1nmargen\u00e1l mozgalomba, melyben civil szervezeteket alap\u00edtv\u00e1nyokat l\u00e1t vend\u00e9g\u00fcl az oldalain. T\u00f6bb alap\u00edtv\u00e1ny nagyk\u00f6vete \u00e9s az \u00c1rv\u00e1cska alap\u00edtv\u00e1ny tagja. K\u00f6vetkez\u0151 nagylemez\u00e9n dolgozik, amely a t\u00e1rsadalmi felel\u0151s\u00e9gv\u00e1llal\u00e1s fontos t\u00e9m\u00e1it is feszegeti. Mozaik csal\u00e1djuk negyedik gyermek\u00e9t v\u00e1rja.<\/p>\r\n<p><a href=\"https:\/\/www.instagram.com\/margemusic\/\">@margemusic<\/a><\/p>\r\n<p><img loading=\"lazy\" decoding=\"async\" class=\"alignnone size-large wp-image-15165\" src=\"https:\/\/answear.hu\/blog\/wp-content\/uploads\/2021\/09\/r_CR6I7679-1043x695.jpg\" alt=\"\" width=\"660\" height=\"440\" srcset=\"https:\/\/answear.hu\/blog\/wp-content\/uploads\/2021\/09\/r_CR6I7679-1043x695.jpg 1043w, https:\/\/answear.hu\/blog\/wp-content\/uploads\/2021\/09\/r_CR6I7679-768x512.jpg 768w, https:\/\/answear.hu\/blog\/wp-content\/uploads\/2021\/09\/r_CR6I7679-1536x1024.jpg 1536w, https:\/\/answear.hu\/blog\/wp-content\/uploads\/2021\/09\/r_CR6I7679-2048x1365.jpg 2048w, https:\/\/answear.hu\/blog\/wp-content\/uploads\/2021\/09\/r_CR6I7679-272x182.jpg 272w\" sizes=\"auto, (max-width: 660px) 100vw, 660px\" \/><\/p>\r\n\r\n\r\n\r\n\r\n\r\n\r\n\r\n<p><strong>Moln\u00e1r Lainey<\/strong><\/p>\r\n\r\n\r\n\r\n<p>Moln\u00e1r Lainey az orsz\u00e1g els\u0151 szem\u00e9lyes bloggerek\u00e9nt indult egy \u00e9vtizeddel ezel\u0151tt, majd bej\u00e1rt h\u00e1rom kontinenst miel\u0151tt megtal\u00e1lta volna a hivat\u00e1s\u00e1t illusztr\u00e1tork\u00e9nt. Lainey rajzainak f\u014d t\u00e9m\u00e1ja a n\u0151i egyenjog\u00fas\u00e1g, az elfogad\u00e1s \u00e9s tolerancia, \u00e9s a n\u0151kre vet\u00fcl\u0151 t\u00e1rsadalmi stigm\u00e1k levet\u00e9se. Hiszi, hogy a nemzetk\u00f6zi k\u00f6z\u00f6ss\u00e9g, ami a seg\u00edts\u00e9g\u00e9vel is \u00e9p\u00fcl, egy \u00edt\u00e9lkez\u00e9s \u00e9s nyom\u00e1s n\u00e9lk\u00fcli j\u00f6v\u0151t tud \u00e9p\u00edteni &#8211; nem csak nek\u00fcnk n\u0151knek.<\/p>\r\n<p><a href=\"https:\/\/www.instagram.com\/lainey.molnar\/\">@lainey.molnar<\/a><\/p>\r\n<p><img loading=\"lazy\" decoding=\"async\" class=\"alignnone size-large wp-image-15159\" src=\"https:\/\/answear.hu\/blog\/wp-content\/uploads\/2021\/09\/r_CR6I7447-1-1043x695.jpg\" alt=\"\" width=\"660\" height=\"440\" srcset=\"https:\/\/answear.hu\/blog\/wp-content\/uploads\/2021\/09\/r_CR6I7447-1-1043x695.jpg 1043w, https:\/\/answear.hu\/blog\/wp-content\/uploads\/2021\/09\/r_CR6I7447-1-768x512.jpg 768w, https:\/\/answear.hu\/blog\/wp-content\/uploads\/2021\/09\/r_CR6I7447-1-1536x1024.jpg 1536w, https:\/\/answear.hu\/blog\/wp-content\/uploads\/2021\/09\/r_CR6I7447-1-2048x1365.jpg 2048w, https:\/\/answear.hu\/blog\/wp-content\/uploads\/2021\/09\/r_CR6I7447-1-272x182.jpg 272w\" sizes=\"auto, (max-width: 660px) 100vw, 660px\" \/><\/p>\r\n<p>&nbsp;<\/p>\r\n\r\n\r\n\r\n\r\n\r\n<p><strong>Weisz Fanni<\/strong><\/p>\r\n\r\n\r\n\r\n<p>Weisz Fanni 28 \u00e9ves hall\u00e1ss\u00e9r\u00fclt modell. Sz\u00e1mos rendezv\u00e9nyen l\u00e1t el h\u00e1ziasszonyi \u00e9s m\u0171sorvezet\u0151i tev\u00e9kenys\u00e9get, el\u0151ad\u00e1ssorozatot tart egyetemeken, f\u0151iskol\u00e1kon \u00e9s iskol\u00e1kban, melynek c\u00e9lkit\u0171z\u00e9se a siketek meg\u00e9rt\u00e9se \u00e9s a vel\u00fck val\u00f3 kommunik\u00e1ci\u00f3 el\u0151seg\u00edt\u00e9se. Fontos sz\u00e1m\u00e1ra, hogy er\u0151t \u00e9s \u00f6nbizalmat adjon a sorst\u00e1rsainak, valamint hogy a k\u00f6ztudatba be\u00e9p\u00edtse, a fogyat\u00e9kkal \u00e9l\u0151k is lehetnek hasznos r\u00e9szei a t\u00e1rsadalomnak.<\/p>\r\n<p><a href=\"https:\/\/www.instagram.com\/realweiszfanni\/\">@realweiszfanni<\/a><\/p>\r\n\r\n\r\n\r\n<p><img loading=\"lazy\" decoding=\"async\" class=\"alignnone size-large wp-image-15161\" src=\"https:\/\/answear.hu\/blog\/wp-content\/uploads\/2021\/09\/r_CR6I7584-1043x695.jpg\" alt=\"\" width=\"660\" height=\"440\" srcset=\"https:\/\/answear.hu\/blog\/wp-content\/uploads\/2021\/09\/r_CR6I7584-1043x695.jpg 1043w, https:\/\/answear.hu\/blog\/wp-content\/uploads\/2021\/09\/r_CR6I7584-768x512.jpg 768w, https:\/\/answear.hu\/blog\/wp-content\/uploads\/2021\/09\/r_CR6I7584-1536x1024.jpg 1536w, https:\/\/answear.hu\/blog\/wp-content\/uploads\/2021\/09\/r_CR6I7584-2048x1365.jpg 2048w, https:\/\/answear.hu\/blog\/wp-content\/uploads\/2021\/09\/r_CR6I7584-272x182.jpg 272w\" sizes=\"auto, (max-width: 660px) 100vw, 660px\" \/><\/p>\r\n\r\n\r\n\r\n\r\n\r\n<p>&nbsp;<\/p>\r\n","protected":false},"excerpt":{"rendered":"<p><span class=\"span-reading-time rt-reading-time\" style=\"display: block;\"><span class=\"rt-label rt-prefix\">Olvasd el, csak <\/span> <span class=\"rt-time\"> 4<\/span> <span class=\"rt-label rt-postfix\">perc<\/span><\/span>Girl Power \u2013 az answear.LAB e k\u00e9t h\u00edv\u00f3sz\u00f3ra \u00e9p\u00edtette ruh\u00e1kb\u00f3l, cip\u0151kb\u0151l \u00e9s kieg\u00e9sz\u00edt\u0151kb\u0151l \u00e1ll\u00f3 \u00faj kollekci\u00f3j\u00e1t. Az answear.LAB hisz a n\u0151k erej\u00e9ben, a k\u00f6zt\u00fck l\u00e9v\u0151 testv\u00e9ris\u00e9gben \u00e9s egym\u00e1s k\u00f6lcs\u00f6n\u00f6s t\u00e1mogat\u00e1s\u00e1ban, \u00edgy m\u00e1r t\u00f6bb mint egy \u00e9ve k\u00e9sz\u00edt kapszulakollekci\u00f3kat sz\u00e1mukra. A kamp\u00e1ny magyarorsz\u00e1gi nagyk\u00f6vetei &#8211; akik egy nemes c\u00e9l n\u00e9pszer\u0171s\u00edt\u00e9s\u00e9ben is seg\u00edtenek &#8211; Marge, Moln\u00e1r Lainey &hellip; <a href=\"https:\/\/answear.hu\/blog\/girl-power-az-answear-lab-uj-kollekcioja-megmutatja-az-erod\/15146\" class=\"more-link\"><span class=\"screen-reader-text\">Girl Power &#8211; az answear.LAB \u00faj kollekci\u00f3ja megmutatja az er\u0151d<\/span> r\u00e9szletei&#8230;<\/a><\/p>\n","protected":false},"author":35,"featured_media":15172,"comment_status":"closed","ping_status":"closed","sticky":false,"template":"","format":"standard","meta":{"footnotes":""},"categories":[889],"tags":[893,892,1968,1969,1882,1812,1973,1865,1972,1971,1976,1975,1179,1970,1974],"class_list":["post-15146","post","type-post","status-publish","format-standard","has-post-thumbnail","hentry","category-answear-lab","tag-answear-hu","tag-divat","tag-girl-power","tag-jotekonysag","tag-kampany","tag-kollekcio","tag-laineydraws","tag-limitalt-kollekcio","tag-marge","tag-molnar-lainey","tag-noi-jogok","tag-nok","tag-online","tag-weisz-fanni","tag-womenempowerement"],"_links":{"self":[{"href":"https:\/\/answear.hu\/blog\/wp-json\/wp\/v2\/posts\/15146","targetHints":{"allow":["GET"]}}],"collection":[{"href":"https:\/\/answear.hu\/blog\/wp-json\/wp\/v2\/posts"}],"about":[{"href":"https:\/\/answear.hu\/blog\/wp-json\/wp\/v2\/types\/post"}],"author":[{"embeddable":true,"href":"https:\/\/answear.hu\/blog\/wp-json\/wp\/v2\/users\/35"}],"replies":[{"embeddable":true,"href":"https:\/\/answear.hu\/blog\/wp-json\/wp\/v2\/comments?post=15146"}],"version-history":[{"count":13,"href":"https:\/\/answear.hu\/blog\/wp-json\/wp\/v2\/posts\/15146\/revisions"}],"predecessor-version":[{"id":15214,"href":"https:\/\/answear.hu\/blog\/wp-json\/wp\/v2\/posts\/15146\/revisions\/15214"}],"wp:featuredmedia":[{"embeddable":true,"href":"https:\/\/answear.hu\/blog\/wp-json\/wp\/v2\/media\/15172"}],"wp:attachment":[{"href":"https:\/\/answear.hu\/blog\/wp-json\/wp\/v2\/media?parent=15146"}],"wp:term":[{"taxonomy":"category","embeddable":true,"href":"https:\/\/answear.hu\/blog\/wp-json\/wp\/v2\/categories?post=15146"},{"taxonomy":"post_tag","embeddable":true,"href":"https:\/\/answear.hu\/blog\/wp-json\/wp\/v2\/tags?post=15146"}],"curies":[{"name":"wp","href":"https:\/\/api.w.org\/{rel}","templated":true}]}}