{"id":15088,"date":"2021-08-31T09:05:22","date_gmt":"2021-08-31T07:05:22","guid":{"rendered":"https:\/\/answear.hu\/blog\/?p=15088"},"modified":"2021-10-06T18:44:54","modified_gmt":"2021-10-06T16:44:54","slug":"denim-pop-up-store-vege-a-nyarnak-johetnek-a-farmerek","status":"publish","type":"post","link":"https:\/\/answear.hu\/blog\/denim-pop-up-store-vege-a-nyarnak-johetnek-a-farmerek\/15088","title":{"rendered":"Denim pop-up store \u2013 v\u00e9ge a ny\u00e1rnak, j\u00f6hetnek a farmerek"},"content":{"rendered":"<span class=\"span-reading-time rt-reading-time\" style=\"display: block;\"><span class=\"rt-label rt-prefix\">Olvasd el, csak <\/span> <span class=\"rt-time\"> 2<\/span> <span class=\"rt-label rt-postfix\">perc<\/span><\/span><p>Egyb\u0151l a nyaral\u00e1s ut\u00e1n visszat\u00e9r\u00fcnk a&#8230; farmerhez. N\u00e9zd meg, mik a trendek, n\u00e9zd meg az \u0151sz legmen\u0151bb farmer\u00fajdons\u00e1gait \u00e9s inspir\u00e1l\u00f3dj tippjeinkb\u0151l..<\/p>\n<p><!--more--><\/p>\n<h3>A farmernadr\u00e1gok top fazonjai<\/h3>\n<p>Id\u00e9n \u0151sszel egy dolog biztos \u2013 ha a szezonban farmerr\u0151l esik sz\u00f3, tov\u00e1bbra is kihagyjuk a skinny modelleket (b\u00e1r azt tudva, hogy a divat k\u00f6rforg\u00e1sa \u00e1lland\u00f3, val\u00f3sz\u00edn\u0171leg n\u00e9h\u00e1ny szezonon bel\u00fcl \u00fajra fel\u00e9led majd a szeretet\u00fcnk ir\u00e1ntuk). A 80-as \u00e9vek ihlette egyenes sz\u00e1r\u00fa, magas derek\u00fa farmerek naggyot mennek, a harang- \u00e9s bootcut fazonokkal egy\u00fctt. Ha hi\u00e1nyolod a k\u00e9nyelmet, v\u00e1lassz a buggyos vagy b\u0151 fazonok k\u00f6z\u00fcl. A sz\u00e9les verzi\u00f3kat a trendszetterek r\u00f6vid, sz\u0171k fels\u0151vel vagy \u00e9ppen ellenkez\u0151leg, oversize kab\u00e1ttal kombin\u00e1lj\u00e1k. Te melyiket prefer\u00e1ln\u00e1d?<\/p>\n<p><img loading=\"lazy\" decoding=\"async\" class=\"alignnone size-full wp-image-15089\" src=\"https:\/\/answear.hu\/blog\/wp-content\/uploads\/2021\/08\/1-1.jpg\" alt=\"\" width=\"795\" height=\"600\" srcset=\"https:\/\/answear.hu\/blog\/wp-content\/uploads\/2021\/08\/1-1.jpg 795w, https:\/\/answear.hu\/blog\/wp-content\/uploads\/2021\/08\/1-1-768x580.jpg 768w\" sizes=\"auto, (max-width: 795px) 100vw, 795px\" \/><\/p>\n<h3>Mint\u00e1k \u00e9s sz\u00ednek<\/h3>\n<p>Besz\u00e9lj\u00fcnk a sz\u00ednekr\u0151l. V\u00e9g\u00fcl is a farmer nem csak a &#8222;k\u00e9k&#8221; v\u00e1ltozatban kaphat\u00f3, b\u00e1r a k\u00e9k klasszikus \u00e1rnyalatai nagyon sikeresek id\u00e9n \u0151sszel. Az \u00e9vnek ebben a szakasz\u00e1ban ink\u00e1bb v\u00e1lasztunk s\u00f6t\u00e9tebb sz\u00edneket, mint \u00e9l\u00e9nkebbeket. Egysz\u00f3val k\u00e9sz\u00fclj\u00fcnk arra, hogy tenger\u00e9szk\u00e9k \u00e9s sz\u00fcrke farmerben fogunk j\u00e1rni. Ha \u00fagy gondolod, hogy egy ilyen megold\u00e1s t\u00fal tipikus \u00e9s t\u00fal unalmas sz\u00e1modra (de lehet egy farmer egy\u00e1ltal\u00e1n unalmas?), akkor v\u00e1lassz batikolt vagy acid wash hat\u00e1s\u00fa modellt vagy olyat, amin mint\u00e1k tal\u00e1lhat\u00f3ak.<\/p>\n<p><img loading=\"lazy\" decoding=\"async\" class=\"alignnone size-full wp-image-15090\" src=\"https:\/\/answear.hu\/blog\/wp-content\/uploads\/2021\/08\/2-1.jpg\" alt=\"\" width=\"795\" height=\"563\" srcset=\"https:\/\/answear.hu\/blog\/wp-content\/uploads\/2021\/08\/2-1.jpg 795w, https:\/\/answear.hu\/blog\/wp-content\/uploads\/2021\/08\/2-1-768x544.jpg 768w\" sizes=\"auto, (max-width: 795px) 100vw, 795px\" \/><\/p>\n<p><img loading=\"lazy\" decoding=\"async\" class=\"alignnone size-full wp-image-15091\" src=\"https:\/\/answear.hu\/blog\/wp-content\/uploads\/2021\/08\/3-1.jpg\" alt=\"\" width=\"794\" height=\"492\" srcset=\"https:\/\/answear.hu\/blog\/wp-content\/uploads\/2021\/08\/3-1.jpg 794w, https:\/\/answear.hu\/blog\/wp-content\/uploads\/2021\/08\/3-1-768x476.jpg 768w\" sizes=\"auto, (max-width: 794px) 100vw, 794px\" \/> <img loading=\"lazy\" decoding=\"async\" class=\"alignnone size-large wp-image-15092\" src=\"https:\/\/answear.hu\/blog\/wp-content\/uploads\/2021\/08\/4-1.jpg\" alt=\"\" width=\"660\" height=\"468\" srcset=\"https:\/\/answear.hu\/blog\/wp-content\/uploads\/2021\/08\/4-1.jpg 795w, https:\/\/answear.hu\/blog\/wp-content\/uploads\/2021\/08\/4-1-768x545.jpg 768w\" sizes=\"auto, (max-width: 660px) 100vw, 660px\" \/><\/p>\n<h3>\u00d6ko-divat<\/h3>\n<p>Szerencs\u00e9re ez nem csak egy \u00e1tmeneti trend, hanem egy \u00e1lland\u00f3 ir\u00e1nyzat, ami m\u00e9g sok\u00e1ig (rem\u00e9lj\u00fck, \u00f6r\u00f6kk\u00e9) vel\u00fcnk marad. Ha \u00faj farmert, kab\u00e1tot, szokny\u00e1t vagy farmeringet keresel, ne f\u00e9lj befektetni a min\u0151s\u00e9gi \u00e9s k\u00f6rnyezetbar\u00e1t term\u00e9kekbe. Mindenekel\u0151tt \u00e9rdemes a Better Cotton Initiative z\u00e1szlaja al\u00e1 tartoz\u00f3 dolgokat keresni &#8211; ez a kezdem\u00e9nyez\u00e9s t\u00e1mogatja a fenntarthat\u00f3 nyersanyagok el\u0151\u00e1ll\u00edt\u00e1s\u00e1t, a n\u00f6v\u00e9nyv\u00e9d\u0151 szerek cs\u00f6kkent\u00e9s\u00e9vel \u00e9s kevesebb v\u00edzfogyaszt\u00e1ssal. A farmered nemcsak organikus pamutb\u00f3l, hanem \u00fajrahasznos\u00edtott anyagokb\u00f3l is k\u00e9sz\u00fclhet. \u00c9rdemes olyan farmer m\u00e1rk\u00e1kat is t\u00e1mogatni, amelyek bolyg\u00f3bar\u00e1t gy\u00e1rt\u00e1si szabv\u00e1nyokat vezetnek be, nem haszn\u00e1lnak k\u00e1ros vegyi anyagokat, \u00e9s cs\u00f6kkentik az energia- vagy v\u00edzfogyaszt\u00e1st. V\u00e1lassz \u00e9s viselj tudatosan!<\/p>\n<p><img loading=\"lazy\" decoding=\"async\" class=\"alignnone size-full wp-image-15093\" src=\"https:\/\/answear.hu\/blog\/wp-content\/uploads\/2021\/08\/5-1.jpg\" alt=\"\" width=\"795\" height=\"600\" srcset=\"https:\/\/answear.hu\/blog\/wp-content\/uploads\/2021\/08\/5-1.jpg 795w, https:\/\/answear.hu\/blog\/wp-content\/uploads\/2021\/08\/5-1-768x580.jpg 768w\" sizes=\"auto, (max-width: 795px) 100vw, 795px\" \/><\/p>\n","protected":false},"excerpt":{"rendered":"<p><span class=\"span-reading-time rt-reading-time\" style=\"display: block;\"><span class=\"rt-label rt-prefix\">Olvasd el, csak <\/span> <span class=\"rt-time\"> 2<\/span> <span class=\"rt-label rt-postfix\">perc<\/span><\/span>Egyb\u0151l a nyaral\u00e1s ut\u00e1n visszat\u00e9r\u00fcnk a&#8230; farmerhez. N\u00e9zd meg, mik a trendek, n\u00e9zd meg az \u0151sz legmen\u0151bb farmer\u00fajdons\u00e1gait \u00e9s inspir\u00e1l\u00f3dj tippjeinkb\u0151l..<\/p>\n","protected":false},"author":35,"featured_media":15094,"comment_status":"closed","ping_status":"closed","sticky":false,"template":"","format":"standard","meta":{"footnotes":""},"categories":[686],"tags":[892,1131],"class_list":["post-15088","post","type-post","status-publish","format-standard","has-post-thumbnail","hentry","category-trendek","tag-divat","tag-farmer"],"_links":{"self":[{"href":"https:\/\/answear.hu\/blog\/wp-json\/wp\/v2\/posts\/15088","targetHints":{"allow":["GET"]}}],"collection":[{"href":"https:\/\/answear.hu\/blog\/wp-json\/wp\/v2\/posts"}],"about":[{"href":"https:\/\/answear.hu\/blog\/wp-json\/wp\/v2\/types\/post"}],"author":[{"embeddable":true,"href":"https:\/\/answear.hu\/blog\/wp-json\/wp\/v2\/users\/35"}],"replies":[{"embeddable":true,"href":"https:\/\/answear.hu\/blog\/wp-json\/wp\/v2\/comments?post=15088"}],"version-history":[{"count":2,"href":"https:\/\/answear.hu\/blog\/wp-json\/wp\/v2\/posts\/15088\/revisions"}],"predecessor-version":[{"id":15505,"href":"https:\/\/answear.hu\/blog\/wp-json\/wp\/v2\/posts\/15088\/revisions\/15505"}],"wp:featuredmedia":[{"embeddable":true,"href":"https:\/\/answear.hu\/blog\/wp-json\/wp\/v2\/media\/15094"}],"wp:attachment":[{"href":"https:\/\/answear.hu\/blog\/wp-json\/wp\/v2\/media?parent=15088"}],"wp:term":[{"taxonomy":"category","embeddable":true,"href":"https:\/\/answear.hu\/blog\/wp-json\/wp\/v2\/categories?post=15088"},{"taxonomy":"post_tag","embeddable":true,"href":"https:\/\/answear.hu\/blog\/wp-json\/wp\/v2\/tags?post=15088"}],"curies":[{"name":"wp","href":"https:\/\/api.w.org\/{rel}","templated":true}]}}