{"id":14918,"date":"2021-07-01T10:19:25","date_gmt":"2021-07-01T08:19:25","guid":{"rendered":"https:\/\/answear.hu\/blog\/?p=14918"},"modified":"2021-10-06T18:12:31","modified_gmt":"2021-10-06T16:12:31","slug":"mit-viseljunk-egy-piknikre-3-otlet-a-nyari-osszeallitasokhoz","status":"publish","type":"post","link":"https:\/\/answear.hu\/blog\/mit-viseljunk-egy-piknikre-3-otlet-a-nyari-osszeallitasokhoz\/14918","title":{"rendered":"Mit viselj\u00fcnk egy piknikhez &#8211; 3 \u00f6tlet a ny\u00e1ri \u00f6ssze\u00e1ll\u00edt\u00e1sokhoz"},"content":{"rendered":"<span class=\"span-reading-time rt-reading-time\" style=\"display: block;\"><span class=\"rt-label rt-prefix\">Olvasd el, csak <\/span> <span class=\"rt-time\"> 3<\/span> <span class=\"rt-label rt-postfix\">perc<\/span><\/span><p>Itt a piknikszezon! De mit viselj\u00fcnk a bar\u00e1tokkal a szabadban t\u00f6lt\u00f6tt d\u00e9lut\u00e1nhoz? Inspir\u00e1l\u00f3dj a stylistjaink \u00e1ltal k\u00e9sz\u00edtett \u00f6ssze\u00e1ll\u00edt\u00e1sokb\u00f3l \u00e9s tal\u00e1ld meg a st\u00edlusodhoz legjobban ill\u0151 darabokat.<!--more--><\/p>\n<p><strong><img loading=\"lazy\" decoding=\"async\" class=\"alignnone size-large wp-image-14920\" src=\"https:\/\/answear.hu\/blog\/wp-content\/uploads\/2021\/06\/Main-2-1043x695.jpg\" alt=\"\" width=\"660\" height=\"440\" srcset=\"https:\/\/answear.hu\/blog\/wp-content\/uploads\/2021\/06\/Main-2-1043x695.jpg 1043w, https:\/\/answear.hu\/blog\/wp-content\/uploads\/2021\/06\/Main-2-768x512.jpg 768w, https:\/\/answear.hu\/blog\/wp-content\/uploads\/2021\/06\/Main-2-272x182.jpg 272w, https:\/\/answear.hu\/blog\/wp-content\/uploads\/2021\/06\/Main-2.jpg 1200w\" sizes=\"auto, (max-width: 660px) 100vw, 660px\" \/><\/strong><\/p>\n<p>A j\u00f3 szetteknek nem kell felt\u00e9tlen\u00fcl csak pr\u00e9mium m\u00e1rk\u00e1kra \u00e9p\u00fclni\u00fck. Ami sz\u00e1m\u00edt, az az egyes elemek \u00fcgyes kiv\u00e1laszt\u00e1sa, a klasszikusok \u00e9s a szezon sl\u00e1gerei k\u00f6z\u00f6tti egyens\u00faly megtal\u00e1l\u00e1sa, egy csipetnyi kreativit\u00e1s \u00e9s a st\u00edlus\u00e9rz\u00e9k, amellyel kit\u0171nhetsz a t\u00f6megb\u0151l. Az Answear stylistjai ez\u00fattal \u00fagy d\u00f6nt\u00f6ttek, hogy a k\u00fcl\u00f6nb\u00f6z\u0151 \u00e1rfekv\u00e9s\u0171 ruh\u00e1kat \u00e9s kieg\u00e9sz\u00edt\u0151ket vegy\u00edtik, \u00edgy megalkotva a piknikez\u00e9shez \u00e9s a szabadban t\u00f6lt\u00f6tt id\u0151h\u00f6z t\u00f6k\u00e9letes \u00f6lt\u00f6z\u00e9keket. A k\u00f6z\u00f6s c\u00e9l itt a k\u00e9nyelem \u00e9s a szabads\u00e1g &#8211; a szettek k\u00f6z\u00fcl melyik lesz a te kedvenced?<\/p>\n<h3>A t\u00f6k\u00e9letes du\u00f3 &#8211; r\u00f6vidnadr\u00e1g \u00e9s ing<\/h3>\n<p>\u00cdme egy \u00f6tlet, ami n\u0151knek \u00e9s f\u00e9rfiaknak is bev\u00e1lik: univerz\u00e1lis, k\u00e9nyelmes \u00e9s praktikus. A r\u00f6vidnadr\u00e1gok egyar\u00e1nt t\u00f6k\u00e9letesek laz\u00edt\u00e1sra a h\u0171s\u00edt\u0151 \u00e9s nassolnival\u00f3kkal teli takar\u00f3n, valamint akt\u00edv kikapcsol\u00f3d\u00e1sookhoz, p\u00e9ld\u00e1ul ker\u00e9kp\u00e1roz\u00e1shoz vagy r\u00f6plabd\u00e1z\u00e1shoz. A r\u00f6vidnadr\u00e1got egyszer\u0171en kombin\u00e1lhatjuk egy fels\u0151vel vagy inggel, a r\u00e9tegelt megjelen\u00e9s univerz\u00e1lis \u00e9s sok lehet\u0151s\u00e9get ad kez\u00fcnkbe. A darabok kiv\u00e1laszt\u00e1sa rajtad \u00e1ll, de javasoljuk, hogy a szettet k\u00e9nyelmes cip\u0151vel, univerz\u00e1lis keg\u00e9sz\u00edt\u0151kkel viseld: tornacip\u0151 vagy szand\u00e1l lapos talppal \u00e9s egy nagy t\u00e1ska. J\u00e1tssz a sz\u00ednekkel, a mint\u00e1kkal \u00e9s a form\u00e1kkal &#8211; az inget hagyd kigombolva vagy laz\u00e1n k\u00f6sd meg, a hasadat kivillantva.<\/p>\n<p><a href=\"https:\/\/answear.hu\/s\/mix-and-match?nem=N%C5%91i&amp;sort=popularity\"><img loading=\"lazy\" decoding=\"async\" class=\"alignnone size-full wp-image-14925\" src=\"https:\/\/answear.hu\/blog\/wp-content\/uploads\/2021\/07\/robot_04.jpg\" alt=\"\" width=\"795\" height=\"599\" srcset=\"https:\/\/answear.hu\/blog\/wp-content\/uploads\/2021\/07\/robot_04.jpg 795w, https:\/\/answear.hu\/blog\/wp-content\/uploads\/2021\/07\/robot_04-768x579.jpg 768w\" sizes=\"auto, (max-width: 795px) 100vw, 795px\" \/><\/a><\/p>\n<h3>Klasszikus, term\u00e9szetes st\u00edlusban<\/h3>\n<p>Ha a trendek dikt\u00e1lta cuccok nem felelnek meg az \u00edzl\u00e9sednek, v\u00e1lassz ny\u00e1ri klasszikusokat \u00e9s term\u00e9szetes anyagokat, amikben a h\u0151m\u00e9rs\u00e9klett\u0151l f\u00fcggetlen\u00fcl st\u00edlusosan fogsz kin\u00e9zni. Egy l\u00e9gies, vil\u00e1gos sz\u00edn\u0171 ruha, b\u0151r flip-flop \u00e9s egy szalmakalap b\u00e1r kiss\u00e9 romantikus \u00f6sszhat\u00e1st kelt, de mindig m\u0171k\u00f6dni fog. Ezt kieg\u00e9sz\u00edtheted egy fonott t\u00e1sk\u00e1val vagy egy farmer kert\u00e9sznadr\u00e1ggal &#8211; a feh\u00e9r pamutcuccok \u00e9s a k\u00e9k farmer nagyon j\u00f3k egym\u00e1ssal. A pasik v\u00e1laszthatnak v\u00e1szongaty\u00e1t vagy laz\u00e1bb chin\u00f3t, amik a k\u00f6nnyed mozg\u00e1s szabads\u00e1g\u00e1t biztos\u00edtj\u00e1k. Egy gall\u00e9ros p\u00f3l\u00f3val vagy hidegebb napokon egy v\u00e9kony pul\u00f3verrel \u00e9s szarvasb\u0151r papuccsal kombin\u00e1lva eleg\u00e1ns alkalmi szettet kre\u00e1lhatnak.<\/p>\n<p><a href=\"https:\/\/answear.hu\/s\/mix-and-match?nem=N%C5%91i&amp;sort=popularity\"><img loading=\"lazy\" decoding=\"async\" class=\"alignnone wp-image-14927 size-full\" src=\"https:\/\/answear.hu\/blog\/wp-content\/uploads\/2021\/07\/robot_06-1.jpg\" alt=\"\" width=\"795\" height=\"1692\" srcset=\"https:\/\/answear.hu\/blog\/wp-content\/uploads\/2021\/07\/robot_06-1.jpg 795w, https:\/\/answear.hu\/blog\/wp-content\/uploads\/2021\/07\/robot_06-1-327x695.jpg 327w, https:\/\/answear.hu\/blog\/wp-content\/uploads\/2021\/07\/robot_06-1-768x1635.jpg 768w, https:\/\/answear.hu\/blog\/wp-content\/uploads\/2021\/07\/robot_06-1-722x1536.jpg 722w\" sizes=\"auto, (max-width: 795px) 100vw, 795px\" \/><\/a><\/p>\n<h3>Az aktu\u00e1lis trendek \u00e1rny\u00e9k\u00e1ban<\/h3>\n<p>Divatdikt\u00e1torok, most rajtatok a sor. Ha a piknikre sz\u00e1nt szetted nem t\u00e9r el nagyban att\u00f3l, amit a kifut\u00f3kon l\u00e1tsz, inspir\u00e1l\u00f3dj stylistjaink javaslataib\u00f3l. El\u0151sz\u00f6r is \u00e9rdemes a divatos kieg\u00e9sz\u00edt\u0151kre \u00f6sszpontos\u00edtanod, amik megv\u00e1ltoztatj\u00e1k az alapdarabok kiv\u00e1laszt\u00e1s\u00e1t. Kezdj\u00fck egy vastag telitalp\u00faval vagy papuccsal, de a szand\u00e1lok is j\u00f3 v\u00e1laszt\u00e1snak bizonyulnak id\u00e9n, s\u0151t a dad sneakerek ny\u00e1ri v\u00e1ltozat\u00e1t jelentik. Hasznosak lesznek a hatalmas karim\u00e1j\u00fa szalmakalapok, a streetwear inspir\u00e1lta hal\u00e1szsapk\u00e1k, a retr\u00f3 napszem\u00fcvegek \u00e9s a fonott t\u00e1sk\u00e1k is. A piknikes st\u00edlushoz a ruh\u00e1k is passzolnak, p\u00e9ld\u00e1ul puffos ujj\u00fa, t\u00f6bb r\u00e9teg\u0171 fodros verzi\u00f3k vagy hawaii mint\u00e1s ingek, ha pasikr\u00f3l besz\u00e9l\u00fcnk. Engedd, hogy dolgozzon a fant\u00e1zi\u00e1d \u00e9s \u00e1tvegye az ir\u00e1ny\u00edt\u00e1st. J\u00e1tssz a st\u00edlusoddal, pr\u00f3b\u00e1lj ki \u00faj dolgokat, egyszer\u0171en \u00e9lvezd divatosan a nyarat.<\/p>\n<p><a href=\"https:\/\/answear.hu\/s\/mix-and-match?nem=F%C3%A9rfi&amp;sort=popularity\"><img loading=\"lazy\" decoding=\"async\" class=\"alignnone size-full wp-image-14923\" src=\"https:\/\/answear.hu\/blog\/wp-content\/uploads\/2021\/07\/robot_08.jpg\" alt=\"\" width=\"795\" height=\"600\" srcset=\"https:\/\/answear.hu\/blog\/wp-content\/uploads\/2021\/07\/robot_08.jpg 795w, https:\/\/answear.hu\/blog\/wp-content\/uploads\/2021\/07\/robot_08-768x580.jpg 768w\" sizes=\"auto, (max-width: 795px) 100vw, 795px\" \/><\/a><\/p>\n","protected":false},"excerpt":{"rendered":"<p><span class=\"span-reading-time rt-reading-time\" style=\"display: block;\"><span class=\"rt-label rt-prefix\">Olvasd el, csak <\/span> <span class=\"rt-time\"> 3<\/span> <span class=\"rt-label rt-postfix\">perc<\/span><\/span>Itt a piknikszezon! De mit viselj\u00fcnk a bar\u00e1tokkal a szabadban t\u00f6lt\u00f6tt d\u00e9lut\u00e1nhoz? Inspir\u00e1l\u00f3dj a stylistjaink \u00e1ltal k\u00e9sz\u00edtett \u00f6ssze\u00e1ll\u00edt\u00e1sokb\u00f3l \u00e9s tal\u00e1ld meg a st\u00edlusodhoz legjobban ill\u0151 darabokat.<\/p>\n","protected":false},"author":35,"featured_media":14920,"comment_status":"closed","ping_status":"closed","sticky":false,"template":"","format":"standard","meta":{"footnotes":""},"categories":[686],"tags":[799,917,1015,892,1943,1614,1818,1035,1834,1941,1942,1133,1073,1566],"class_list":["post-14918","post","type-post","status-publish","format-standard","has-post-thumbnail","hentry","category-trendek","tag-look","tag-stilus","tag-cipo","tag-divat","tag-fazon","tag-learazas","tag-nyari-cipo","tag-nyari-ruha","tag-olcso-ruha","tag-piknik","tag-pinkin-stilus","tag-ruha","tag-sneaker","tag-szandal"],"_links":{"self":[{"href":"https:\/\/answear.hu\/blog\/wp-json\/wp\/v2\/posts\/14918","targetHints":{"allow":["GET"]}}],"collection":[{"href":"https:\/\/answear.hu\/blog\/wp-json\/wp\/v2\/posts"}],"about":[{"href":"https:\/\/answear.hu\/blog\/wp-json\/wp\/v2\/types\/post"}],"author":[{"embeddable":true,"href":"https:\/\/answear.hu\/blog\/wp-json\/wp\/v2\/users\/35"}],"replies":[{"embeddable":true,"href":"https:\/\/answear.hu\/blog\/wp-json\/wp\/v2\/comments?post=14918"}],"version-history":[{"count":7,"href":"https:\/\/answear.hu\/blog\/wp-json\/wp\/v2\/posts\/14918\/revisions"}],"predecessor-version":[{"id":15412,"href":"https:\/\/answear.hu\/blog\/wp-json\/wp\/v2\/posts\/14918\/revisions\/15412"}],"wp:featuredmedia":[{"embeddable":true,"href":"https:\/\/answear.hu\/blog\/wp-json\/wp\/v2\/media\/14920"}],"wp:attachment":[{"href":"https:\/\/answear.hu\/blog\/wp-json\/wp\/v2\/media?parent=14918"}],"wp:term":[{"taxonomy":"category","embeddable":true,"href":"https:\/\/answear.hu\/blog\/wp-json\/wp\/v2\/categories?post=14918"},{"taxonomy":"post_tag","embeddable":true,"href":"https:\/\/answear.hu\/blog\/wp-json\/wp\/v2\/tags?post=14918"}],"curies":[{"name":"wp","href":"https:\/\/api.w.org\/{rel}","templated":true}]}}