{"id":14087,"date":"2020-10-19T15:49:05","date_gmt":"2020-10-19T13:49:05","guid":{"rendered":"https:\/\/answear.hu\/blog\/?p=14087"},"modified":"2020-12-03T13:44:32","modified_gmt":"2020-12-03T12:44:32","slug":"eke-angela-ismeretlen-szerepben-bemutatkozik-az-answear-lab-limitlt-kollekcioja","status":"publish","type":"post","link":"https:\/\/answear.hu\/blog\/eke-angela-ismeretlen-szerepben-bemutatkozik-az-answear-lab-limitlt-kollekcioja\/14087","title":{"rendered":"Eke Ang\u00e9la ismeretlen szerepben &#8211; bemutatkozik az answear.LAB limit\u00e1lt kollekci\u00f3ja"},"content":{"rendered":"<span class=\"span-reading-time rt-reading-time\" style=\"display: block;\"><span class=\"rt-label rt-prefix\">Olvasd el, csak <\/span> <span class=\"rt-time\"> 3<\/span> <span class=\"rt-label rt-postfix\">perc<\/span><\/span><p><strong>\u00a0<\/strong>K\u00fcl\u00f6nleges fot\u00f3z\u00e1son vett r\u00e9szt a Junior Prima d\u00edjas sz\u00edn\u00e9szn\u0151, aminek az aprop\u00f3ja az Answear m\u00e1rka meg\u00fajul\u00e1sa volt. Innent\u0151l answear.LAB n\u00e9ven lesz el\u00e9rhet\u0151 a m\u00e1rka, amelynek bevezet\u00e9s\u00e9t egy k\u00fcl\u00f6nleges, a harmincas \u00e9veket id\u00e9z\u0151 limit\u00e1lt ruhakollekci\u00f3val \u00e9s ahhoz dedik\u00e1lt fot\u00f3sorozattal \u00fcnnepelnek.<\/p>\n<p><!--more--><\/p>\n<p><img loading=\"lazy\" decoding=\"async\" class=\"alignnone wp-image-14093 size-full\" src=\"https:\/\/answear.hu\/blog\/wp-content\/uploads\/2020\/10\/SER_1139-2.jpg\" alt=\"\" width=\"1225\" height=\"815\" srcset=\"https:\/\/answear.hu\/blog\/wp-content\/uploads\/2020\/10\/SER_1139-2.jpg 1225w, https:\/\/answear.hu\/blog\/wp-content\/uploads\/2020\/10\/SER_1139-2-1045x695.jpg 1045w, https:\/\/answear.hu\/blog\/wp-content\/uploads\/2020\/10\/SER_1139-2-768x511.jpg 768w, https:\/\/answear.hu\/blog\/wp-content\/uploads\/2020\/10\/SER_1139-2-272x182.jpg 272w, https:\/\/answear.hu\/blog\/wp-content\/uploads\/2020\/10\/SER_1139-2-300x200.jpg 300w, https:\/\/answear.hu\/blog\/wp-content\/uploads\/2020\/10\/SER_1139-2-1024x681.jpg 1024w, https:\/\/answear.hu\/blog\/wp-content\/uploads\/2020\/10\/SER_1139-2-620x412.jpg 620w\" sizes=\"auto, (max-width: 1225px) 100vw, 1225px\" \/><\/p>\n<p><strong>Random Shooting Day 152 x answear.LAB<\/strong><\/p>\n<p>Az Eke Ang\u00e9la f\u0151szerepl\u00e9s\u00e9vel k\u00e9sz\u00fclt fot\u00f3sorozat egyedis\u00e9g\u00e9t, a Random Shooting Day-el val\u00f3 egy\u00fcttm\u0171k\u00f6d\u00e9s koron\u00e1zta meg. A fot\u00f3z\u00e1sra &#8211; mint minden esetben &#8211; most is egy random szakmai st\u00e1b \u00e1llt \u00f6ssze, hogy egy egyszeri, megism\u00e9telhetetlen alkalommal, valami igaz\u00e1n eredetit alkossanak.<\/p>\n<p>Az els\u0151 limit\u00e1lt kollekci\u00f3 az \u00faj\u00a0<a href=\"https:\/\/lab.answear.hu\">answear.LAB<\/a>\u00a0m\u00e1rk\u00e1t\u00f3l m\u00e1r el\u00e9rhet\u0151 az\u00a0<a href=\"https:\/\/answear.hu\/c\/noi\">answear.hu<\/a>-n<\/p>\n<p><em>&#8222;A kollekci\u00f3 darabjai eleg\u00e1nsak, \u00e1m az anyaghaszn\u00e1latb\u00f3l \u00e9s a kivitelez\u00e9sb\u0151l ad\u00f3d\u00f3an h\u00e9tk\u00f6znap is k\u00e9nyelmes \u00e9s praktikus viseletet ny\u00fajtanak. Nagyon tetszik, hogy letisztult st\u00edlusuknak k\u00f6sz\u00f6nhet\u0151en k\u00f6nnyen be\u00e9p\u00edthet\u0151k a mindennapi ruhat\u00e1rba, emellett j\u00f3l vari\u00e1lhat\u00f3k, egy\u00e9nis\u00e9ghez vagy alkalomhoz ill\u0151en.&#8221; &#8211; Eke Ang\u00e9la. <\/em><\/p>\n<p><em>\u00a0<img loading=\"lazy\" decoding=\"async\" class=\"alignnone wp-image-14099 size-full\" src=\"https:\/\/answear.hu\/blog\/wp-content\/uploads\/2020\/10\/unnamed-tile.jpg\" alt=\"\" width=\"1630\" height=\"1225\" srcset=\"https:\/\/answear.hu\/blog\/wp-content\/uploads\/2020\/10\/unnamed-tile.jpg 1630w, https:\/\/answear.hu\/blog\/wp-content\/uploads\/2020\/10\/unnamed-tile-925x695.jpg 925w, https:\/\/answear.hu\/blog\/wp-content\/uploads\/2020\/10\/unnamed-tile-768x577.jpg 768w, https:\/\/answear.hu\/blog\/wp-content\/uploads\/2020\/10\/unnamed-tile-1536x1154.jpg 1536w, https:\/\/answear.hu\/blog\/wp-content\/uploads\/2020\/10\/unnamed-tile-300x225.jpg 300w, https:\/\/answear.hu\/blog\/wp-content\/uploads\/2020\/10\/unnamed-tile-1024x770.jpg 1024w, https:\/\/answear.hu\/blog\/wp-content\/uploads\/2020\/10\/unnamed-tile-620x466.jpg 620w\" sizes=\"auto, (max-width: 1630px) 100vw, 1630px\" \/><\/em><\/p>\n<p><strong>A kollekci\u00f3r\u00f3l<\/strong><\/p>\n<p>Meglep\u0151, felfedez\u0151 t\u00edpus \u00e9s nyitott az \u00fajra \u2013 az \u00faj answear.LAB m\u00e1rka a modern, f\u00fcggetlen n\u0151knek sz\u00f3l, akik el\u0151nyben r\u00e9szes\u00edtik a j\u00f3l megv\u00e1logatott, diz\u00e1jner ruhadarabokat, cip\u0151ket \u00e9s kieg\u00e9sz\u00edt\u0151ket, vonz\u00f3 \u00e1ron.\u00a0A divat folyamatos kalandoz\u00e1s, az ismeretlen felfedez\u00e9se. Az\u00a0<strong>answear.LAB<\/strong>\u00a0ennek tudat\u00e1ban mutatja be els\u0151, limit\u00e1lt, pr\u00e9mium kollekci\u00f3j\u00e1t.<\/p>\n<p><img loading=\"lazy\" decoding=\"async\" class=\"alignnone wp-image-14096 size-full\" src=\"https:\/\/answear.hu\/blog\/wp-content\/uploads\/2020\/10\/SER_0909-2-tile.jpg\" alt=\"\" width=\"1630\" height=\"1225\" srcset=\"https:\/\/answear.hu\/blog\/wp-content\/uploads\/2020\/10\/SER_0909-2-tile.jpg 1630w, https:\/\/answear.hu\/blog\/wp-content\/uploads\/2020\/10\/SER_0909-2-tile-925x695.jpg 925w, https:\/\/answear.hu\/blog\/wp-content\/uploads\/2020\/10\/SER_0909-2-tile-768x577.jpg 768w, https:\/\/answear.hu\/blog\/wp-content\/uploads\/2020\/10\/SER_0909-2-tile-1536x1154.jpg 1536w, https:\/\/answear.hu\/blog\/wp-content\/uploads\/2020\/10\/SER_0909-2-tile-300x225.jpg 300w, https:\/\/answear.hu\/blog\/wp-content\/uploads\/2020\/10\/SER_0909-2-tile-1024x770.jpg 1024w, https:\/\/answear.hu\/blog\/wp-content\/uploads\/2020\/10\/SER_0909-2-tile-620x466.jpg 620w\" sizes=\"auto, (max-width: 1630px) 100vw, 1630px\" \/><\/p>\n<p>Az \u00faj term\u00e9kek, \u00f6tletek \u00e9s inspir\u00e1ci\u00f3k \u00fagy lettek megalkotva, hogy a divat ir\u00e1nt \u00e9rdekl\u0151d\u0151k minden ig\u00e9ny\u00e9t kiel\u00e9g\u00edtse. Az <strong>answear.LAB<\/strong> tervez\u0151i felkutatt\u00e1k a vil\u00e1got a legt\u00f6k\u00e9letesebb darabok\u00e9rt, de emellett a m\u00e1rka f\u00fcggetlen tervez\u0151kkel \u00e9s eur\u00f3pai gy\u00e1rakkal is egy\u00fcttm\u0171k\u00f6dik, \u00edgy a kollekci\u00f3 nagy r\u00e9sze Eur\u00f3p\u00e1ban k\u00e9sz\u00fcl. A kapszulakollekci\u00f3k elemeit nagy gonddal v\u00e1logattuk ki, \u00edgy a v\u00e9geredm\u00e9ny mindig egyedi, eredeti term\u00e9kekb\u0151l \u00e1ll, amik meglepik \u00e9s leny\u0171g\u00f6zik a v\u00e1s\u00e1rl\u00f3t.<\/p>\n<p><img loading=\"lazy\" decoding=\"async\" class=\"alignnone wp-image-14097 size-full\" src=\"https:\/\/answear.hu\/blog\/wp-content\/uploads\/2020\/10\/SER_0991-Edit-tile.jpg\" alt=\"\" width=\"1630\" height=\"1225\" srcset=\"https:\/\/answear.hu\/blog\/wp-content\/uploads\/2020\/10\/SER_0991-Edit-tile.jpg 1630w, https:\/\/answear.hu\/blog\/wp-content\/uploads\/2020\/10\/SER_0991-Edit-tile-925x695.jpg 925w, https:\/\/answear.hu\/blog\/wp-content\/uploads\/2020\/10\/SER_0991-Edit-tile-768x577.jpg 768w, https:\/\/answear.hu\/blog\/wp-content\/uploads\/2020\/10\/SER_0991-Edit-tile-1536x1154.jpg 1536w, https:\/\/answear.hu\/blog\/wp-content\/uploads\/2020\/10\/SER_0991-Edit-tile-300x225.jpg 300w, https:\/\/answear.hu\/blog\/wp-content\/uploads\/2020\/10\/SER_0991-Edit-tile-1024x770.jpg 1024w, https:\/\/answear.hu\/blog\/wp-content\/uploads\/2020\/10\/SER_0991-Edit-tile-620x466.jpg 620w\" sizes=\"auto, (max-width: 1630px) 100vw, 1630px\" \/><\/p>\n<p>Az \u00faj n\u0151i m\u00e1rka egy k\u00fcl\u00f6nleges, az 1930-as \u00e9veket id\u00e9z\u0151 kollekci\u00f3val l\u00e9p sz\u00ednre. Egyszer\u0171, avantg\u00e1rd, k\u00e9nyelmes, modern \u2013 ha n\u00e9h\u00e1ny sz\u00f3val k\u00e9ne jellemezn\u00fcnk az <strong>answear.LAB<\/strong> els\u0151\u00a0 kollekci\u00f3j\u00e1t, ezek lenn\u00e9nek azok. A dr\u00e1ga anyagok, mint a selyem, a gyapj\u00fa vagy a b\u0151r, \u00fajrahasznos\u00edtott teril\u00e9nnel \u00e9s liocellel kombin\u00e1lva er\u0151s pontjai a kollekci\u00f3nak, csak\u00fagy mint a k\u00fcl\u00f6nleges kiv\u00e1g\u00e1sok \u00e9s r\u00e9szletek. A funkcionalit\u00e1s a finoms\u00e1ggal keveredik, az \u00faj technol\u00f3gi\u00e1k itt tal\u00e1lkoznak a r\u00e9gi, k\u00e9zm\u0171ves technik\u00e1kkal, a t\u00f6rt\u00e9nelem \u00e9s a modernit\u00e1s \u00f6sszefon\u00f3dik. A kapszulakollekci\u00f3 minden olyan n\u0151 \u00e9letm\u00f3dj\u00e1hoz alkalmazkodik, aki alkalomt\u00f3l vagy hangulat\u00e1t\u00f3l f\u00fcgg\u0151en \u00faj oldal\u00e1r\u00f3l szeretn\u00e9 megmutatni mag\u00e1t. A m\u00e1rka p\u00f3l\u00f3kat, bl\u00fazokat, chino nadr\u00e1gokat, b\u0151rkab\u00e1tokat \u00e9s szokny\u00e1kat vonultat fel, de emellett leny\u0171g\u00f6z\u0151 anyag\u00fa \u00e9s \u00e1rnyalat\u00fa est\u00e9lyi \u00e9s kokt\u00e9lruh\u00e1kat is k\u00edn\u00e1l, amik garant\u00e1lj\u00e1k, hogy visel\u0151je a figyelem k\u00f6z\u00e9ppontj\u00e1ba ker\u00fclj\u00f6n. A kollekci\u00f3b\u00f3l term\u00e9szetesen az \u0151szi alapdarabok sem hi\u00e1nyozhatnak, mint pl. a gyapj\u00fakab\u00e1tok, amiket keszty\u0171kkel, s\u00e1lakkal \u00e9s t\u00e1sk\u00e1kkal dobhatunk fel.<\/p>\n<p><img loading=\"lazy\" decoding=\"async\" class=\"alignnone wp-image-14098 size-full\" src=\"https:\/\/answear.hu\/blog\/wp-content\/uploads\/2020\/10\/SER_1201-Edit-tile.jpg\" alt=\"\" width=\"1630\" height=\"1225\" srcset=\"https:\/\/answear.hu\/blog\/wp-content\/uploads\/2020\/10\/SER_1201-Edit-tile.jpg 1630w, https:\/\/answear.hu\/blog\/wp-content\/uploads\/2020\/10\/SER_1201-Edit-tile-925x695.jpg 925w, https:\/\/answear.hu\/blog\/wp-content\/uploads\/2020\/10\/SER_1201-Edit-tile-768x577.jpg 768w, https:\/\/answear.hu\/blog\/wp-content\/uploads\/2020\/10\/SER_1201-Edit-tile-1536x1154.jpg 1536w, https:\/\/answear.hu\/blog\/wp-content\/uploads\/2020\/10\/SER_1201-Edit-tile-300x225.jpg 300w, https:\/\/answear.hu\/blog\/wp-content\/uploads\/2020\/10\/SER_1201-Edit-tile-1024x770.jpg 1024w, https:\/\/answear.hu\/blog\/wp-content\/uploads\/2020\/10\/SER_1201-Edit-tile-620x466.jpg 620w\" sizes=\"auto, (max-width: 1630px) 100vw, 1630px\" \/><\/p>\n<p style=\"text-align: center;\"><strong>Random Shooting Day 152 x answear.LAB\u00a0<\/strong><\/p>\n<p style=\"text-align: center;\">Fot\u00f3: S\u00e1ghy T\u00edmea<\/p>\n<p style=\"text-align: center;\">Styling: B\u00edr\u00f3 Barbara<\/p>\n<p style=\"text-align: center;\">Smink: Hajdu Zs\u00f3fia<\/p>\n<p style=\"text-align: center;\">modell: Eke Ang\u00e9la<\/p>\n<p style=\"text-align: center;\">Haj, mood: Koczka<\/p>\n<p style=\"text-align: center;\">K\u00fcl\u00f6n k\u00f6sz\u00f6net a kieg\u00e9sz\u00edt\u0151k\u00e9rt: Lollipopfactory, Hof Home of Fashion<\/p>\n<p style=\"text-align: center;\">K\u00fcl\u00f6n k\u00f6sz\u00f6net a helysz\u00edn\u00e9rt: Marty&#8217;s kitchen &amp; bar<\/p>\n<p>&nbsp;<\/p>\n<p>&nbsp;<\/p>\n","protected":false},"excerpt":{"rendered":"<p><span class=\"span-reading-time rt-reading-time\" style=\"display: block;\"><span class=\"rt-label rt-prefix\">Olvasd el, csak <\/span> <span class=\"rt-time\"> 3<\/span> <span class=\"rt-label rt-postfix\">perc<\/span><\/span>\u00a0K\u00fcl\u00f6nleges fot\u00f3z\u00e1son vett r\u00e9szt a Junior Prima d\u00edjas sz\u00edn\u00e9szn\u0151, aminek az aprop\u00f3ja az Answear m\u00e1rka meg\u00fajul\u00e1sa volt. Innent\u0151l answear.LAB n\u00e9ven lesz el\u00e9rhet\u0151 a m\u00e1rka, amelynek bevezet\u00e9s\u00e9t egy k\u00fcl\u00f6nleges, a harmincas \u00e9veket id\u00e9z\u0151 limit\u00e1lt ruhakollekci\u00f3val \u00e9s ahhoz dedik\u00e1lt fot\u00f3sorozattal \u00fcnnepelnek.<\/p>\n","protected":false},"author":35,"featured_media":14156,"comment_status":"closed","ping_status":"closed","sticky":false,"template":"","format":"standard","meta":{"footnotes":""},"categories":[889],"tags":[1863,1867,892,1874,1875,1868,1871,1844,1569,1870,1812,1864,1873,1872,1869],"class_list":["post-14087","post","type-post","status-publish","format-standard","has-post-thumbnail","hentry","category-answear-lab","tag-answear-lab","tag-answear-limitalt-kollekcio","tag-divat","tag-divatanyag","tag-editoria","tag-eke-angela","tag-eke-angela-szinaszno","tag-foto","tag-fotozas","tag-hireseg","tag-kollekcio","tag-krol","tag-makup","tag-random-shooting-day","tag-szineszo"],"_links":{"self":[{"href":"https:\/\/answear.hu\/blog\/wp-json\/wp\/v2\/posts\/14087","targetHints":{"allow":["GET"]}}],"collection":[{"href":"https:\/\/answear.hu\/blog\/wp-json\/wp\/v2\/posts"}],"about":[{"href":"https:\/\/answear.hu\/blog\/wp-json\/wp\/v2\/types\/post"}],"author":[{"embeddable":true,"href":"https:\/\/answear.hu\/blog\/wp-json\/wp\/v2\/users\/35"}],"replies":[{"embeddable":true,"href":"https:\/\/answear.hu\/blog\/wp-json\/wp\/v2\/comments?post=14087"}],"version-history":[{"count":3,"href":"https:\/\/answear.hu\/blog\/wp-json\/wp\/v2\/posts\/14087\/revisions"}],"predecessor-version":[{"id":14254,"href":"https:\/\/answear.hu\/blog\/wp-json\/wp\/v2\/posts\/14087\/revisions\/14254"}],"wp:featuredmedia":[{"embeddable":true,"href":"https:\/\/answear.hu\/blog\/wp-json\/wp\/v2\/media\/14156"}],"wp:attachment":[{"href":"https:\/\/answear.hu\/blog\/wp-json\/wp\/v2\/media?parent=14087"}],"wp:term":[{"taxonomy":"category","embeddable":true,"href":"https:\/\/answear.hu\/blog\/wp-json\/wp\/v2\/categories?post=14087"},{"taxonomy":"post_tag","embeddable":true,"href":"https:\/\/answear.hu\/blog\/wp-json\/wp\/v2\/tags?post=14087"}],"curies":[{"name":"wp","href":"https:\/\/api.w.org\/{rel}","templated":true}]}}