{"id":14076,"date":"2020-11-07T08:45:09","date_gmt":"2020-11-07T07:45:09","guid":{"rendered":"https:\/\/answear.hu\/blog\/?p=14076"},"modified":"2021-10-06T18:46:09","modified_gmt":"2021-10-06T16:46:09","slug":"karpati-rebeka-x-answear-lab-uj-kapszulakollekcioval-mutatkozik-be-a-megujult-marek","status":"publish","type":"post","link":"https:\/\/answear.hu\/blog\/karpati-rebeka-x-answear-lab-uj-kapszulakollekcioval-mutatkozik-be-a-megujult-marek\/14076","title":{"rendered":"K\u00e1rp\u00e1ti Rebeka x Answear.LAB &#8211; \u00faj kapszulakollekci\u00f3val mutatkozik be a meg\u00fajult m\u00e1rka"},"content":{"rendered":"<span class=\"span-reading-time rt-reading-time\" style=\"display: block;\"><span class=\"rt-label rt-prefix\">Olvasd el, csak <\/span> <span class=\"rt-time\"> 3<\/span> <span class=\"rt-label rt-postfix\">perc<\/span><\/span><p>Az ANSWEAR.HU saj\u00e1t m\u00e1rk\u00e1ja, az Answear meg\u00faj\u00fal \u00e9s innent\u0151l kezdve answear.LAB n\u00e9ven lesz jelen a piacon. A m\u00e1rka a trendi, id\u0151t\u00e1ll\u00f3 \u00e9s el\u00e9rhet\u0151 darabjair\u00f3l ismert, ezek a jelz\u0151k a j\u00f6v\u0151ben is jellemzik majd. A meg\u00fajul\u00e1snak dedik\u00e1lva \u00a0&#8211; az \u0151szi kollekci\u00f3 mellett &#8211; a m\u00e1rka egy limit\u00e1lt, a harmincas \u00e9veket id\u00e9z\u0151 kapszulakollekci\u00f3val is jelentkezik. Most K\u00e1rp\u00e1ti Rebeka k\u00e9sz\u00edtett a limit\u00e1lt kollekci\u00f3 legvag\u00e1nyabb darabjaiban n\u00e9h\u00e1ny fot\u00f3t, amit meg is osztunk veletek.<\/p>\n<p><!--more--><\/p>\n<p><img loading=\"lazy\" decoding=\"async\" class=\"aligncenter wp-image-14083 size-full\" src=\"https:\/\/answear.hu\/blog\/wp-content\/uploads\/2020\/10\/Capture.jpg\" alt=\"\" width=\"642\" height=\"467\" \/><\/p>\n<p>&nbsp;<\/p>\n<p>A divat folyamatos kalandoz\u00e1s, az ismeretlen felfedez\u00e9se. Az answear.LAB ennek tudat\u00e1ban mutatja be els\u0151, limit\u00e1lt, pr\u00e9mium kollekci\u00f3j\u00e1t. Az \u00faj term\u00e9kek, \u00f6tletek \u00e9s inspir\u00e1ci\u00f3k \u00fagy lettek megalkotva, hogy a divat ir\u00e1nt \u00e9rdekl\u0151d\u0151k minden ig\u00e9ny\u00e9t kiel\u00e9g\u00edtse. Az answear.LAB tervez\u0151i felkutatt\u00e1k a vil\u00e1got a legt\u00f6k\u00e9letesebb darabok\u00e9rt, de emellett a m\u00e1rka f\u00fcggetlen tervez\u0151kkel \u00e9s eur\u00f3pai gy\u00e1rakkal is egy\u00fcttm\u00fak\u00f6dik, \u00edgy a kollekci\u00f3 nagy r\u00e9sze Eur\u00f3p\u00e1ban k\u00e9sz\u00fcl. A kapszulakollekci\u00f3k elemeit nagy gonddal v\u00e1logattuk ki, \u00edgy a v\u00e9geredm\u00e9ny mindig egyedi, eredeti term\u00e9kekb\u0151l \u00e1ll, amik meglepik \u00e9s leny\u0171g\u00f6zik a v\u00e1s\u00e1rl\u00f3t.<\/p>\n<p><img loading=\"lazy\" decoding=\"async\" class=\"alignnone wp-image-14081 size-full\" src=\"https:\/\/answear.hu\/blog\/wp-content\/uploads\/2020\/10\/image00002-2-horz.jpg\" alt=\"\" width=\"4095\" height=\"2048\" \/><\/p>\n<p style=\"text-align: center;\"><a href=\"https:\/\/lab.answear.hu\/\"><strong>Megn\u00e9zem a teljes kollekci\u00f3t<\/strong><\/a><\/p>\n<p>Az \u00faj n\u0151i m\u00e1rka egy k\u00fcl\u00f6nleges, az 1930-as \u00e9veket id\u00e9z\u0151 kollekci\u00f3val l\u00e9p sz\u00ednre. Egyszer\u0171, avantg\u00e1rd, k\u00e9nyelmes, modern \u2013 ha n\u00e9h\u00e1ny sz\u00f3val k\u00e9ne jellemezn\u00fcnk az answear.LAB els\u0151 \u00a0kollekci\u00f3j\u00e1t, ezek lenn\u00e9nek azok. A dr\u00e1ga anyagok, mint a selyem, a gyapj\u00fa vagy a b\u0151r, \u00fajrahasznos\u00edtott teril\u00e9nnel \u00e9s liocellel kombin\u00e1lva er\u0151s pontjai a kollekci\u00f3nak, csak\u00fagy mint a k\u00fcl\u00f6nleges kiv\u00e1g\u00e1sok \u00e9s r\u00e9szletek. A funkcionalit\u00e1s a finoms\u00e1ggal keveredeik, az \u00faj technol\u00f3gi\u00e1k itt tal\u00e1lkoznak a r\u00e9gi, k\u00e9zm\u0171ves technik\u00e1kkal, a t\u00f6rt\u00e9nelem \u00e9s a modernit\u00e1s \u00f6sszefon\u00f3dik.<\/p>\n<p><img loading=\"lazy\" decoding=\"async\" class=\"aligncenter wp-image-14077 \" src=\"https:\/\/answear.hu\/blog\/wp-content\/uploads\/2020\/10\/image00001-horz.jpg\" alt=\"\" width=\"4095\" height=\"2048\" \/><\/p>\n<p style=\"text-align: center;\"><a href=\"https:\/\/lab.answear.hu\/\"><strong>Megn\u00e9zem a teljes kollekci\u00f3t<\/strong><\/a><\/p>\n<p>A kapszulakollekci\u00f3 minden olyan n\u0151 \u00e9letm\u00f3dj\u00e1hoz alkalmazkodik, aki alkalomt\u00f3l vagy hangulat\u00e1t\u00f3l f\u00fcgg\u0151en \u00faj oldal\u00e1r\u00f3l szeretn\u00e9 megmutatni mag\u00e1t. A m\u00e1rka p\u00f3l\u00f3kat, bl\u00fazokat, chino nadr\u00e1gokat, b\u0151rkab\u00e1tokat \u00e9s szokny\u00e1kat vonultat fel, de emellett leny\u0171g\u00f6z\u0151 anyag\u00fa \u00e9s \u00e1rnyalat\u00fa est\u00e9lyi \u00e9s kokt\u00e9lruh\u00e1kat is k\u00edn\u00e1l, amik garant\u00e1lj\u00e1k, hogy visel\u0151je a figyelem k\u00f6z\u00e9ppontj\u00e1ba ker\u00fclj\u00f6n. A kollekci\u00f3b\u00f3l term\u00e9szetesen az \u0151szi alapdarabok sem hi\u00e1nyozhatnak, mint pl. a gyapj\u00fakab\u00e1tok, amiket keszty\u0171kkel, s\u00e1lakkal \u00e9s t\u00e1sk\u00e1kkal dobhatunk fel.<\/p>\n<p><img loading=\"lazy\" decoding=\"async\" class=\"alignnone wp-image-14084 size-full\" src=\"https:\/\/answear.hu\/blog\/wp-content\/uploads\/2020\/10\/image00002-horz.jpg\" alt=\"\" width=\"3941\" height=\"1817\" \/><\/p>\n<p style=\"text-align: center;\"><a href=\"https:\/\/lab.answear.hu\/\"><strong>Megn\u00e9zem a teljes kollekci\u00f3t<\/strong><\/a><\/p>\n<p>Meglep\u0151, felfedez\u0151 t\u00edpus \u00e9s nyitott az \u00fajra \u2013 az \u00faj answear.LAB m\u00e1rka a modern, f\u00fcggetlen n\u0151knek sz\u00f3l, akik el\u0151nyben r\u00e9szes\u00edtik a j\u00f3l megv\u00e1logatott, diz\u00e1jner ruhadarabokat, cip\u0151ket \u00e9s kieg\u00e9sz\u00edt\u0151ket, vonz\u00f3 \u00e1ron. Az els\u0151, limit\u00e1lt kollekci\u00f3 m\u00e1r el\u00e9rhet\u0151 az answear.hu oldal\u00e1n.<\/p>\n<p style=\"text-align: center;\"><img loading=\"lazy\" decoding=\"async\" class=\"alignnone wp-image-14078 size-full\" src=\"https:\/\/answear.hu\/blog\/wp-content\/uploads\/2020\/10\/image00001-horz-1.jpg\" alt=\"\" width=\"3787\" height=\"1817\" \/> \u00a0\u00a0\u00a0<a href=\"https:\/\/lab.answear.hu\/\"><strong>Megn\u00e9zem a teljes kollekci\u00f3t<\/strong><\/a><\/p>\n","protected":false},"excerpt":{"rendered":"<p><span class=\"span-reading-time rt-reading-time\" style=\"display: block;\"><span class=\"rt-label rt-prefix\">Olvasd el, csak <\/span> <span class=\"rt-time\"> 3<\/span> <span class=\"rt-label rt-postfix\">perc<\/span><\/span>Az ANSWEAR.HU saj\u00e1t m\u00e1rk\u00e1ja, az Answear meg\u00faj\u00fal \u00e9s innent\u0151l kezdve answear.LAB n\u00e9ven lesz jelen a piacon. A m\u00e1rka a trendi, id\u0151t\u00e1ll\u00f3 \u00e9s el\u00e9rhet\u0151 darabjair\u00f3l ismert, ezek a jelz\u0151k a j\u00f6v\u0151ben is jellemzik majd. A meg\u00fajul\u00e1snak dedik\u00e1lva \u00a0&#8211; az \u0151szi kollekci\u00f3 mellett &#8211; a m\u00e1rka egy limit\u00e1lt, a harmincas \u00e9veket id\u00e9z\u0151 kapszulakollekci\u00f3val is jelentkezik. Most K\u00e1rp\u00e1ti &hellip; <a href=\"https:\/\/answear.hu\/blog\/karpati-rebeka-x-answear-lab-uj-kapszulakollekcioval-mutatkozik-be-a-megujult-marek\/14076\" class=\"more-link\"><span class=\"screen-reader-text\">K\u00e1rp\u00e1ti Rebeka x Answear.LAB &#8211; \u00faj kapszulakollekci\u00f3val mutatkozik be a meg\u00fajult m\u00e1rka<\/span> r\u00e9szletei&#8230;<\/a><\/p>\n","protected":false},"author":35,"featured_media":14155,"comment_status":"closed","ping_status":"closed","sticky":false,"template":"","format":"standard","meta":{"footnotes":""},"categories":[889],"tags":[675,798,1863,1015,892,901,1111,1812,1864,1865,1115,1866],"class_list":["post-14076","post","type-post","status-publish","format-standard","has-post-thumbnail","hentry","category-answear-lab","tag-answear","tag-fashion","tag-answear-lab","tag-cipo","tag-divat","tag-elegans","tag-klasszikus","tag-kollekcio","tag-krol","tag-limitalt-kollekcio","tag-magassarku","tag-megujul"],"_links":{"self":[{"href":"https:\/\/answear.hu\/blog\/wp-json\/wp\/v2\/posts\/14076","targetHints":{"allow":["GET"]}}],"collection":[{"href":"https:\/\/answear.hu\/blog\/wp-json\/wp\/v2\/posts"}],"about":[{"href":"https:\/\/answear.hu\/blog\/wp-json\/wp\/v2\/types\/post"}],"author":[{"embeddable":true,"href":"https:\/\/answear.hu\/blog\/wp-json\/wp\/v2\/users\/35"}],"replies":[{"embeddable":true,"href":"https:\/\/answear.hu\/blog\/wp-json\/wp\/v2\/comments?post=14076"}],"version-history":[{"count":4,"href":"https:\/\/answear.hu\/blog\/wp-json\/wp\/v2\/posts\/14076\/revisions"}],"predecessor-version":[{"id":15507,"href":"https:\/\/answear.hu\/blog\/wp-json\/wp\/v2\/posts\/14076\/revisions\/15507"}],"wp:featuredmedia":[{"embeddable":true,"href":"https:\/\/answear.hu\/blog\/wp-json\/wp\/v2\/media\/14155"}],"wp:attachment":[{"href":"https:\/\/answear.hu\/blog\/wp-json\/wp\/v2\/media?parent=14076"}],"wp:term":[{"taxonomy":"category","embeddable":true,"href":"https:\/\/answear.hu\/blog\/wp-json\/wp\/v2\/categories?post=14076"},{"taxonomy":"post_tag","embeddable":true,"href":"https:\/\/answear.hu\/blog\/wp-json\/wp\/v2\/tags?post=14076"}],"curies":[{"name":"wp","href":"https:\/\/api.w.org\/{rel}","templated":true}]}}