{"id":14040,"date":"2020-08-18T09:40:50","date_gmt":"2020-08-18T07:40:50","guid":{"rendered":"https:\/\/answear.hu\/blog\/?p=14040"},"modified":"2020-12-02T12:26:54","modified_gmt":"2020-12-02T11:26:54","slug":"vissza-a-meloba-ezek-a-2020-as-szezon-kedvenc-ruhai-es-kiegeszitoi","status":"publish","type":"post","link":"https:\/\/answear.hu\/blog\/vissza-a-meloba-ezek-a-2020-as-szezon-kedvenc-ruhai-es-kiegeszitoi\/14040","title":{"rendered":"Vissza a mel\u00f3ba &#8211; Ezek a 2020-as szezon kedvenc ruh\u00e1i \u00e9s kieg\u00e9sz\u00edt\u0151i"},"content":{"rendered":"<span class=\"span-reading-time rt-reading-time\" style=\"display: block;\"><span class=\"rt-label rt-prefix\">Olvasd el, csak <\/span> <span class=\"rt-time\"> 3<\/span> <span class=\"rt-label rt-postfix\">perc<\/span><\/span><p><strong>Lassan becs\u00f6ngetnek, ki az iskolapadba, ki a mel\u00f3hely\u00e9re t\u00e9r vissza. Nyilv\u00e1n egy t\u00f6k \u00faj helyzet el\u0151tt \u00e1llunk, de egyvalami biztos, ha nem vagyunk kisiskol\u00e1sok, akkor sem \u00e1rthat egy kis nosztalgi\u00e1z\u00e1s. Fedezd fel az el\u0151tt\u00fcnk \u00e1ll\u00f3 szezon st\u00edlusos kieg\u00e9sz\u00edt\u0151it \u00e9s ruhadarabjait!<\/strong><!--more--><\/p>\n<p><img loading=\"lazy\" decoding=\"async\" class=\"alignnone size-full wp-image-25046\" src=\"https:\/\/answear.ua\/blog\/wp-content\/uploads\/2020\/08\/Back_to_school_02.jpg\" sizes=\"auto, (max-width: 795px) 100vw, 795px\" srcset=\"https:\/\/answear.ua\/blog\/wp-content\/uploads\/2020\/08\/Back_to_school_02.jpg 795w, https:\/\/answear.ua\/blog\/wp-content\/uploads\/2020\/08\/Back_to_school_02-768x522.jpg 768w\" alt=\"\" width=\"795\" height=\"540\" \/><\/p>\n<p>N\u00e9h\u00e1nyunknak a szeptember az iskolakezd\u00e9sr\u0151l sz\u00f3l, m\u00e1soknak egyszer\u0171en a nyaral\u00e1sok \u00e9s a ny\u00e1r v\u00e9g\u00e9t jelenti. De mindig ott mocorog benn\u00fcnk egy \u00e9rz\u00e9s, ez a h\u00f3nap a meg\u00fajul\u00e1s \u00e9s az \u00fajrakezd\u00e9s h\u00f3napja is. Kedj\u00fck az \u00faj szezont kellemesen, szerezz\u00fcnk be n\u00e9h\u00e1ny olyan darabot, ami a gyerekkorunkat id\u00e9zi, ha m\u00e1r a back to school t\u00e9m\u00e1n\u00e1l vagyunk. Mutatjuk azokat a cuccokat, amik nincsenek korhoz k\u00f6tve.<\/p>\n<p>&nbsp;<\/p>\n<p><strong>Laza \u0151szi darabok<\/strong><\/p>\n<p>A sportos term\u00e9kek nem csak a teremben j\u00f6nnek j\u00f3l \u2013 tudjuk, tudjuk, mindenki ezzel j\u00f6n \u2013 de nagyon igaz, tapasztalatb\u00f3l mondjuk. A vastagabb, puha pamutb\u00f3l k\u00e9sz\u00fclt pulcsik, szettek, nadr\u00e1gok, j\u00f3l j\u00f6nnek majd a hideg \u0151szi napokon. K\u00e9nyelmes, laza \u00e9s meleg \u00e9s utcai darabokkal is kombin\u00e1lhatod, p\u00e9ld\u00e1ul az athleisure trendnek h\u00f3dolva.<\/p>\n<header class=\"entry-header\">\n<h1 class=\"entry-title\"><img loading=\"lazy\" decoding=\"async\" class=\"size-full wp-image-14043 aligncenter\" src=\"https:\/\/answear.hu\/blog\/wp-content\/uploads\/2020\/08\/1-1.jpg\" alt=\"\" width=\"784\" height=\"396\" srcset=\"https:\/\/answear.hu\/blog\/wp-content\/uploads\/2020\/08\/1-1.jpg 784w, https:\/\/answear.hu\/blog\/wp-content\/uploads\/2020\/08\/1-1-768x388.jpg 768w, https:\/\/answear.hu\/blog\/wp-content\/uploads\/2020\/08\/1-1-300x152.jpg 300w, https:\/\/answear.hu\/blog\/wp-content\/uploads\/2020\/08\/1-1-620x313.jpg 620w\" sizes=\"auto, (max-width: 784px) 100vw, 784px\" \/><\/h1>\n<\/header>\n<p style=\"text-align: center;\"><strong><a href=\"https:\/\/answear.hu\/p\/guess-jeans-felso-325925\">Guess Jeans<\/a> \/ <a href=\"https:\/\/answear.hu\/p\/armani-exchange-nadrag-323070\">Armani Exchange<\/a> \/\u00a0<a href=\"https:\/\/answear.hu\/p\/diesel-felso-313634\">Diesel\u00a0<\/a><\/strong><\/p>\n<p style=\"text-align: center;\"><img loading=\"lazy\" decoding=\"async\" class=\"size-full wp-image-14044 aligncenter\" src=\"https:\/\/answear.hu\/blog\/wp-content\/uploads\/2020\/08\/2-1.jpg\" alt=\"\" width=\"783\" height=\"396\" srcset=\"https:\/\/answear.hu\/blog\/wp-content\/uploads\/2020\/08\/2-1.jpg 783w, https:\/\/answear.hu\/blog\/wp-content\/uploads\/2020\/08\/2-1-768x388.jpg 768w, https:\/\/answear.hu\/blog\/wp-content\/uploads\/2020\/08\/2-1-300x152.jpg 300w, https:\/\/answear.hu\/blog\/wp-content\/uploads\/2020\/08\/2-1-620x314.jpg 620w\" sizes=\"auto, (max-width: 783px) 100vw, 783px\" \/><\/p>\n<p style=\"text-align: center;\"><strong><a href=\"https:\/\/answear.hu\/p\/armani-exchange-nadrag-273697\">Armani Exchange<\/a> \/ <a href=\"https:\/\/answear.hu\/p\/desigual-felso-331585\">Desigual<\/a> \/ <a href=\"https:\/\/answear.hu\/p\/levis-felso-319538\">Levi&#8217;s<\/a><\/strong><\/p>\n<p><strong>H\u00e1tizs\u00e1kok<\/strong><\/p>\n<p>Milyen a t\u00f6k\u00e9letes h\u00e1tizs\u00e1k? Mindenekel\u0151tt sok minden kell hogy belef\u00e9rjen, hiszen ezt a darabot \u00e1ltal\u00e1ban alternat\u00edv\u00e1nak sz\u00e1njuk a csinosabb, munk\u00e1ba is viselt t\u00e1sk\u00e1k mell\u00e9. Term\u00e9szetesen a h\u00e1tizs\u00e1k eset\u00e9ben sem feledkezhet\u00fcnk meg a diz\u00e1jnr\u00f3l, hiszen ez a kieg\u00e9sz\u00edt\u0151 manaps\u00e1g m\u00e1r szinte minden n\u0151 \u00e9s f\u00e9rfi ruhat\u00e1r\u00e1ban alapdarab. Ha a klasszikusok fel\u00e9 h\u00faz\u00f3l, egy modern, letisztult b\u0151r verzi\u00f3, valami visszafogott \u00e1rnyalatban okos v\u00e1laszt\u00e1s. \u00a0A retr\u00f3 \u00e9s streetwear st\u00edlus szerelmeseinek a sz\u00ednes verzi\u00f3kat aj\u00e1nljuk, vicces mint\u00e1kkal \u00e9s k\u00fcl\u00f6nleges anyagokkal. Ha igaz\u00e1n egyedire v\u00e1gysz, egy met\u00e1lf\u00e9ny\u0171, minimalista darab az egekbe rep\u00edt majd.<\/p>\n<p><img loading=\"lazy\" decoding=\"async\" class=\"size-full wp-image-14045 aligncenter\" src=\"https:\/\/answear.hu\/blog\/wp-content\/uploads\/2020\/08\/3-1.jpg\" alt=\"\" width=\"782\" height=\"394\" srcset=\"https:\/\/answear.hu\/blog\/wp-content\/uploads\/2020\/08\/3-1.jpg 782w, https:\/\/answear.hu\/blog\/wp-content\/uploads\/2020\/08\/3-1-768x387.jpg 768w, https:\/\/answear.hu\/blog\/wp-content\/uploads\/2020\/08\/3-1-300x151.jpg 300w, https:\/\/answear.hu\/blog\/wp-content\/uploads\/2020\/08\/3-1-620x312.jpg 620w\" sizes=\"auto, (max-width: 782px) 100vw, 782px\" \/><\/p>\n<p style=\"text-align: center;\"><strong><a href=\"https:\/\/answear.hu\/p\/spiral-hatizsak-307308\">Spiral<\/a> \/ <a href=\"https:\/\/answear.hu\/p\/adidas-originals-hatizsak-323050\">Adidas Originals<\/a> \/<a href=\"https:\/\/answear.hu\/p\/love-moschino-bor-hatizsak-321757\">\u00a0Love Moschino<\/a><\/strong><\/p>\n<p><img loading=\"lazy\" decoding=\"async\" class=\"size-full wp-image-14046 aligncenter\" src=\"https:\/\/answear.hu\/blog\/wp-content\/uploads\/2020\/08\/4-1.jpg\" alt=\"\" width=\"783\" height=\"397\" srcset=\"https:\/\/answear.hu\/blog\/wp-content\/uploads\/2020\/08\/4-1.jpg 783w, https:\/\/answear.hu\/blog\/wp-content\/uploads\/2020\/08\/4-1-768x389.jpg 768w, https:\/\/answear.hu\/blog\/wp-content\/uploads\/2020\/08\/4-1-300x152.jpg 300w, https:\/\/answear.hu\/blog\/wp-content\/uploads\/2020\/08\/4-1-620x314.jpg 620w\" sizes=\"auto, (max-width: 783px) 100vw, 783px\" \/><\/p>\n<p style=\"text-align: center;\"><strong><a href=\"https:\/\/answear.hu\/p\/guess-jeans-hatizsak-309927\">Guess Jeans<\/a> \/ <a href=\"https:\/\/answear.hu\/p\/answear-hatizsak-299769\">Answear<\/a> \/ <a href=\"https:\/\/answear.hu\/p\/mi-pac-hatizsak-17-l-188389\">Mi-Pac\u00a0<\/a><\/strong><\/p>\n<p><img loading=\"lazy\" decoding=\"async\" class=\"alignnone size-full wp-image-25080\" src=\"https:\/\/answear.ua\/blog\/wp-content\/uploads\/2020\/08\/Back_to_school_76.jpg\" sizes=\"auto, (max-width: 795px) 100vw, 795px\" srcset=\"https:\/\/answear.ua\/blog\/wp-content\/uploads\/2020\/08\/Back_to_school_76.jpg 795w, https:\/\/answear.ua\/blog\/wp-content\/uploads\/2020\/08\/Back_to_school_76-768x579.jpg 768w\" alt=\"\" width=\"795\" height=\"599\" \/><\/p>\n<p><strong>Sneaker az \u00faj szezonra<\/strong><\/p>\n<p>A sneakerek univerz\u00e1lis darabok, minden szezonban k\u00f6telez\u0151 elemei a ruhat\u00e1rnak \u00e9s f\u0151k\u00e9nt a laza st\u00edlussal passzolnak j\u00f3l. Rengeteg verzi\u00f3 el\u00e9rhet\u0151, vannak mint\u00e1sak, log\u00f3kkal, feliratokkal, de a nagy klasszikusok, mint a fekete \u00e9s feh\u00e9r cip\u0151k is \u00f3ri\u00e1si teret kapnak.<\/p>\n<p><img loading=\"lazy\" decoding=\"async\" class=\"size-full wp-image-14047 aligncenter\" src=\"https:\/\/answear.hu\/blog\/wp-content\/uploads\/2020\/08\/5-1.jpg\" alt=\"\" width=\"791\" height=\"397\" srcset=\"https:\/\/answear.hu\/blog\/wp-content\/uploads\/2020\/08\/5-1.jpg 791w, https:\/\/answear.hu\/blog\/wp-content\/uploads\/2020\/08\/5-1-768x385.jpg 768w, https:\/\/answear.hu\/blog\/wp-content\/uploads\/2020\/08\/5-1-300x151.jpg 300w, https:\/\/answear.hu\/blog\/wp-content\/uploads\/2020\/08\/5-1-620x311.jpg 620w\" sizes=\"auto, (max-width: 791px) 100vw, 791px\" \/><\/p>\n<p style=\"text-align: center;\"><strong><a href=\"https:\/\/answear.hu\/p\/fila-cipo-disruptor-f-324686\">Fila<\/a> \/ <a href=\"https:\/\/answear.hu\/p\/liu-jo-cipo-323594\">Liu Jo<\/a> \/ <a href=\"https:\/\/answear.hu\/p\/love-moschino-sportcipo-322901\">Love Moschino<\/a><\/strong><\/p>\n<p><img loading=\"lazy\" decoding=\"async\" class=\"alignnone size-full wp-image-25105\" src=\"https:\/\/answear.ua\/blog\/wp-content\/uploads\/2020\/08\/Back_to_school_109.jpg\" sizes=\"auto, (max-width: 795px) 100vw, 795px\" srcset=\"https:\/\/answear.ua\/blog\/wp-content\/uploads\/2020\/08\/Back_to_school_109.jpg 795w, https:\/\/answear.ua\/blog\/wp-content\/uploads\/2020\/08\/Back_to_school_109-768x564.jpg 768w\" alt=\"\" width=\"795\" height=\"584\" \/><\/p>\n<p><strong>Kieg\u00e9sz\u00edt\u0151k kicsiknek \u00e9s nagyoknak<\/strong><\/p>\n<p>A gyermeklelk\u0171 feln\u0151tteknek a j\u00e1t\u00e9kos kieg\u00e9sz\u00edt\u0151ket aj\u00e1nljuk. P\u00e9ld\u00e1ul, a baseball \u00e9s hal\u00e1szsap\u00e1k \u00fajra divatba j\u00f6ttek, legink\u00e1bb ny\u00e1ron praktikusak, de term\u00e9szetesen \u0151sszel is j\u00f3l lehet kombin\u00e1lni \u0151ket. Hogy id\u0151ben be\u00e9rj a mel\u00f3ba, egy szuper \u00f3r\u00e1t is be kell szerezned. A sz\u00ednes sz\u00edjjal el\u00e1tott darabok t\u00f6bb szezonon \u00e1t is viselhet\u0151ek, j\u00f3 v\u00e1laszt\u00e1snak bizonyulnak, csak\u00fagy mint az \u00f6vt\u00e1sk\u00e1k.<\/p>\n<p><img loading=\"lazy\" decoding=\"async\" class=\"size-full wp-image-14049 aligncenter\" src=\"https:\/\/answear.hu\/blog\/wp-content\/uploads\/2020\/08\/7.jpg\" alt=\"\" width=\"786\" height=\"400\" srcset=\"https:\/\/answear.hu\/blog\/wp-content\/uploads\/2020\/08\/7.jpg 786w, https:\/\/answear.hu\/blog\/wp-content\/uploads\/2020\/08\/7-768x391.jpg 768w, https:\/\/answear.hu\/blog\/wp-content\/uploads\/2020\/08\/7-300x153.jpg 300w, https:\/\/answear.hu\/blog\/wp-content\/uploads\/2020\/08\/7-620x316.jpg 620w\" sizes=\"auto, (max-width: 786px) 100vw, 786px\" \/><\/p>\n<p style=\"text-align: center;\"><strong><a href=\"https:\/\/answear.hu\/k\/noi?sort=relevance&amp;q=capslab\">Capslab<\/a> \/ <a href=\"https:\/\/answear.hu\/p\/guess-jeans-ora-v1004m1-282484\">Guess Jeans<\/a> \/ <a href=\"https:\/\/answear.hu\/p\/levis-ovtaska-280743\">Levi&#8217;s<\/a><\/strong><\/p>\n<p><img loading=\"lazy\" decoding=\"async\" class=\"alignnone size-full wp-image-25126\" src=\"https:\/\/answear.ua\/blog\/wp-content\/uploads\/2020\/08\/Back_to_school_146.jpg\" sizes=\"auto, (max-width: 795px) 100vw, 795px\" srcset=\"https:\/\/answear.ua\/blog\/wp-content\/uploads\/2020\/08\/Back_to_school_146.jpg 795w, https:\/\/answear.ua\/blog\/wp-content\/uploads\/2020\/08\/Back_to_school_146-768x528.jpg 768w\" alt=\"\" width=\"795\" height=\"547\" \/><\/p>\n<div id=\"gtx-trans\" style=\"position: absolute; left: 488px; top: 5366.88px;\"><\/div>\n","protected":false},"excerpt":{"rendered":"<p><span class=\"span-reading-time rt-reading-time\" style=\"display: block;\"><span class=\"rt-label rt-prefix\">Olvasd el, csak <\/span> <span class=\"rt-time\"> 3<\/span> <span class=\"rt-label rt-postfix\">perc<\/span><\/span>Lassan becs\u00f6ngetnek, ki az iskolapadba, ki a mel\u00f3hely\u00e9re t\u00e9r vissza. Nyilv\u00e1n egy t\u00f6k \u00faj helyzet el\u0151tt \u00e1llunk, de egyvalami biztos, ha nem vagyunk kisiskol\u00e1sok, akkor sem \u00e1rthat egy kis nosztalgi\u00e1z\u00e1s. Fedezd fel az el\u0151tt\u00fcnk \u00e1ll\u00f3 szezon st\u00edlusos kieg\u00e9sz\u00edt\u0151it \u00e9s ruhadarabjait!<\/p>\n","protected":false},"author":35,"featured_media":14189,"comment_status":"closed","ping_status":"closed","sticky":false,"template":"","format":"standard","meta":{"footnotes":""},"categories":[686],"tags":[],"class_list":["post-14040","post","type-post","status-publish","format-standard","has-post-thumbnail","hentry","category-trendek"],"_links":{"self":[{"href":"https:\/\/answear.hu\/blog\/wp-json\/wp\/v2\/posts\/14040","targetHints":{"allow":["GET"]}}],"collection":[{"href":"https:\/\/answear.hu\/blog\/wp-json\/wp\/v2\/posts"}],"about":[{"href":"https:\/\/answear.hu\/blog\/wp-json\/wp\/v2\/types\/post"}],"author":[{"embeddable":true,"href":"https:\/\/answear.hu\/blog\/wp-json\/wp\/v2\/users\/35"}],"replies":[{"embeddable":true,"href":"https:\/\/answear.hu\/blog\/wp-json\/wp\/v2\/comments?post=14040"}],"version-history":[{"count":4,"href":"https:\/\/answear.hu\/blog\/wp-json\/wp\/v2\/posts\/14040\/revisions"}],"predecessor-version":[{"id":14228,"href":"https:\/\/answear.hu\/blog\/wp-json\/wp\/v2\/posts\/14040\/revisions\/14228"}],"wp:featuredmedia":[{"embeddable":true,"href":"https:\/\/answear.hu\/blog\/wp-json\/wp\/v2\/media\/14189"}],"wp:attachment":[{"href":"https:\/\/answear.hu\/blog\/wp-json\/wp\/v2\/media?parent=14040"}],"wp:term":[{"taxonomy":"category","embeddable":true,"href":"https:\/\/answear.hu\/blog\/wp-json\/wp\/v2\/categories?post=14040"},{"taxonomy":"post_tag","embeddable":true,"href":"https:\/\/answear.hu\/blog\/wp-json\/wp\/v2\/tags?post=14040"}],"curies":[{"name":"wp","href":"https:\/\/api.w.org\/{rel}","templated":true}]}}