{"id":13991,"date":"2020-06-19T10:57:51","date_gmt":"2020-06-19T08:57:51","guid":{"rendered":"https:\/\/answear.hu\/blog\/?p=13991"},"modified":"2020-12-04T09:31:55","modified_gmt":"2020-12-04T08:31:55","slug":"white-sands-megerkezett-a-legujabb-nyari-kollekcio-az-answeartol","status":"publish","type":"post","link":"https:\/\/answear.hu\/blog\/white-sands-megerkezett-a-legujabb-nyari-kollekcio-az-answeartol\/13991","title":{"rendered":"White Sands \u2013 meg\u00e9rkezett a leg\u00fajabb ny\u00e1ri kollekci\u00f3 az Answeart\u0151l"},"content":{"rendered":"<span class=\"span-reading-time rt-reading-time\" style=\"display: block;\"><span class=\"rt-label rt-prefix\">Olvasd el, csak <\/span> <span class=\"rt-time\"> 3<\/span> <span class=\"rt-label rt-postfix\">perc<\/span><\/span><p><strong>Sivatagi vibe egy kis boh\u00e9m be\u00fct\u00e9ssel. Ha a visszafogott \u00e1rnyalatokat, a term\u00e9szetes anyagokat \u00e9s a n\u0151ies, k\u00e9nyelmes fazonokat egyar\u00e1nt szereted, leg\u00fajabb kollekci\u00f3nk neked sz\u00f3l. \u00c9rezd a sz\u00e9l fuvallat\u00e1t a hajadban \u00e9s a perzsel\u0151 homokot a talpad alatt \u00faj White Sands kapszulakollekci\u00f3nkkal.<\/strong><\/p>\n<p><!--more--><\/p>\n<p><a href=\"https:\/\/answear.ua\/blog\/white-sands-by-answear\/23366\"><img loading=\"lazy\" decoding=\"async\" class=\"alignnone wp-image-23372 size-full\" src=\"https:\/\/answear.ua\/blog\/wp-content\/uploads\/2020\/06\/Untitled-design-36.png\" sizes=\"auto, (max-width: 920px) 100vw, 920px\" srcset=\"https:\/\/answear.ua\/blog\/wp-content\/uploads\/2020\/06\/Untitled-design-36.png 920w, https:\/\/answear.ua\/blog\/wp-content\/uploads\/2020\/06\/Untitled-design-36-300x100.png 300w, https:\/\/answear.ua\/blog\/wp-content\/uploads\/2020\/06\/Untitled-design-36-768x255.png 768w, https:\/\/answear.ua\/blog\/wp-content\/uploads\/2020\/06\/Untitled-design-36-620x206.png 620w\" alt=\"white-sands-by-answear\" width=\"920\" height=\"306\" \/><\/a><\/p>\n<p>Homok, ny\u00e1ri sz\u00e9l, k\u00e9k \u00e9g \u00e9s v\u00e9gtelen horizont. Az, hogy sokszor a term\u00e9szet inspir\u00e1lja a divatot, m\u00e1r r\u00e9g\u00f3ta k\u00f6ztudott, rengeteg ihlet forr\u00e1sa \u00e9s ezt az Answear m\u00e1rka is felismerte, s\u0151t, alkamazta leg\u00fajabb kollekci\u00f3j\u00e1nak megalkot\u00e1sakor. Ez legink\u00e1bb a term\u00e9szetes anyagokban, a k\u00f6nnyed, l\u00e9gies vonalvezet\u00e9sben \u00e9s a feh\u00e9r \u00e9s barna \u00e1rnyalatainak haszn\u00e1lat\u00e1ban mutatkozik meg, a <a href=\"https:\/\/answear.hu\/s\/answear-white-sands\/?sort=popularity\">White Sands kollekci\u00f3<\/a> ezekre az alapokra \u00e9p\u00edtezik. A kollekci\u00f3 darabjait \u00fagy alkott\u00e1k meg, hogy nem csak a nyaral\u00e1s alatt, de a nagyv\u00e1rosi forgatagban is meg\u00e1llj\u00e1k a hely\u00fcket.<\/p>\n<p><strong>White Sands \u2013 kifinomult fazonok \u00e9s \u00e1rnyalatok <\/strong><\/p>\n<p>A sivatagban az \u00e1rnyalatok egy kisebb palett\u00e1ja tal\u00e1lhat\u00f3 csak meg. A <a href=\"https:\/\/answear.hu\/s\/answear-white-sands\/?sort=popularity\">White Sands kollekci\u00f3<\/a> is \u00edgy \u00e9p\u00fcl fel: a sz\u00ednek kifinomultak \u00e9s korl\u00e1tozottak, a domin\u00e1ns feh\u00e9ret mint\u00e1k \u00e9s fekete d\u00edsz\u00edt\u00e9sek teszik kontrasztoss\u00e1. A kollekci\u00f3 azokn\u00e1l a n\u0151kn\u00e9l tal\u00e1l majd igaz\u00e1n be, akik nem a sz\u00ednek szerelmesei. Megel\u00e9gszenek a klasszikus \u00e1rnyalatokkal, viszont szem el\u0151tt tartj\u00e1k az anyagok min\u0151s\u00e9g\u00e9t \u00e9s a kifinomult fazonokat.<\/p>\n<p><a href=\"https:\/\/answear.ua\/p\/special\/white-sands-by-answear.html\/p-1\/r-60\/o-h\/k-4\" target=\"_blank\" rel=\"noopener noreferrer\"><img loading=\"lazy\" decoding=\"async\" class=\"alignnone wp-image-23376 size-full\" src=\"https:\/\/answear.ua\/blog\/wp-content\/uploads\/2020\/06\/Untitled-collage-1-2.jpg\" sizes=\"auto, (max-width: 920px) 100vw, 920px\" srcset=\"https:\/\/answear.ua\/blog\/wp-content\/uploads\/2020\/06\/Untitled-collage-1-2.jpg 920w, https:\/\/answear.ua\/blog\/wp-content\/uploads\/2020\/06\/Untitled-collage-1-2-300x224.jpg 300w, https:\/\/answear.ua\/blog\/wp-content\/uploads\/2020\/06\/Untitled-collage-1-2-768x574.jpg 768w, https:\/\/answear.ua\/blog\/wp-content\/uploads\/2020\/06\/Untitled-collage-1-2-620x464.jpg 620w\" alt=\"white-sands-by-answear\" width=\"920\" height=\"688\" \/><\/a><\/p>\n<p><a href=\"https:\/\/answear.ua\/p\/special\/white-sands-by-answear.html\/p-1\/r-60\/o-h\/k-4\" target=\"_blank\" rel=\"noopener noreferrer\"><img loading=\"lazy\" decoding=\"async\" class=\"alignnone wp-image-23377 size-full\" src=\"https:\/\/answear.ua\/blog\/wp-content\/uploads\/2020\/06\/A57A0017R-1042x695.jpg\" sizes=\"auto, (max-width: 920px) 100vw, 920px\" srcset=\"https:\/\/answear.ua\/blog\/wp-content\/uploads\/2020\/06\/A57A0017R-1042x695.jpg 920w, https:\/\/answear.ua\/blog\/wp-content\/uploads\/2020\/06\/A57A0017R-1042x695-300x200.jpg 300w, https:\/\/answear.ua\/blog\/wp-content\/uploads\/2020\/06\/A57A0017R-1042x695-768x512.jpg 768w, https:\/\/answear.ua\/blog\/wp-content\/uploads\/2020\/06\/A57A0017R-1042x695-620x413.jpg 620w\" alt=\"white-sands-by-answear\" width=\"920\" height=\"613\" \/><\/a><\/p>\n<p><strong>Meglep\u0151 dolgok a kollekci\u00f3ban<\/strong><\/p>\n<p>A sivatagi referencia nem csak a sz\u00ednek haszn\u00e1lat\u00e1ban k\u00f6sz\u00f6n vissza, hiszen a term\u00e9szetes anyagok legal\u00e1bb ennyire fontosak \u00e9s \u00e9szrevehet\u0151ek a kollekci\u00f3ban. A strukt\u00far\u00e1lt viszk\u00f3zb\u00f3l k\u00e9sz\u00fclt p\u00f3l\u00f3k \u00e9s ruh\u00e1k egyedi megjelen\u00e9st biztos\u00edtanak, a pamutb\u00f3l k\u00e9sz\u00fclt verzi\u00f3kon h\u00edmz\u00e9sek tal\u00e1that\u00f3ak. Persze a boh\u00e9m st\u00edlus jegyei is visszak\u00f6sz\u00f6nnek egyes darabokon, p\u00e9ld\u00e1ul d\u00edszt\u00e1rgyak vonalai a fels\u0151k, bl\u00fazok ujjain \u00e9s rusztikus elemek a farmernadr\u00e1gokon. Term\u00e9szetesen a k\u00f6zelg\u0151 k\u00e1nikul\u00e1r\u00f3l sem feledkezhet\u00fcnk meg, a kapszulakollekci\u00f3 fodros, spagettip\u00e1ntos maxiruh\u00e1kat \u00e9s magasderek\u00fa bermudasorotokat is felsorakoztat, amik a szezon nagy kedvencei. A White Sands kollekci\u00f3t a kieg\u00e9sz\u00edt\u0151k teszik teljess\u00e9, amik term\u00e9szetes anyagokb\u00f3l k\u00e9sz\u00fcltek, mint a fonott t\u00e1sk\u00e1k, szand\u00e1lok \u00e9s \u00f6vek.<\/p>\n<p><a href=\"https:\/\/answear.ua\/p\/special\/white-sands-by-answear.html\/p-1\/r-60\/o-h\/k-4\" target=\"_blank\" rel=\"noopener noreferrer\"><img loading=\"lazy\" decoding=\"async\" class=\"alignnone wp-image-23380 size-full\" src=\"https:\/\/answear.ua\/blog\/wp-content\/uploads\/2020\/06\/Untitled-collage-2-2.jpg\" sizes=\"auto, (max-width: 920px) 100vw, 920px\" srcset=\"https:\/\/answear.ua\/blog\/wp-content\/uploads\/2020\/06\/Untitled-collage-2-2.jpg 920w, https:\/\/answear.ua\/blog\/wp-content\/uploads\/2020\/06\/Untitled-collage-2-2-300x150.jpg 300w, https:\/\/answear.ua\/blog\/wp-content\/uploads\/2020\/06\/Untitled-collage-2-2-768x384.jpg 768w, https:\/\/answear.ua\/blog\/wp-content\/uploads\/2020\/06\/Untitled-collage-2-2-620x310.jpg 620w\" alt=\"white-sands-by-answear\" width=\"920\" height=\"460\" \/><\/a><\/p>\n<p><a href=\"https:\/\/answear.ua\/p\/special\/white-sands-by-answear.html\/p-1\/r-60\/o-h\/k-4\" target=\"_blank\" rel=\"noopener noreferrer\"><img loading=\"lazy\" decoding=\"async\" class=\"alignnone wp-image-23378 size-full\" src=\"https:\/\/answear.ua\/blog\/wp-content\/uploads\/2020\/06\/A57A0134R-1043x695.jpg\" sizes=\"auto, (max-width: 920px) 100vw, 920px\" srcset=\"https:\/\/answear.ua\/blog\/wp-content\/uploads\/2020\/06\/A57A0134R-1043x695.jpg 920w, https:\/\/answear.ua\/blog\/wp-content\/uploads\/2020\/06\/A57A0134R-1043x695-300x200.jpg 300w, https:\/\/answear.ua\/blog\/wp-content\/uploads\/2020\/06\/A57A0134R-1043x695-768x512.jpg 768w, https:\/\/answear.ua\/blog\/wp-content\/uploads\/2020\/06\/A57A0134R-1043x695-620x413.jpg 620w\" alt=\"white-sands-by-answear\" width=\"920\" height=\"613\" \/><\/a><\/p>\n","protected":false},"excerpt":{"rendered":"<p><span class=\"span-reading-time rt-reading-time\" style=\"display: block;\"><span class=\"rt-label rt-prefix\">Olvasd el, csak <\/span> <span class=\"rt-time\"> 3<\/span> <span class=\"rt-label rt-postfix\">perc<\/span><\/span>Sivatagi vibe egy kis boh\u00e9m be\u00fct\u00e9ssel. Ha a visszafogott \u00e1rnyalatokat, a term\u00e9szetes anyagokat \u00e9s a n\u0151ies, k\u00e9nyelmes fazonokat egyar\u00e1nt szereted, leg\u00fajabb kollekci\u00f3nk neked sz\u00f3l. \u00c9rezd a sz\u00e9l fuvallat\u00e1t a hajadban \u00e9s a perzsel\u0151 homokot a talpad alatt \u00faj White Sands kapszulakollekci\u00f3nkkal.<\/p>\n","protected":false},"author":35,"featured_media":14327,"comment_status":"closed","ping_status":"closed","sticky":false,"template":"","format":"standard","meta":{"footnotes":""},"categories":[686],"tags":[1810,1811,892,1144,1812,1035,1813],"class_list":["post-13991","post","type-post","status-publish","format-standard","has-post-thumbnail","hentry","category-trendek","tag-answear-white-sands","tag-collection","tag-divat","tag-feher","tag-kollekcio","tag-nyari-ruha","tag-sivatag-szinek"],"_links":{"self":[{"href":"https:\/\/answear.hu\/blog\/wp-json\/wp\/v2\/posts\/13991","targetHints":{"allow":["GET"]}}],"collection":[{"href":"https:\/\/answear.hu\/blog\/wp-json\/wp\/v2\/posts"}],"about":[{"href":"https:\/\/answear.hu\/blog\/wp-json\/wp\/v2\/types\/post"}],"author":[{"embeddable":true,"href":"https:\/\/answear.hu\/blog\/wp-json\/wp\/v2\/users\/35"}],"replies":[{"embeddable":true,"href":"https:\/\/answear.hu\/blog\/wp-json\/wp\/v2\/comments?post=13991"}],"version-history":[{"count":3,"href":"https:\/\/answear.hu\/blog\/wp-json\/wp\/v2\/posts\/13991\/revisions"}],"predecessor-version":[{"id":14308,"href":"https:\/\/answear.hu\/blog\/wp-json\/wp\/v2\/posts\/13991\/revisions\/14308"}],"wp:featuredmedia":[{"embeddable":true,"href":"https:\/\/answear.hu\/blog\/wp-json\/wp\/v2\/media\/14327"}],"wp:attachment":[{"href":"https:\/\/answear.hu\/blog\/wp-json\/wp\/v2\/media?parent=13991"}],"wp:term":[{"taxonomy":"category","embeddable":true,"href":"https:\/\/answear.hu\/blog\/wp-json\/wp\/v2\/categories?post=13991"},{"taxonomy":"post_tag","embeddable":true,"href":"https:\/\/answear.hu\/blog\/wp-json\/wp\/v2\/tags?post=13991"}],"curies":[{"name":"wp","href":"https:\/\/api.w.org\/{rel}","templated":true}]}}