{"id":13926,"date":"2020-05-08T10:25:10","date_gmt":"2020-05-08T08:25:10","guid":{"rendered":"https:\/\/answear.hu\/blog\/?p=13926"},"modified":"2021-10-06T18:43:50","modified_gmt":"2021-10-06T16:43:50","slug":"farmer-divat-2020-noi-farmer-ferfi-farmer-divat-denim-sneaker","status":"publish","type":"post","link":"https:\/\/answear.hu\/blog\/farmer-divat-2020-noi-farmer-ferfi-farmer-divat-denim-sneaker\/13926","title":{"rendered":"Farmer ny\u00e1rra \u2013 mutatjuk a legdivatosabb darabokat, amik a szezon nagy kedvencei"},"content":{"rendered":"<span class=\"span-reading-time rt-reading-time\" style=\"display: block;\"><span class=\"rt-label rt-prefix\">Olvasd el, csak <\/span> <span class=\"rt-time\"> 4<\/span> <span class=\"rt-label rt-postfix\">perc<\/span><\/span><header class=\"entry-header\">Van m\u00e1r farmered a ny\u00e1rra? A szezon trendi farmer\u00e9nek h\u00e1rom jellemz\u0151vel kell rendelkeznie. Hogy melyekkel? Lejebb el\u00e1ruljuk!<\/header>\n<header><!--more--><\/header>\n<div class=\"entry-content\">\n<p><img loading=\"lazy\" decoding=\"async\" class=\"alignnone size-full wp-image-28918\" src=\"https:\/\/answear.com\/blog\/wp-content\/uploads\/2020\/05\/Summer_denim_02.jpg\" sizes=\"auto, (max-width: 920px) 100vw, 920px\" srcset=\"https:\/\/answear.com\/blog\/wp-content\/uploads\/2020\/05\/Summer_denim_02.jpg 920w, https:\/\/answear.com\/blog\/wp-content\/uploads\/2020\/05\/Summer_denim_02-510x440.jpg 510w, https:\/\/answear.com\/blog\/wp-content\/uploads\/2020\/05\/Summer_denim_02-768x663.jpg 768w\" alt=\"farmer ny\u00e1ron\" width=\"920\" height=\"794\" \/><\/p>\n<p><strong>A k\u00e9k farmer<\/strong><\/p>\n<p>Ha arra a k\u00e9rd\u00e9sre kellene v\u00e1laszolnunk, hogy milyen sz\u00edn\u0171 farmer lesz a ny\u00e1r kedvence, Lana del Rey sl\u00e1ger\u00e9t h\u00fazn\u00e1nk el\u0151 p\u00e9ld\u00e1nak. Igen, a tervez\u0151k id\u00e9n a k\u00e9k farmerre tettek fel mindent \u00e9s mi nagyon b\u00edrjuk a d\u00f6nt\u00e9s\u00fcket. Hogy mi\u00e9rt? A k\u00e9k farmer klasszikus, rengeteg \u00e1rnyalata van, szuper\u00fcl m\u0171k\u00f6dik feh\u00e9r p\u00f3l\u00f3kkal vagy ak\u00e1r csipke fels\u0151kkel\/ingekkel. Egyszer\u0171s\u00e9g \u00e9s letisztult \u00e1rnyalatok &#8211; nincs is m\u00e1sra sz\u00fcks\u00e9g\u00fcnk ezen a ny\u00e1ron.<\/p>\n<p><img loading=\"lazy\" decoding=\"async\" class=\"alignnone size-full wp-image-28919\" src=\"https:\/\/answear.com\/blog\/wp-content\/uploads\/2020\/05\/Summer_denim_04.jpg\" alt=\"\" width=\"180\" height=\"281\" \/>\u00a0<img loading=\"lazy\" decoding=\"async\" class=\"alignnone size-full wp-image-28920\" src=\"https:\/\/answear.com\/blog\/wp-content\/uploads\/2020\/05\/Summer_denim_06.jpg\" alt=\"\" width=\"180\" height=\"281\" \/>\u00a0<img loading=\"lazy\" decoding=\"async\" class=\"alignnone size-full wp-image-28921\" src=\"https:\/\/answear.com\/blog\/wp-content\/uploads\/2020\/05\/Summer_denim_08.jpg\" alt=\"\" width=\"180\" height=\"281\" \/>\u00a0<img loading=\"lazy\" decoding=\"async\" class=\"alignnone size-full wp-image-28922\" src=\"https:\/\/answear.com\/blog\/wp-content\/uploads\/2020\/05\/Summer_denim_10.jpg\" alt=\"\" width=\"180\" height=\"281\" \/>\u00a0<img loading=\"lazy\" decoding=\"async\" class=\"alignnone size-full wp-image-28923\" src=\"https:\/\/answear.com\/blog\/wp-content\/uploads\/2020\/05\/Summer_denim_12.jpg\" alt=\"\" width=\"180\" height=\"281\" \/><\/p>\n<p style=\"text-align: center;\"><a href=\"https:\/\/answear.hu\/k\/noi?kateg%C3%B3ria=Kab%C3%A1tok+%C3%A9s+dzsekik&amp;sz%C3%ADn=k%C3%A9k&amp;sort=relevance&amp;q=answear\">Answear<\/a>\u00a0\/\u00a0<a href=\"https:\/\/answear.hu\/p\/mango-farmer-67002506-229539\">Mango<\/a>\u00a0\/\u00a0<a href=\"https:\/\/answear.hu\/p\/levis-ing-76717\">Levi&#8217;s<\/a>\u00a0\/\u00a0<a href=\"https:\/\/answear.hu\/p\/pinko-farmer-tarah-244732\">Pinko<\/a>\u00a0\/\u00a0<a href=\"https:\/\/answear.hu\/p\/levis-szoknya-76377\">Levi&#8217;s<\/a><\/p>\n<p><img loading=\"lazy\" decoding=\"async\" class=\"alignnone size-full wp-image-28924\" src=\"https:\/\/answear.com\/blog\/wp-content\/uploads\/2020\/05\/Summer_denim_18.jpg\" alt=\"\" width=\"180\" height=\"281\" \/>\u00a0<img loading=\"lazy\" decoding=\"async\" class=\"alignnone size-full wp-image-28925\" src=\"https:\/\/answear.com\/blog\/wp-content\/uploads\/2020\/05\/Summer_denim_19.jpg\" alt=\"\" width=\"180\" height=\"281\" \/>\u00a0<img loading=\"lazy\" decoding=\"async\" class=\"alignnone size-full wp-image-28926\" src=\"https:\/\/answear.com\/blog\/wp-content\/uploads\/2020\/05\/Summer_denim_20.jpg\" alt=\"\" width=\"180\" height=\"281\" \/>\u00a0<img loading=\"lazy\" decoding=\"async\" class=\"alignnone size-full wp-image-28927\" src=\"https:\/\/answear.com\/blog\/wp-content\/uploads\/2020\/05\/Summer_denim_22.jpg\" alt=\"\" width=\"180\" height=\"281\" \/>\u00a0<img loading=\"lazy\" decoding=\"async\" class=\"alignnone size-full wp-image-28928\" src=\"https:\/\/answear.com\/blog\/wp-content\/uploads\/2020\/05\/Summer_denim_24.jpg\" alt=\"\" width=\"180\" height=\"281\" \/><\/p>\n<p style=\"text-align: center;\"><a href=\"https:\/\/answear.hu\/p\/levis-rovid-kabat-73703\">Levi&#8217;s<\/a>\u00a0\/\u00a0<a href=\"https:\/\/answear.hu\/p\/diesel-farmer-thommer-264864\">Diesel<\/a>\u00a0\/\u00a0<a href=\"https:\/\/answear.hu\/p\/levis-rovidnadrag-501-278595\">Levi&#8217;s<\/a>\u00a0\/\u00a0<a href=\"https:\/\/answear.hu\/p\/tommy-jeans-farmering-239654\">Tommy Jeans<\/a>\u00a0\/\u00a0<a href=\"https:\/\/answear.hu\/p\/medicine-farmer-pale-innovation-278741\">Medicine<\/a><\/p>\n<p><strong>Szaggatott farmerek<\/strong><\/p>\n<p>A nosztalgikus \u00e9s m\u00f3k\u00e1s rojtok, koptat\u00e1sok az elm\u00falt hetekben hatalmas teret kaptak. Egyr\u00e9szt a hippi st\u00edlusra reflekt\u00e1lnak, m\u00e1sr\u00e9szt egyfajta v\u00e1lasz a zero-waste mozgalomra. A koptatott sz\u00e1r\u00fa darabok a Givenchy \u00e9s Brandon Maxwell bemutat\u00f3j\u00e1n is megjelentek, k\u00e9s\u0151bb m\u00e1s, nagy divath\u00e1zak is k\u00f6vett\u00e9k p\u00e9ld\u00e1jukat \u00e9s kifut\u00f3ra \u00e1ll\u00edtott\u00e1k saj\u00e1t elgondol\u00e1sukban ezeket a farmereket. A koptatott, szaggatott r\u00e9szletek nem csak a klasszikus fazonokon jelennek meg: a skinny, a boyriend de m\u00e9g a trap\u00e9z darabokb\u00f3l is kaphat\u00f3 ilyen vari\u00e1ci\u00f3. A szokny\u00e1kon, over\u00e1lokon, de m\u00e9g a farmeringeken is jelen vannak \u00e9s ami a legjobb, hogy a punk st\u00edlust\u00f3l a romantikus megjelen\u00e9sig, szinte mindenbe belekeverhet\u0151 egy-egy ilyen darab.<\/p>\n<p><img loading=\"lazy\" decoding=\"async\" class=\"alignnone size-full wp-image-28929\" src=\"https:\/\/answear.com\/blog\/wp-content\/uploads\/2020\/05\/Summer_denim_33.jpg\" alt=\"\" width=\"180\" height=\"281\" \/>\u00a0<img loading=\"lazy\" decoding=\"async\" class=\"alignnone size-full wp-image-28930\" src=\"https:\/\/answear.com\/blog\/wp-content\/uploads\/2020\/05\/Summer_denim_35.jpg\" alt=\"\" width=\"180\" height=\"281\" \/>\u00a0<img loading=\"lazy\" decoding=\"async\" class=\"alignnone size-full wp-image-28931\" src=\"https:\/\/answear.com\/blog\/wp-content\/uploads\/2020\/05\/Summer_denim_37.jpg\" alt=\"\" width=\"180\" height=\"281\" \/>\u00a0<img loading=\"lazy\" decoding=\"async\" class=\"alignnone size-full wp-image-28932\" src=\"https:\/\/answear.com\/blog\/wp-content\/uploads\/2020\/05\/Summer_denim_39.jpg\" alt=\"\" width=\"180\" height=\"281\" \/>\u00a0<img loading=\"lazy\" decoding=\"async\" class=\"alignnone size-full wp-image-28933\" src=\"https:\/\/answear.com\/blog\/wp-content\/uploads\/2020\/05\/Summer_denim_41.jpg\" alt=\"\" width=\"180\" height=\"281\" \/><\/p>\n<p style=\"text-align: center;\"><a href=\"https:\/\/answear.hu\/p\/levis-rovidnadrag-76487\">Levi&#8217;s<\/a>\u00a0\/\u00a0<a href=\"https:\/\/answear.hu\/p\/levis-made-crafted-farmer-289917\">Levi&#8217;s<\/a>\u00a0\/\u00a0<a href=\"https:\/\/answear.hu\/p\/only-farmerdzseki-251968\">Only<\/a>\u00a0\/\u00a0<a href=\"https:\/\/answear.hu\/p\/answear-farmer-szoknya-278257\">Answear<\/a>\u00a0\/\u00a0<a href=\"https:\/\/answear.hu\/p\/answear-farmer-262404\">Answear\u00a0<\/a><\/p>\n<p><img loading=\"lazy\" decoding=\"async\" class=\"alignnone size-full wp-image-28934\" src=\"https:\/\/answear.com\/blog\/wp-content\/uploads\/2020\/05\/Summer_denim_51.jpg\" alt=\"\" width=\"180\" height=\"281\" \/>\u00a0<img loading=\"lazy\" decoding=\"async\" class=\"alignnone size-full wp-image-28935\" src=\"https:\/\/answear.com\/blog\/wp-content\/uploads\/2020\/05\/Summer_denim_53.jpg\" alt=\"\" width=\"180\" height=\"281\" \/>\u00a0<img loading=\"lazy\" decoding=\"async\" class=\"alignnone size-full wp-image-28936\" src=\"https:\/\/answear.com\/blog\/wp-content\/uploads\/2020\/05\/Summer_denim_55.jpg\" alt=\"\" width=\"180\" height=\"281\" \/>\u00a0<img loading=\"lazy\" decoding=\"async\" class=\"alignnone size-full wp-image-28937\" src=\"https:\/\/answear.com\/blog\/wp-content\/uploads\/2020\/05\/Summer_denim_57.jpg\" alt=\"\" width=\"180\" height=\"281\" \/>\u00a0<img loading=\"lazy\" decoding=\"async\" class=\"alignnone size-full wp-image-28938\" src=\"https:\/\/answear.com\/blog\/wp-content\/uploads\/2020\/05\/Summer_denim_49.jpg\" alt=\"\" width=\"180\" height=\"281\" \/><\/p>\n<p style=\"text-align: center;\"><a href=\"https:\/\/answear.hu\/p\/only-sons-t-shirt-285343\">Only&amp;Sons<\/a> \/\u00a0<a href=\"https:\/\/answear.hu\/p\/pepe-jeans-farmerdzseki-pinner-random-268971\">Pepe Jeans<\/a>\u00a0\/ <a href=\"https:\/\/answear.hu\/p\/medicine-farmer-casual-utility-275438\">Medicine<\/a>\u00a0\/\u00a0<a href=\"https:\/\/answear.hu\/p\/pepe-jeans-farmer-rovidnadrag-callen-269143\">Pepe Jeans<\/a>\/\u00a0<a href=\"https:\/\/answear.hu\/p\/calvin-klein-jeans-farmer-ck-one-282324\">Calvin Klein\u00a0Jeans<\/a><\/p>\n<p><strong>Trap\u00e9z farmerek<\/strong><\/p>\n<p>A trap\u00e9z m\u00e1r \u00e9vek \u00f3ta pr\u00f3b\u00e1l mag\u00e1nak utat t\u00f6rni, t\u00f6bb kevesebb sikerrel, id\u00e9n azonban v\u00e9gre c\u00e9lba \u00e9rt. A sz\u00e9lessz\u00e1r\u00fa farmerek a hetvenes \u00e9vek hangulat\u00e1t id\u00e9zik, kar\u00f6ltve a telitalp\u00fa szand\u00e1lokkal vagy a puffos ujj\u00fa ingekkel. A boh\u00f3, hippi st\u00edlus kedvel\u0151i biztosan im\u00e1dni fogj\u00e1k ezt a nagy visszat\u00e9r\u0151t, de m\u00e1s is sim\u00e1n beszerezhet egy ilyen verzi\u00f3t, hiszen egy j\u00f3 szettben b\u00e1rki mag\u00e1\u00e9nak \u00e9rezheti. T\u00f6k j\u00f3l mutat feh\u00e9r bl\u00fazzal, ballonkab\u00e1ttal vagy egy egyszer\u0171 dzsekivel is. Ha be\u00fct a meleg, flip-floppal, magassark\u00faval vagy ak\u00e1r snekaerrel is kombin\u00e1lhatod. Ja, \u00e9s ennek a farmernek a seg\u00edts\u00e9g\u00e9vel am\u00fagy v\u00e9kony\u00edthatod a l\u00e1baidat \u00e9s kiemelheted a csip\u0151d. Ha \u00fagy \u00e9rzed, ny\u00e1rra t\u00fal sok a hossz\u00fa nadr\u00e1g, v\u00e1lassz olyat, ami a bok\u00e1dig \u00e9r csak.<\/p>\n<p><img loading=\"lazy\" decoding=\"async\" class=\"alignnone size-full wp-image-28939\" src=\"https:\/\/answear.com\/blog\/wp-content\/uploads\/2020\/05\/Summer_denim_63.jpg\" alt=\"\" width=\"180\" height=\"281\" \/>\u00a0<img loading=\"lazy\" decoding=\"async\" class=\"alignnone size-full wp-image-28940\" src=\"https:\/\/answear.com\/blog\/wp-content\/uploads\/2020\/05\/Summer_denim_64.jpg\" alt=\"\" width=\"180\" height=\"281\" \/>\u00a0<img loading=\"lazy\" decoding=\"async\" class=\"alignnone size-full wp-image-28941\" src=\"https:\/\/answear.com\/blog\/wp-content\/uploads\/2020\/05\/Summer_denim_65.jpg\" alt=\"\" width=\"180\" height=\"281\" \/>\u00a0<img loading=\"lazy\" decoding=\"async\" class=\"alignnone size-full wp-image-28942\" src=\"https:\/\/answear.com\/blog\/wp-content\/uploads\/2020\/05\/Summer_denim_66.jpg\" alt=\"\" width=\"180\" height=\"281\" \/>\u00a0<img loading=\"lazy\" decoding=\"async\" class=\"alignnone size-full wp-image-28943\" src=\"https:\/\/answear.com\/blog\/wp-content\/uploads\/2020\/05\/Summer_denim_67.jpg\" alt=\"\" width=\"180\" height=\"281\" \/><\/p>\n<p style=\"text-align: center;\"><a href=\"https:\/\/answear.hu\/p\/mango-farmer-bermuda-270933\">Mango<\/a>\u00a0\/\u00a0<a href=\"https:\/\/answear.hu\/p\/mango-farmer-audrey-282616\">Mango<\/a>\u00a0\/\u00a0<a href=\"https:\/\/answear.hu\/p\/hailys-farmer-carmen-286588\">Haily&#8217;s<\/a>\u00a0\/\u00a0<a href=\"https:\/\/answear.hu\/p\/iceberg-farmer-tasche-254198\">Iceberg<\/a>\u00a0\/\u00a0<a href=\"https:\/\/answear.hu\/p\/calvin-klein-jeans-farmer-285177\">Calvin Klein Jeans\u00a0<\/a><\/p>\n<p><img loading=\"lazy\" decoding=\"async\" class=\"alignnone size-full wp-image-28944\" src=\"https:\/\/answear.com\/blog\/wp-content\/uploads\/2020\/05\/Summer_denim_73.jpg\" sizes=\"auto, (max-width: 920px) 100vw, 920px\" srcset=\"https:\/\/answear.com\/blog\/wp-content\/uploads\/2020\/05\/Summer_denim_73.jpg 920w, https:\/\/answear.com\/blog\/wp-content\/uploads\/2020\/05\/Summer_denim_73-480x440.jpg 480w, https:\/\/answear.com\/blog\/wp-content\/uploads\/2020\/05\/Summer_denim_73-768x705.jpg 768w\" alt=\"\" width=\"920\" height=\"844\" \/><\/p>\n<\/div>\n<p>&nbsp;<\/p>\n","protected":false},"excerpt":{"rendered":"<p><span class=\"span-reading-time rt-reading-time\" style=\"display: block;\"><span class=\"rt-label rt-prefix\">Olvasd el, csak <\/span> <span class=\"rt-time\"> 4<\/span> <span class=\"rt-label rt-postfix\">perc<\/span><\/span>Van m\u00e1r farmered a ny\u00e1rra? A szezon trendi farmer\u00e9nek h\u00e1rom jellemz\u0151vel kell rendelkeznie. Hogy melyekkel? Lejebb el\u00e1ruljuk!<\/p>\n","protected":false},"author":35,"featured_media":0,"comment_status":"closed","ping_status":"closed","sticky":false,"template":"","format":"standard","meta":{"footnotes":""},"categories":[686],"tags":[688,738,892,1131,1782,1783,1698,1784,1073,1786,1785],"class_list":["post-13926","post","type-post","status-publish","format-standard","hentry","category-trendek","tag-denim","tag-levis","tag-divat","tag-farmer","tag-ferfi-farmer","tag-koptatott-farmer","tag-noi-farmer","tag-skinny-farmer","tag-sneaker","tag-szaggatott-farmer","tag-trapez-farmer"],"_links":{"self":[{"href":"https:\/\/answear.hu\/blog\/wp-json\/wp\/v2\/posts\/13926","targetHints":{"allow":["GET"]}}],"collection":[{"href":"https:\/\/answear.hu\/blog\/wp-json\/wp\/v2\/posts"}],"about":[{"href":"https:\/\/answear.hu\/blog\/wp-json\/wp\/v2\/types\/post"}],"author":[{"embeddable":true,"href":"https:\/\/answear.hu\/blog\/wp-json\/wp\/v2\/users\/35"}],"replies":[{"embeddable":true,"href":"https:\/\/answear.hu\/blog\/wp-json\/wp\/v2\/comments?post=13926"}],"version-history":[{"count":8,"href":"https:\/\/answear.hu\/blog\/wp-json\/wp\/v2\/posts\/13926\/revisions"}],"predecessor-version":[{"id":15503,"href":"https:\/\/answear.hu\/blog\/wp-json\/wp\/v2\/posts\/13926\/revisions\/15503"}],"wp:attachment":[{"href":"https:\/\/answear.hu\/blog\/wp-json\/wp\/v2\/media?parent=13926"}],"wp:term":[{"taxonomy":"category","embeddable":true,"href":"https:\/\/answear.hu\/blog\/wp-json\/wp\/v2\/categories?post=13926"},{"taxonomy":"post_tag","embeddable":true,"href":"https:\/\/answear.hu\/blog\/wp-json\/wp\/v2\/tags?post=13926"}],"curies":[{"name":"wp","href":"https:\/\/api.w.org\/{rel}","templated":true}]}}