{"id":13874,"date":"2020-03-10T10:03:02","date_gmt":"2020-03-10T09:03:02","guid":{"rendered":"https:\/\/answear.hu\/blog\/?p=13874"},"modified":"2020-12-03T13:57:27","modified_gmt":"2020-12-03T12:57:27","slug":"2020-as-tavasz-nyari-trendjei-stilus-trendek-divat","status":"publish","type":"post","link":"https:\/\/answear.hu\/blog\/2020-as-tavasz-nyari-trendjei-stilus-trendek-divat\/13874","title":{"rendered":"Trendriad\u00f3 &#8211; ezek a 2020-as tavasz\/ny\u00e1ri szezon legjobb trendjei"},"content":{"rendered":"<span class=\"span-reading-time rt-reading-time\" style=\"display: block;\"><span class=\"rt-label rt-prefix\">Olvasd el, csak <\/span> <span class=\"rt-time\"> 3<\/span> <span class=\"rt-label rt-postfix\">perc<\/span><\/span><p><strong>V\u00e9gre az \u00faj szezon kapuj\u00e1ban \u00e1llunk, az id\u0151j\u00e1r\u00e1s is kedvez, hogy ki\u00e9lvezz\u00fck a trendeket. Most megtudhatod, mit \u00e9rdemes az irod\u00e1ban, alkalmakkor vagy a rohan\u00f3s h\u00e9tk\u00f6znapokon viselned.<\/strong><\/p>\n<p><!--more--><\/p>\n<p><img loading=\"lazy\" decoding=\"async\" class=\"alignnone size-full wp-image-28105\" src=\"https:\/\/answear.com\/blog\/wp-content\/uploads\/2020\/03\/spring_trends_02.jpg\" sizes=\"auto, (max-width: 920px) 100vw, 920px\" srcset=\"https:\/\/answear.com\/blog\/wp-content\/uploads\/2020\/03\/spring_trends_02.jpg 920w, https:\/\/answear.com\/blog\/wp-content\/uploads\/2020\/03\/spring_trends_02-495x440.jpg 495w, https:\/\/answear.com\/blog\/wp-content\/uploads\/2020\/03\/spring_trends_02-768x682.jpg 768w\" alt=\"\" width=\"920\" height=\"817\" \/><\/p>\n<p><strong>Trendek munk\u00e1hoz<\/strong><\/p>\n<p>Kezdj\u00fck a klasszikus \u00e9s eleg\u00e1ns megold\u00e1sokkal. A 2020-as tavaszi szezonban keresd a minimalista szetteket, amik a kilencvenes \u00e9veket id\u00e9zeik. Ceruzaszoknya, bl\u00e9zer, szivarnadr\u00e1g &#8211; ezeket egyt\u0151l-egyig levad\u00e1szhatod, de egyszer\u0171 sz\u00ednekben \u00e9s klasszikus mint\u00e1kban, mint pl. a cs\u00edkos. A t\u00f6k\u00e9letes megjelen\u00e9s sokban m\u00falik a kieg\u00e9sz\u00edt\u0151k\u00f6n. A nagym\u00e9ret\u0171, gy\u0171r\u00f6tt hat\u00e1s\u00fa t\u00e1sk\u00e1k visszat\u00e9rnek \u00e9s, hogy a cip\u0151kr\u0151l se feledkezz\u00fcnk meg, a kerekorr\u00fa darabok ism\u00e9t h\u00f3d\u00edtanak.<\/p>\n<p><img loading=\"lazy\" decoding=\"async\" class=\"alignnone size-full wp-image-28106\" src=\"https:\/\/answear.com\/blog\/wp-content\/uploads\/2020\/03\/spring_trends_04.jpg\" alt=\"\" width=\"180\" height=\"281\" \/>\u00a0<img loading=\"lazy\" decoding=\"async\" class=\"alignnone size-full wp-image-28107\" src=\"https:\/\/answear.com\/blog\/wp-content\/uploads\/2020\/03\/spring_trends_06.jpg\" alt=\"\" width=\"180\" height=\"281\" \/>\u00a0<img loading=\"lazy\" decoding=\"async\" class=\"alignnone size-full wp-image-28108\" src=\"https:\/\/answear.com\/blog\/wp-content\/uploads\/2020\/03\/spring_trends_08.jpg\" alt=\"\" width=\"180\" height=\"281\" \/>\u00a0<img loading=\"lazy\" decoding=\"async\" class=\"alignnone size-full wp-image-28109\" src=\"https:\/\/answear.com\/blog\/wp-content\/uploads\/2020\/03\/spring_trends_10.jpg\" alt=\"\" width=\"180\" height=\"281\" \/>\u00a0<img loading=\"lazy\" decoding=\"async\" class=\"alignnone size-full wp-image-28110\" src=\"https:\/\/answear.com\/blog\/wp-content\/uploads\/2020\/03\/spring_trends_12.jpg\" alt=\"\" width=\"180\" height=\"281\" \/><\/p>\n<p style=\"text-align: center;\"><a href=\"https:\/\/answear.hu\/p\/medicine-kiskabat-western-horizons-241247\">Medicine<\/a>\u00a0\/\u00a0<a href=\"https:\/\/answear.hu\/p\/mango-szandal-alicia1-240786\">Mango<\/a>\u00a0\/\u00a0<a href=\"https:\/\/answear.hu\/p\/guess-jeans-kezitaska-259757\">Guess Jeans<\/a>\u00a0\/\u00a0<a href=\"https:\/\/answear.hu\/p\/patrizia-pepe-nadrag-255842\">Patrizia Pepe<\/a>\u00a0\/\u00a0<a href=\"https:\/\/answear.hu\/p\/guess-jeans-kiskabat-259366\">Guess Jeans<\/a><\/p>\n<p><img loading=\"lazy\" decoding=\"async\" class=\"alignnone size-full wp-image-28111\" src=\"https:\/\/answear.com\/blog\/wp-content\/uploads\/2020\/03\/spring_trends_18.jpg\" sizes=\"auto, (max-width: 920px) 100vw, 920px\" srcset=\"https:\/\/answear.com\/blog\/wp-content\/uploads\/2020\/03\/spring_trends_18.jpg 920w, https:\/\/answear.com\/blog\/wp-content\/uploads\/2020\/03\/spring_trends_18-481x440.jpg 481w, https:\/\/answear.com\/blog\/wp-content\/uploads\/2020\/03\/spring_trends_18-768x702.jpg 768w\" alt=\"\" width=\"920\" height=\"841\" \/><\/p>\n<p><strong>Trendek randira \u00a0<\/strong><\/p>\n<p>Azt hiszed, b\u00facs\u00fat kell intened a b\u0151rhat\u00e1s\u00fa cuccoknak tavasszal? Nos, rosszul gondolod, hiszen ezek a ruhadarabok m\u00e9g egy j\u00f3 ideig vel\u00fcnk lesznek &#8211; f\u0151leg azok a verzi\u00f3k, amik m\u0171b\u0151rb\u0151l k\u00e9sz\u00fcltek. Fazon szempontj\u00e1b\u00f3l a fodros, rakott, puffos darabok trendinek sz\u00e1m\u00edtanak, ezek k\u00f6z\u00fcl is azok, amik kiemelik az alakot. V\u00e1laszthatsz sortot, ahogy a Marni bemutat\u00f3j\u00e1n l\u00e1thattuk vagy b\u0151 nadr\u00e1got \u00e9s \u00a0szokny\u00e1t. Nem kell visszafognod magad a sz\u00ednek ter\u00e9n sem: a barna \u00e1rnyalatai, a b\u00e9zs, a feh\u00e9r \u00e9s az \u00e9l\u00e9nk \u00e1rnyalatok is divatosak, mint a t\u00fcrkiz \u00e9s a piros.<\/p>\n<p><img loading=\"lazy\" decoding=\"async\" class=\"alignnone size-full wp-image-28112\" src=\"https:\/\/answear.com\/blog\/wp-content\/uploads\/2020\/03\/spring_trends_20.jpg\" alt=\"\" width=\"179\" height=\"281\" \/>\u00a0<img loading=\"lazy\" decoding=\"async\" class=\"alignnone size-full wp-image-28113\" src=\"https:\/\/answear.com\/blog\/wp-content\/uploads\/2020\/03\/spring_trends_22.jpg\" alt=\"\" width=\"180\" height=\"281\" \/>\u00a0<img loading=\"lazy\" decoding=\"async\" class=\"alignnone size-full wp-image-28114\" src=\"https:\/\/answear.com\/blog\/wp-content\/uploads\/2020\/03\/spring_trends_24.jpg\" alt=\"\" width=\"180\" height=\"281\" \/>\u00a0<img loading=\"lazy\" decoding=\"async\" class=\"alignnone size-full wp-image-28115\" src=\"https:\/\/answear.com\/blog\/wp-content\/uploads\/2020\/03\/spring_trends_26.jpg\" alt=\"\" width=\"180\" height=\"281\" \/>\u00a0<img loading=\"lazy\" decoding=\"async\" class=\"alignnone size-full wp-image-28116\" src=\"https:\/\/answear.com\/blog\/wp-content\/uploads\/2020\/03\/spring_trends_28.jpg\" alt=\"\" width=\"180\" height=\"281\" \/><\/p>\n<p style=\"text-align: center;\"><a href=\"https:\/\/answear.hu\/p\/answear-ing-273409\">Answear<\/a>\u00a0\/\u00a0<a href=\"https:\/\/answear.hu\/p\/guess-jeans-ruha-242038\">Guess Jeans<\/a>\u00a0\/<a href=\"https:\/\/answear.hu\/p\/answear-nadrag-259855\">\u00a0Answear<\/a>\u00a0\/\u00a0\u00a0<a href=\"https:\/\/answear.hu\/p\/answear-rovidnadrag-260842\">Answear<\/a>\u00a0\/\u00a0<a href=\"https:\/\/answear.hu\/p\/pinko-rovid-kabat-236430\">Pinko<\/a><\/p>\n<p><img loading=\"lazy\" decoding=\"async\" class=\"alignnone size-full wp-image-28117\" src=\"https:\/\/answear.com\/blog\/wp-content\/uploads\/2020\/03\/spring_trends_35.jpg\" sizes=\"auto, (max-width: 920px) 100vw, 920px\" srcset=\"https:\/\/answear.com\/blog\/wp-content\/uploads\/2020\/03\/spring_trends_35.jpg 920w, https:\/\/answear.com\/blog\/wp-content\/uploads\/2020\/03\/spring_trends_35-540x440.jpg 540w, https:\/\/answear.com\/blog\/wp-content\/uploads\/2020\/03\/spring_trends_35-768x626.jpg 768w\" alt=\"\" width=\"920\" height=\"750\" \/><\/p>\n<p><strong>Streetwear trendek <\/strong><\/p>\n<p>A farmer, mint tudjuk, minden szezonban trendi \u00e9s sosem megy ki a divatb\u00f3l csak form\u00e1l\u00f3dik szezonr\u00f3l-szezonra. Id\u00e9n \u00e9ppen a klasszikus fazonok t\u00f6rnek utat maguknak \u2013 egyenessz\u00e1r\u00fa, b\u0151sz\u00e1r\u00fa, cs\u0151sz\u00e1r\u00fa \u00e9s m\u00e9g folytathatn\u00e1nk. A farmerkab\u00e1tok minim\u00e1l fazonban, de sz\u00e1mtalan st\u00edlusban j\u00f6nnek, \u00edgy b\u00e1rki megtal\u00e1lhatja a mag\u00e1hoz passzol\u00f3t. B\u00e1tran viselhetsz id\u00e9n farmer ceruzaszokny\u00e1t, sortot \u00e9s miniszokny\u00e1t is, ezek rengeteg alkalomhoz passzolnak majd, j\u00f3l ki tudod haszn\u00e1lni \u0151ket. A farmercuccokat magukban vagy egym\u00e1ssal kombin\u00e1lva is viselheted, a denim-on-denim st\u00edlus m\u00e9g mindig trendi \u00e9s ha a megfelel\u0151 \u00e1rnyalatokat kombin\u00e1los isteni szettet rakhatsz \u00f6ssze.<\/p>\n<p><img loading=\"lazy\" decoding=\"async\" class=\"alignnone size-full wp-image-28118\" src=\"https:\/\/answear.com\/blog\/wp-content\/uploads\/2020\/03\/spring_trends_37.jpg\" alt=\"\" width=\"180\" height=\"281\" \/>\u00a0<img loading=\"lazy\" decoding=\"async\" class=\"alignnone size-full wp-image-28119\" src=\"https:\/\/answear.com\/blog\/wp-content\/uploads\/2020\/03\/spring_trends_39.jpg\" alt=\"\" width=\"180\" height=\"281\" \/>\u00a0<img loading=\"lazy\" decoding=\"async\" class=\"alignnone size-full wp-image-28120\" src=\"https:\/\/answear.com\/blog\/wp-content\/uploads\/2020\/03\/spring_trends_41.jpg\" alt=\"\" width=\"180\" height=\"281\" \/>\u00a0<img loading=\"lazy\" decoding=\"async\" class=\"alignnone size-full wp-image-28121\" src=\"https:\/\/answear.com\/blog\/wp-content\/uploads\/2020\/03\/spring_trends_43.jpg\" alt=\"\" width=\"180\" height=\"281\" \/>\u00a0<img loading=\"lazy\" decoding=\"async\" class=\"alignnone size-full wp-image-28122\" src=\"https:\/\/answear.com\/blog\/wp-content\/uploads\/2020\/03\/spring_trends_45.jpg\" alt=\"\" width=\"180\" height=\"281\" \/><\/p>\n<p style=\"text-align: center;\"><a href=\"https:\/\/answear.hu\/p\/answear-farmer-259852\">Answear<\/a>\u00a0\/\u00a0<a href=\"https:\/\/answear.hu\/p\/pinko-farmer-melleny-244062\">Pinko<\/a>\u00a0\/\u00a0<a href=\"https:\/\/answear.hu\/p\/diesel-farmer-szoknya-250537\">Diesel<\/a>\u00a0\/\u00a0<a href=\"https:\/\/answear.hu\/p\/miss-sixty-farmerdzseki-272329\">Miss Sixty<\/a>\u00a0\/\u00a0<a href=\"https:\/\/answear.hu\/p\/patrizia-pepe-farmer-szoknya-100757\">Patrizia Pepe<\/a><\/p>\n<p><img loading=\"lazy\" decoding=\"async\" class=\"alignnone size-full wp-image-28123\" src=\"https:\/\/answear.com\/blog\/wp-content\/uploads\/2020\/03\/spring_trends_52.jpg\" sizes=\"auto, (max-width: 920px) 100vw, 920px\" srcset=\"https:\/\/answear.com\/blog\/wp-content\/uploads\/2020\/03\/spring_trends_52.jpg 920w, https:\/\/answear.com\/blog\/wp-content\/uploads\/2020\/03\/spring_trends_52-281x440.jpg 281w, https:\/\/answear.com\/blog\/wp-content\/uploads\/2020\/03\/spring_trends_52-768x1204.jpg 768w\" alt=\"\" width=\"920\" height=\"1442\" \/><\/p>\n","protected":false},"excerpt":{"rendered":"<p><span class=\"span-reading-time rt-reading-time\" style=\"display: block;\"><span class=\"rt-label rt-prefix\">Olvasd el, csak <\/span> <span class=\"rt-time\"> 3<\/span> <span class=\"rt-label rt-postfix\">perc<\/span><\/span>V\u00e9gre az \u00faj szezon kapuj\u00e1ban \u00e1llunk, az id\u0151j\u00e1r\u00e1s is kedvez, hogy ki\u00e9lvezz\u00fck a trendeket. Most megtudhatod, mit \u00e9rdemes az irod\u00e1ban, alkalmakkor vagy a rohan\u00f3s h\u00e9tk\u00f6znapokon viselned.<\/p>\n","protected":false},"author":35,"featured_media":0,"comment_status":"closed","ping_status":"closed","sticky":false,"template":"","format":"standard","meta":{"footnotes":""},"categories":[686],"tags":[917,1721,1063,892,1131,1723,1722,1035,1061,1287],"class_list":["post-13874","post","type-post","status-publish","format-standard","hentry","category-trendek","tag-stilus","tag-2020as-trendek","tag-bor","tag-divat","tag-farmer","tag-miniszoknya","tag-minta","tag-nyari-ruha","tag-taska","tag-trendek"],"_links":{"self":[{"href":"https:\/\/answear.hu\/blog\/wp-json\/wp\/v2\/posts\/13874","targetHints":{"allow":["GET"]}}],"collection":[{"href":"https:\/\/answear.hu\/blog\/wp-json\/wp\/v2\/posts"}],"about":[{"href":"https:\/\/answear.hu\/blog\/wp-json\/wp\/v2\/types\/post"}],"author":[{"embeddable":true,"href":"https:\/\/answear.hu\/blog\/wp-json\/wp\/v2\/users\/35"}],"replies":[{"embeddable":true,"href":"https:\/\/answear.hu\/blog\/wp-json\/wp\/v2\/comments?post=13874"}],"version-history":[{"count":4,"href":"https:\/\/answear.hu\/blog\/wp-json\/wp\/v2\/posts\/13874\/revisions"}],"predecessor-version":[{"id":14315,"href":"https:\/\/answear.hu\/blog\/wp-json\/wp\/v2\/posts\/13874\/revisions\/14315"}],"wp:attachment":[{"href":"https:\/\/answear.hu\/blog\/wp-json\/wp\/v2\/media?parent=13874"}],"wp:term":[{"taxonomy":"category","embeddable":true,"href":"https:\/\/answear.hu\/blog\/wp-json\/wp\/v2\/categories?post=13874"},{"taxonomy":"post_tag","embeddable":true,"href":"https:\/\/answear.hu\/blog\/wp-json\/wp\/v2\/tags?post=13874"}],"curies":[{"name":"wp","href":"https:\/\/api.w.org\/{rel}","templated":true}]}}