{"id":13865,"date":"2020-02-27T15:42:30","date_gmt":"2020-02-27T14:42:30","guid":{"rendered":"https:\/\/answear.hu\/blog\/?p=13865"},"modified":"2021-10-06T18:44:04","modified_gmt":"2021-10-06T16:44:04","slug":"a-legforrobb-farmertrendek-mutatjuk-2020-legdivatosabb-farmereit","status":"publish","type":"post","link":"https:\/\/answear.hu\/blog\/a-legforrobb-farmertrendek-mutatjuk-2020-legdivatosabb-farmereit\/13865","title":{"rendered":"A legforr\u00f3bb farmertrendek: mutatjuk 2020 legdivatosabb farmereit"},"content":{"rendered":"<span class=\"span-reading-time rt-reading-time\" style=\"display: block;\"><span class=\"rt-label rt-prefix\">Olvasd el, csak <\/span> <span class=\"rt-time\"> 4<\/span> <span class=\"rt-label rt-postfix\">perc<\/span><\/span><p>A farmer kultikus darab, a toppon van, de \u00e9vr\u0151l-\u00e9vre v\u00e1ltozik, hogy milyen fazon vagy t\u00edpus sz\u00e1m\u00edt men\u0151nek. Id\u00e9n is van olyan verzi\u00f3 amit jobb elfelejteni, de olyan is, ami most kap csak igaz\u00e1n nagy teret. Mutatjuk, melyik az az 5 darab, ami 2020-ban be kell szerezned<!--more--><\/p>\n<p><span id=\"more-28003\"><\/span><img loading=\"lazy\" decoding=\"async\" class=\"alignnone size-full wp-image-28005\" src=\"https:\/\/answear.com\/blog\/wp-content\/uploads\/2020\/02\/Denim_02.jpg\" sizes=\"auto, (max-width: 920px) 100vw, 920px\" srcset=\"https:\/\/answear.com\/blog\/wp-content\/uploads\/2020\/02\/Denim_02.jpg 920w, https:\/\/answear.com\/blog\/wp-content\/uploads\/2020\/02\/Denim_02-530x440.jpg 530w, https:\/\/answear.com\/blog\/wp-content\/uploads\/2020\/02\/Denim_02-768x638.jpg 768w\" alt=\"modne jeansy\" width=\"920\" height=\"764\" \/><\/p>\n<p><strong>Flared farmer<\/strong><\/p>\n<p>A hetvenes \u00e9vekben sz\u00e1m\u00edtott nagy sikernek, most visszat\u00e9r. Nem teljesen \u00faj, hiszen az el\u0151z\u0151 szezonban m\u00e1r fel\u00fct\u00f6tte a fej\u00e9t. A l\u00e9nyeg, hogy \u00e9rdemes egy flared farmert beszerezned, legyen az bootcut, trap\u00e9z vagy ultra-sz\u00e9les verzi\u00f3. A klasszikus bootcut a hatvanas, hetvenes \u00e9vekben volt f\u0151leg jelen, manaps\u00e9g olyan divatc\u00e9gek \u00e9rtelmezt\u00e9k \u00fajra,mint a Celine, de a divatim\u00e1d\u00f3 celebek \u00e9s influenszerek is el\u0151szeretettel viselik. A retr\u00f3 trendek szerelmesei \u00f6r\u00fclhetnek, a trap\u00e9zfarmer \u00fajra divatos. R\u00e9gen \u00fagy gondoltuk, hogy sosem engedj\u00fck majd el ezt a fazont, megesk\u00fcdt\u00fcnk r\u00e1, hogy sosem hordunk sz\u0171k farmert, most pedig milyen j\u00f3l elf\u00e9r egym\u00e1s mellett mindk\u00e9t darab. Ha trap\u00e9z fazon mellett teszed le a voksod, mindenk\u00e9ppen magassark\u00fa cip\u0151vel viseld. A magasderek\u00fa darabok is visszat\u00e9rnek a szezonban, ezek hossz\u00edtj\u00e1k a testet, kiemelik a csip\u0151t.<\/p>\n<p><img loading=\"lazy\" decoding=\"async\" class=\"alignnone wp-image-28009\" src=\"https:\/\/answear.com\/blog\/wp-content\/uploads\/2020\/02\/Denim_04.jpg\" alt=\"\" width=\"161\" height=\"251\" \/>\u00a0<img loading=\"lazy\" decoding=\"async\" class=\"alignnone wp-image-28010\" src=\"https:\/\/answear.com\/blog\/wp-content\/uploads\/2020\/02\/Denim_06.jpg\" alt=\"\" width=\"161\" height=\"251\" \/>\u00a0<img loading=\"lazy\" decoding=\"async\" class=\"alignnone wp-image-28011\" src=\"https:\/\/answear.com\/blog\/wp-content\/uploads\/2020\/02\/Denim_08.jpg\" alt=\"\" width=\"161\" height=\"251\" \/>\u00a0<img loading=\"lazy\" decoding=\"async\" class=\"alignnone wp-image-28012\" src=\"https:\/\/answear.com\/blog\/wp-content\/uploads\/2020\/02\/Denim_10.jpg\" alt=\"\" width=\"161\" height=\"251\" \/>\u00a0<img loading=\"lazy\" decoding=\"async\" class=\"wp-image-28013 alignnone\" src=\"https:\/\/answear.com\/blog\/wp-content\/uploads\/2020\/02\/Denim_12.jpg\" alt=\"\" width=\"161\" height=\"251\" \/><\/p>\n<p style=\"text-align: center;\"><a href=\"https:\/\/answear.hu\/p\/mango-farmer-bootcut-238046\">Mango<\/a>\u00a0\/\u00a0<a href=\"https:\/\/answear.hu\/p\/iceberg-farmer-tasche-254198\">Iceberg<\/a>\u00a0\/\u00a0<a href=\"https:\/\/answear.hu\/p\/pinko-farmer-felicity-264838\">Pinko<\/a>\u00a0\/\u00a0<a href=\"https:\/\/answear.hu\/p\/pepe-jeans-farmer-wide-leg-244692\">Pepe Jeans<\/a>\u00a0\/\u00a0<a href=\"https:\/\/answear.hu\/p\/guess-jeans-farmer-236087\">Guess Jeans<\/a><\/p>\n<p><strong>Balloon fit farmer<\/strong><\/p>\n<p>A der\u00e9kon passzos, lefel\u00e9 b\u0151v\u00fcl\u0151 fazon, ami a bok\u00e1n\u00e1l szint\u00e9n sz\u0171k \u2013 ezek a ballon fit farmer legjellegzetesebb von\u00e1sai. A nyolcvanas \u00e9vekb\u0151l visszat\u00e9r\u0151 modell el\u00e9g megoszt\u00f3 \u00e9s nem is mindenkinek fog j\u00f3l \u00e1llni, de t\u00e9ny, hogy k\u00e9nyelmes \u00e9s hogyha j\u00f3 cuccokkal vari\u00e1lod, \u00fct\u0151s megjelen\u00e9st kaphatsz.<\/p>\n<p><img loading=\"lazy\" decoding=\"async\" class=\"alignnone wp-image-28014\" src=\"https:\/\/answear.com\/blog\/wp-content\/uploads\/2020\/02\/Denim_19.jpg\" alt=\"\" width=\"161\" height=\"251\" \/>\u00a0<img loading=\"lazy\" decoding=\"async\" class=\"alignnone wp-image-28015\" src=\"https:\/\/answear.com\/blog\/wp-content\/uploads\/2020\/02\/Denim_20.jpg\" alt=\"\" width=\"161\" height=\"251\" \/>\u00a0<img loading=\"lazy\" decoding=\"async\" class=\"alignnone wp-image-28016\" src=\"https:\/\/answear.com\/blog\/wp-content\/uploads\/2020\/02\/Denim_21.jpg\" alt=\"\" width=\"161\" height=\"252\" \/>\u00a0<img loading=\"lazy\" decoding=\"async\" class=\"alignnone wp-image-28017\" src=\"https:\/\/answear.com\/blog\/wp-content\/uploads\/2020\/02\/Denim_22.jpg\" alt=\"\" width=\"161\" height=\"252\" \/>\u00a0<img loading=\"lazy\" decoding=\"async\" class=\" wp-image-28018 alignnone\" src=\"https:\/\/answear.com\/blog\/wp-content\/uploads\/2020\/02\/Denim_23.jpg\" alt=\"\" width=\"161\" height=\"251\" \/><\/p>\n<p style=\"text-align: center;\"><a href=\"https:\/\/answear.hu\/p\/pinko-farmer-marylee-244694\">Pinko<\/a>\u00a0\/\u00a0<a href=\"https:\/\/answear.hu\/p\/answear-farmer-260823\">Answear<\/a>\u00a0\/\u00a0<a href=\"https:\/\/answear.hu\/p\/miss-sixty-farmer-251740\">Miss Sixty<\/a>\u00a0\/\u00a0<a href=\"https:\/\/answear.hu\/k\/noi?sort=relevance&amp;q=answear\">Answear<\/a>\u00a0\/\u00a0<a href=\"https:\/\/answear.hu\/p\/medicine-farmer-modern-utility-258179\">Medicine<\/a><\/p>\n<p><img loading=\"lazy\" decoding=\"async\" class=\"alignnone size-full wp-image-28006\" src=\"https:\/\/answear.com\/blog\/wp-content\/uploads\/2020\/02\/Denim_34.jpg\" sizes=\"auto, (max-width: 920px) 100vw, 920px\" srcset=\"https:\/\/answear.com\/blog\/wp-content\/uploads\/2020\/02\/Denim_34.jpg 920w, https:\/\/answear.com\/blog\/wp-content\/uploads\/2020\/02\/Denim_34-594x440.jpg 594w, https:\/\/answear.com\/blog\/wp-content\/uploads\/2020\/02\/Denim_34-768x568.jpg 768w\" alt=\"modne jeansy na wiosn\u0119\" width=\"920\" height=\"681\" \/><\/p>\n<p><strong>Szaggatott farmer <\/strong><\/p>\n<p>Egyszer\u0171en nem lehet megunni, a szaggatott farmerek minden szezonban jelen vannak. Az idei verzi\u00f3k a k\u00e9tezres \u00e9vek trendjeit hozz\u00e1k vissza, hiszen a szaggat\u00e1s egy kicsit visszafogottabban, a combr\u00e9szn\u00e9l jelenik meg. Givenchy mondjuk pont az ellenkez\u0151j\u00e9t tette \u00e9s kollekci\u00f3j\u00e1ban teljesen sz\u00e9tszaggatott darabokat mutatott be. Persze neked nem kell id\u00e1ig elmenned, a kisebb lyukakkal el\u00e1tott farmerekben is trendi lehetsz. Az ilyen farmerekhez oversized kab\u00e1tot, feh\u00e9r inget vagy p\u00f3l\u00f3t is kombin\u00e1lhatsz, t\u00f6k j\u00f3l vari\u00e1lhat\u00f3 darab.<\/p>\n<p><img loading=\"lazy\" decoding=\"async\" class=\"alignnone wp-image-28019\" src=\"https:\/\/answear.com\/blog\/wp-content\/uploads\/2020\/02\/Denim_36.jpg\" alt=\"\" width=\"161\" height=\"251\" \/>\u00a0<img loading=\"lazy\" decoding=\"async\" class=\"alignnone wp-image-28020\" src=\"https:\/\/answear.com\/blog\/wp-content\/uploads\/2020\/02\/Denim_38.jpg\" alt=\"\" width=\"161\" height=\"251\" \/>\u00a0<img loading=\"lazy\" decoding=\"async\" class=\"alignnone wp-image-28021\" src=\"https:\/\/answear.com\/blog\/wp-content\/uploads\/2020\/02\/Denim_40.jpg\" alt=\"\" width=\"161\" height=\"251\" \/>\u00a0<img loading=\"lazy\" decoding=\"async\" class=\"alignnone wp-image-28022\" src=\"https:\/\/answear.com\/blog\/wp-content\/uploads\/2020\/02\/Denim_42.jpg\" alt=\"\" width=\"161\" height=\"251\" \/>\u00a0<img loading=\"lazy\" decoding=\"async\" class=\"alignnone wp-image-28023\" src=\"https:\/\/answear.com\/blog\/wp-content\/uploads\/2020\/02\/Denim_44.jpg\" alt=\"\" width=\"161\" height=\"251\" \/><\/p>\n<p style=\"text-align: center;\"><a href=\"https:\/\/answear.hu\/p\/levis-farmer-76228\">Levi\u2019s<\/a>\u00a0\/\u00a0<a href=\"https:\/\/answear.hu\/p\/answear-farmer-260819\">Answear<\/a>\u00a0\/\u00a0<a href=\"https:\/\/answear.hu\/p\/pepe-jeans-farmer-mary-258131\">Pepe Jeans<\/a>\u00a0\/<a href=\"https:\/\/answear.hu\/p\/lee-farmer-carol-249777\">\u00a0Lee<\/a>\u00a0\/\u00a0<a href=\"https:\/\/answear.hu\/k\/noi?kateg%C3%B3ria=Farmerek&amp;sz%C3%ADn=k%C3%A9k&amp;sort=relevance&amp;q=mango\">Mango\u00a0<\/a><\/p>\n<p><strong>Skinny farmer<\/strong><\/p>\n<p>A h\u00edrek arr\u00f3l sz\u00f3ltak, hogy tavaly \u00f6r\u00f6kre elfelejtj\u00fck ezt a t\u00edpust, azonban az \u00e9let m\u00e1shogy hozta. A cs\u0151nadr\u00e1gokat m\u00e9g mindig nem tudjuk elfelejteni \u00e9s az elad\u00e1sok alapj\u00e1n egy ideig ez m\u00e9g \u00edgy is marad. A magas derek\u00fa verzi\u00f3k mennek a legjobban, ezek kiemelik az alakot.<\/p>\n<p><img loading=\"lazy\" decoding=\"async\" class=\"alignnone wp-image-28024\" src=\"https:\/\/answear.com\/blog\/wp-content\/uploads\/2020\/02\/Denim_56.jpg\" alt=\"\" width=\"161\" height=\"251\" \/>\u00a0<img loading=\"lazy\" decoding=\"async\" class=\"alignnone wp-image-28025\" src=\"https:\/\/answear.com\/blog\/wp-content\/uploads\/2020\/02\/Denim_57.jpg\" alt=\"\" width=\"161\" height=\"251\" \/>\u00a0<img loading=\"lazy\" decoding=\"async\" class=\"alignnone wp-image-28026\" src=\"https:\/\/answear.com\/blog\/wp-content\/uploads\/2020\/02\/Denim_58.jpg\" alt=\"\" width=\"161\" height=\"251\" \/>\u00a0<img loading=\"lazy\" decoding=\"async\" class=\"alignnone wp-image-28027\" src=\"https:\/\/answear.com\/blog\/wp-content\/uploads\/2020\/02\/Denim_59.jpg\" alt=\"\" width=\"161\" height=\"251\" \/>\u00a0<img loading=\"lazy\" decoding=\"async\" class=\"alignnone wp-image-28028\" src=\"https:\/\/answear.com\/blog\/wp-content\/uploads\/2020\/02\/Denim_60.jpg\" alt=\"\" width=\"161\" height=\"251\" \/><\/p>\n<p style=\"text-align: center;\"><a href=\"https:\/\/answear.hu\/p\/levis-farmer-721-264198\">Levi\u2019s<\/a>\u00a0\/\u00a0<a href=\"https:\/\/answear.hu\/p\/diesel-farmer-roisin-238101\">Diesel<\/a>\u00a0\/\u00a0<a href=\"https:\/\/answear.hu\/p\/noisy-may-farmer-callie-264841\">Noisy May<\/a>\u00a0\/\u00a0<a href=\"https:\/\/answear.hu\/p\/answear-farmer-262616\">Answear<\/a>\u00a0\/\u00a0<a href=\"https:\/\/answear.hu\/k\/noi?kateg%C3%B3ria=Farmerek&amp;sz%C3%ADn=feh%C3%A9r&amp;sort=relevance&amp;q=desigual\">Desigual<\/a><\/p>\n<p><strong>Egyszer\u0171 \u00e9s r\u00f6vid<\/strong><\/p>\n<p>Culotte, bermuda \u2013 a tavaszi szezonban a r\u00f6vid fazonok is h\u00f3d\u00edtanak. A kifut\u00f3kat is megrohamozt\u00e1k, Chanel bemutat\u00f3j\u00e1n is j\u00f3 o\u00e9r darab jelen volt.\u00a0 Ami megk\u00fcl\u00f6nb\u00f6zteti \u0151ket a t\u00f6bbi sortt\u00f3l, az az uniszex karakter \u00e9s sz\u00e9lesebb, egyenes sz\u00e1r. Ezekben a darabokban nem mindenki fog j\u00f3l kin\u00e9zni, de ha magas vagy, b\u00e1tran viselheted. HA im\u00e1dod, \u00e9s alacsonyabb vagy, akkor magassark\u00faval te is bev\u00e1llalhatod.<\/p>\n<p><img loading=\"lazy\" decoding=\"async\" class=\"alignnone wp-image-28029\" src=\"https:\/\/answear.com\/blog\/wp-content\/uploads\/2020\/02\/Denim_66.jpg\" alt=\"\" width=\"161\" height=\"251\" \/>\u00a0<img loading=\"lazy\" decoding=\"async\" class=\"alignnone wp-image-28030\" src=\"https:\/\/answear.com\/blog\/wp-content\/uploads\/2020\/02\/Denim_67.jpg\" alt=\"\" width=\"161\" height=\"251\" \/>\u00a0<img loading=\"lazy\" decoding=\"async\" class=\"alignnone wp-image-28031\" src=\"https:\/\/answear.com\/blog\/wp-content\/uploads\/2020\/02\/Denim_68.jpg\" alt=\"\" width=\"161\" height=\"251\" \/>\u00a0<img loading=\"lazy\" decoding=\"async\" class=\"alignnone wp-image-28032\" src=\"https:\/\/answear.com\/blog\/wp-content\/uploads\/2020\/02\/Denim_69.jpg\" alt=\"\" width=\"161\" height=\"251\" \/>\u00a0<img loading=\"lazy\" decoding=\"async\" class=\"alignnone wp-image-28033\" src=\"https:\/\/answear.com\/blog\/wp-content\/uploads\/2020\/02\/Denim_70.jpg\" alt=\"\" width=\"161\" height=\"251\" \/><\/p>\n<p style=\"text-align: center;\"><a href=\"https:\/\/answear.hu\/k\/noi?kateg%C3%B3ria=Farmerek&amp;sort=relevance&amp;q=mango\">Mango<\/a>\u00a0\/\u00a0<a href=\"https:\/\/answear.hu\/p\/desigual-farmer-smith-265441\">Desigual<\/a>\u00a0\/\u00a0<a href=\"https:\/\/answear.hu\/p\/tommy-hilfiger-farmer-bell-bottom-264836\">Tommy Hilfiger<\/a>\u00a0\/\u00a0<a href=\"https:\/\/answear.hu\/p\/answear-farmer-247811\">Answear<\/a>\u00a0\/<a href=\"https:\/\/answear.hu\/p\/lee-farmer-l30sltgx-264843\">\u00a0Lee<\/a><img loading=\"lazy\" decoding=\"async\" class=\"size-full wp-image-28007 alignright\" src=\"https:\/\/answear.com\/blog\/wp-content\/uploads\/2020\/02\/Denim_81.jpg\" sizes=\"auto, (max-width: 919px) 100vw, 919px\" srcset=\"https:\/\/answear.com\/blog\/wp-content\/uploads\/2020\/02\/Denim_81.jpg 919w, https:\/\/answear.com\/blog\/wp-content\/uploads\/2020\/02\/Denim_81-604x440.jpg 604w, https:\/\/answear.com\/blog\/wp-content\/uploads\/2020\/02\/Denim_81-768x559.jpg 768w\" alt=\"jakei modne jeansy\" width=\"919\" height=\"669\" \/><\/p>\n<p>&nbsp;<\/p>\n","protected":false},"excerpt":{"rendered":"<p><span class=\"span-reading-time rt-reading-time\" style=\"display: block;\"><span class=\"rt-label rt-prefix\">Olvasd el, csak <\/span> <span class=\"rt-time\"> 4<\/span> <span class=\"rt-label rt-postfix\">perc<\/span><\/span>A farmer kultikus darab, a toppon van, de \u00e9vr\u0151l-\u00e9vre v\u00e1ltozik, hogy milyen fazon vagy t\u00edpus sz\u00e1m\u00edt men\u0151nek. Id\u00e9n is van olyan verzi\u00f3 amit jobb elfelejteni, de olyan is, ami most kap csak igaz\u00e1n nagy teret. Mutatjuk, melyik az az 5 darab, ami 2020-ban be kell szerezned<\/p>\n","protected":false},"author":35,"featured_media":0,"comment_status":"closed","ping_status":"closed","sticky":false,"template":"","format":"standard","meta":{"footnotes":""},"categories":[686],"tags":[688,1715,1714,1711,1131,1712,1631,1713,1287],"class_list":["post-13865","post","type-post","status-publish","format-standard","hentry","category-trendek","tag-denim","tag-balloon-farmer","tag-cropped-farmer","tag-denimtrend","tag-farmer","tag-farmertrend","tag-skinny","tag-slimm-farmer","tag-trendek"],"_links":{"self":[{"href":"https:\/\/answear.hu\/blog\/wp-json\/wp\/v2\/posts\/13865","targetHints":{"allow":["GET"]}}],"collection":[{"href":"https:\/\/answear.hu\/blog\/wp-json\/wp\/v2\/posts"}],"about":[{"href":"https:\/\/answear.hu\/blog\/wp-json\/wp\/v2\/types\/post"}],"author":[{"embeddable":true,"href":"https:\/\/answear.hu\/blog\/wp-json\/wp\/v2\/users\/35"}],"replies":[{"embeddable":true,"href":"https:\/\/answear.hu\/blog\/wp-json\/wp\/v2\/comments?post=13865"}],"version-history":[{"count":8,"href":"https:\/\/answear.hu\/blog\/wp-json\/wp\/v2\/posts\/13865\/revisions"}],"predecessor-version":[{"id":15504,"href":"https:\/\/answear.hu\/blog\/wp-json\/wp\/v2\/posts\/13865\/revisions\/15504"}],"wp:attachment":[{"href":"https:\/\/answear.hu\/blog\/wp-json\/wp\/v2\/media?parent=13865"}],"wp:term":[{"taxonomy":"category","embeddable":true,"href":"https:\/\/answear.hu\/blog\/wp-json\/wp\/v2\/categories?post=13865"},{"taxonomy":"post_tag","embeddable":true,"href":"https:\/\/answear.hu\/blog\/wp-json\/wp\/v2\/tags?post=13865"}],"curies":[{"name":"wp","href":"https:\/\/api.w.org\/{rel}","templated":true}]}}