{"id":13844,"date":"2020-01-09T12:54:08","date_gmt":"2020-01-09T11:54:08","guid":{"rendered":"https:\/\/answear.hu\/blog\/?p=13844"},"modified":"2020-12-03T13:57:43","modified_gmt":"2020-12-03T12:57:43","slug":"a-legujabb-trendek-a-2020-as-bali-szezonra","status":"publish","type":"post","link":"https:\/\/answear.hu\/blog\/a-legujabb-trendek-a-2020-as-bali-szezonra\/13844","title":{"rendered":"A leg\u00fajabb trendek a 2020-as b\u00e1li szezonra"},"content":{"rendered":"<span class=\"span-reading-time rt-reading-time\" style=\"display: block;\"><span class=\"rt-label rt-prefix\">Olvasd el, csak <\/span> <span class=\"rt-time\"> 3<\/span> <span class=\"rt-label rt-postfix\">perc<\/span><\/span><p><strong>Hab\u00e1r az \u00fcnnepi id\u0151szaknak v\u00e9ge, a b\u00e1li szezon m\u00e9g csak most j\u00f6n. Ez mindig egy k\u00fcl\u00f6nleges peri\u00f3dus, telis -tele partikkal, esem\u00e9nyekkel, g\u00e1l\u00e1kkal, sz\u00f3val ha m\u00e9g nem szerezted be a megfelel\u0151 szettet, megk\u00f6nny\u00edtj\u00fck a v\u00e1laszt\u00e1sod.<\/strong><\/p>\n<p><!--more--><\/p>\n<p><img loading=\"lazy\" decoding=\"async\" class=\"attachment-post-thumbnail wp-post-image aligncenter\" src=\"https:\/\/answear.cz\/blog\/wp-content\/uploads\/2020\/01\/cover_CZ_SK-1-620x420.jpg\" alt=\"\" width=\"620\" height=\"420\" \/><\/p>\n<p>B\u00e1r m\u00e9g mindig m\u00ednuszokat mutat a h\u0151m\u00e9r\u0151, ez nem kell, hogy r\u00e1nyomja a pecs\u00e9tj\u00e9t az alkalmi \u00f6lt\u00f6zk\u00f6d\u00e9sedre. Viselhetsz dekolt\u00e1lt, h\u00e1tul vagy a karr\u00e9szen kiv\u00e1gott ruh\u00e1kat, \u00e1ttetsz\u0151 vagy k\u00fcl\u00f6nleges anyagokat. Szerencs\u00e9re a szezon trendjei rengeteg lehet\u0151s\u00e9get tartogatnak, \u00edgy minden divatim\u00e1d\u00f3 megtal\u00e1lhatja kedvenc\u00e9t.<\/p>\n<p><img loading=\"lazy\" decoding=\"async\" class=\"aligncenter wp-image-17433 size-full\" src=\"https:\/\/answear.cz\/blog\/wp-content\/uploads\/2020\/01\/1.jpg\" sizes=\"auto, (max-width: 920px) 100vw, 920px\" srcset=\"https:\/\/answear.cz\/blog\/wp-content\/uploads\/2020\/01\/1.jpg 920w, https:\/\/answear.cz\/blog\/wp-content\/uploads\/2020\/01\/1-300x251.jpg 300w, https:\/\/answear.cz\/blog\/wp-content\/uploads\/2020\/01\/1-768x642.jpg 768w, https:\/\/answear.cz\/blog\/wp-content\/uploads\/2020\/01\/1-620x518.jpg 620w\" alt=\"\" width=\"920\" height=\"769\" \/><\/p>\n<p>&nbsp;<\/p>\n<p><strong>A legdivatosabb ruh\u00e1k <\/strong><\/p>\n<p>V\u00e9lm\u00e9ny\u00fcnk szerint egy trendi, sz\u00e9p ruha n\u00e9lk\u00fcl nincs t\u00f6k\u00e9letes alkalom. Fontos viselet, amiben a legjobb form\u00e1dat hozhatod laza, c\u00e9ges, iskolai vagy b\u00e1rmilyen egy\u00e9b partin, \u00fcnnepen, ami el\u0151tted \u00e1ll. Amennyiben biztosra menn\u00e9l \u00e9s szereted a k\u00fcl\u00f6nleges darabokat fektess egy csillog\u00f3 flitteres vagy b\u00e1rsony anyag\u00fa ruh\u00e1ba. Ebben a szezonban ne mehet\u00fcnk el sz\u00f3 n\u00e9lk\u00fcl a fazonok mellett sem: a hajt\u00e1sok, puffos ujjak, plisziorozott megold\u00e1sok nagyon mennek, de ha exr\u00e9m verzi\u00f3t keresel, m\u00e1r-m\u00e1r koszt\u00fcmszer\u0171t, akkor egy b\u0151rruha t\u00f6k\u00e9letes v\u00e1laszt\u00e1s. Term\u00e9szetesen a klasszikusok \u2013 mint a csipke, selyem vagy organza \u2013 sosem unalmasak, t\u00f6k\u00e9letesek b\u00e1rmilyen alkalmakra.<\/p>\n<p><img loading=\"lazy\" decoding=\"async\" class=\"aligncenter wp-image-17434 size-full\" src=\"https:\/\/answear.cz\/blog\/wp-content\/uploads\/2020\/01\/2.jpg\" sizes=\"auto, (max-width: 920px) 100vw, 920px\" srcset=\"https:\/\/answear.cz\/blog\/wp-content\/uploads\/2020\/01\/2.jpg 920w, https:\/\/answear.cz\/blog\/wp-content\/uploads\/2020\/01\/2-300x91.jpg 300w, https:\/\/answear.cz\/blog\/wp-content\/uploads\/2020\/01\/2-768x232.jpg 768w, https:\/\/answear.cz\/blog\/wp-content\/uploads\/2020\/01\/2-620x187.jpg 620w\" alt=\"\" width=\"920\" height=\"278\" \/><\/p>\n<p style=\"text-align: center;\"><strong><a href=\"https:\/\/answear.hu\/p\/answear-ruha-243897\">ANSWEAR<\/a>\u00a0\/\u00a0<a href=\"https:\/\/answear.hu\/p\/patrizia-pepe-ruha-243115\">PATRIZIA PEPE<\/a>\u00a0\/\u00a0<a href=\"https:\/\/answear.hu\/p\/answear-ruha-243236\">ANSWEAR<\/a>\u00a0\/\u00a0<a href=\"https:\/\/answear.hu\/p\/guess-jeans-ruha-233327\">GUESS JEANS<\/a>\u00a0\/\u00a0<a href=\"https:\/\/answear.hu\/p\/miss-sixty-ruha-244192\">MISS SIXTY<\/a><\/strong><\/p>\n<p><strong>&#8230;\u00e9s ha nem ruh\u00e1t viseln\u00e9k?<\/strong><\/p>\n<p>A divat \u00e9vr\u0151l-\u00e9vre egyre univerz\u00e1lisabb, manaps\u00e1g m\u00e1r olyan viseletet is megengedhet\u00fcnk magunknak, amit eddig tal\u00e1n nem. P\u00e9ld\u00e1ul ha egy eleg\u00e1ns esem\u00e9nyre vagyunk hivatalosak, akkor nem k\u00f6telez\u0151 ruh\u00e1t viseln\u00fcnk \u2013 b\u00e1rmennyire is szeretj\u00fck \u2013 helyettes\u00edthetj\u00fck nadr\u00e1ggal vagy over\u00e1llal. Ebben a szezonban h\u00e1rom verzi\u00f3t emeln\u00e9nk ki: b\u0151r, katonai st\u00edlus\u00fa \u00e9s ultrasz\u00e9les. Minden komment n\u00e9lk\u00fcl a b\u0151r a legszexbb ezek k\u00f6z\u00fcl. A katonai st\u00edlus\u00fa nem kell, hogy sportos legyen, rengeteg eleg\u00e1ns, k\u00fcl\u00f6nleges anyag\u00fa darab el\u00e9rhet\u0151 m\u00e1r, amit egy kifinmult fels\u0151vel lehet eleg\u00e1nss\u00e1 tenni. A sz\u00e9lessz\u00e1r\u00fa nadr\u00e1gok sz\u00e9pen kiemelik a csip\u0151t, felfel\u00e9 vezetik a tekintetet \u00e9s egy magassark\u00faval p\u00e1ros\u00edtva magasabbnak t\u0171nsz majd.<\/p>\n<p><img loading=\"lazy\" decoding=\"async\" class=\"aligncenter wp-image-17436 size-full\" src=\"https:\/\/answear.cz\/blog\/wp-content\/uploads\/2020\/01\/4.jpg\" sizes=\"auto, (max-width: 920px) 100vw, 920px\" srcset=\"https:\/\/answear.cz\/blog\/wp-content\/uploads\/2020\/01\/4.jpg 920w, https:\/\/answear.cz\/blog\/wp-content\/uploads\/2020\/01\/4-300x90.jpg 300w, https:\/\/answear.cz\/blog\/wp-content\/uploads\/2020\/01\/4-768x231.jpg 768w, https:\/\/answear.cz\/blog\/wp-content\/uploads\/2020\/01\/4-620x187.jpg 620w\" alt=\"\" width=\"920\" height=\"277\" \/><\/p>\n<p style=\"text-align: center;\"><strong><a href=\"https:\/\/answear.hu\/p\/tally-weijl-nadrag-121970\">TALLY WEIJL<\/a>\u00a0\/\u00a0<a href=\"https:\/\/answear.hu\/p\/answear-nadrag-229765\">ANSWEAR<\/a>\u00a0\/\u00a0<a href=\"https:\/\/answear.hu\/p\/pinko-nadrag-94159\">PINKO<\/a>\u00a0\/\u00a0<a href=\"https:\/\/answear.hu\/p\/answear-nadrag-224744\">ANSWEAR<\/a>\u00a0\/\u00a0<a href=\"https:\/\/answear.hu\/p\/vero-moda-nadrag-229252\">VERO MODA<\/a><\/strong><\/p>\n<p><strong>Partit\u00e1sk\u00e1k <\/strong><\/p>\n<p>Mit \u00e9r egy t\u00f6k\u00e9letes szett, ha nincs meg hozz\u00e1 a t\u00f6k\u00e9letes t\u00e1ska? Els\u0151sorban a trendekre alapozzunk. A minit\u00e1sk\u00e1k m\u00e9g mindig a toppon vannak, sokan im\u00e1dj\u00e1k, sokan ut\u00e1lj\u00e1k, de t\u00e9ny, hogy trendi. Ha szint\u00e9n a trendekn\u00e9l maradn\u00e1l, a k\u00fcl\u00f6nleges form\u00e1j\u00fa, fazon\u00fa darabok k\u00f6z\u00f6tt is sz\u00e9tn\u00e9zhetsz. Ezekbe se felt\u00e9tlen\u00fcl f\u00e9r bele egy laptop, de arra t\u00f6k\u00e9letes, hogy feldobja a men\u0151 szetted \u00e9s a legsz\u00fcks\u00e9gesebb cuccok \u2013 mint a r\u00fazs, mobil, p\u00e9nzt\u00e1rca \u2013 sim\u00e1n belef\u00e9r. A vintage st\u00edlus is teret kap a szezonban, sz\u00f3val a hossz\u00fa l\u00e1ncos, apr\u00f3tart\u00f3 szer\u0171, fel\u00fcl csatos, nagyin\u00e1l l\u00e1tott darabok is men\u0151nek sz\u00e1m\u00edtanak. Ezek egy kis pluszt csemp\u00e9sznek a megjelen\u00e9sedbe, egyediek \u00e9s v\u00e1ratlanok \u00e9s a legjobb, hogy a modern \u00e9s a retr\u00f3 szettekkel is passzolnak.<\/p>\n<p><img loading=\"lazy\" decoding=\"async\" class=\"aligncenter wp-image-17437 size-full\" src=\"https:\/\/answear.cz\/blog\/wp-content\/uploads\/2020\/01\/5.jpg\" sizes=\"auto, (max-width: 920px) 100vw, 920px\" srcset=\"https:\/\/answear.cz\/blog\/wp-content\/uploads\/2020\/01\/5.jpg 920w, https:\/\/answear.cz\/blog\/wp-content\/uploads\/2020\/01\/5-300x90.jpg 300w, https:\/\/answear.cz\/blog\/wp-content\/uploads\/2020\/01\/5-768x230.jpg 768w, https:\/\/answear.cz\/blog\/wp-content\/uploads\/2020\/01\/5-620x185.jpg 620w\" alt=\"\" width=\"920\" height=\"275\" \/><\/p>\n<p style=\"text-align: center;\"><strong><a href=\"https:\/\/answear.hu\/p\/guess-jeans-kezitaska-233385\">GUESS JEANS<\/a>\u00a0\/\u00a0<a href=\"https:\/\/answear.hu\/p\/karl-lagerfeld-kezitaska-243969\">KARL LAGERFELD<\/a>\u00a0\/\u00a0<a href=\"https:\/\/answear.hu\/p\/kazar-studio-kezitaska-233084\">KAZAR STUDIO<\/a>\u00a0\/\u00a0<a href=\"https:\/\/answear.hu\/p\/tommy-hilfiger-kezitaska-236934\">TOMMY HILFIGER<\/a>\u00a0\/\u00a0<a href=\"https:\/\/answear.hu\/p\/pinko-bor-taska-243203\">PINKO<\/a><\/strong><\/p>\n<p><img loading=\"lazy\" decoding=\"async\" class=\"aligncenter wp-image-17438 size-full\" src=\"https:\/\/answear.cz\/blog\/wp-content\/uploads\/2020\/01\/6.jpg\" sizes=\"auto, (max-width: 920px) 100vw, 920px\" srcset=\"https:\/\/answear.cz\/blog\/wp-content\/uploads\/2020\/01\/6.jpg 920w, https:\/\/answear.cz\/blog\/wp-content\/uploads\/2020\/01\/6-300x249.jpg 300w, https:\/\/answear.cz\/blog\/wp-content\/uploads\/2020\/01\/6-768x639.jpg 768w, https:\/\/answear.cz\/blog\/wp-content\/uploads\/2020\/01\/6-620x516.jpg 620w\" alt=\"\" width=\"920\" height=\"765\" \/><\/p>\n","protected":false},"excerpt":{"rendered":"<p><span class=\"span-reading-time rt-reading-time\" style=\"display: block;\"><span class=\"rt-label rt-prefix\">Olvasd el, csak <\/span> <span class=\"rt-time\"> 3<\/span> <span class=\"rt-label rt-postfix\">perc<\/span><\/span>Hab\u00e1r az \u00fcnnepi id\u0151szaknak v\u00e9ge, a b\u00e1li szezon m\u00e9g csak most j\u00f6n. Ez mindig egy k\u00fcl\u00f6nleges peri\u00f3dus, telis -tele partikkal, esem\u00e9nyekkel, g\u00e1l\u00e1kkal, sz\u00f3val ha m\u00e9g nem szerezted be a megfelel\u0151 szettet, megk\u00f6nny\u00edtj\u00fck a v\u00e1laszt\u00e1sod.<\/p>\n","protected":false},"author":35,"featured_media":0,"comment_status":"closed","ping_status":"closed","sticky":false,"template":"","format":"standard","meta":{"footnotes":""},"categories":[686],"tags":[1491,1490,1489,1015,892,1584,1702,1061,1287],"class_list":["post-13844","post","type-post","status-publish","format-standard","hentry","category-trendek","tag-bali-divat","tag-bali-ruha","tag-bali-szezon","tag-cipo","tag-divat","tag-nadrag","tag-noi-trend","tag-taska","tag-trendek"],"_links":{"self":[{"href":"https:\/\/answear.hu\/blog\/wp-json\/wp\/v2\/posts\/13844","targetHints":{"allow":["GET"]}}],"collection":[{"href":"https:\/\/answear.hu\/blog\/wp-json\/wp\/v2\/posts"}],"about":[{"href":"https:\/\/answear.hu\/blog\/wp-json\/wp\/v2\/types\/post"}],"author":[{"embeddable":true,"href":"https:\/\/answear.hu\/blog\/wp-json\/wp\/v2\/users\/35"}],"replies":[{"embeddable":true,"href":"https:\/\/answear.hu\/blog\/wp-json\/wp\/v2\/comments?post=13844"}],"version-history":[{"count":4,"href":"https:\/\/answear.hu\/blog\/wp-json\/wp\/v2\/posts\/13844\/revisions"}],"predecessor-version":[{"id":14318,"href":"https:\/\/answear.hu\/blog\/wp-json\/wp\/v2\/posts\/13844\/revisions\/14318"}],"wp:attachment":[{"href":"https:\/\/answear.hu\/blog\/wp-json\/wp\/v2\/media?parent=13844"}],"wp:term":[{"taxonomy":"category","embeddable":true,"href":"https:\/\/answear.hu\/blog\/wp-json\/wp\/v2\/categories?post=13844"},{"taxonomy":"post_tag","embeddable":true,"href":"https:\/\/answear.hu\/blog\/wp-json\/wp\/v2\/tags?post=13844"}],"curies":[{"name":"wp","href":"https:\/\/api.w.org\/{rel}","templated":true}]}}