{"id":13825,"date":"2019-12-06T09:33:43","date_gmt":"2019-12-06T08:33:43","guid":{"rendered":"https:\/\/answear.hu\/blog\/?p=13825"},"modified":"2020-12-03T13:57:50","modified_gmt":"2020-12-03T12:57:50","slug":"karacsonyi-parti-divat-ruha-2019-szilveszteri-trend","status":"publish","type":"post","link":"https:\/\/answear.hu\/blog\/karacsonyi-parti-divat-ruha-2019-szilveszteri-trend\/13825","title":{"rendered":"Megmutatjuk a t\u00f6k\u00e9letes kar\u00e1csonyi szetteket \u2013 Minden st\u00edlushoz passzolnak"},"content":{"rendered":"<span class=\"span-reading-time rt-reading-time\" style=\"display: block;\"><span class=\"rt-label rt-prefix\">Olvasd el, csak <\/span> <span class=\"rt-time\"> 3<\/span> <span class=\"rt-label rt-postfix\">perc<\/span><\/span><header class=\"entry-header\">\n<p class=\"entry-title\"><strong>A december f\u0151leg a kar\u00e1csonyi bulikr\u00f3l, c\u00e9ges rendezv\u00e9nyekr\u0151l \u00e9s persze a szilveszterr\u0151l sz\u00f3l. Mindegy, hogy a csal\u00e1ddal, koll\u00e9g\u00e1kkal vagy bar\u00e1tokkal \u00fcnnepel\u00fcnk, ilyenkor megadjuk a m\u00f3dj\u00e1t \u00e9s szeret\u00fcnk csinosan megjelenni. Most divatos tippeket mutat stylistunk nektek, amikb\u0151l kider\u00fcl, milyen darabokban, szettekben lehetsz te a buli kir\u00e1lyn\u0151je.<\/strong><\/p>\n<p><!--more--><\/p>\n<p class=\"entry-title\"><img loading=\"lazy\" decoding=\"async\" class=\"aligncenter wp-image-17362 size-full\" src=\"https:\/\/answear.cz\/blog\/wp-content\/uploads\/2019\/12\/5.jpg\" sizes=\"auto, (max-width: 920px) 100vw, 920px\" srcset=\"https:\/\/answear.cz\/blog\/wp-content\/uploads\/2019\/12\/5.jpg 920w, https:\/\/answear.cz\/blog\/wp-content\/uploads\/2019\/12\/5-300x219.jpg 300w, https:\/\/answear.cz\/blog\/wp-content\/uploads\/2019\/12\/5-768x562.jpg 768w, https:\/\/answear.cz\/blog\/wp-content\/uploads\/2019\/12\/5-620x454.jpg 620w\" alt=\"\" width=\"920\" height=\"673\" \/><\/p>\n<\/header>\n<div class=\"entry-content\">\n<p><strong>A klasszikusok \u00fajragondolva<\/strong><\/p>\n<p>Egy feh\u00e9r ing, egy kab\u00e1tka \u00e9s egy eleg\u00e1ns nadr\u00e1g minden n\u0151 ruhat\u00e1r\u00e1ban alapdarab, de nem csak \u00fcnnepekkor ker\u00fcl el\u0151. Ennek ellen\u00e9re b\u00e1tran viselheted ezeket a cuccokat bulira vagy rendezv\u00e9nyre, de kicsit megbolond\u00edtva. Az unalmas megjelen\u00e9st most a sarokba \u00e1ll\u00edtjuk \u00e9s hely\u00e9be egy izgalmas szett l\u00e9p. Ez annyit takar, hogy modern kieg\u00e9sz\u00edt\u0151ket haszn\u00e1lunk \u00e9s j\u00e1tsszani fogunk a st\u00edlusokkal, anyagokkal. P\u00e9ld\u00e1ul az \u0151sszel k\u00f6zkedvelt kock\u00e1s dzseki szuper\u00fcl fog mutatni egy szat\u00e9n szokny\u00e1val vagy egy b\u0151rhat\u00e1s\u00fa nadr\u00e1ggal. Ezt feldobhatod m\u00e9g egy csipk\u00e9s vagy egy sima, k\u00f6nnyed anyag\u00fa bl\u00fazzal. Egy sima, feh\u00e9r ing is j\u00f3 v\u00e1laszt\u00e1s, ezt dobd fel egy men\u0151 hajp\u00e1nttal, egy masnis nyakl\u00e1nccal \u00e9s k\u00e9nyelmes cip\u0151vel \u2013 ilyen lehet egy minim\u00e1l beb\u00faj\u00f3s darab vagy egy cool sportcip\u0151.<\/p>\n<p><img loading=\"lazy\" decoding=\"async\" class=\"aligncenter wp-image-17359 size-full\" src=\"https:\/\/answear.cz\/blog\/wp-content\/uploads\/2019\/12\/2.jpg\" sizes=\"auto, (max-width: 920px) 100vw, 920px\" srcset=\"https:\/\/answear.cz\/blog\/wp-content\/uploads\/2019\/12\/2.jpg 920w, https:\/\/answear.cz\/blog\/wp-content\/uploads\/2019\/12\/2-300x91.jpg 300w, https:\/\/answear.cz\/blog\/wp-content\/uploads\/2019\/12\/2-768x232.jpg 768w, https:\/\/answear.cz\/blog\/wp-content\/uploads\/2019\/12\/2-620x187.jpg 620w\" alt=\"\" width=\"920\" height=\"278\" \/><\/p>\n<p style=\"text-align: center;\"><strong><a href=\"https:\/\/answear.hu\/p\/guess-jeans-nadrag-233531\">GUESS JEANS<\/a>\u00a0\/\u00a0<a href=\"https:\/\/answear.hu\/k\/noi?kateg%C3%B3ria=Bl%C3%BAzok+%C3%A9s+ingek&amp;sz%C3%ADn=fekete&amp;sort=relevance&amp;q=mango\">MANGO<\/a>\u00a0\/\u00a0<a href=\"https:\/\/answear.hu\/p\/medicine-ing-basic-217720\">MEDICINE<\/a>\u00a0\/\u00a0<a href=\"https:\/\/answear.hu\/p\/answear-szoknya-47904\">ANSWEAR<\/a>\u00a0\/\u00a0<a href=\"https:\/\/answear.hu\/p\/answear-kiskabat-228463\">ANSWEAR<\/a><\/strong><\/p>\n<p><strong>Ruha, minden alkalomra<\/strong><\/p>\n<p>Kar\u00e1csonyi parti ruha n\u00e9lk\u00fcl? Ha neked is \u00f6sszef\u00fcgg a kett\u0151, akkor j\u00f3 h\u00edr\u00fcnk van \u2013 a ruha sosem megy ki a divatb\u00f3l. Viszont van p\u00e1r \u00f6tlet\u00fcnk, hogy id\u00e9n miben lehetsz val\u00f3ban k\u00fcl\u00f6nleges. T\u00f6k\u00e9letes recept nincsen, sokminden a karatereden m\u00falik, a buli jelleg\u00e9n \u00e9s st\u00edlus\u00e1n, de a megfelel\u0151 ruh\u00e1ban nem lehet mell\u00e9l\u0151ni. De mit is \u00e9rt\u00fcnk megfelele\u0151 alatt? P\u00e9ld\u00e1ul egy piros csod\u00e1t, ami a szezon egyik vad\u00edt\u00f3 \u00e1rnyalata \u00e9s \u00fcnnepekkor el\u0151szeretettel viselj\u00fck. Belef\u00e9rnek a fofrok \u00e9s masnik de ha laz\u00e1bb darabra v\u00e1gysz, egy boh\u00f3 st\u00edlus\u00fa ruha is belef\u00e9rhet. \u00c9s ha nem piros, akkor? P\u00e9ld\u00e1ul a kis fekete most is h\u00f3d\u00edt, f\u0151leg, ha romantikus st\u00edlus\u00fa.<\/p>\n<p><img loading=\"lazy\" decoding=\"async\" class=\"aligncenter wp-image-17361 size-full\" src=\"https:\/\/answear.cz\/blog\/wp-content\/uploads\/2019\/12\/4.jpg\" sizes=\"auto, (max-width: 920px) 100vw, 920px\" srcset=\"https:\/\/answear.cz\/blog\/wp-content\/uploads\/2019\/12\/4.jpg 920w, https:\/\/answear.cz\/blog\/wp-content\/uploads\/2019\/12\/4-300x90.jpg 300w, https:\/\/answear.cz\/blog\/wp-content\/uploads\/2019\/12\/4-768x230.jpg 768w, https:\/\/answear.cz\/blog\/wp-content\/uploads\/2019\/12\/4-620x185.jpg 620w\" alt=\"\" width=\"920\" height=\"275\" \/><\/p>\n<p style=\"text-align: center;\"><strong><a href=\"https:\/\/answear.hu\/p\/silvian-heach-ruha-114112\">SILVIAN HEACH<\/a>\u00a0\/\u00a0<a href=\"https:\/\/answear.hu\/p\/answear-ruha-228422\">ANSWEAR<\/a>\u00a0\/\u00a0<a href=\"https:\/\/answear.hu\/p\/answear-ruha-231283\">ANSWEAR<\/a>\u00a0\/\u00a0<a href=\"https:\/\/answear.hu\/k\/noi?kateg%C3%B3ria=Ruh%C3%A1k+%C3%A9s+tunik%C3%A1k&amp;sort=popularity&amp;q=tally+weijl\">TALLY WEIJL<\/a>\u00a0\/\u00a0<a href=\"https:\/\/answear.hu\/p\/red-valentino-ruha-112657\">RED VALENTINO<\/a><\/strong><\/p>\n<p><img loading=\"lazy\" decoding=\"async\" class=\"aligncenter wp-image-17360 size-full\" src=\"https:\/\/answear.cz\/blog\/wp-content\/uploads\/2019\/12\/3.jpg\" sizes=\"auto, (max-width: 920px) 100vw, 920px\" srcset=\"https:\/\/answear.cz\/blog\/wp-content\/uploads\/2019\/12\/3.jpg 920w, https:\/\/answear.cz\/blog\/wp-content\/uploads\/2019\/12\/3-215x300.jpg 215w, https:\/\/answear.cz\/blog\/wp-content\/uploads\/2019\/12\/3-768x1071.jpg 768w, https:\/\/answear.cz\/blog\/wp-content\/uploads\/2019\/12\/3-734x1024.jpg 734w, https:\/\/answear.cz\/blog\/wp-content\/uploads\/2019\/12\/3-620x865.jpg 620w\" alt=\"\" width=\"920\" height=\"1283\" \/><\/p>\n<p><strong>A legjobb kieg\u00e9szit\u0151k minden mennyis\u00e9gben<\/strong><\/p>\n<p>A kieg\u00e9szit\u0151k, mint diszek a kar\u00e1csonyf\u00e1n, \u00fagy fogj\u00e1k megkoron\u00e1zni a megjelen\u00e9sedet. Ez\u00e9rt nem feledkezhetsz meg r\u00f3luk sosem! Az idei trendek a f\u00e9nyes, felt\u0171n\u0151 darabokr\u00f3l sz\u00f3lnak. Ezek mellett a k\u00fcl\u00f6nleges \u00e1rnyalatok is hangs\u00falyt kapnak \u2013 lehetnek visszafogottak vagy \u00e9l\u00e9nkek, b\u00e1rmi j\u00e1tszik id\u00e9n. Ami viszont fontos, hogy milyen anyagb\u00f3l k\u00e9sz\u00fclnek \u00e9s milyen form\u00e1j\u00faak. A diz\u00e1jner darabok men\u0151k \u00e9s \u00e9rt\u00e9k\u00e1ll\u00f3ak, fazon tekintet\u00e9ben pedig az egyedi t\u00e1sk\u00e1kat keresd. Az \u00e9kszerekr\u0151l se feledkezz meg \u2013 a gy\u00f6ngy\u00f6s darabok h\u00f3ditanak a szezonban, de az aranyszin\u0171 l\u00e1ncok, f\u00fclbeval\u00f3k, kark\u00f6t\u0151kkel sem l\u0151hetsz mell\u00e9.<\/p>\n<p><img loading=\"lazy\" decoding=\"async\" class=\"aligncenter wp-image-17364 size-full\" src=\"https:\/\/answear.cz\/blog\/wp-content\/uploads\/2019\/12\/6.jpg\" sizes=\"auto, (max-width: 920px) 100vw, 920px\" srcset=\"https:\/\/answear.cz\/blog\/wp-content\/uploads\/2019\/12\/6.jpg 920w, https:\/\/answear.cz\/blog\/wp-content\/uploads\/2019\/12\/6-300x90.jpg 300w, https:\/\/answear.cz\/blog\/wp-content\/uploads\/2019\/12\/6-768x230.jpg 768w, https:\/\/answear.cz\/blog\/wp-content\/uploads\/2019\/12\/6-620x185.jpg 620w\" alt=\"\" width=\"920\" height=\"275\" \/><\/p>\n<p style=\"text-align: center;\"><strong><a href=\"https:\/\/answear.hu\/p\/love-moschino-kezitaska-235327\">LOVE MOSCHINO<\/a>\u00a0\/\u00a0<a href=\"https:\/\/answear.hu\/p\/only-sal-98427\">ONLY<\/a>\u00a0\/\u00a0<a href=\"https:\/\/answear.hu\/p\/pieces-fulbevalo-91914\">PIECES<\/a>\u00a0\/\u00a0<a href=\"https:\/\/answear.hu\/p\/pinko-bor-ovtaska-236243\">PINKO<\/a>\u00a0\/\u00a0<a href=\"https:\/\/answear.hu\/p\/mango-fulbevalo-beatrice-168676\">MANGO<\/a><\/strong><\/p>\n<p><img loading=\"lazy\" decoding=\"async\" class=\"aligncenter wp-image-17365 size-full\" src=\"https:\/\/answear.cz\/blog\/wp-content\/uploads\/2019\/12\/7.jpg\" sizes=\"auto, (max-width: 920px) 100vw, 920px\" srcset=\"https:\/\/answear.cz\/blog\/wp-content\/uploads\/2019\/12\/7.jpg 920w, https:\/\/answear.cz\/blog\/wp-content\/uploads\/2019\/12\/7-300x222.jpg 300w, https:\/\/answear.cz\/blog\/wp-content\/uploads\/2019\/12\/7-768x568.jpg 768w, https:\/\/answear.cz\/blog\/wp-content\/uploads\/2019\/12\/7-620x459.jpg 620w\" alt=\"\" width=\"920\" height=\"681\" \/><\/p>\n<\/div>\n","protected":false},"excerpt":{"rendered":"<p><span class=\"span-reading-time rt-reading-time\" style=\"display: block;\"><span class=\"rt-label rt-prefix\">Olvasd el, csak <\/span> <span class=\"rt-time\"> 3<\/span> <span class=\"rt-label rt-postfix\">perc<\/span><\/span>A december f\u0151leg a kar\u00e1csonyi bulikr\u00f3l, c\u00e9ges rendezv\u00e9nyekr\u0151l \u00e9s persze a szilveszterr\u0151l sz\u00f3l. Mindegy, hogy a csal\u00e1ddal, koll\u00e9g\u00e1kkal vagy bar\u00e1tokkal \u00fcnnepel\u00fcnk, ilyenkor megadjuk a m\u00f3dj\u00e1t \u00e9s szeret\u00fcnk csinosan megjelenni. Most divatos tippeket mutat stylistunk nektek, amikb\u0151l kider\u00fcl, milyen darabokban, szettekben lehetsz te a buli kir\u00e1lyn\u0151je.<\/p>\n","protected":false},"author":35,"featured_media":0,"comment_status":"closed","ping_status":"closed","sticky":false,"template":"","format":"standard","meta":{"footnotes":""},"categories":[686],"tags":[1388,1639,1015,892,1693,1469,1638,1447,1584,1133,1061],"class_list":["post-13825","post","type-post","status-publish","format-standard","hentry","category-trendek","tag-barsony","tag-bluz","tag-cipo","tag-divat","tag-ekszer","tag-flitter","tag-ing","tag-karacsonyi-party","tag-nadrag","tag-ruha","tag-taska"],"_links":{"self":[{"href":"https:\/\/answear.hu\/blog\/wp-json\/wp\/v2\/posts\/13825","targetHints":{"allow":["GET"]}}],"collection":[{"href":"https:\/\/answear.hu\/blog\/wp-json\/wp\/v2\/posts"}],"about":[{"href":"https:\/\/answear.hu\/blog\/wp-json\/wp\/v2\/types\/post"}],"author":[{"embeddable":true,"href":"https:\/\/answear.hu\/blog\/wp-json\/wp\/v2\/users\/35"}],"replies":[{"embeddable":true,"href":"https:\/\/answear.hu\/blog\/wp-json\/wp\/v2\/comments?post=13825"}],"version-history":[{"count":3,"href":"https:\/\/answear.hu\/blog\/wp-json\/wp\/v2\/posts\/13825\/revisions"}],"predecessor-version":[{"id":14319,"href":"https:\/\/answear.hu\/blog\/wp-json\/wp\/v2\/posts\/13825\/revisions\/14319"}],"wp:attachment":[{"href":"https:\/\/answear.hu\/blog\/wp-json\/wp\/v2\/media?parent=13825"}],"wp:term":[{"taxonomy":"category","embeddable":true,"href":"https:\/\/answear.hu\/blog\/wp-json\/wp\/v2\/categories?post=13825"},{"taxonomy":"post_tag","embeddable":true,"href":"https:\/\/answear.hu\/blog\/wp-json\/wp\/v2\/tags?post=13825"}],"curies":[{"name":"wp","href":"https:\/\/api.w.org\/{rel}","templated":true}]}}