{"id":13807,"date":"2019-11-14T10:29:53","date_gmt":"2019-11-14T09:29:53","guid":{"rendered":"https:\/\/answear.hu\/blog\/?p=13807"},"modified":"2021-10-06T12:42:26","modified_gmt":"2021-10-06T10:42:26","slug":"parti-ruha-divat-szilveszter-karacsony-ajandek-kabat-kiegeszito","status":"publish","type":"post","link":"https:\/\/answear.hu\/blog\/parti-ruha-divat-szilveszter-karacsony-ajandek-kabat-kiegeszito\/13807","title":{"rendered":"Partiszezon! K\u00e9szen \u00e1llsz az \u00e9v leg\u0151r\u00fcltebb id\u0151szak\u00e1ra?"},"content":{"rendered":"<span class=\"span-reading-time rt-reading-time\" style=\"display: block;\"><span class=\"rt-label rt-prefix\">Olvasd el, csak <\/span> <span class=\"rt-time\"> 3<\/span> <span class=\"rt-label rt-postfix\">perc<\/span><\/span><p><strong>M\u00e9g az \u0151szi hideg sem zavar annyira most minket, hiszen lassan itt a partiszezon, az \u00e9v egyik kedvenc id\u0151szaka. Az \u00fcnnepek sorra k\u00f6vetik egym\u00e1st, a c\u00e9ges bulikr\u00f3l nem is besz\u00e9lve. Nem kell, hogy a t\u00f6k\u00e9lete szett beszerz\u00e9se ny\u0171g legyen, mi tudjuk a megold\u00e1st es seg\u00edt\u00fcnk is a megfelel\u0151 darabok megtal\u00e1l\u00e1s\u00e1ban.<\/strong><\/p>\n<p><!--more--><\/p>\n<p>Sokan bajban vannak, ha egy eleg\u00e1nsabb alkalomra vagy \u00fcnnepi esem\u00e9nyre, rendezv\u00e9nyre kell megtal\u00e1lniuk a t\u00f6k\u00e9letes szettet. Tippjeinkkel, \u00f6ssze\u00e1ll\u00edt\u00e1sainkkal inspir\u00e1ci\u00f3t ny\u00fajtunk, de a legv\u00e9g\u00e9n \u00fagyis az a legfontosabb, hogy j\u00f3l \u00e9rezd magad a kiv\u00e1lasztott darabban \u00e9s term\u00e9szetesen a b\u0151r\u00f6dben.<\/p>\n<p><img loading=\"lazy\" decoding=\"async\" class=\"alignnone size-full wp-image-26895\" src=\"https:\/\/answear.com\/blog\/wp-content\/uploads\/2019\/11\/1-1.jpg\" sizes=\"auto, (max-width: 920px) 100vw, 920px\" srcset=\"https:\/\/answear.com\/blog\/wp-content\/uploads\/2019\/11\/1-1.jpg 920w, https:\/\/answear.com\/blog\/wp-content\/uploads\/2019\/11\/1-1-572x440.jpg 572w, https:\/\/answear.com\/blog\/wp-content\/uploads\/2019\/11\/1-1-768x591.jpg 768w\" alt=\"\" width=\"920\" height=\"708\" \/><\/p>\n<p><strong>Hogyan ragyogj a partiban?<\/strong><\/p>\n<p>Nem sz\u00e1m\u00edt, hogy egy sz\u00f3rakoz\u00f3helyre vagy b\u00e1lba k\u00e9sz\u00fclsz \u2013 a farmer, pulcsi komb\u00f3 nem a legjobb v\u00e1laszt\u00e1s, ha partiszettr\u0151l besz\u00e9l\u00fcnk. Ugyanakkor, ha a k\u00e9nyelmes megold\u00e1sok h\u00edve vagy \u00e9s ugyanilyen darabokat viselsz a h\u00e9tk\u00f6znapokon is, k\u00f6nnyed\u00e9n megtal\u00e1lhatod az arany k\u00f6z\u00e9putat. Amire figyelned kell, az az anyagv\u00e1laszt\u00e1s. Ebben a szezonban a csilllog\u00e1s a men\u0151, ez\u00e9rt a szat\u00e9n \u00e9s b\u00e1rsony anyagok nagy hangs\u00falyt kapnak. Ne ijedj meg, nincs m\u00e1s dolgod, mint egy hasonl\u00f3 fels\u0151t beszerezni, ezt b\u00e1tran p\u00e1ros\u00edthatod visszafogottabb, klasszikus als\u00f3r\u00e9szekkel. S\u0151t, ha mel\u00f3b\u00f3l kell partira sietned, a nadr\u00e1g\/szoknya maradhat, a fels\u0151r\u00e9st pedig cser\u00e9ld le egy csillog\u00f3 bl\u00fazra.<\/p>\n<p><img loading=\"lazy\" decoding=\"async\" class=\"alignnone size-full wp-image-26896\" src=\"https:\/\/answear.com\/blog\/wp-content\/uploads\/2019\/11\/2-1.jpg\" sizes=\"auto, (max-width: 920px) 100vw, 920px\" srcset=\"https:\/\/answear.com\/blog\/wp-content\/uploads\/2019\/11\/2-1.jpg 920w, https:\/\/answear.com\/blog\/wp-content\/uploads\/2019\/11\/2-1-610x184.jpg 610w, https:\/\/answear.com\/blog\/wp-content\/uploads\/2019\/11\/2-1-768x232.jpg 768w, https:\/\/answear.com\/blog\/wp-content\/uploads\/2019\/11\/2-1-640x193.jpg 640w\" alt=\"\" width=\"920\" height=\"278\" \/><\/p>\n<p style=\"text-align: center;\"><a href=\"https:\/\/answear.hu\/p\/jacqueline-de-yong-felso-229096\" target=\"_blank\" rel=\"noopener noreferrer\">Jacqueline de Young<\/a>\u00a0\/\u00a0<a href=\"https:\/\/answear.hu\/p\/answear-felso-49782\" target=\"_blank\" rel=\"noopener noreferrer\">Answear<\/a>\u00a0\/\u00a0<a href=\"https:\/\/answear.hu\/p\/love-moschino-ing-73228\" target=\"_blank\" rel=\"noopener noreferrer\">Love Moschino<\/a>\u00a0\/\u00a0<a href=\"https:\/\/answear.hu\/k\/noi?sort=popularity&amp;q=liu+jo\" target=\"_blank\" rel=\"noopener noreferrer\">Liu Jo<\/a>\u00a0\/<a href=\"https:\/\/answear.hu\/p\/vila-felso-229093\" target=\"_blank\" rel=\"noopener noreferrer\">\u00a0Vila<\/a><\/p>\n<p><strong>Nadr\u00e1gban vagy szokny\u00e1ban?<\/strong><\/p>\n<p>Vagy tal\u00e1n ruh\u00e1ban? Az \u00f6r\u00f6k k\u00e9rd\u00e9s. Most b\u00e1rmelyiket v\u00e1laszthatod, csak rajtad m\u00falik. Ha unod a basic nadr\u00e1gokat, viselj cigaretta nadr\u00e1got vagy olyat, aminek sz\u00e9lesebb a sz\u00e1ra. Ezt sp\u00e9keld meg egy k\u00fcl\u00f6nleges anyag\u0151 kab\u00e1ttal \u00e1s az I-re majd a csipk\u00e9s, r\u00f6vid top vagy a fodros bl\u00faz teszi fel a pontot. Ez az \u00f6ssze\u00e1ll\u00edt\u00e1s p\u00e9ld\u00e1ul biztosan meg\u00e1llja a hely\u00e9t egy rendezv\u00e9nyen. Ha a szokny\u00e1kat kedveled, akkor a 2019\/2020-as szezonban k\u00e9t darabra kell f\u00f3kusz\u00e1lnod: a b\u0151r \u00e9s a szet\u00e9n midi verzi\u00f3kra. Mindkett\u0151 t\u00f6k\u00e9letes a h\u00e9tk\u00f6znapokon vagy esem\u00e9nyekre is. Nincs m\u00e1s dolgod, mint egy laza bl\u00fazzal vagy egy egyszer\u0171 toppal kombin\u00e1lnod.<\/p>\n<p><img loading=\"lazy\" decoding=\"async\" class=\"alignnone size-full wp-image-26897\" src=\"https:\/\/answear.com\/blog\/wp-content\/uploads\/2019\/11\/3-1.jpg\" sizes=\"auto, (max-width: 920px) 100vw, 920px\" srcset=\"https:\/\/answear.com\/blog\/wp-content\/uploads\/2019\/11\/3-1.jpg 920w, https:\/\/answear.com\/blog\/wp-content\/uploads\/2019\/11\/3-1-610x184.jpg 610w, https:\/\/answear.com\/blog\/wp-content\/uploads\/2019\/11\/3-1-768x231.jpg 768w, https:\/\/answear.com\/blog\/wp-content\/uploads\/2019\/11\/3-1-640x193.jpg 640w\" alt=\"\" width=\"920\" height=\"277\" \/><\/p>\n<p style=\"text-align: center;\"><a href=\"https:\/\/answear.hu\/p\/vero-moda-nadrag-140430\" target=\"_blank\" rel=\"noopener noreferrer\">Vero Moda<\/a>\u00a0\/\u00a0<a href=\"https:\/\/answear.hu\/p\/answear-szoknya-50401\" target=\"_blank\" rel=\"noopener noreferrer\">Answear<\/a>\u00a0\/<a href=\"https:\/\/answear.hu\/p\/pinko-szoknya-94101\" target=\"_blank\" rel=\"noopener noreferrer\">\u00a0Pinko<\/a>\u00a0\/<a href=\"https:\/\/answear.hu\/p\/jacqueline-de-yong-nadrag-68388\" target=\"_blank\" rel=\"noopener noreferrer\">\u00a0Jacqueline de Young<\/a>\u00a0\/\u00a0<a href=\"https:\/\/answear.hu\/p\/medicine-szoknya-acid-bouquet-222683\" target=\"_blank\" rel=\"noopener noreferrer\">Medicine<\/a><\/p>\n<p><img loading=\"lazy\" decoding=\"async\" class=\"alignnone size-full wp-image-26898\" src=\"https:\/\/answear.com\/blog\/wp-content\/uploads\/2019\/11\/4-1.jpg\" sizes=\"auto, (max-width: 920px) 100vw, 920px\" srcset=\"https:\/\/answear.com\/blog\/wp-content\/uploads\/2019\/11\/4-1.jpg 920w, https:\/\/answear.com\/blog\/wp-content\/uploads\/2019\/11\/4-1-296x440.jpg 296w, https:\/\/answear.com\/blog\/wp-content\/uploads\/2019\/11\/4-1-768x1142.jpg 768w\" alt=\"\" width=\"920\" height=\"1368\" \/><\/p>\n<p>Ha egy kicsit meg\u0151r\u00fcln\u00e9l, a ruha a megfelel\u0151 v\u00e1laszt\u00e1s sz\u00e1modra. A szezon sl\u00e1gere a \u2018slip\u2019 vagyis beb\u00faj\u00f3s ruha m\u00e9ghozz\u00e1 az \u00f6tvenes \u00e9vek st\u00edlus\u00e1ban. Vir\u00e1gmint\u00e1s, t\u00fcll\u00f6s, csipk\u00e9s \u2013 ezek a r\u00e9szletek mind d\u00edsz\u00edthetik a slip ruh\u00e1t id\u00e9n. Rengeteg lehet\u0151s\u00e9g van a kezedben, b\u00e1tran mutasd meg st\u00edlusod, ha m\u00e1r az iroda falain kereszt\u00fcl ezt nem mindig lehet, t\u00fcnd\u00f6k\u00f6lj a c\u00e9ges partin.<\/p>\n<p><img loading=\"lazy\" decoding=\"async\" class=\"alignnone size-full wp-image-26899\" src=\"https:\/\/answear.com\/blog\/wp-content\/uploads\/2019\/11\/5-1.jpg\" sizes=\"auto, (max-width: 920px) 100vw, 920px\" srcset=\"https:\/\/answear.com\/blog\/wp-content\/uploads\/2019\/11\/5-1.jpg 920w, https:\/\/answear.com\/blog\/wp-content\/uploads\/2019\/11\/5-1-610x184.jpg 610w, https:\/\/answear.com\/blog\/wp-content\/uploads\/2019\/11\/5-1-768x232.jpg 768w, https:\/\/answear.com\/blog\/wp-content\/uploads\/2019\/11\/5-1-640x193.jpg 640w\" alt=\"\" width=\"920\" height=\"278\" \/><\/p>\n<p style=\"text-align: center;\"><a href=\"https:\/\/answear.hu\/p\/answear-ruha-49144\" target=\"_blank\" rel=\"noopener noreferrer\">Answear<\/a>\u00a0\/\u00a0<a href=\"https:\/\/answear.hu\/p\/medicine-ruha-acid-bouquet-222729\" target=\"_blank\" rel=\"noopener noreferrer\">Medicine<\/a>\u00a0\/\u00a0<a href=\"https:\/\/answear.hu\/p\/guess-jeans-ruha-76263\" target=\"_blank\" rel=\"noopener noreferrer\">Guess Jeans<\/a>\u00a0\/\u00a0<a href=\"https:\/\/answear.hu\/p\/vero-moda-ruha-229277\" target=\"_blank\" rel=\"noopener noreferrer\">Vero Moda<\/a>\u00a0\/\u00a0<a href=\"https:\/\/answear.hu\/k\/noi?kateg%C3%B3ria=Ruh%C3%A1k+%C3%A9s+tunik%C3%A1k&amp;sort=popularity&amp;q=liu+jo\" target=\"_blank\" rel=\"noopener noreferrer\">Liu Jo<\/a><\/p>\n<p><strong>Parti kieg\u00e9sz\u00edt\u0151k<\/strong><\/p>\n<p>Ne felejts\u00fck el, hogy egy szett sem lehet t\u00f6k\u00e9letes a megfelel\u0151 kieg\u00e9sz\u00edt\u0151k n\u00e9lk\u00fcl. A legels\u0151 l\u00e9p\u00e9s a t\u00e1ska kiv\u00e1last\u00e1sa, ez ad majd karaktert a szettednek. Id\u00e9n az \u00e1llatb\u0151rmint\u00e1s (pl. krokodil) t\u00e1ska hatalmas siker, mi ezt javasoljuk. \u00c9kszerek ter\u00e9n a hossz\u00fa nyakl\u00e1ncok, a divatos csatok \u00e9s a f\u00fcgg\u0151s kark\u00f6t\u0151k a kedvencek. A cip\u0151r\u0151l se feledkezz meg. A klasszikus verzi\u00f3k mindig j\u00f6hetnek, de ha a szetted valami egyedi darabot is elb\u00edr, akkor a b\u00e1rsony vagy a lakk verzi\u00f3k k\u00f6z\u00fcl v\u00e1logass. A d\u00edsz\u00edt\u00e9sek ter\u00e9n az \u00e1llatminta toppon van, de v\u00e1laszthatsz olyat, amin szegecsek, csill\u00e1gmok vagy m\u00e1s r\u00e9szletek jelennek meg.<\/p>\n<p><img loading=\"lazy\" decoding=\"async\" class=\"alignnone size-full wp-image-26900\" src=\"https:\/\/answear.com\/blog\/wp-content\/uploads\/2019\/11\/6-1.jpg\" sizes=\"auto, (max-width: 920px) 100vw, 920px\" srcset=\"https:\/\/answear.com\/blog\/wp-content\/uploads\/2019\/11\/6-1.jpg 920w, https:\/\/answear.com\/blog\/wp-content\/uploads\/2019\/11\/6-1-610x185.jpg 610w, https:\/\/answear.com\/blog\/wp-content\/uploads\/2019\/11\/6-1-768x233.jpg 768w, https:\/\/answear.com\/blog\/wp-content\/uploads\/2019\/11\/6-1-640x194.jpg 640w\" alt=\"\" width=\"920\" height=\"279\" \/><\/p>\n<p style=\"text-align: center;\"><a href=\"https:\/\/answear.hu\/p\/answear-kezitaska-45516\" target=\"_blank\" rel=\"noopener noreferrer\">Answear<\/a>\u00a0\/<a href=\"https:\/\/answear.hu\/p\/kazar-studio-bokacsizma-229868\" target=\"_blank\" rel=\"noopener noreferrer\">\u00a0Kazar Studio<\/a>\u00a0\/\u00a0<a href=\"https:\/\/answear.hu\/p\/fossil-karperec-225692\" target=\"_blank\" rel=\"noopener noreferrer\">Fossil<\/a>\u00a0\/\u00a0<a href=\"https:\/\/answear.hu\/p\/patrizia-pepe-bor-ovtaska-100867\" target=\"_blank\" rel=\"noopener noreferrer\">Patrizia Pepe<\/a>\u00a0\/<a href=\"https:\/\/answear.hu\/p\/stuart-weitzman-bokacsizma-wren-95-221443\" target=\"_blank\" rel=\"noopener noreferrer\">\u00a0Stuart Weitzman<\/a><\/p>\n<p><img loading=\"lazy\" decoding=\"async\" class=\"alignnone size-full wp-image-26901\" src=\"https:\/\/answear.com\/blog\/wp-content\/uploads\/2019\/11\/7.jpg\" sizes=\"auto, (max-width: 920px) 100vw, 920px\" srcset=\"https:\/\/answear.com\/blog\/wp-content\/uploads\/2019\/11\/7.jpg 920w, https:\/\/answear.com\/blog\/wp-content\/uploads\/2019\/11\/7-536x440.jpg 536w, https:\/\/answear.com\/blog\/wp-content\/uploads\/2019\/11\/7-768x630.jpg 768w\" alt=\"\" width=\"920\" height=\"755\" \/><\/p>\n","protected":false},"excerpt":{"rendered":"<p><span class=\"span-reading-time rt-reading-time\" style=\"display: block;\"><span class=\"rt-label rt-prefix\">Olvasd el, csak <\/span> <span class=\"rt-time\"> 3<\/span> <span class=\"rt-label rt-postfix\">perc<\/span><\/span>M\u00e9g az \u0151szi hideg sem zavar annyira most minket, hiszen lassan itt a partiszezon, az \u00e9v egyik kedvenc id\u0151szaka. Az \u00fcnnepek sorra k\u00f6vetik egym\u00e1st, a c\u00e9ges bulikr\u00f3l nem is besz\u00e9lve. Nem kell, hogy a t\u00f6k\u00e9lete szett beszerz\u00e9se ny\u0171g legyen, mi tudjuk a megold\u00e1st es seg\u00edt\u00fcnk is a megfelel\u0151 darabok megtal\u00e1l\u00e1s\u00e1ban.<\/p>\n","protected":false},"author":35,"featured_media":14171,"comment_status":"closed","ping_status":"closed","sticky":false,"template":"","format":"standard","meta":{"footnotes":""},"categories":[686],"tags":[749,1624,1388,1015,1687,1682,892,1690,1691,1419,1689,1414,1688,1133,1459],"class_list":["post-13807","post","type-post","status-publish","format-standard","has-post-thumbnail","hentry","category-trendek","tag-trend","tag-2019-oszi-teli-divat","tag-barsony","tag-cipo","tag-csipke","tag-csipkeruha","tag-divat","tag-gyongy","tag-hajcsat","tag-kabat","tag-karkoto","tag-kiegeszito","tag-nzaklanc","tag-ruha","tag-szilveszter"],"_links":{"self":[{"href":"https:\/\/answear.hu\/blog\/wp-json\/wp\/v2\/posts\/13807","targetHints":{"allow":["GET"]}}],"collection":[{"href":"https:\/\/answear.hu\/blog\/wp-json\/wp\/v2\/posts"}],"about":[{"href":"https:\/\/answear.hu\/blog\/wp-json\/wp\/v2\/types\/post"}],"author":[{"embeddable":true,"href":"https:\/\/answear.hu\/blog\/wp-json\/wp\/v2\/users\/35"}],"replies":[{"embeddable":true,"href":"https:\/\/answear.hu\/blog\/wp-json\/wp\/v2\/comments?post=13807"}],"version-history":[{"count":3,"href":"https:\/\/answear.hu\/blog\/wp-json\/wp\/v2\/posts\/13807\/revisions"}],"predecessor-version":[{"id":14234,"href":"https:\/\/answear.hu\/blog\/wp-json\/wp\/v2\/posts\/13807\/revisions\/14234"}],"wp:featuredmedia":[{"embeddable":true,"href":"https:\/\/answear.hu\/blog\/wp-json\/wp\/v2\/media\/14171"}],"wp:attachment":[{"href":"https:\/\/answear.hu\/blog\/wp-json\/wp\/v2\/media?parent=13807"}],"wp:term":[{"taxonomy":"category","embeddable":true,"href":"https:\/\/answear.hu\/blog\/wp-json\/wp\/v2\/categories?post=13807"},{"taxonomy":"post_tag","embeddable":true,"href":"https:\/\/answear.hu\/blog\/wp-json\/wp\/v2\/tags?post=13807"}],"curies":[{"name":"wp","href":"https:\/\/api.w.org\/{rel}","templated":true}]}}