{"id":13790,"date":"2019-11-05T17:23:13","date_gmt":"2019-11-05T16:23:13","guid":{"rendered":"https:\/\/answear.hu\/blog\/?p=13790"},"modified":"2021-10-06T12:42:34","modified_gmt":"2021-10-06T10:42:34","slug":"teli-trendek-kabat-trend-ruha-divat-webaruhaz","status":"publish","type":"post","link":"https:\/\/answear.hu\/blog\/teli-trendek-kabat-trend-ruha-divat-webaruhaz\/13790","title":{"rendered":"A t\u00f6k\u00e9letes v\u00e1laszt\u00e1s: Pr\u00e9mium t\u00e9li trendek"},"content":{"rendered":"<span class=\"span-reading-time rt-reading-time\" style=\"display: block;\"><span class=\"rt-label rt-prefix\">Olvasd el, csak <\/span> <span class=\"rt-time\"> 3<\/span> <span class=\"rt-label rt-postfix\">perc<\/span><\/span><p><strong>Id\u00e9n t\u00e9len kin\u00e9zhetsz j\u00f3l vagy szenz\u00e1ci\u00f3san. <\/strong><strong>N\u00e1lunk rengeteg pr\u00e9mium m\u00e1rk\u00e1t tal\u00e1lsz egy kattint\u00e1snyira, sz\u00f3val minden adott, hogy tet\u0151t\u0151l-talpig divatos l\u00e9gy.<\/strong><\/p>\n<p><!--more--><\/p>\n<p><a href=\"https:\/\/answear.ua\/blog\/modna-zyma-2019-2020\/21761\"><img loading=\"lazy\" decoding=\"async\" class=\"alignnone wp-image-21781 size-full\" src=\"https:\/\/answear.ua\/blog\/wp-content\/uploads\/2019\/11\/cover_ua.jpg\" sizes=\"auto, (max-width: 900px) 100vw, 900px\" srcset=\"https:\/\/answear.ua\/blog\/wp-content\/uploads\/2019\/11\/cover_ua.jpg 900w, https:\/\/answear.ua\/blog\/wp-content\/uploads\/2019\/11\/cover_ua-300x200.jpg 300w, https:\/\/answear.ua\/blog\/wp-content\/uploads\/2019\/11\/cover_ua-768x512.jpg 768w, https:\/\/answear.ua\/blog\/wp-content\/uploads\/2019\/11\/cover_ua-620x413.jpg 620w\" alt=\"modna-zyma-2019-2020\" width=\"900\" height=\"600\" \/><\/a><\/p>\n<p>&nbsp;<\/p>\n<p><strong>Felt\u0171n\u0151 kab\u00e1tok<\/strong><\/p>\n<p>Kezdj\u00fck a kab\u00e1tokkal. Id\u00e9n musz\u00e1j egy olyan darabot beszerezned, amit m\u00e1r j\u00f3 meszsir\u0151l ki lehet sz\u00farni. Az, hogy ez konkr\u00e9ten milyen darab, az m\u00e1r csak rajtad m\u00falik. V\u00e1laszthatsz sz\u0151rm\u00e9t, amib\u0151l rengeteg fazon \u00e9s stilus a rendelkez\u00e9sedre \u00e1ll a szezonban, de leteheted a voksod egy steppelt dzseki mellett is, aminek a r\u00e9szletei felt\u0171n\u0151ek. Ha a felt\u0171n\u0151 r\u00e9szletek \u00e9s anyagok nem neked val\u00f3ak, menj r\u00e1 a log\u00f3s darabokra \u00e9s a f\u00e9mes hat\u00e1sra vagy v\u00e1lassz kock\u00e1s mint\u00e1t, amivel id\u00e9n t\u00e9len szint\u00e9n nem lehet mell\u00e9l\u0151ni.<\/p>\n<p><img loading=\"lazy\" decoding=\"async\" class=\"alignnone wp-image-21774 size-full\" src=\"https:\/\/answear.ua\/blog\/wp-content\/uploads\/2019\/11\/Untitled-collage-4.jpg\" sizes=\"auto, (max-width: 920px) 100vw, 920px\" srcset=\"https:\/\/answear.ua\/blog\/wp-content\/uploads\/2019\/11\/Untitled-collage-4.jpg 920w, https:\/\/answear.ua\/blog\/wp-content\/uploads\/2019\/11\/Untitled-collage-4-300x91.jpg 300w, https:\/\/answear.ua\/blog\/wp-content\/uploads\/2019\/11\/Untitled-collage-4-768x232.jpg 768w, https:\/\/answear.ua\/blog\/wp-content\/uploads\/2019\/11\/Untitled-collage-4-620x187.jpg 620w\" alt=\"modna-zyma-2019-2020\" width=\"920\" height=\"278\" \/><\/p>\n<p style=\"text-align: center;\"><strong><a href=\"https:\/\/answear.hu\/p\/pepe-jeans-rovid-kabat-108333\" target=\"_blank\" rel=\"noopener noreferrer\">Pepe Jeans<\/a>\u00a0 |\u00a0\u00a0<a href=\"https:\/\/answear.hu\/p\/mango-rovid-kabat-due-168026\" target=\"_blank\" rel=\"noopener noreferrer\">Mango<\/a>\u00a0 |\u00a0\u00a0<a href=\"https:\/\/answear.hu\/p\/tally-weijl-kabat-225197\" target=\"_blank\" rel=\"noopener noreferrer\">Tally Weijl<\/a>\u00a0 |\u00a0\u00a0<a href=\"https:\/\/answear.hu\/p\/noisy-may-kabat-228498\" target=\"_blank\" rel=\"noopener noreferrer\">Noisy May<\/a>\u00a0 |\u00a0\u00a0<a href=\"https:\/\/answear.hu\/p\/ellesse-rovid-kabat-43065\" target=\"_blank\" rel=\"noopener noreferrer\">Ellesse<\/a><\/strong><\/p>\n<p><strong>Ruh\u00e1k<\/strong><\/p>\n<p>Ha a kab\u00e1t megvan, ki kell tal\u00e1lni, hogy mit vesz\u00fcnk al\u00e1. Rengeteg lehet\u0151s\u00e9ged van, mi most a ruh\u00e1t emelj\u00fck ki. Hogy mi\u00e9rt ezt a darabot? Mert lassan itt vannak az \u00fcnnepek \u00e9s a kar\u00e1csoniy partik id\u0151szaka, a szilveszterr\u0151l nem is besz\u00e9lve. Ezen aprop\u00f3k kapcs\u00e1n a szezon ruh\u00e1i csillognak \u00e9s felt\u0171n\u0151ek. Flitterek, f\u00e9nyes anyagok, csipke, szet\u00e9n, b\u00e1rsony, tollak, fodrok \u00e9s m\u00e9g folytathatn\u00e1nk. Patrikra t\u00f6k\u00e9letesek, de mi van akkor ha valami klasszikusabbat keresel? Ezek k\u00f6z\u00fcl sim\u00e9n megtal\u00e1lod, hiszen a fodros, csipk\u00e9s darabok p\u00e9ld\u00e1ul a h\u00e9tk\u00f6znapokon is meg\u00e1llj\u00e1k a hely\u00fcket, igy k\u00e9t legyet \u00fcthetsz egy csap\u00e1sra.<\/p>\n<p><img loading=\"lazy\" decoding=\"async\" class=\"alignnone wp-image-21769 size-full\" src=\"https:\/\/answear.ua\/blog\/wp-content\/uploads\/2019\/11\/Untitled-collage-2.jpg\" sizes=\"auto, (max-width: 920px) 100vw, 920px\" srcset=\"https:\/\/answear.ua\/blog\/wp-content\/uploads\/2019\/11\/Untitled-collage-2.jpg 920w, https:\/\/answear.ua\/blog\/wp-content\/uploads\/2019\/11\/Untitled-collage-2-300x91.jpg 300w, https:\/\/answear.ua\/blog\/wp-content\/uploads\/2019\/11\/Untitled-collage-2-768x232.jpg 768w, https:\/\/answear.ua\/blog\/wp-content\/uploads\/2019\/11\/Untitled-collage-2-620x187.jpg 620w\" alt=\"modna-zyma-2019-2020\" width=\"920\" height=\"278\" \/><\/p>\n<p style=\"text-align: center;\"><strong><a href=\"https:\/\/answear.hu\/p\/noisy-may-ruha-88243\" target=\"_blank\" rel=\"noopener noreferrer\">Noisy May<\/a>\u00a0 |\u00a0\u00a0<a href=\"https:\/\/answear.hu\/p\/desigual-ruha-39474\" target=\"_blank\" rel=\"noopener noreferrer\">Desigual<\/a>\u00a0 |\u00a0\u00a0<a href=\"https:\/\/answear.hu\/p\/answear-ruha-47636\" target=\"_blank\" rel=\"noopener noreferrer\">Answear<\/a>\u00a0 |\u00a0\u00a0<a href=\"https:\/\/answear.hu\/p\/answear-ruha-49147\" target=\"_blank\" rel=\"noopener noreferrer\">Desigual<\/a>\u00a0 |\u00a0\u00a0<a href=\"https:\/\/answear.ua\/1872952-answear-platye.html\" target=\"_blank\" rel=\"noopener noreferrer\">Answear<\/a><\/strong><\/p>\n<p><img loading=\"lazy\" decoding=\"async\" class=\"alignnone wp-image-21782 size-full\" src=\"https:\/\/answear.ua\/blog\/wp-content\/uploads\/2019\/11\/4.jpg\" sizes=\"auto, (max-width: 920px) 100vw, 920px\" srcset=\"https:\/\/answear.ua\/blog\/wp-content\/uploads\/2019\/11\/4.jpg 920w, https:\/\/answear.ua\/blog\/wp-content\/uploads\/2019\/11\/4-300x239.jpg 300w, https:\/\/answear.ua\/blog\/wp-content\/uploads\/2019\/11\/4-768x611.jpg 768w, https:\/\/answear.ua\/blog\/wp-content\/uploads\/2019\/11\/4-620x493.jpg 620w\" alt=\"modna-zyma-2019-2020\" width=\"920\" height=\"732\" \/><\/p>\n<p><strong>M\u00e1sodik b\u0151r<\/strong><\/p>\n<p>Nem mindenki szereti a l\u00e9gies ruh\u00e1kat. Azoknak, akik valami k\u00fcl\u00f6nlegesre \u00e9s extr\u00e9mre v\u00e1gynak, j\u00f3 hir\u00fcnk van \u2013 a b\u0151rhat\u00e1s\u00fa darabok bombak\u00e9nt robbanak be a szezonba. Van \u00e9let a klasszikus b\u0151rkab\u00e1tokon \u00e9s fels\u0151k\u00f6n kiv\u00fck is: v\u00e1lassz b\u0151rszokny\u00e1t, b\u0151rnadr\u00e1got, vagy b\u0151rruh\u00e1t id\u00e9n. A b\u0151rhat\u00e1s\u00fa cuccokat k\u00fcl\u00f6n-k\u00fcl\u00f6n is viselheted \u2013 p\u00e9ld\u00e1ul finomk\u00f6t\u00f6tt pulcsikkal vagy farmerrel t\u00f6k j\u00f3l mutatnak &#8211; \u00a0de egym\u00e1ssal viselve m\u00e9g \u00fct\u0151ssebbek.<\/p>\n<p><img loading=\"lazy\" decoding=\"async\" class=\"alignnone wp-image-21767 size-full\" src=\"https:\/\/answear.ua\/blog\/wp-content\/uploads\/2019\/11\/Untitled-collage-1.jpg\" sizes=\"auto, (max-width: 920px) 100vw, 920px\" srcset=\"https:\/\/answear.ua\/blog\/wp-content\/uploads\/2019\/11\/Untitled-collage-1.jpg 920w, https:\/\/answear.ua\/blog\/wp-content\/uploads\/2019\/11\/Untitled-collage-1-300x91.jpg 300w, https:\/\/answear.ua\/blog\/wp-content\/uploads\/2019\/11\/Untitled-collage-1-768x232.jpg 768w, https:\/\/answear.ua\/blog\/wp-content\/uploads\/2019\/11\/Untitled-collage-1-620x187.jpg 620w\" alt=\"modna-zyma-2019-2020\" width=\"920\" height=\"278\" \/><\/p>\n<p style=\"text-align: center;\"><strong><a href=\"https:\/\/answear.hu\/p\/morgan-nadrag-224901\" target=\"_blank\" rel=\"noopener noreferrer\">Morgan<\/a>\u00a0 |\u00a0 <a href=\"https:\/\/answear.hu\/p\/morgan-szoknya-82106\" target=\"_blank\" rel=\"noopener noreferrer\">Morgan<\/a>\u00a0 |\u00a0 <a href=\"https:\/\/answear.hu\/p\/guess-jeans-szoknya-74284\" target=\"_blank\" rel=\"noopener noreferrer\">Guess Jeans<\/a>\u00a0 |\u00a0<a href=\"https:\/\/answear.hu\/p\/armani-exchange-ruha-8983\" target=\"_blank\" rel=\"noopener noreferrer\">Armani Exchange<\/a>\u00a0 |\u00a0 \u00a0<\/strong><strong><a href=\"https:\/\/answear.hu\/p\/morgan-dzseki-82189\" target=\"_blank\" rel=\"noopener noreferrer\">Morgan<\/a><\/strong><\/p>\n<p><strong>T\u00e9li cip\u0151k<\/strong><\/p>\n<p>Ha megvan a t\u00f6k\u00e9letes szett, m\u00e1r csak a t\u00f6k\u00e9letes cip\u0151t kell megtal\u00e1lnod. A szezont nagy meglepet\u00e9sre a cowboy-csizm\u00e1k uralj\u00e1k, ezt Alberta Ferretti \u00e9s Louis Vuitton bemutat\u00f3j\u00e1n is l\u00e1thattuk. \u00a0Ezek a verzi\u00f3k extravag\u00e1nsak \u00e9s felt\u0171n\u0151ek, f\u0151leg ha pl. allig\u00e1torb\u0151r minta van rajta. Ha ezek a trendi darabok nem gy\u0151ztek meg, sz\u00e1mtalan fazon v\u00e1r r\u00e1d az idei t\u00e9len.<\/p>\n<p><img loading=\"lazy\" decoding=\"async\" class=\"alignnone wp-image-21772 size-full\" src=\"https:\/\/answear.ua\/blog\/wp-content\/uploads\/2019\/11\/Untitled-collage-3.jpg\" sizes=\"auto, (max-width: 920px) 100vw, 920px\" srcset=\"https:\/\/answear.ua\/blog\/wp-content\/uploads\/2019\/11\/Untitled-collage-3.jpg 920w, https:\/\/answear.ua\/blog\/wp-content\/uploads\/2019\/11\/Untitled-collage-3-300x91.jpg 300w, https:\/\/answear.ua\/blog\/wp-content\/uploads\/2019\/11\/Untitled-collage-3-768x232.jpg 768w, https:\/\/answear.ua\/blog\/wp-content\/uploads\/2019\/11\/Untitled-collage-3-620x187.jpg 620w\" alt=\"modna-zyma-2019-2020\" width=\"920\" height=\"278\" \/><\/p>\n<p style=\"text-align: center;\"><strong><a href=\"https:\/\/answear.hu\/p\/tamaris-bokacsizma-123052\" target=\"_blank\" rel=\"noopener noreferrer\">Tamaris<\/a>\u00a0 |\u00a0\u00a0<a href=\"https:\/\/answear.hu\/p\/vagabond-bokacsizma-emily-218387\" target=\"_blank\" rel=\"noopener noreferrer\">Vagabond<\/a>\u00a0 |\u00a0\u00a0<a href=\"https:\/\/answear.hu\/k\/noi?kateg%C3%B3ria=Csizm%C3%A1k+%C3%A9s+bokacsizm%C3%A1k&amp;sz%C3%ADn=fekete&amp;sort=relevance&amp;q=kazar+studio\" target=\"_blank\" rel=\"noopener noreferrer\">Kazar Studio<\/a>\u00a0 |\u00a0\u00a0<a href=\"https:\/\/answear.hu\/p\/emu-australia-bokacsizma-41981\" target=\"_blank\" rel=\"noopener noreferrer\">Emu Australia<\/a>\u00a0 |\u00a0\u00a0<a href=\"https:\/\/answear.hu\/p\/mustang-bokacsizma-83403\" target=\"_blank\" rel=\"noopener noreferrer\">Mustang<\/a><\/strong><\/p>\n","protected":false},"excerpt":{"rendered":"<p><span class=\"span-reading-time rt-reading-time\" style=\"display: block;\"><span class=\"rt-label rt-prefix\">Olvasd el, csak <\/span> <span class=\"rt-time\"> 3<\/span> <span class=\"rt-label rt-postfix\">perc<\/span><\/span>Id\u00e9n t\u00e9len kin\u00e9zhetsz j\u00f3l vagy szenz\u00e1ci\u00f3san. N\u00e1lunk rengeteg pr\u00e9mium m\u00e1rk\u00e1t tal\u00e1lsz egy kattint\u00e1snyira, sz\u00f3val minden adott, hogy tet\u0151t\u0151l-talpig divatos l\u00e9gy.<\/p>\n","protected":false},"author":35,"featured_media":14172,"comment_status":"closed","ping_status":"closed","sticky":false,"template":"","format":"standard","meta":{"footnotes":""},"categories":[686],"tags":[1063,1685,1686,1683,1682,1390,892,1469,1419,967,1133,1459,1684,1662,1681],"class_list":["post-13790","post","type-post","status-publish","format-standard","has-post-thumbnail","hentry","category-trendek","tag-bor","tag-borkabat","tag-borszoknya","tag-cowboy-csizma","tag-csipkeruha","tag-csizma","tag-divat","tag-flitter","tag-kabat","tag-karacsony","tag-ruha","tag-szilveszter","tag-szormekabat","tag-teddy-kabat","tag-teli-trendek"],"_links":{"self":[{"href":"https:\/\/answear.hu\/blog\/wp-json\/wp\/v2\/posts\/13790","targetHints":{"allow":["GET"]}}],"collection":[{"href":"https:\/\/answear.hu\/blog\/wp-json\/wp\/v2\/posts"}],"about":[{"href":"https:\/\/answear.hu\/blog\/wp-json\/wp\/v2\/types\/post"}],"author":[{"embeddable":true,"href":"https:\/\/answear.hu\/blog\/wp-json\/wp\/v2\/users\/35"}],"replies":[{"embeddable":true,"href":"https:\/\/answear.hu\/blog\/wp-json\/wp\/v2\/comments?post=13790"}],"version-history":[{"count":3,"href":"https:\/\/answear.hu\/blog\/wp-json\/wp\/v2\/posts\/13790\/revisions"}],"predecessor-version":[{"id":14236,"href":"https:\/\/answear.hu\/blog\/wp-json\/wp\/v2\/posts\/13790\/revisions\/14236"}],"wp:featuredmedia":[{"embeddable":true,"href":"https:\/\/answear.hu\/blog\/wp-json\/wp\/v2\/media\/14172"}],"wp:attachment":[{"href":"https:\/\/answear.hu\/blog\/wp-json\/wp\/v2\/media?parent=13790"}],"wp:term":[{"taxonomy":"category","embeddable":true,"href":"https:\/\/answear.hu\/blog\/wp-json\/wp\/v2\/categories?post=13790"},{"taxonomy":"post_tag","embeddable":true,"href":"https:\/\/answear.hu\/blog\/wp-json\/wp\/v2\/tags?post=13790"}],"curies":[{"name":"wp","href":"https:\/\/api.w.org\/{rel}","templated":true}]}}