{"id":13785,"date":"2019-10-24T15:59:26","date_gmt":"2019-10-24T13:59:26","guid":{"rendered":"https:\/\/answear.hu\/blog\/?p=13785"},"modified":"2020-12-03T13:57:57","modified_gmt":"2020-12-03T12:57:57","slug":"kabat-trend-teli-szezon-olcso-kabat-ruha-divat-answear","status":"publish","type":"post","link":"https:\/\/answear.hu\/blog\/kabat-trend-teli-szezon-olcso-kabat-ruha-divat-answear\/13785","title":{"rendered":"Trendriad\u00f3: Ezek a szezon legjobb sz\u0151rm\u00e9s kab\u00e1tjai"},"content":{"rendered":"<span class=\"span-reading-time rt-reading-time\" style=\"display: block;\"><span class=\"rt-label rt-prefix\">Olvasd el, csak <\/span> <span class=\"rt-time\"> 2<\/span> <span class=\"rt-label rt-postfix\">perc<\/span><\/span><p><strong>Kab\u00e1tok \u00e9s dzsekik \u2013 id\u00e9n nem fogsz tudni v\u00e1lasztani, mindet akarod majd. A szezon dob\u00e1sa a sz\u0151rme, ami \u00e9vr\u0151l-\u00e9vre visszat\u00e9r, de most hatalmas figyelmet kap, \u00edgy nem mehet\u00fcnk el sz\u00f3 n\u00e9lk\u00fcl mellette.<\/strong><\/p>\n<p><!--more--><\/p>\n<p><img loading=\"lazy\" decoding=\"async\" class=\"alignnone size-full wp-image-14658\" src=\"https:\/\/answear.ro\/blog\/wp-content\/uploads\/2019\/10\/1-3.jpg\" sizes=\"auto, (max-width: 920px) 100vw, 920px\" srcset=\"https:\/\/answear.ro\/blog\/wp-content\/uploads\/2019\/10\/1-3.jpg 920w, https:\/\/answear.ro\/blog\/wp-content\/uploads\/2019\/10\/1-3-150x101.jpg 150w, https:\/\/answear.ro\/blog\/wp-content\/uploads\/2019\/10\/1-3-300x203.jpg 300w, https:\/\/answear.ro\/blog\/wp-content\/uploads\/2019\/10\/1-3-620x419.jpg 620w\" alt=\"\" width=\"920\" height=\"622\" \/><\/p>\n<p>Kab\u00e1tot \u00e9s dzsekit minden \u00e9vben visel\u00fcnk, ebben nincs semi \u00fajdons\u00e1g. Ugyan\u00edgy, minden szezonban olyan darabot keres\u00fcnk, amiben kib\u00edrjuk a hideget, de egyben divatos is. Szerencs\u00e9re id\u00e9n van mib\u0151l v\u00e1logatni. P\u00e9ld\u00e1ul itt a sz\u0151rmekab\u00e1t, ami abszol\u00fat trendi \u00e9s praktikus viselet is. Hossz\u00fa vagy r\u00f6vidsz\u0151r\u0171, szines vagy klasszikus \u00e1rnyalat\u00fa \u2013 csak a fantiz\u00e1d szabhat hat\u00e1rt. Egy a l\u00e9nyeg, a kab\u00e1tod legyen m\u0171sz\u0151rme, mi ezen az oldalon \u00e1llunk&#8230;<\/p>\n<p><strong>Sz\u0151rm\u00e9s kab\u00e1tok\u00a0\u00a0\u00a0\u00a0\u00a0\u00a0\u00a0\u00a0\u00a0\u00a0\u00a0\u00a0\u00a0 <\/strong><\/p>\n<p>Az idei sz\u0151rmekab\u00e1toknak k\u00e9t verzi\u00f3ja van. A Moschino \u00e9s a Celine a massziv, nagy kab\u00e1tok mellet tette le a voks\u00e1t. Term\u00e9szetes \u00e1rnyalatok, hossz\u00fa sz\u00e1lak ezek mind domin\u00e1lnak id\u00e9n. M\u00e1sr\u00e9szr\u0151l ott vannak a visszafogottabb pasztell \u00e9s cukokra \u00e1rnyalat\u00fa darabok, amik nem csak a mini ruh\u00e1khoz, de farmerekhez is j\u00f3l passzolnak<\/p>\n<p><img loading=\"lazy\" decoding=\"async\" class=\"alignnone size-full wp-image-14659\" src=\"https:\/\/answear.ro\/blog\/wp-content\/uploads\/2019\/10\/2-3.jpg\" sizes=\"auto, (max-width: 920px) 100vw, 920px\" srcset=\"https:\/\/answear.ro\/blog\/wp-content\/uploads\/2019\/10\/2-3.jpg 920w, https:\/\/answear.ro\/blog\/wp-content\/uploads\/2019\/10\/2-3-150x45.jpg 150w, https:\/\/answear.ro\/blog\/wp-content\/uploads\/2019\/10\/2-3-300x91.jpg 300w, https:\/\/answear.ro\/blog\/wp-content\/uploads\/2019\/10\/2-3-620x187.jpg 620w\" alt=\"\" width=\"920\" height=\"278\" \/><\/p>\n<p><strong>\u201eTeddy\u201d kab\u00e1tok<\/strong><\/p>\n<p>A hetvenes \u00e9vek visszat\u00e9rtek Teddy kab\u00e1tok form\u00e1j\u00e1ban. Az ide\u00e1lis kab\u00e1t t\u00e9rdig \u00e9r \u00e9s kicsit laz\u00e1b stilus\u00fa. Ez a darab t\u00f6k\u00e9letes alapja lehet egy romantikus, feminim szettnek, de ha tutira akarsz menni, b\u0151rhat\u00e1s\u00fa csizm\u00e1val komin\u00e1ld, ahogy Salvatore Ferragamo bemutat\u00f3j\u00e1n is l\u00e1thattuk.<\/p>\n<p><img loading=\"lazy\" decoding=\"async\" class=\"alignnone size-full wp-image-14660\" src=\"https:\/\/answear.ro\/blog\/wp-content\/uploads\/2019\/10\/3-3.jpg\" sizes=\"auto, (max-width: 920px) 100vw, 920px\" srcset=\"https:\/\/answear.ro\/blog\/wp-content\/uploads\/2019\/10\/3-3.jpg 920w, https:\/\/answear.ro\/blog\/wp-content\/uploads\/2019\/10\/3-3-150x113.jpg 150w, https:\/\/answear.ro\/blog\/wp-content\/uploads\/2019\/10\/3-3-300x225.jpg 300w, https:\/\/answear.ro\/blog\/wp-content\/uploads\/2019\/10\/3-3-620x465.jpg 620w\" alt=\"\" width=\"920\" height=\"690\" \/><\/p>\n<p><img loading=\"lazy\" decoding=\"async\" class=\"alignnone size-full wp-image-14661\" src=\"https:\/\/answear.ro\/blog\/wp-content\/uploads\/2019\/10\/4-3.jpg\" sizes=\"auto, (max-width: 920px) 100vw, 920px\" srcset=\"https:\/\/answear.ro\/blog\/wp-content\/uploads\/2019\/10\/4-3.jpg 920w, https:\/\/answear.ro\/blog\/wp-content\/uploads\/2019\/10\/4-3-150x45.jpg 150w, https:\/\/answear.ro\/blog\/wp-content\/uploads\/2019\/10\/4-3-300x90.jpg 300w, https:\/\/answear.ro\/blog\/wp-content\/uploads\/2019\/10\/4-3-620x187.jpg 620w\" alt=\"\" width=\"920\" height=\"277\" \/><\/p>\n<p><strong>Irhakab\u00e1tok<\/strong><\/p>\n<p>F\u00e9lsz, hogy egy sz\u0151r\u00f6s kab\u00e1t majd nem \u00e1ll j\u00f3l? Van B opci\u00f3nk \u2013 v\u00e1lassz irhakab\u00e1tot. A hossz\u00fa irhakab\u00e1tok a boh\u00f3 megjelen\u00e9s megfelel\u0151 alapjai, vir\u00e1gmint\u00e1s ruh\u00e1val \u00e9s hasitott b\u0151r csizm\u00e1val egyszer\u0171en t\u00f6k\u00e9letes. Ha megbolonditan\u00e1d az \u00f6sszhat\u00e1st, viselheted nadr\u00e1gkoszt\u00fcmmel, munk\u00e1ba p\u00e9ld\u00e1ul t\u00f6k\u00e9letes komb\u00f3. Vannka persze r\u00f6videb verzi\u00f3k is, ezek farmerrel, ingekkel, farmeringgel, log\u00f3s pulcsival is szuper\u00fcl mutatnak.<\/p>\n<p><img loading=\"lazy\" decoding=\"async\" class=\"alignnone size-full wp-image-14662\" src=\"https:\/\/answear.ro\/blog\/wp-content\/uploads\/2019\/10\/5-3.jpg\" sizes=\"auto, (max-width: 920px) 100vw, 920px\" srcset=\"https:\/\/answear.ro\/blog\/wp-content\/uploads\/2019\/10\/5-3.jpg 920w, https:\/\/answear.ro\/blog\/wp-content\/uploads\/2019\/10\/5-3-150x45.jpg 150w, https:\/\/answear.ro\/blog\/wp-content\/uploads\/2019\/10\/5-3-300x90.jpg 300w, https:\/\/answear.ro\/blog\/wp-content\/uploads\/2019\/10\/5-3-620x185.jpg 620w\" alt=\"\" width=\"920\" height=\"275\" \/><\/p>\n<p><img loading=\"lazy\" decoding=\"async\" class=\"alignnone size-full wp-image-14663\" src=\"https:\/\/answear.ro\/blog\/wp-content\/uploads\/2019\/10\/6-3.jpg\" sizes=\"auto, (max-width: 920px) 100vw, 920px\" srcset=\"https:\/\/answear.ro\/blog\/wp-content\/uploads\/2019\/10\/6-3.jpg 920w, https:\/\/answear.ro\/blog\/wp-content\/uploads\/2019\/10\/6-3-150x113.jpg 150w, https:\/\/answear.ro\/blog\/wp-content\/uploads\/2019\/10\/6-3-300x226.jpg 300w, https:\/\/answear.ro\/blog\/wp-content\/uploads\/2019\/10\/6-3-620x468.jpg 620w\" alt=\"\" width=\"920\" height=\"694\" \/><\/p>\n","protected":false},"excerpt":{"rendered":"<p><span class=\"span-reading-time rt-reading-time\" style=\"display: block;\"><span class=\"rt-label rt-prefix\">Olvasd el, csak <\/span> <span class=\"rt-time\"> 2<\/span> <span class=\"rt-label rt-postfix\">perc<\/span><\/span>Kab\u00e1tok \u00e9s dzsekik \u2013 id\u00e9n nem fogsz tudni v\u00e1lasztani, mindet akarod majd. A szezon dob\u00e1sa a sz\u0151rme, ami \u00e9vr\u0151l-\u00e9vre visszat\u00e9r, de most hatalmas figyelmet kap, \u00edgy nem mehet\u00fcnk el sz\u00f3 n\u00e9lk\u00fcl mellette.<\/p>\n","protected":false},"author":35,"featured_media":0,"comment_status":"closed","ping_status":"closed","sticky":false,"template":"","format":"standard","meta":{"footnotes":""},"categories":[686],"tags":[1390,892,1680,1663,1419,1133,1679,1678,1677],"class_list":["post-13785","post","type-post","status-publish","format-standard","hentry","category-trendek","tag-csizma","tag-divat","tag-irha","tag-irhakabat","tag-kabat","tag-ruha","tag-szorme","tag-teddz-kabat","tag-teli-kabat"],"_links":{"self":[{"href":"https:\/\/answear.hu\/blog\/wp-json\/wp\/v2\/posts\/13785","targetHints":{"allow":["GET"]}}],"collection":[{"href":"https:\/\/answear.hu\/blog\/wp-json\/wp\/v2\/posts"}],"about":[{"href":"https:\/\/answear.hu\/blog\/wp-json\/wp\/v2\/types\/post"}],"author":[{"embeddable":true,"href":"https:\/\/answear.hu\/blog\/wp-json\/wp\/v2\/users\/35"}],"replies":[{"embeddable":true,"href":"https:\/\/answear.hu\/blog\/wp-json\/wp\/v2\/comments?post=13785"}],"version-history":[{"count":4,"href":"https:\/\/answear.hu\/blog\/wp-json\/wp\/v2\/posts\/13785\/revisions"}],"predecessor-version":[{"id":14320,"href":"https:\/\/answear.hu\/blog\/wp-json\/wp\/v2\/posts\/13785\/revisions\/14320"}],"wp:attachment":[{"href":"https:\/\/answear.hu\/blog\/wp-json\/wp\/v2\/media?parent=13785"}],"wp:term":[{"taxonomy":"category","embeddable":true,"href":"https:\/\/answear.hu\/blog\/wp-json\/wp\/v2\/categories?post=13785"},{"taxonomy":"post_tag","embeddable":true,"href":"https:\/\/answear.hu\/blog\/wp-json\/wp\/v2\/tags?post=13785"}],"curies":[{"name":"wp","href":"https:\/\/api.w.org\/{rel}","templated":true}]}}