{"id":13775,"date":"2019-10-17T13:12:06","date_gmt":"2019-10-17T11:12:06","guid":{"rendered":"https:\/\/answear.hu\/blog\/?p=13775"},"modified":"2020-11-04T11:16:28","modified_gmt":"2020-11-04T10:16:28","slug":"teli-trendek-2019-2020-kabatok-ruhak-olcso-ruha-kabat-csizma","status":"publish","type":"post","link":"https:\/\/answear.hu\/blog\/teli-trendek-2019-2020-kabatok-ruhak-olcso-ruha-kabat-csizma\/13775","title":{"rendered":"Egyenesen a kifut\u00f3r\u00f3l: Ezek a 2019\/2020-as t\u00e9li szezon legmen\u0151bb trendjei"},"content":{"rendered":"<span class=\"span-reading-time rt-reading-time\" style=\"display: block;\"><span class=\"rt-label rt-prefix\">Olvasd el, csak <\/span> <span class=\"rt-time\"> 3<\/span> <span class=\"rt-label rt-postfix\">perc<\/span><\/span><p><strong>Az \u0151szi teljes er\u0151bedob\u00e1ssal tombol, de mi m\u00e1r a t\u00e9lre k\u00e9sz\u00fcl\u00fcnk. Illetve pontosabban csak felk\u00e9szitj\u00fck a ruhat\u00e1runkat, hogy mik lesznek azok a darabok, amik egyszer\u0171en nem hi\u00e1nyozhatnak a reperto\u00e1rb\u00f3l. Mutattjuk mik azok a trendek, amiket a kifut\u00f3kon l\u00e1ttunk \u00e9s a t\u00e9l nagy dob\u00e1sai lesznek.<\/strong><img loading=\"lazy\" decoding=\"async\" class=\"alignnone size-full wp-image-26611\" src=\"https:\/\/answear.com\/blog\/wp-content\/uploads\/2019\/10\/1-3.jpg\" sizes=\"auto, (max-width: 920px) 100vw, 920px\" srcset=\"https:\/\/answear.com\/blog\/wp-content\/uploads\/2019\/10\/1-3.jpg 920w, https:\/\/answear.com\/blog\/wp-content\/uploads\/2019\/10\/1-3-578x440.jpg 578w, https:\/\/answear.com\/blog\/wp-content\/uploads\/2019\/10\/1-3-768x584.jpg 768w\" alt=\"zima 2019\/2020 trendy\" width=\"920\" height=\"700\" \/><\/p>\n<p><!--more--><\/p>\n<p><strong>Sz\u0151rme \u00e9s irhakab\u00e1tok, poncs\u00f3k<\/strong><\/p>\n<p>A sz\u0151rme \u0151sszel nem felt\u00e9tlen\u00fcl de t\u00e9len mindenk\u00e9ppen k\u00f6telez\u0151 viselet. A hosszabb \u00e9s r\u00f6videbb sz\u0151rb\u0151l k\u00e9sz\u00fclt verzi\u00f3k uralt\u00e1k a Celine, a Chanel \u00e9s a Marc Jacobs kifut\u00f3j\u00e1t.\u00a0A tervez\u0151k nem csak a kab\u00e1t hossz\u00e1ra mutatnak t\u00f6bb verzi\u00f3t, hanem arra is, hogyan viselj\u00fck. Van, \u00a0ami a derek\u00e1n megk\u00f6t\u0151s, zipz\u00e1ros, teljesen laza es\u00e9s\u0171 vagy egyszer\u0171en a v\u00e1llra dobott. Azonban most nem csak a sz\u0151rmekab\u00e1tokr\u00f3l akarunk sz\u00f3t ejteni, hanem a nagyon st\u00edlusos \u00e9s eleg\u00e1ns poncs\u00f3kr\u00f3l \u00e9s irhakab\u00e1tokr\u00f3l. Ezek a darabok t\u00f6k j\u00f3l mutatnak vir\u00e1gmint\u00e1s ruh\u00e1kkal \u00e9s b\u0151rcsizm\u00e1val.<\/p>\n<p><img loading=\"lazy\" decoding=\"async\" class=\"alignnone size-full wp-image-26604\" src=\"https:\/\/answear.com\/blog\/wp-content\/uploads\/2019\/10\/2-3.jpg\" sizes=\"auto, (max-width: 920px) 100vw, 920px\" srcset=\"https:\/\/answear.com\/blog\/wp-content\/uploads\/2019\/10\/2-3.jpg 920w, https:\/\/answear.com\/blog\/wp-content\/uploads\/2019\/10\/2-3-610x184.jpg 610w, https:\/\/answear.com\/blog\/wp-content\/uploads\/2019\/10\/2-3-768x232.jpg 768w, https:\/\/answear.com\/blog\/wp-content\/uploads\/2019\/10\/2-3-640x193.jpg 640w\" alt=\"\" width=\"920\" height=\"278\" \/><\/p>\n<p style=\"text-align: center;\"><a href=\"https:\/\/answear.hu\/1773515-liu-jo-roevid-kabat.html\" target=\"_blank\" rel=\"noopener noreferrer\">Liu Jo<\/a>\u00a0\/\u00a0<a href=\"https:\/\/answear.hu\/p\/red-valentino-kabat-112741\" target=\"_blank\" rel=\"noopener noreferrer\">Red Valentino<\/a>\u00a0\/\u00a0<a href=\"https:\/\/answear.hu\/1882125-guess-jeans-kabat.html\" target=\"_blank\" rel=\"noopener noreferrer\">Guess Jeans<\/a>\u00a0\/\u00a0<a href=\"https:\/\/answear.hu\/1870408-mango-roevid-kabat-baloo.html\" target=\"_blank\" rel=\"noopener noreferrer\">Mango<\/a>\u00a0\/\u00a0<a href=\"https:\/\/answear.hu\/p\/kereses\/q-only\/p-1\/r-60\/o-sr\/k-4\/s-208\" target=\"_blank\" rel=\"noopener noreferrer\">Only<\/a><img loading=\"lazy\" decoding=\"async\" class=\"alignnone size-full wp-image-26605\" src=\"https:\/\/answear.com\/blog\/wp-content\/uploads\/2019\/10\/3-3.jpg\" sizes=\"auto, (max-width: 920px) 100vw, 920px\" srcset=\"https:\/\/answear.com\/blog\/wp-content\/uploads\/2019\/10\/3-3.jpg 920w, https:\/\/answear.com\/blog\/wp-content\/uploads\/2019\/10\/3-3-497x440.jpg 497w, https:\/\/answear.com\/blog\/wp-content\/uploads\/2019\/10\/3-3-768x680.jpg 768w\" alt=\"futra zima 2019\/2020\" width=\"920\" height=\"814\" \/><\/p>\n<p><strong>A trendi kieg\u00e9sz\u00edt\u0151: Kalap<\/strong><\/p>\n<p>A tradicion\u00e1lis kalap alternat\u00edv\u00e1j\u00e1t keresed? Akkor van p\u00e1r j\u00f3 h\u00edr\u00fcnk. Id\u00e9n a hal\u00e1szsapk\u00e1k \u00e9s m\u00e9g j\u00f3p\u00e1r retr\u00f3 hangulatot id\u00e9z\u0151 verzi\u00f3 is visszat\u00e9r, mint p\u00e9ld\u00e1ul a nagy karim\u00e1j\u00fa kalap, ahogy azt a Chanel bemutat\u00f3ja is al\u00e1t\u00e1masztotta. A kalap visel\u00e9se mindig ed egy kis pluszt a megjelen\u00e9sedhez, id\u00e9n sim\u00e1n viselheted kab\u00e1ttal, kock\u00e1s dzsekivel vagy eleg\u00e1ns, masnis vagy zsab\u00f3s ingekkel.<img loading=\"lazy\" decoding=\"async\" class=\"alignnone size-full wp-image-26606\" src=\"https:\/\/answear.com\/blog\/wp-content\/uploads\/2019\/10\/4-3.jpg\" sizes=\"auto, (max-width: 920px) 100vw, 920px\" srcset=\"https:\/\/answear.com\/blog\/wp-content\/uploads\/2019\/10\/4-3.jpg 920w, https:\/\/answear.com\/blog\/wp-content\/uploads\/2019\/10\/4-3-610x184.jpg 610w, https:\/\/answear.com\/blog\/wp-content\/uploads\/2019\/10\/4-3-768x231.jpg 768w, https:\/\/answear.com\/blog\/wp-content\/uploads\/2019\/10\/4-3-640x193.jpg 640w\" alt=\"\" width=\"920\" height=\"277\" \/><\/p>\n<p style=\"text-align: center;\"><a href=\"https:\/\/answear.hu\/p\/kereses\/q-guess\/p-1\/r-60\/o-sr\/k-4\" target=\"_blank\" rel=\"noopener noreferrer\">Guess Jeans<\/a>\u00a0\/\u00a0<a href=\"https:\/\/answear.hu\/1744953-medicine-kalap-basic.html\" target=\"_blank\" rel=\"noopener noreferrer\">Medicine<\/a>\u00a0\/\u00a0<a href=\"https:\/\/answear.hu\/1870365-mango-kalap-england.html\" target=\"_blank\" rel=\"noopener noreferrer\">Mango<\/a>\u00a0\/\u00a0<a href=\"https:\/\/answear.hu\/1882681-tommy-hilfiger-kalap.html\" target=\"_blank\" rel=\"noopener noreferrer\">Tommy Hilfiger<\/a>\u00a0\/\u00a0<a href=\"https:\/\/answear.hu\/1767063-roxy-kalap.html\">Roxy<\/a><\/p>\n<p><strong>A 80-as \u00e9vek hangulat\u00e1ban<\/strong><\/p>\n<p>A retr\u00f3 m\u00e9g mindig men\u0151. Most egy \u0151r\u00fclt utaz\u00e1sra invit\u00e1lunk a nyolcvanas \u00e9vekbe, annak is a csillog\u00f3 id\u0151szak\u00e1ba. Ezen a t\u00e9len \u00fajra beleszeret\u00fcnk a puffos ujjakba, a romatikus ruh\u00e1kba, amik t\u00f6k\u00e9ketesek az \u00faj\u00e9vi partikhoz. A h\u00e9tk\u00f6znapokon viselhetsz a v\u00e1llt\u00f6m\u00e9shez hasonl\u00f3, mark\u00e1ns v\u00e1ll\u00fa kab\u00e1tokat, dzsekiket, \u00edgy akkor is tolhatod retr\u00f3 hangulatban. Ahhoz, hogy az ar\u00e1nyokat megtartsd, emeld ki a derekad vastag \u00f6vekkel, ahogy a Gucci is tette.<\/p>\n<p><img loading=\"lazy\" decoding=\"async\" class=\"alignnone size-full wp-image-26607\" src=\"https:\/\/answear.com\/blog\/wp-content\/uploads\/2019\/10\/5-3.jpg\" sizes=\"auto, (max-width: 920px) 100vw, 920px\" srcset=\"https:\/\/answear.com\/blog\/wp-content\/uploads\/2019\/10\/5-3.jpg 920w, https:\/\/answear.com\/blog\/wp-content\/uploads\/2019\/10\/5-3-610x182.jpg 610w, https:\/\/answear.com\/blog\/wp-content\/uploads\/2019\/10\/5-3-768x230.jpg 768w, https:\/\/answear.com\/blog\/wp-content\/uploads\/2019\/10\/5-3-640x191.jpg 640w\" alt=\"\" width=\"920\" height=\"275\" \/><\/p>\n<p style=\"text-align: center;\"><a href=\"https:\/\/answear.hu\/1872562-mango-ruha-nessa.html\" target=\"_blank\" rel=\"noopener noreferrer\">Mango<\/a>\u00a0\/\u00a0<a href=\"https:\/\/answear.hu\/1841394-medicine-kiskabat-amber-ambient.html\" target=\"_blank\" rel=\"noopener noreferrer\">Medicine<\/a>\u00a0\/\u00a0<a href=\"https:\/\/answear.hu\/1867545-guess-jeans-ruha.html\" target=\"_blank\" rel=\"noopener noreferrer\">Guess Jeans<\/a>\u00a0\/\u00a0<a href=\"https:\/\/answear.hu\/1808055-mango-kabat-claudio-s.html\" target=\"_blank\" rel=\"noopener noreferrer\">Mango<\/a>\u00a0\/\u00a0<a href=\"https:\/\/answear.hu\/1856874-levi-s-kabat.html\" target=\"_blank\" rel=\"noopener noreferrer\">Levi\u2019s<\/a><\/p>\n<p><strong>T\u00e9li kert<\/strong><\/p>\n<p>Mivan, ha lassan fagy? A vir\u00e1gok tal\u00e1n t\u00fal\u00e9lhetik, de csak akkor, ha az outfiteden hordok \u0151ket, akkor mindenk\u00e9ppen j\u00f3 es\u00e9ly\u00fck van. R\u00f3zs\u00e1k, napraforg\u00f3k, tulip\u00e1nok, orchide\u00e1k \u2013 ezek a mint\u00e1k mind viszak\u00f6sz\u00f6nhetnek kab\u00e1tokon, ruh\u00e1kon vagy dzsekiken.<\/p>\n<p><img loading=\"lazy\" decoding=\"async\" class=\"alignnone size-full wp-image-26608\" src=\"https:\/\/answear.com\/blog\/wp-content\/uploads\/2019\/10\/6-3.jpg\" sizes=\"auto, (max-width: 920px) 100vw, 920px\" srcset=\"https:\/\/answear.com\/blog\/wp-content\/uploads\/2019\/10\/6-3.jpg 920w, https:\/\/answear.com\/blog\/wp-content\/uploads\/2019\/10\/6-3-610x185.jpg 610w, https:\/\/answear.com\/blog\/wp-content\/uploads\/2019\/10\/6-3-768x233.jpg 768w, https:\/\/answear.com\/blog\/wp-content\/uploads\/2019\/10\/6-3-640x194.jpg 640w\" alt=\"\" width=\"920\" height=\"279\" \/><\/p>\n<p style=\"text-align: center;\"><a href=\"https:\/\/answear.hu\/1801583-answear-roevid-kabat.html\" target=\"_blank\" rel=\"noopener noreferrer\">Answear<\/a>\u00a0\/\u00a0<a href=\"https:\/\/answear.hu\/1739106-trussardi-jeans-ruha.html\" target=\"_blank\" rel=\"noopener noreferrer\">Trussardi Jeans<\/a>\u00a0\/\u00a0<a href=\"https:\/\/answear.hu\/1722194-vero-moda-ruha.html\" target=\"_blank\" rel=\"noopener noreferrer\">Vero Moda<\/a>\u00a0\/\u00a0<a href=\"https:\/\/answear.hu\/1712614-mango-kiskabat-flora.html\" target=\"_blank\" rel=\"noopener noreferrer\">Mango<\/a>\u00a0\/<a href=\"https:\/\/answear.hu\/1884900-answear-ruha.html\" target=\"_blank\" rel=\"noopener noreferrer\">\u00a0Answear<\/a><\/p>\n<p><img loading=\"lazy\" decoding=\"async\" class=\"alignnone size-full wp-image-26609\" src=\"https:\/\/answear.com\/blog\/wp-content\/uploads\/2019\/10\/7-3.jpg\" sizes=\"auto, (max-width: 920px) 100vw, 920px\" srcset=\"https:\/\/answear.com\/blog\/wp-content\/uploads\/2019\/10\/7-3.jpg 920w, https:\/\/answear.com\/blog\/wp-content\/uploads\/2019\/10\/7-3-497x440.jpg 497w, https:\/\/answear.com\/blog\/wp-content\/uploads\/2019\/10\/7-3-768x680.jpg 768w\" alt=\"trendy zima 2019\/2020\" width=\"920\" height=\"815\" \/><\/p>\n<p><strong>Punk \u0151r\u00fclet<\/strong><\/p>\n<p>A k\u00fcl\u00f6nc\u00f6k ideje elj\u00f6tt. Ezt a szezont a mark\u00e1ns anyagok domin\u00e1lj\u00e1k, p\u00e9ld\u00e1ul b\u0151rnadr\u00e1g, flanel ing vagy \u00e9ppens\u00e9ggel s\u00f6t\u00e9tsz\u00edn\u0171 csipke form\u00e1j\u00e1ban. A punk \u00e9let\u00e9rz\u00e9s id\u00e9n nem csak vivenne Westwood kollekci\u00f3j\u00e1ra nyomta r\u00e1 pecs\u00e9tj\u00e9t. Miuccia Prada ugyan\u00fagy haszn\u00e1lta a szegecses cip\u0151ket, b\u0151rnacikat, mint p\u00e9ld\u00e1ul alexander McQueen. Most m\u00e1r tuti, hogy som\u00f3 mindenb\u0151l v\u00e1logathatsz, ez nem is leet k\u00e9rd\u00e9s.<\/p>\n<p><img loading=\"lazy\" decoding=\"async\" class=\"alignnone size-full wp-image-26610\" src=\"https:\/\/answear.com\/blog\/wp-content\/uploads\/2019\/10\/8-2.jpg\" sizes=\"auto, (max-width: 920px) 100vw, 920px\" srcset=\"https:\/\/answear.com\/blog\/wp-content\/uploads\/2019\/10\/8-2.jpg 920w, https:\/\/answear.com\/blog\/wp-content\/uploads\/2019\/10\/8-2-610x182.jpg 610w, https:\/\/answear.com\/blog\/wp-content\/uploads\/2019\/10\/8-2-768x230.jpg 768w, https:\/\/answear.com\/blog\/wp-content\/uploads\/2019\/10\/8-2-640x191.jpg 640w\" alt=\"\" width=\"920\" height=\"275\" \/><\/p>\n<p style=\"text-align: center;\"><a href=\"https:\/\/answear.hu\/1766475-medicine-nadrag-utopian-dream.html\" target=\"_blank\" rel=\"noopener noreferrer\">Medicine<\/a>\u00a0\/\u00a0<a href=\"https:\/\/answear.hu\/1766020-tommy-jeans-magasszaru-cipo.html\" target=\"_blank\" rel=\"noopener noreferrer\">Tommy Jeans<\/a>\u00a0\/\u00a0<a href=\"https:\/\/answear.hu\/1817300-pinko-kardigan.html\" target=\"_blank\" rel=\"noopener noreferrer\">Pinko<\/a>\u00a0\/\u00a0<a href=\"https:\/\/answear.hu\/1741614-tommy-jeans-ing.html\" target=\"_blank\" rel=\"noopener noreferrer\">Tommy Jeans<\/a>\u00a0\/\u00a0<a href=\"https:\/\/answear.hu\/1846531-answear-legging.html\" target=\"_blank\" rel=\"noopener noreferrer\">Answear<\/a><\/p>\n","protected":false},"excerpt":{"rendered":"<p><span class=\"span-reading-time rt-reading-time\" style=\"display: block;\"><span class=\"rt-label rt-prefix\">Olvasd el, csak <\/span> <span class=\"rt-time\"> 3<\/span> <span class=\"rt-label rt-postfix\">perc<\/span><\/span>Az \u0151szi teljes er\u0151bedob\u00e1ssal tombol, de mi m\u00e1r a t\u00e9lre k\u00e9sz\u00fcl\u00fcnk. Illetve pontosabban csak felk\u00e9szitj\u00fck a ruhat\u00e1runkat, hogy mik lesznek azok a darabok, amik egyszer\u0171en nem hi\u00e1nyozhatnak a reperto\u00e1rb\u00f3l. Mutattjuk mik azok a trendek, amiket a kifut\u00f3kon l\u00e1ttunk \u00e9s a t\u00e9l nagy dob\u00e1sai lesznek.<\/p>\n","protected":false},"author":35,"featured_media":0,"comment_status":"closed","ping_status":"closed","sticky":false,"template":"","format":"standard","meta":{"footnotes":""},"categories":[686],"tags":[1624,1390,1672,1663,1419,1671,1133,1670],"class_list":["post-13775","post","type-post","status-publish","format-standard","hentry","category-trendek","tag-2019-oszi-teli-divat","tag-csizma","tag-gucci","tag-irhakabat","tag-kabat","tag-poncso","tag-ruha","tag-viragminta"],"_links":{"self":[{"href":"https:\/\/answear.hu\/blog\/wp-json\/wp\/v2\/posts\/13775","targetHints":{"allow":["GET"]}}],"collection":[{"href":"https:\/\/answear.hu\/blog\/wp-json\/wp\/v2\/posts"}],"about":[{"href":"https:\/\/answear.hu\/blog\/wp-json\/wp\/v2\/types\/post"}],"author":[{"embeddable":true,"href":"https:\/\/answear.hu\/blog\/wp-json\/wp\/v2\/users\/35"}],"replies":[{"embeddable":true,"href":"https:\/\/answear.hu\/blog\/wp-json\/wp\/v2\/comments?post=13775"}],"version-history":[{"count":3,"href":"https:\/\/answear.hu\/blog\/wp-json\/wp\/v2\/posts\/13775\/revisions"}],"predecessor-version":[{"id":13798,"href":"https:\/\/answear.hu\/blog\/wp-json\/wp\/v2\/posts\/13775\/revisions\/13798"}],"wp:attachment":[{"href":"https:\/\/answear.hu\/blog\/wp-json\/wp\/v2\/media?parent=13775"}],"wp:term":[{"taxonomy":"category","embeddable":true,"href":"https:\/\/answear.hu\/blog\/wp-json\/wp\/v2\/categories?post=13775"},{"taxonomy":"post_tag","embeddable":true,"href":"https:\/\/answear.hu\/blog\/wp-json\/wp\/v2\/tags?post=13775"}],"curies":[{"name":"wp","href":"https:\/\/api.w.org\/{rel}","templated":true}]}}