{"id":13716,"date":"2019-09-25T11:20:54","date_gmt":"2019-09-25T09:20:54","guid":{"rendered":"https:\/\/answear.hu\/blog\/?p=13716"},"modified":"2020-12-02T12:36:19","modified_gmt":"2020-12-02T11:36:19","slug":"milanoi-divathet-drencheva-nati-blogger-streetsyle-2019-trend-influencer-divat-leopardmintas-ruha","status":"publish","type":"post","link":"https:\/\/answear.hu\/blog\/milanoi-divathet-drencheva-nati-blogger-streetsyle-2019-trend-influencer-divat-leopardmintas-ruha\/13716","title":{"rendered":"A mil\u00e1n\u00f3i divath\u00e9t egy blogger szem\u00e9vel: Drencheva Nati szettje mindent visz"},"content":{"rendered":"<span class=\"span-reading-time rt-reading-time\" style=\"display: block;\"><span class=\"rt-label rt-prefix\">Olvasd el, csak <\/span> <span class=\"rt-time\"> 2<\/span> <span class=\"rt-label rt-postfix\">perc<\/span><\/span><p><strong>Imm\u00e1r harmadik alkalommal veszek r\u00e9szt a mil\u00e1n\u00f3i divath\u00e9ten, ahol ilyenkor a r\u00e9sztvev\u0151k \u2013 a modellek, a tervez\u0151k, az \u00fajs\u00e1g\u00edr\u00f3k, a fot\u00f3sok, a bloggerek &#8211; mondhatni egy m\u00e1sik vil\u00e1gba cs\u00f6ppennek erre az 5 napra. Divatbemutat\u00f3r\u00f3l divatbemutat\u00f3ra \u00e9s egyik prezent\u00e1ci\u00f3r\u00f3l a m\u00e1sikra j\u00e1runk ilyenkor, naponta 3-4-szer \u00f6lt\u00f6z\u00fcnk \u00e1t \u00e9s igyeksz\u00fcnk min\u00e9l trendorient\u00e1ltabb, de m\u00e9gis egyedi szettekkel el\u0151rukkolni, ez\u00e9rt is gondoltam, hogy megosztom veletek az egyik kedvencemet, amit az Answear.hu oldal\u00e1r\u00f3l v\u00e1logattam \u00f6ssze.<\/strong><\/p>\n<p><!--more--><\/p>\n<p><img loading=\"lazy\" decoding=\"async\" class=\"alignnone wp-image-13718 size-full\" src=\"https:\/\/answear.hu\/blog\/wp-content\/uploads\/2019\/09\/nati.jpg\" alt=\"\" width=\"3972\" height=\"3079\" \/><\/p>\n<p>&nbsp;<\/p>\n<p>Azt gondolom, hogy az \u00e1llatmint\u00e1kr\u00f3l m\u00e9g mindig el\u00e9g megoszt\u00f3 a v\u00e9lem\u00e9ny, de megint megbizonyosodtam r\u00f3la a kint elt\u00f6lt\u00f6tt n\u00e9h\u00e1ny napban, hogy az \u00e1llatmint\u00e1k mindig is trendik voltak, most is azok \u00e9s azok is lesznek. Sokszor csak a text\u00far\u00e1juk jelenik meg egy-egy cip\u0151n, t\u00e1sk\u00e1n, de van, hogy az eg\u00e9sz outfiten ez a minta domin\u00e1l.<\/p>\n<p><img loading=\"lazy\" decoding=\"async\" class=\"aligncenter wp-image-13719 size-large\" src=\"https:\/\/answear.hu\/blog\/wp-content\/uploads\/2019\/09\/FSM00399-683x1024.jpg\" alt=\"\" width=\"620\" height=\"930\" srcset=\"https:\/\/answear.hu\/blog\/wp-content\/uploads\/2019\/09\/FSM00399-683x1024.jpg 683w, https:\/\/answear.hu\/blog\/wp-content\/uploads\/2019\/09\/FSM00399-463x695.jpg 463w, https:\/\/answear.hu\/blog\/wp-content\/uploads\/2019\/09\/FSM00399-768x1152.jpg 768w, https:\/\/answear.hu\/blog\/wp-content\/uploads\/2019\/09\/FSM00399-1024x1536.jpg 1024w, https:\/\/answear.hu\/blog\/wp-content\/uploads\/2019\/09\/FSM00399-1365x2048.jpg 1365w, https:\/\/answear.hu\/blog\/wp-content\/uploads\/2019\/09\/FSM00399-200x300.jpg 200w, https:\/\/answear.hu\/blog\/wp-content\/uploads\/2019\/09\/FSM00399-620x930.jpg 620w, https:\/\/answear.hu\/blog\/wp-content\/uploads\/2019\/09\/FSM00399-scaled.jpg 1707w\" sizes=\"auto, (max-width: 620px) 100vw, 620px\" \/><\/p>\n<p>B\u00e1r val\u00f3sz\u00edn\u0171leg \u00e9n elfogult vagyok a t\u00e9m\u00e1ban, mert a leop\u00e1rd minta mindig is els\u0151 helyen \u00e1llt n\u00e1lam. Hogy hogyan lehet kifinomultt\u00e1 tenni? Egy karcs\u00fas\u00edtott, eleg\u00e1ns bl\u00e9zer-ruh\u00e1val (Silvian Heach) , egy macsk\u00e1s szem\u00fcveggel (Vogue eyewear) \u00e9s egy k\u00fcl\u00f6nleges, szegecses t\u00e1sk\u00e1val (Pinko).<\/p>\n<p><img loading=\"lazy\" decoding=\"async\" class=\"aligncenter wp-image-13720 size-large\" src=\"https:\/\/answear.hu\/blog\/wp-content\/uploads\/2019\/09\/FSM00416-683x1024.jpg\" alt=\"\" width=\"620\" height=\"930\" srcset=\"https:\/\/answear.hu\/blog\/wp-content\/uploads\/2019\/09\/FSM00416-683x1024.jpg 683w, https:\/\/answear.hu\/blog\/wp-content\/uploads\/2019\/09\/FSM00416-463x695.jpg 463w, https:\/\/answear.hu\/blog\/wp-content\/uploads\/2019\/09\/FSM00416-768x1152.jpg 768w, https:\/\/answear.hu\/blog\/wp-content\/uploads\/2019\/09\/FSM00416-1024x1536.jpg 1024w, https:\/\/answear.hu\/blog\/wp-content\/uploads\/2019\/09\/FSM00416-1365x2048.jpg 1365w, https:\/\/answear.hu\/blog\/wp-content\/uploads\/2019\/09\/FSM00416-200x300.jpg 200w, https:\/\/answear.hu\/blog\/wp-content\/uploads\/2019\/09\/FSM00416-620x930.jpg 620w, https:\/\/answear.hu\/blog\/wp-content\/uploads\/2019\/09\/FSM00416-scaled.jpg 1707w\" sizes=\"auto, (max-width: 620px) 100vw, 620px\" \/><\/p>\n<p style=\"text-align: center;\"><strong><a href=\"https:\/\/www.instagram.com\/natidrencheva\/\">Kattints, Nati Instagram oldal\u00e1t itt tudod k\u00f6vetni!<\/a><\/strong><\/p>\n","protected":false},"excerpt":{"rendered":"<p><span class=\"span-reading-time rt-reading-time\" style=\"display: block;\"><span class=\"rt-label rt-prefix\">Olvasd el, csak <\/span> <span class=\"rt-time\"> 2<\/span> <span class=\"rt-label rt-postfix\">perc<\/span><\/span>Imm\u00e1r harmadik alkalommal veszek r\u00e9szt a mil\u00e1n\u00f3i divath\u00e9ten, ahol ilyenkor a r\u00e9sztvev\u0151k \u2013 a modellek, a tervez\u0151k, az \u00fajs\u00e1g\u00edr\u00f3k, a fot\u00f3sok, a bloggerek &#8211; mondhatni egy m\u00e1sik vil\u00e1gba cs\u00f6ppennek erre az 5 napra. Divatbemutat\u00f3r\u00f3l divatbemutat\u00f3ra \u00e9s egyik prezent\u00e1ci\u00f3r\u00f3l a m\u00e1sikra j\u00e1runk ilyenkor, naponta 3-4-szer \u00f6lt\u00f6z\u00fcnk \u00e1t \u00e9s igyeksz\u00fcnk min\u00e9l trendorient\u00e1ltabb, de m\u00e9gis egyedi szettekkel el\u0151rukkolni, &hellip; <a href=\"https:\/\/answear.hu\/blog\/milanoi-divathet-drencheva-nati-blogger-streetsyle-2019-trend-influencer-divat-leopardmintas-ruha\/13716\" class=\"more-link\"><span class=\"screen-reader-text\">A mil\u00e1n\u00f3i divath\u00e9t egy blogger szem\u00e9vel: Drencheva Nati szettje mindent visz<\/span> r\u00e9szletei&#8230;<\/a><\/p>\n","protected":false},"author":35,"featured_media":14153,"comment_status":"closed","ping_status":"closed","sticky":false,"template":"","format":"standard","meta":{"footnotes":""},"categories":[731],"tags":[963,892,1659,1656,1564,1657,1658,1573,1287],"class_list":["post-13716","post","type-post","status-publish","format-standard","has-post-thumbnail","hentry","category-egyenisegek","tag-blogger","tag-divat","tag-drencheva-nati","tag-influencer","tag-leopardminta","tag-mfw","tag-milanoi-divathet","tag-streetsyle","tag-trendek"],"_links":{"self":[{"href":"https:\/\/answear.hu\/blog\/wp-json\/wp\/v2\/posts\/13716","targetHints":{"allow":["GET"]}}],"collection":[{"href":"https:\/\/answear.hu\/blog\/wp-json\/wp\/v2\/posts"}],"about":[{"href":"https:\/\/answear.hu\/blog\/wp-json\/wp\/v2\/types\/post"}],"author":[{"embeddable":true,"href":"https:\/\/answear.hu\/blog\/wp-json\/wp\/v2\/users\/35"}],"replies":[{"embeddable":true,"href":"https:\/\/answear.hu\/blog\/wp-json\/wp\/v2\/comments?post=13716"}],"version-history":[{"count":4,"href":"https:\/\/answear.hu\/blog\/wp-json\/wp\/v2\/posts\/13716\/revisions"}],"predecessor-version":[{"id":14245,"href":"https:\/\/answear.hu\/blog\/wp-json\/wp\/v2\/posts\/13716\/revisions\/14245"}],"wp:featuredmedia":[{"embeddable":true,"href":"https:\/\/answear.hu\/blog\/wp-json\/wp\/v2\/media\/14153"}],"wp:attachment":[{"href":"https:\/\/answear.hu\/blog\/wp-json\/wp\/v2\/media?parent=13716"}],"wp:term":[{"taxonomy":"category","embeddable":true,"href":"https:\/\/answear.hu\/blog\/wp-json\/wp\/v2\/categories?post=13716"},{"taxonomy":"post_tag","embeddable":true,"href":"https:\/\/answear.hu\/blog\/wp-json\/wp\/v2\/tags?post=13716"}],"curies":[{"name":"wp","href":"https:\/\/api.w.org\/{rel}","templated":true}]}}