{"id":13708,"date":"2019-09-17T10:45:42","date_gmt":"2019-09-17T08:45:42","guid":{"rendered":"https:\/\/answear.hu\/blog\/?p=13708"},"modified":"2021-10-06T18:17:28","modified_gmt":"2021-10-06T16:17:28","slug":"ferfi-trendek-2019-osz-tel","status":"publish","type":"post","link":"https:\/\/answear.hu\/blog\/ferfi-trendek-2019-osz-tel\/13708","title":{"rendered":"Ezek lesznek a legmen\u0151bb f\u00e9rfi trendek az \u00faj szezonban"},"content":{"rendered":"<span class=\"span-reading-time rt-reading-time\" style=\"display: block;\"><span class=\"rt-label rt-prefix\">Olvasd el, csak <\/span> <span class=\"rt-time\"> 3<\/span> <span class=\"rt-label rt-postfix\">perc<\/span><\/span><p>A leg\u00fajab 2019-es \u0151szi trendek igen soksz\u00edn\u0171ek. \u0150r\u00fclt diz\u00e1jnok, klasszikus fazonok , modern sz\u00ednek. Mutatjuk, miket szerezz be mindenk\u00e9ppen id\u00e9n \u0151sszel.<!--more--><\/p>\n<p>A trendek nem csak a n\u0151kr\u0151l sz\u00f3lnak \u2013 term\u00e9szetesen a pasikat is \u00e9rdekelheti, hogy milyen \u00fajdons\u00e1gok t\u00f6rnek be a piacra. A 2019-es \u0151szi-t\u00e9li szezon minden olyan divat\u0151r\u00fcltet kiel\u00e9g\u00edt, akik szeretnek j\u00e1tszani a divattal, azonban azok is megtal\u00e1lj\u00e1k majd kedvenceiteket, akik a visszafogottabb darabokat kedvelik. N\u00e9zz\u00fck az \u00faj trendeket.<\/p>\n<p><img loading=\"lazy\" decoding=\"async\" class=\"alignnone size-full wp-image-14539\" src=\"https:\/\/answear.ro\/blog\/wp-content\/uploads\/2019\/09\/1-4.jpg\" sizes=\"auto, (max-width: 920px) 100vw, 920px\" srcset=\"https:\/\/answear.ro\/blog\/wp-content\/uploads\/2019\/09\/1-4.jpg 920w, https:\/\/answear.ro\/blog\/wp-content\/uploads\/2019\/09\/1-4-150x109.jpg 150w, https:\/\/answear.ro\/blog\/wp-content\/uploads\/2019\/09\/1-4-300x218.jpg 300w, https:\/\/answear.ro\/blog\/wp-content\/uploads\/2019\/09\/1-4-620x450.jpg 620w\" alt=\"\" width=\"920\" height=\"668\" \/><\/p>\n<p><strong>Neon \u00e9s \u00e9l\u00e9nk sz\u00ednek<\/strong><\/p>\n<p>A neonsz\u00ednek m\u00e1r tavaly is divatosnak sz\u00e1m\u00edtottak \u00e9s ez id\u00e9n sincs m\u00e1sk\u00e9ppen. Z\u00f6ld, s\u00e1rga, vil\u00e1gos narancs \u2013 hogy csak n\u00e9h\u00e1nyat eml\u00edts\u00fcnk a legn\u00e9pszer\u0171bb \u00e1rnyalatokb\u00f3l. A legk\u00fcl\u00f6negesebb mind k\u00f6z\u00fcl az \u00e9l\u00e9nk r\u00f3zsasz\u00edn, persze ezt csak azoknak aj\u00e1nljuk, akik t\u00e9nyleg bev\u00e1llal\u00f3sak. Ha az eml\u00edtett sz\u00ednek nem neked val\u00f3k, v\u00e1laszthatsz visszafogottabbakat is: piros, k\u00e9k vagy z\u00f6ld, ezekkel sem ny\u00falsz nagyon mell\u00e9 \u0151sszel.<\/p>\n<p><img loading=\"lazy\" decoding=\"async\" class=\"alignnone size-full wp-image-14540\" src=\"https:\/\/answear.ro\/blog\/wp-content\/uploads\/2019\/09\/2-4.jpg\" sizes=\"auto, (max-width: 920px) 100vw, 920px\" srcset=\"https:\/\/answear.ro\/blog\/wp-content\/uploads\/2019\/09\/2-4.jpg 920w, https:\/\/answear.ro\/blog\/wp-content\/uploads\/2019\/09\/2-4-150x45.jpg 150w, https:\/\/answear.ro\/blog\/wp-content\/uploads\/2019\/09\/2-4-300x91.jpg 300w, https:\/\/answear.ro\/blog\/wp-content\/uploads\/2019\/09\/2-4-620x187.jpg 620w\" alt=\"\" width=\"920\" height=\"278\" \/><\/p>\n<p><a href=\"https:\/\/answear.hu\/1717975-fila-t-shirt.html\">1.P\u00f3l\u00f3, Fila<\/a>\u00a0 \u00a0<a href=\"https:\/\/answear.hu\/1752511-vans-felso.html\">2.Fels\u0151, Vans<\/a>\u00a0 \u00a0<a href=\"https:\/\/answear.hu\/1743433-adidas-originals-felso.html\">3.Pulcsi, Adidas Originals<\/a>\u00a0 \u00a0<a href=\"https:\/\/answear.hu\/1836459-only-sons-roevid-kabat.html\">4.Kab\u00e1t, Only &amp; Sons<\/a>\u00a0 \u00a0<a href=\"https:\/\/answear.hu\/1338367-medicine-polo-basic.html\">5.P\u00f3l\u00f3, Medicine<\/a><\/p>\n<p><strong>Mint\u00e1s alapdarabok<\/strong><\/p>\n<p>Egyr\u00e9szt ugye ott vannak a m\u00e1r eml\u00edtett men\u0151, trendi cuccok, de emellet persze megjelennek a klasszikus diz\u00e1jnok is. A j\u00f3l szabott \u00f6lt\u00f6ny\u00f6k (pl. a dupla soros \u00f6lt\u00f6ny), az eleg\u00e1ns kardig\u00e1nok, a b\u00e9zs ballonkab\u00e1t \u00e9s k\u00fcl\u00f6nf\u00e9le kieg\u00e9sz\u00edt\u0151k kock\u00e1s, cs\u00edkos \u00e9s egysz\u00edn\u0171 mint\u00e1kban. Ezek a mint\u00e1k a dzsekiken, kab\u00e1tokon, nadr\u00e1gokon \u00e9s p\u00f3l\u00f3kon is megjelennek. Az \u0151r\u00fclt diz\u00e1jnok \u00e9s retr\u00f3 st\u00edlusok szint\u00e9n men\u0151nek sz\u00e1m\u00edtanak.<\/p>\n<p><img loading=\"lazy\" decoding=\"async\" class=\"alignnone size-full wp-image-14541\" src=\"https:\/\/answear.ro\/blog\/wp-content\/uploads\/2019\/09\/3-4.jpg\" sizes=\"auto, (max-width: 920px) 100vw, 920px\" srcset=\"https:\/\/answear.ro\/blog\/wp-content\/uploads\/2019\/09\/3-4.jpg 920w, https:\/\/answear.ro\/blog\/wp-content\/uploads\/2019\/09\/3-4-150x45.jpg 150w, https:\/\/answear.ro\/blog\/wp-content\/uploads\/2019\/09\/3-4-300x90.jpg 300w, https:\/\/answear.ro\/blog\/wp-content\/uploads\/2019\/09\/3-4-620x186.jpg 620w\" alt=\"\" width=\"920\" height=\"276\" \/><\/p>\n<p><a href=\"https:\/\/answear.hu\/1792306-medicine-zako-back-to-the-classic.html\">1.Zak\u00f3, Medicine<\/a>\u00a0 \u00a0<a href=\"https:\/\/answear.hu\/1807946-polo-ralph-lauren-pulover.html\">2.Pul\u00f3ver, Polo Ralph Lauren<\/a>\u00a0 \u00a0<a href=\"https:\/\/answear.hu\/1737819-tommy-hilfiger-balonkabat.html\">3.Ballonkab\u00e1t, Tommy Hilfiger<\/a>\u00a0 \u00a0<a href=\"https:\/\/answear.hu\/1631456-tommy-hilfiger-tailored-nadrag.html\">4.Nadr\u00e1g, Tommy Hilfiger Tailored<\/a>\u00a0 \u00a0<a href=\"https:\/\/answear.hu\/1819909-tommy-jeans-ing.html\">5.Ing, Tommy Jeans<\/a><\/p>\n<p><strong>Farmer tet\u0151t\u0151l-talpig<\/strong><\/p>\n<p>A farmeranyag egy \u00faj oldal\u00e1t mutatja meg, farmer\u00f6lt\u00f6ny form\u00e1j\u00e1ban t\u00e9r vissza. Ha a kifut\u00f3 l\u00e1tott vrzi\u00f3k nem j\u00f6ttek be, v\u00e1lassz egyszr\u0171bb megold\u00e1st. Farmer plusz farmerkab\u00e1t, amit ak\u00e1r egy farmeringgel is kombin\u00e1lhatsz. Ne f\u00e9lj sz\u00edneket vagy mint\u00e1kat viselni, ebben a szezonban elengedhetetlenek.<\/p>\n<p><img loading=\"lazy\" decoding=\"async\" class=\"alignnone size-full wp-image-14542\" src=\"https:\/\/answear.ro\/blog\/wp-content\/uploads\/2019\/09\/4-4.jpg\" sizes=\"auto, (max-width: 920px) 100vw, 920px\" srcset=\"https:\/\/answear.ro\/blog\/wp-content\/uploads\/2019\/09\/4-4.jpg 920w, https:\/\/answear.ro\/blog\/wp-content\/uploads\/2019\/09\/4-4-150x45.jpg 150w, https:\/\/answear.ro\/blog\/wp-content\/uploads\/2019\/09\/4-4-300x90.jpg 300w, https:\/\/answear.ro\/blog\/wp-content\/uploads\/2019\/09\/4-4-620x185.jpg 620w\" alt=\"\" width=\"920\" height=\"275\" \/><\/p>\n<p><a href=\"https:\/\/answear.hu\/1842743-levi-s-farmerdzseki.html\">1.Farmerkab\u00e1t, Levi\u2019s<\/a>\u00a0 \u00a0<a href=\"https:\/\/answear.hu\/1784908-lee-ing.html\">2.Ing, Lee<\/a>\u00a0 \u00a0<a href=\"https:\/\/answear.hu\/1755062-wrangler-ing.html\">3.Ing, Wrangler<\/a>\u00a0 \u00a0<a href=\"https:\/\/answear.hu\/1835643-calvin-klein-jeans-farmer-ckj-016.html\">4.Nadr\u00e1g, Calvin Klein Jeans<\/a>\u00a0 \u00a0<a href=\"https:\/\/answear.hu\/1489550-tommy-jeans-roevid-kabat.html\">5.Farmerkab\u00e1t, Tommy Jeans<\/a><\/p>\n<p><img loading=\"lazy\" decoding=\"async\" class=\"alignnone size-full wp-image-14543\" src=\"https:\/\/answear.ro\/blog\/wp-content\/uploads\/2019\/09\/5-3.jpg\" sizes=\"auto, (max-width: 920px) 100vw, 920px\" srcset=\"https:\/\/answear.ro\/blog\/wp-content\/uploads\/2019\/09\/5-3.jpg 920w, https:\/\/answear.ro\/blog\/wp-content\/uploads\/2019\/09\/5-3-150x121.jpg 150w, https:\/\/answear.ro\/blog\/wp-content\/uploads\/2019\/09\/5-3-300x242.jpg 300w, https:\/\/answear.ro\/blog\/wp-content\/uploads\/2019\/09\/5-3-620x499.jpg 620w\" alt=\"\" width=\"920\" height=\"741\" \/><strong>Kord anyag<\/strong><\/p>\n<p>A farmer vet\u00e9lyt\u00e1rsra tal\u00e1lt, viszat\u00e9r a kord anyag, ami a retr\u00f3 korszakot id\u00e9zi. Eddig f\u0151leg n\u0151i darabokon l\u00e1thattuk viszont, most azonban a f\u00e9rfi holmikon is visszak\u00f6sz\u00f6n. P\u00e9ld\u00e1ul ingeken, kab\u00e1tokon, dzsekiken, nadr\u00e1gokon vagy kieg\u00e9sz\u00edt\u0151k\u00f6n, t\u00f6bbe k\u00f6z\u00f6tt baseball sapk\u00e1kon.<\/p>\n<p><img loading=\"lazy\" decoding=\"async\" class=\"alignnone size-full wp-image-14544\" src=\"https:\/\/answear.ro\/blog\/wp-content\/uploads\/2019\/09\/6-3.jpg\" sizes=\"auto, (max-width: 920px) 100vw, 920px\" srcset=\"https:\/\/answear.ro\/blog\/wp-content\/uploads\/2019\/09\/6-3.jpg 920w, https:\/\/answear.ro\/blog\/wp-content\/uploads\/2019\/09\/6-3-150x45.jpg 150w, https:\/\/answear.ro\/blog\/wp-content\/uploads\/2019\/09\/6-3-300x90.jpg 300w, https:\/\/answear.ro\/blog\/wp-content\/uploads\/2019\/09\/6-3-620x187.jpg 620w\" alt=\"\" width=\"920\" height=\"277\" \/><\/p>\n<p><a href=\"https:\/\/answear.hu\/1830693-jack-jones-ing.html\">1.Ing, Jack &amp; Jones<\/a>\u00a0 \u00a0<a href=\"https:\/\/answear.hu\/1783944-medicine-ing-retro-vibes.html\">2.Ing, Medicine<\/a>\u00a0 \u00a0<a href=\"https:\/\/answear.hu\/1845213-jack-jones-roevid-kabat.html\">3.Dzseki, Jack &amp; Jones<\/a>\u00a0 \u00a0<a href=\"https:\/\/answear.hu\/1832922-tommy-jeans-ing.html\">4.Ing, Tommy Jeans<\/a>\u00a0 \u00a0<a href=\"https:\/\/answear.hu\/1783974-medicine-roevid-kabat-retro-vibes.html\">5.Dzseki, Medicine<\/a><\/p>\n<p><strong>Log\u00f3m\u00e1nia<\/strong><\/p>\n<p>Ez a trend m\u00e9g mindig a toppon van. Ha b\u00edrod az olyan darabokat, amiken log\u00f3k szerepelnek, akkor hajr\u00e1, viseld b\u00e1ran. Id\u00e9n rengeteg m\u00e9retben \u00e9s st\u00edlusban megjelennek a log\u00f3k, de f\u0151k\u00e9nt a sokszoros\u00edtott, kicsi \u00e9s nagy, \u00e1s sz\u00ednes verzi\u00f3k uralj\u00e1k a darabokat.<\/p>\n<p><img loading=\"lazy\" decoding=\"async\" class=\"alignnone size-full wp-image-14545\" src=\"https:\/\/answear.ro\/blog\/wp-content\/uploads\/2019\/09\/7-2.jpg\" sizes=\"auto, (max-width: 920px) 100vw, 920px\" srcset=\"https:\/\/answear.ro\/blog\/wp-content\/uploads\/2019\/09\/7-2.jpg 920w, https:\/\/answear.ro\/blog\/wp-content\/uploads\/2019\/09\/7-2-150x45.jpg 150w, https:\/\/answear.ro\/blog\/wp-content\/uploads\/2019\/09\/7-2-300x90.jpg 300w, https:\/\/answear.ro\/blog\/wp-content\/uploads\/2019\/09\/7-2-620x185.jpg 620w\" alt=\"\" width=\"920\" height=\"275\" \/><\/p>\n<p><a href=\"https:\/\/answear.hu\/1756032-calvin-klein-jeans-roevid-kabat.html\">1.Dzseki, Calvin Klein Jeans<\/a>\u00a0 \u00a0<a href=\"https:\/\/answear.hu\/1742248-adidas-originals-felso.html\">2.Pulcsi, Adidas Originals<\/a>\u00a0 \u00a0<a href=\"https:\/\/answear.hu\/1698811-adidas-performance-t-shirt.html\">3.P\u00f3l\u00f3, adidas Performance<\/a>\u00a0 \u00a0<a href=\"https:\/\/answear.hu\/1792045-fila-oevtaska.html\">4.\u00d6vt\u00e1ska, Fila<\/a>\u00a0 \u00a0<a href=\"https:\/\/answear.hu\/1830442-pepe-jeans-felso-linus.html\">5.Pulcsi<\/a><a href=\"https:\/\/answear.ro\/1830442-pepe-jeans-bluza-linus.html\">, Pepe Jeans<\/a><\/p>\n<p><img loading=\"lazy\" decoding=\"async\" class=\"alignnone size-full wp-image-14546\" src=\"https:\/\/answear.ro\/blog\/wp-content\/uploads\/2019\/09\/8-1.jpg\" sizes=\"auto, (max-width: 920px) 100vw, 920px\" srcset=\"https:\/\/answear.ro\/blog\/wp-content\/uploads\/2019\/09\/8-1.jpg 920w, https:\/\/answear.ro\/blog\/wp-content\/uploads\/2019\/09\/8-1-150x96.jpg 150w, https:\/\/answear.ro\/blog\/wp-content\/uploads\/2019\/09\/8-1-300x193.jpg 300w, https:\/\/answear.ro\/blog\/wp-content\/uploads\/2019\/09\/8-1-620x398.jpg 620w\" alt=\"\" width=\"920\" height=\"591\" \/><\/p>\n","protected":false},"excerpt":{"rendered":"<p><span class=\"span-reading-time rt-reading-time\" style=\"display: block;\"><span class=\"rt-label rt-prefix\">Olvasd el, csak <\/span> <span class=\"rt-time\"> 3<\/span> <span class=\"rt-label rt-postfix\">perc<\/span><\/span>A leg\u00fajab 2019-es \u0151szi trendek igen soksz\u00edn\u0171ek. \u0150r\u00fclt diz\u00e1jnok, klasszikus fazonok , modern sz\u00ednek. Mutatjuk, miket szerezz be mindenk\u00e9ppen id\u00e9n \u0151sszel.<\/p>\n","protected":false},"author":35,"featured_media":0,"comment_status":"closed","ping_status":"closed","sticky":false,"template":"","format":"standard","meta":{"footnotes":""},"categories":[686],"tags":[749,1624,1350,892,1131,1654,1650,1649,1653,1652,1651],"class_list":["post-13708","post","type-post","status-publish","format-standard","hentry","category-trendek","tag-trend","tag-2019-oszi-teli-divat","tag-ballonkabat","tag-divat","tag-farmer","tag-farmering","tag-farmerkabat","tag-ferfi-trendek","tag-kord","tag-kord-anyag","tag-olcso-polo"],"_links":{"self":[{"href":"https:\/\/answear.hu\/blog\/wp-json\/wp\/v2\/posts\/13708","targetHints":{"allow":["GET"]}}],"collection":[{"href":"https:\/\/answear.hu\/blog\/wp-json\/wp\/v2\/posts"}],"about":[{"href":"https:\/\/answear.hu\/blog\/wp-json\/wp\/v2\/types\/post"}],"author":[{"embeddable":true,"href":"https:\/\/answear.hu\/blog\/wp-json\/wp\/v2\/users\/35"}],"replies":[{"embeddable":true,"href":"https:\/\/answear.hu\/blog\/wp-json\/wp\/v2\/comments?post=13708"}],"version-history":[{"count":3,"href":"https:\/\/answear.hu\/blog\/wp-json\/wp\/v2\/posts\/13708\/revisions"}],"predecessor-version":[{"id":15426,"href":"https:\/\/answear.hu\/blog\/wp-json\/wp\/v2\/posts\/13708\/revisions\/15426"}],"wp:attachment":[{"href":"https:\/\/answear.hu\/blog\/wp-json\/wp\/v2\/media?parent=13708"}],"wp:term":[{"taxonomy":"category","embeddable":true,"href":"https:\/\/answear.hu\/blog\/wp-json\/wp\/v2\/categories?post=13708"},{"taxonomy":"post_tag","embeddable":true,"href":"https:\/\/answear.hu\/blog\/wp-json\/wp\/v2\/tags?post=13708"}],"curies":[{"name":"wp","href":"https:\/\/api.w.org\/{rel}","templated":true}]}}