{"id":13703,"date":"2019-09-12T13:14:55","date_gmt":"2019-09-12T11:14:55","guid":{"rendered":"https:\/\/answear.hu\/blog\/?p=13703"},"modified":"2021-10-06T18:17:37","modified_gmt":"2021-10-06T16:17:37","slug":"trend-elorejelzes-2019-osz-tel-divat-divathet-fashion-week-ruha-trend","status":"publish","type":"post","link":"https:\/\/answear.hu\/blog\/trend-elorejelzes-2019-osz-tel-divat-divathet-fashion-week-ruha-trend\/13703","title":{"rendered":"Trend el\u0151rejelz\u00e9s 2019\/2020: ezek a legmen\u0151bb \u0151szi-t\u00e9li trendek"},"content":{"rendered":"<span class=\"span-reading-time rt-reading-time\" style=\"display: block;\"><span class=\"rt-label rt-prefix\">Olvasd el, csak <\/span> <span class=\"rt-time\"> 4<\/span> <span class=\"rt-label rt-postfix\">perc<\/span><\/span><p>B\u00e1r a napok egyre hidegebbre fordulnak, nek\u00fcnk forr a v\u00e9r\u00fcnk &#8211; \u00a0ez mind az \u00faj cuccoknak k\u00f6sz\u00f6nhet\u0151, amik p\u00e1r h\u00f3napon bel\u00fcl bet\u00f6rnek a piacra. Mutatjuk, ilyen men\u0151 trendek domin\u00e1lnak majd a 2019-2020-as \u0151szi-t\u00e9li szezonban.<!--more--><\/p>\n<p><img loading=\"lazy\" decoding=\"async\" class=\"alignnone wp-image-13704 size-full\" src=\"https:\/\/answear.hu\/blog\/wp-content\/uploads\/2019\/09\/Trendy_AW19_B.jpg\" alt=\"\" width=\"1080\" height=\"1080\" srcset=\"https:\/\/answear.hu\/blog\/wp-content\/uploads\/2019\/09\/Trendy_AW19_B.jpg 1080w, https:\/\/answear.hu\/blog\/wp-content\/uploads\/2019\/09\/Trendy_AW19_B-695x695.jpg 695w, https:\/\/answear.hu\/blog\/wp-content\/uploads\/2019\/09\/Trendy_AW19_B-768x768.jpg 768w, https:\/\/answear.hu\/blog\/wp-content\/uploads\/2019\/09\/Trendy_AW19_B-45x45.jpg 45w, https:\/\/answear.hu\/blog\/wp-content\/uploads\/2019\/09\/Trendy_AW19_B-150x150.jpg 150w, https:\/\/answear.hu\/blog\/wp-content\/uploads\/2019\/09\/Trendy_AW19_B-300x300.jpg 300w, https:\/\/answear.hu\/blog\/wp-content\/uploads\/2019\/09\/Trendy_AW19_B-1024x1024.jpg 1024w, https:\/\/answear.hu\/blog\/wp-content\/uploads\/2019\/09\/Trendy_AW19_B-620x620.jpg 620w\" sizes=\"auto, (max-width: 1080px) 100vw, 1080px\" \/><\/p>\n<p>&nbsp;<\/p>\n<p><strong>A legkedveltebb mint\u00e1k \u00e9s anyagok<\/strong><\/p>\n<p>Ez a szezon rendk\u00edv\u00fcl v\u00e1ltozatos ilyen szempontb\u00f3l. Nem sz\u00e1m\u00edt, hogy a klasszikust szereted, csillogni akarsz vagy maradn\u00e1l a komfortz\u00f3n\u00e1dban, a szezon neked is tartogat valamit. A legdivatosabb mint\u00e1nak a kock\u00e1s sz\u00e1m\u00edt most. Emelett a sk\u00f3tkocka, ty\u00fakl\u00e1b vagy buffalo minta rendk\u00edv\u00fcl j\u00f3l mutat kab\u00e1tokon, szokny\u00e1kon vagy pulcsikon, sz\u00f3val b\u00e1tran r\u00e1mozdulhatsz, ha \u00e9pp v\u00e1s\u00e1rolni indulsz.<\/p>\n<p><img loading=\"lazy\" decoding=\"async\" class=\"aligncenter wp-image-13705 size-full\" src=\"https:\/\/answear.hu\/blog\/wp-content\/uploads\/2019\/09\/Trendy_AW19.jpg\" alt=\"\" width=\"1080\" height=\"1080\" srcset=\"https:\/\/answear.hu\/blog\/wp-content\/uploads\/2019\/09\/Trendy_AW19.jpg 1080w, https:\/\/answear.hu\/blog\/wp-content\/uploads\/2019\/09\/Trendy_AW19-695x695.jpg 695w, https:\/\/answear.hu\/blog\/wp-content\/uploads\/2019\/09\/Trendy_AW19-768x768.jpg 768w, https:\/\/answear.hu\/blog\/wp-content\/uploads\/2019\/09\/Trendy_AW19-45x45.jpg 45w, https:\/\/answear.hu\/blog\/wp-content\/uploads\/2019\/09\/Trendy_AW19-150x150.jpg 150w, https:\/\/answear.hu\/blog\/wp-content\/uploads\/2019\/09\/Trendy_AW19-300x300.jpg 300w, https:\/\/answear.hu\/blog\/wp-content\/uploads\/2019\/09\/Trendy_AW19-1024x1024.jpg 1024w, https:\/\/answear.hu\/blog\/wp-content\/uploads\/2019\/09\/Trendy_AW19-620x620.jpg 620w\" sizes=\"auto, (max-width: 1080px) 100vw, 1080px\" \/><\/p>\n<p>A f\u00e9nyes anyagokat ebben a szezonban nem csak alkalomra viselheted \u2013 pl. egy ez\u00fcstsz\u00edn\u0171 kab\u00e1t vagy csizma tuti v\u00e1laszt\u00e1s. Ha m\u00e1r a kab\u00e1tokr\u00f3l besz\u00e9l\u00fcnk a steppelt dzseki a szezon szt\u00e1rja. A konvex mot\u00edvumok bonyolultak, de egyszer\u0171ek \u00e9s modernek is egyben.<\/p>\n<p><img loading=\"lazy\" decoding=\"async\" class=\"alignnone size-full wp-image-14528\" src=\"https:\/\/answear.ro\/blog\/wp-content\/uploads\/2019\/09\/2-3.jpg\" sizes=\"auto, (max-width: 920px) 100vw, 920px\" srcset=\"https:\/\/answear.ro\/blog\/wp-content\/uploads\/2019\/09\/2-3.jpg 920w, https:\/\/answear.ro\/blog\/wp-content\/uploads\/2019\/09\/2-3-150x45.jpg 150w, https:\/\/answear.ro\/blog\/wp-content\/uploads\/2019\/09\/2-3-300x91.jpg 300w, https:\/\/answear.ro\/blog\/wp-content\/uploads\/2019\/09\/2-3-620x187.jpg 620w\" alt=\"\" width=\"920\" height=\"278\" \/><\/p>\n<p><a href=\"https:\/\/answear.hu\/1794951-guess-jeans-kifordithato-dzseki.html\">1.Dzseki, Guess Jeans<\/a>\u00a0 \u00a0<a href=\"https:\/\/answear.hu\/1782122-medicine-szoknya-manifesto.html\">2.Szoknya, Medicine<\/a>\u00a0 \u00a0<a href=\"https:\/\/answear.hu\/1822175-silvian-heach-kabat.html\">3.Kab\u00e1t, Silvian Heach<\/a>\u00a0 \u00a0<a href=\"https:\/\/answear.hu\/1789441-guess-jeans-magasszaru-cipo.html\">4.Bokacsizma, Guess Jeans<\/a>\u00a0 \u00a0<a href=\"https:\/\/answear.hu\/1784965-guess-jeans-roevid-kabat.html\">5.Dzseki, Guess Jeans<\/a><\/p>\n<p><strong>Divatos r\u00e9szletek<\/strong><\/p>\n<p>Nem felejthetj\u00fck el azokat az apr\u00f3 r\u00e9szleteket, amik p\u00e9ld\u00e1ul egy bl\u00fazt a 2019-2020-as \u0151zi-t\u00e9li szezon sl\u00e1ger\u00e9v\u00e9 tettek. Romantikus masnik, nagy gall\u00e9r, buggyos ujjak \u00e9s gy\u0171r\u00f6tt anyagok \u2013 ezek mind karaketeres \u00e9s feminim elemek, finoms\u00e1got var\u00e1zsolnak a mark\u00e1ns anyagokkal teli t\u00e9lbe.<\/p>\n<p><img loading=\"lazy\" decoding=\"async\" class=\"alignnone size-full wp-image-14529\" src=\"https:\/\/answear.ro\/blog\/wp-content\/uploads\/2019\/09\/3-3.jpg\" sizes=\"auto, (max-width: 920px) 100vw, 920px\" srcset=\"https:\/\/answear.ro\/blog\/wp-content\/uploads\/2019\/09\/3-3.jpg 920w, https:\/\/answear.ro\/blog\/wp-content\/uploads\/2019\/09\/3-3-150x45.jpg 150w, https:\/\/answear.ro\/blog\/wp-content\/uploads\/2019\/09\/3-3-300x90.jpg 300w, https:\/\/answear.ro\/blog\/wp-content\/uploads\/2019\/09\/3-3-620x186.jpg 620w\" alt=\"\" width=\"920\" height=\"276\" \/><\/p>\n<p><a href=\"https:\/\/answear.hu\/1842552-pepe-jeans-felso-caroline-x-dua-lipa.html\">1.Ing, Pepe Jeans<\/a>\u00a0 \u00a0<a href=\"https:\/\/answear.hu\/1841950-silvian-heach-felso.html\">2.Ing,Silvian Heach<\/a>\u00a0 \u00a0<a href=\"https:\/\/answear.hu\/1811961-liu-jo-ing.html\">3.Bl\u00faz, Liu Jo<\/a>\u00a0 \u00a0<a href=\"https:\/\/answear.hu\/1760255-mango-ing.html\">4.Ing, Mango<\/a>\u00a0 \u00a0<a href=\"https:\/\/answear.hu\/1788741-marciano-guess-felso.html\">5.Fels\u0151, Marciano Guess<\/a><\/p>\n<p><img loading=\"lazy\" decoding=\"async\" class=\"alignnone wp-image-14531\" src=\"https:\/\/answear.ro\/blog\/wp-content\/uploads\/2019\/09\/4-3.jpg\" sizes=\"auto, (max-width: 920px) 100vw, 920px\" srcset=\"https:\/\/answear.ro\/blog\/wp-content\/uploads\/2019\/09\/4-3.jpg 920w, https:\/\/answear.ro\/blog\/wp-content\/uploads\/2019\/09\/4-3-150x122.jpg 150w, https:\/\/answear.ro\/blog\/wp-content\/uploads\/2019\/09\/4-3-300x244.jpg 300w, https:\/\/answear.ro\/blog\/wp-content\/uploads\/2019\/09\/4-3-620x504.jpg 620w\" alt=\"\" width=\"805\" height=\"655\" \/><strong>Must-have darabok \u0151szre<\/strong><\/p>\n<p>Ebben a szezonban lesz n\u00e9h\u00e1ny divatos darab, amit nem szabad figyelmen k\u00ed\u00fcl hagyni. A h\u0171v\u00f6sebb napokon felt\u00e9tlen\u00fcl sz\u00fcks\u00e9g van egy puham sz\u0151r\u00f6s kab\u00e1tra vagy dzsekire. A legjobb, ha a trendsz\u00ednek k\u00f6z\u00fcl v\u00e1lasztasz, ami a karamell vagy a b\u00e9zs, ezek az \u00e1rnyalatok nadr\u00e1gokr\u00f3l \u00e9s ruh\u00e1kr\u00f3l is visszak\u00f6sz\u00f6nnek. A szezon nagy dob\u00e1sa a kilencvenes \u00e9veket id\u00e9z\u0151 farmer, ami \u00faj fazonnak sz\u00e1m\u00edt: magas\u00edtott der\u00e9kr\u00e9sz \u00e9s egyenes sz\u00e1r. Ez a fazon kiemeli az alakot, hossz\u00edtja a l\u00e1bakat \u00e9s t\u00f6k\u00e9letesen mutat rengeteg fajta fels\u0151vel, az oversized pulcsit\u00f3ll a romantikus, viktori\u00e1nus st\u00edlus\u00fa bl\u00fazig. Ha szereted megmutatni l\u00e1baid, az A-vonal\u00fa miniszoknya neked val\u00f3.<\/p>\n<p><img loading=\"lazy\" decoding=\"async\" class=\"alignnone size-full wp-image-14530\" src=\"https:\/\/answear.ro\/blog\/wp-content\/uploads\/2019\/09\/5-2.jpg\" sizes=\"auto, (max-width: 920px) 100vw, 920px\" srcset=\"https:\/\/answear.ro\/blog\/wp-content\/uploads\/2019\/09\/5-2.jpg 920w, https:\/\/answear.ro\/blog\/wp-content\/uploads\/2019\/09\/5-2-150x45.jpg 150w, https:\/\/answear.ro\/blog\/wp-content\/uploads\/2019\/09\/5-2-300x90.jpg 300w, https:\/\/answear.ro\/blog\/wp-content\/uploads\/2019\/09\/5-2-620x185.jpg 620w\" alt=\"\" width=\"920\" height=\"275\" \/><\/p>\n<p><a href=\"https:\/\/answear.hu\/1819000-answear-roevid-kabat.html\">1.Dzseki, Answear<\/a>\u00a0 \u00a0<a href=\"https:\/\/answear.hu\/1770743-guess-jeans-szoknya.html\">2.Szoknya, Guess Jeans<\/a>\u00a0 \u00a0<a href=\"https:\/\/answear.hu\/1734394-guess-jeans-farmer-the-it-girl.html\">3.Farmer, Guess Jeans<\/a>\u00a0 \u00a0<a href=\"https:\/\/answear.hu\/1806421-answear-kabat.html\">4.Kab\u00e1t, Answear<\/a>\u00a0 \u00a0<a href=\"https:\/\/answear.hu\/1815215-only-szoknya.html\">5.Szoknya, Only<\/a><\/p>\n<p><strong>T\u00e1sk\u00e1k, amik\u00e9rt meg\u0151r\u00fcl\u00fcnk<\/strong><\/p>\n<p>Kezdj\u00fck egy klasszikussal \u2013 a steppelt t\u00e1sk\u00e1val. Term\u00e9szetesen ebb\u0151l a fazonb\u00f3l mindenki a Chanel l\u00e1ncos, ikonikus darabj\u00e1t szeretn\u00e9, de ink\u00e1bb ne ragadjunk le egy darabn\u00e1l. Ezek a t\u00e1sk\u00e1k rengeteg fazonban, form\u00e1ban \u00e9s m\u00e9retben j\u00f6nnek, ez\u00e9rt annyira univerz\u00e1lis a visel\u00e9s\u00fck. Ha te is olyan vagy, hogy telepakolod kedvenc darabod, akkor \u00f6r\u00fclni fogsz, a \u2018shopper\u2019 t\u00e1ska, vagyis ahogy sokan ismerik, v\u00e1llt\u00e1ska szint\u00e9n men\u0151 most \u00e9s hatalmas m\u00e9retekben is el\u00e9rhet\u0151. A minimalizmus \u00e9s diszkr\u00e9t darabok kedvel\u0151inek is tartogatunk valamit, m\u00e9ghozz\u00e1 a mini t\u00e1sk\u00e1k form\u00e1j\u00e1ban. Viseld a v\u00e1lladon vagy p\u00e1nttal a derekadon, ez a kicsi kieg\u00e9sz\u00edt\u0151 pluszt ad megjelen\u00e9sedhez.<\/p>\n<p><img loading=\"lazy\" decoding=\"async\" class=\"alignnone size-full wp-image-14532\" src=\"https:\/\/answear.ro\/blog\/wp-content\/uploads\/2019\/09\/6-2.jpg\" sizes=\"auto, (max-width: 920px) 100vw, 920px\" srcset=\"https:\/\/answear.ro\/blog\/wp-content\/uploads\/2019\/09\/6-2.jpg 920w, https:\/\/answear.ro\/blog\/wp-content\/uploads\/2019\/09\/6-2-150x45.jpg 150w, https:\/\/answear.ro\/blog\/wp-content\/uploads\/2019\/09\/6-2-300x90.jpg 300w, https:\/\/answear.ro\/blog\/wp-content\/uploads\/2019\/09\/6-2-620x187.jpg 620w\" alt=\"\" width=\"920\" height=\"277\" \/><\/p>\n<p><a href=\"https:\/\/answear.hu\/1846304-versace-jeans-kezitaska.html\">1.T\u00e1ska, Versace Jeans<\/a>\u00a0 \u00a0<a href=\"https:\/\/answear.hu\/1831871-pinko-bor-taska.html\">2.T\u00e1ska, Pinko<\/a>\u00a0 \u00a0<a href=\"https:\/\/answear.hu\/1731217-guess-jeans-kezitaska.html\">3.T\u00e1ska, Guess Jeans<\/a>\u00a0 \u00a0<a href=\"https:\/\/answear.hu\/1755406-pinko-bor-taska.html\">4.T\u00e1ska, Pinko<\/a>\u00a0 \u00a0<a href=\"https:\/\/answear.hu\/1815296-patrizia-pepe-bor-oevtaska.html\">5.T\u00e1ska, Patrizia Pepe<\/a><\/p>\n<p><strong>A legjobb cip\u0151k \u0151szre<\/strong><\/p>\n<p>A trendeket tet\u0151t\u0151l-talpig szeretj\u00fck, \u00edgy a cip\u0151kr\u0151l sem feledkezhet\u00fcnk meg \u00e9s rengeteg darab k\u00f6z\u00fcl tudunk most v\u00e1logatni. A f\u0171z\u0151s, hossz\u00fasz\u00e1r\u00fa, t\u0171sark\u00fa csizm\u00e1k a n\u0151iess\u00e9get \u00e9ltetik, de emelett megjelennek a laz\u00e1bb bakancsok is, amik a mindennapi rohang\u00e1l\u00e1shoz tal\u00e1n alkalmasabbak. A sneakerek m\u00e9g mindig a toppon: a legtrendibbek sz\u00ednesek \u00e9s magastalp\u00faak az \u00faj szezonban.<\/p>\n<p><img loading=\"lazy\" decoding=\"async\" class=\"alignnone size-full wp-image-14533\" src=\"https:\/\/answear.ro\/blog\/wp-content\/uploads\/2019\/09\/7-1.jpg\" sizes=\"auto, (max-width: 920px) 100vw, 920px\" srcset=\"https:\/\/answear.ro\/blog\/wp-content\/uploads\/2019\/09\/7-1.jpg 920w, https:\/\/answear.ro\/blog\/wp-content\/uploads\/2019\/09\/7-1-150x45.jpg 150w, https:\/\/answear.ro\/blog\/wp-content\/uploads\/2019\/09\/7-1-300x90.jpg 300w, https:\/\/answear.ro\/blog\/wp-content\/uploads\/2019\/09\/7-1-620x185.jpg 620w\" alt=\"\" width=\"920\" height=\"275\" \/><\/p>\n<p><a href=\"https:\/\/answear.hu\/1702200-guess-jeans-lovaglocsizma.html\">1.Bakancs, Guess Jeans<\/a>\u00a0 \u00a0<a href=\"https:\/\/answear.hu\/1810087-steve-madden-cipo-antonia.html\">2.Sneaker, Steve Madden<\/a>\u00a0 \u00a0<a href=\"https:\/\/answear.hu\/1787557-solo-femme-magasszaru-cipo.html\">3.Csizma, Solo Femme<\/a>\u00a0 \u00a0<a href=\"https:\/\/answear.hu\/1787390-tamaris-magasszaru-cipo.html\">4.Csizma, Tamaris<\/a>\u00a0 \u00a0<a href=\"https:\/\/answear.hu\/1820435-pepe-jeans-magasszaru-cipo-hampstead-snake.html\">5.Csizma, Pepe Jeans<\/a><\/p>\n","protected":false},"excerpt":{"rendered":"<p><span class=\"span-reading-time rt-reading-time\" style=\"display: block;\"><span class=\"rt-label rt-prefix\">Olvasd el, csak <\/span> <span class=\"rt-time\"> 4<\/span> <span class=\"rt-label rt-postfix\">perc<\/span><\/span>B\u00e1r a napok egyre hidegebbre fordulnak, nek\u00fcnk forr a v\u00e9r\u00fcnk &#8211; \u00a0ez mind az \u00faj cuccoknak k\u00f6sz\u00f6nhet\u0151, amik p\u00e1r h\u00f3napon bel\u00fcl bet\u00f6rnek a piacra. Mutatjuk, ilyen men\u0151 trendek domin\u00e1lnak majd a 2019-2020-as \u0151szi-t\u00e9li szezonban.<\/p>\n","protected":false},"author":35,"featured_media":0,"comment_status":"closed","ping_status":"closed","sticky":false,"template":"","format":"standard","meta":{"footnotes":""},"categories":[686],"tags":[749,1624,1647,1390,892,1648,995,1073,1646],"class_list":["post-13703","post","type-post","status-publish","format-standard","hentry","category-trendek","tag-trend","tag-2019-oszi-teli-divat","tag-cipodivat","tag-csizma","tag-divat","tag-metalfeny","tag-noi-ruha","tag-sneaker","tag-trendelorejelzes"],"_links":{"self":[{"href":"https:\/\/answear.hu\/blog\/wp-json\/wp\/v2\/posts\/13703","targetHints":{"allow":["GET"]}}],"collection":[{"href":"https:\/\/answear.hu\/blog\/wp-json\/wp\/v2\/posts"}],"about":[{"href":"https:\/\/answear.hu\/blog\/wp-json\/wp\/v2\/types\/post"}],"author":[{"embeddable":true,"href":"https:\/\/answear.hu\/blog\/wp-json\/wp\/v2\/users\/35"}],"replies":[{"embeddable":true,"href":"https:\/\/answear.hu\/blog\/wp-json\/wp\/v2\/comments?post=13703"}],"version-history":[{"count":3,"href":"https:\/\/answear.hu\/blog\/wp-json\/wp\/v2\/posts\/13703\/revisions"}],"predecessor-version":[{"id":15427,"href":"https:\/\/answear.hu\/blog\/wp-json\/wp\/v2\/posts\/13703\/revisions\/15427"}],"wp:attachment":[{"href":"https:\/\/answear.hu\/blog\/wp-json\/wp\/v2\/media?parent=13703"}],"wp:term":[{"taxonomy":"category","embeddable":true,"href":"https:\/\/answear.hu\/blog\/wp-json\/wp\/v2\/categories?post=13703"},{"taxonomy":"post_tag","embeddable":true,"href":"https:\/\/answear.hu\/blog\/wp-json\/wp\/v2\/tags?post=13703"}],"curies":[{"name":"wp","href":"https:\/\/api.w.org\/{rel}","templated":true}]}}