{"id":13691,"date":"2019-09-06T09:33:21","date_gmt":"2019-09-06T07:33:21","guid":{"rendered":"https:\/\/answear.hu\/blog\/?p=13691"},"modified":"2021-10-06T12:43:03","modified_gmt":"2021-10-06T10:43:03","slug":"nyfw-divathet-trendek-new-york-divat-modell-streetstyle","status":"publish","type":"post","link":"https:\/\/answear.hu\/blog\/nyfw-divathet-trendek-new-york-divat-modell-streetstyle\/13691","title":{"rendered":"NYFW \u2013 A legnagyobb tervez\u0151k \u00e9s az \u00e1ltaluk dikt\u00e1lt trendek"},"content":{"rendered":"<span class=\"span-reading-time rt-reading-time\" style=\"display: block;\"><span class=\"rt-label rt-prefix\">Olvasd el, csak <\/span> <span class=\"rt-time\"> 3<\/span> <span class=\"rt-label rt-postfix\">perc<\/span><\/span><p><strong>Ideje, hogy elstartoljon a divatfesztiv\u00e1l, a Fashion Week maraton New Yorkban veszi kezdet\u00e9t. Extravag\u00e1ns show-k, a leg\u00fajabb kollekci\u00f3k \u00e9s trendek, ikonikus m\u00e1rk\u00e1k \u2013 \u00f6sszefoglal\u00f3.<\/strong><\/p>\n<p><!--more--><\/p>\n<p><img loading=\"lazy\" decoding=\"async\" class=\"alignnone size-full wp-image-26085\" src=\"https:\/\/answear.com\/blog\/wp-content\/uploads\/2019\/09\/1.jpg\" sizes=\"auto, (max-width: 920px) 100vw, 920px\" srcset=\"https:\/\/answear.com\/blog\/wp-content\/uploads\/2019\/09\/1.jpg 920w, https:\/\/answear.com\/blog\/wp-content\/uploads\/2019\/09\/1-610x395.jpg 610w, https:\/\/answear.com\/blog\/wp-content\/uploads\/2019\/09\/1-768x498.jpg 768w, https:\/\/answear.com\/blog\/wp-content\/uploads\/2019\/09\/1-640x415.jpg 640w\" alt=\"new york fashion week\" width=\"920\" height=\"596\" \/><\/p>\n<p>New York az els\u0151 a n\u00e9gy nagy divatf\u0151v\u00e1ros k\u00f6z\u00fcl ahol a legfrissebb kollekci\u00f3kat l\u00e1thatjuk \u2013 az \u0151szi bemutat\u00f3k a 2020-as tavaszi trendekre f\u00f3kusz\u00e1lnak. A streetwear kir\u00e1lyai nagyv\u00e1rosi hagulatot var\u00e1zsolnak a betonh\u00e1zak k\u00f6z\u00e9, azonban nem f\u00e9lnek a minimalizmust\u00f3l, az \u00e9l\u00e9nk szinekt\u0151l vagy az avant-garde form\u00e1kt\u00f3l sem. A New York-i Fashion Week minden trendszettert felvillanyoz, akik \u00e9lnek-halnak a modernizmus\u00e9rt. Szeretn\u00e9d te is leut\u00e1nozni a nagyokat? Mi sem lehet egyszer\u00e1bb enn\u00e9l: a kifut\u00f3kon l\u00e1that\u00f3 m\u00e1rk\u00e1k kollekci\u00f3i az ANSWEAR.hu kin\u00e1lat\u00e1ban is megtal\u00e1lhat\u00f3ak. N\u00e9zd meg, hogy a tervez\u0151k mit \u00e1lmodtak meg, mi pedig mutatjuk a trendeket (a j\u00f6v\u0151 \u00e9vieket is) amik csak egy kattint\u00e1sra vannak.<\/p>\n<p><strong>Tommy Hilfiger<\/strong><\/p>\n<p>A Tommy Hilfiger 1980 \u00f3ta aktiv, \u00e9s ezid\u0151 alatt Amerika egyik legmen\u0151bb m\u00e1rk\u00e1j\u00e1v\u00e1 n\u0151tte ki mag\u00e1t. Mind a n\u0151i, mind a f\u00e9rfi kollekci\u00f3k a minimalizmus jegy\u00e9ben sz\u00fcletnek meg \u00e9s a m\u00e1ra m\u00e1r ikonikuss\u00e1 v\u00e1lt \u00e9s a m\u00e1rk\u00e1t jellemz\u0151 piros, feh\u00e9r \u00e9s k\u00e9k \u00e1rnyalatok k\u00f6r\u00e9 \u00e9p\u00fclnek. A Tommy Hilfiger felr\u00fagja a szab\u00e1lyokat, \u00fcnnepli az egy\u00e9nis\u00e9get \u00e9s kis\u00e9rletez a divattal \u00fagy, hogy a klasszikuss\u00e1got sosem \u00e1ldozza fel. Ha rajong\u00f3 tipus vagy, ez a m\u00e1rka neked val\u00f3.<\/p>\n<p><img loading=\"lazy\" decoding=\"async\" class=\"alignnone size-full wp-image-26086\" src=\"https:\/\/answear.com\/blog\/wp-content\/uploads\/2019\/09\/2.jpg\" sizes=\"auto, (max-width: 920px) 100vw, 920px\" srcset=\"https:\/\/answear.com\/blog\/wp-content\/uploads\/2019\/09\/2.jpg 920w, https:\/\/answear.com\/blog\/wp-content\/uploads\/2019\/09\/2-610x182.jpg 610w, https:\/\/answear.com\/blog\/wp-content\/uploads\/2019\/09\/2-768x229.jpg 768w, https:\/\/answear.com\/blog\/wp-content\/uploads\/2019\/09\/2-640x191.jpg 640w\" alt=\"\" width=\"920\" height=\"274\" \/><\/p>\n<p><a href=\"https:\/\/answear.hu\/1838939-tommy-hilfiger-ruha.html\">1.Ruha, Tommy Hilfiger<\/a>\u00a0<a href=\"https:\/\/answear.hu\/1833571-tommy-hilfiger-szoknya.html\">2.Szoknya,\u00a0Tommy Hilfiger<\/a>\u00a0<a href=\"https:\/\/answear.hu\/1794125-tommy-hilfiger-kardigan.html\">3.Kardig\u00e1n,\u00a0Tommy Hilfiger<\/a>\u00a0<a href=\"https:\/\/answear.hu\/1780511-tommy-hilfiger-pehelydzseki.html\">4.Kab\u00e1t,\u00a0Tommy Hilfiger<\/a>\u00a0<a href=\"https:\/\/answear.hu\/1820714-tommy-hilfiger-magasszaru-cipo.html\">5.Csizma,\u00a0Tommy Hilfiger<\/a><\/p>\n<p>Ebben a szezonban a <strong><a href=\"https:\/\/answear.hu\/p\/tommy-hilfiger-315-b.html\/k-4\">Tommy Hilfiger<\/a><\/strong> kollekci\u00f3ja a m\u00e1r emlitett piros, feh\u00e9r \u00e9s k\u00e9k \u00e1rnyalatokkal t\u00e9r vissza. Mint\u00e1k ter\u00e9n a kock\u00e1k, fazonban pedig a midi ceruzaszokny\u00e1k \u00e9s az oversized kardig\u00e1nok lesznek f\u00f3kuszban.<\/p>\n<p><strong>Coach<\/strong><\/p>\n<p>A\u00a0<strong><a href=\"https:\/\/answear.hu\/p\/coach-694-b.html\/k-4\" target=\"_blank\" rel=\"noopener noreferrer\">Coach<\/a>\u00a0<\/strong>1941-ben alakult csal\u00e1di v\u00e1llalkoz\u00e1sk\u00e9nt \u00e9s eleinte b\u0151r term\u00e9keket gy\u00e1rtottak. A m\u00e1rka \u00e9vtizedekig a luxus szinonim\u00e1ja volt, min\u0151s\u00e9g \u00e9s moderns\u00e9g jellemezte, de k\u00f6zben szem el\u0151tt tartott\u00e1k a szaktud\u00e1st is. A b\u0151r t\u00e1sk\u00e1k \u00e9s cip\u0151k a tiszta New York-i stilust k\u00e9pviselik. A szezonban keresd a minimalista, kifinomult de k\u00fcl\u00f6nleges form\u00e1j\u00fa k\u00e9zi t\u00e1ks\u00e1kat. Ha valami \u00fajdons\u00e1gra v\u00e1gysz, szerezz be egy mint\u00e1s, b\u00e9zs \u00e1rnyalatban pomp\u00e1z\u00f3 darabot.\u00a0\u00a0\u00a0<img loading=\"lazy\" decoding=\"async\" class=\"alignnone size-full wp-image-26087\" src=\"https:\/\/answear.com\/blog\/wp-content\/uploads\/2019\/09\/3.jpg\" sizes=\"auto, (max-width: 920px) 100vw, 920px\" srcset=\"https:\/\/answear.com\/blog\/wp-content\/uploads\/2019\/09\/3.jpg 920w, https:\/\/answear.com\/blog\/wp-content\/uploads\/2019\/09\/3-610x182.jpg 610w, https:\/\/answear.com\/blog\/wp-content\/uploads\/2019\/09\/3-768x230.jpg 768w, https:\/\/answear.com\/blog\/wp-content\/uploads\/2019\/09\/3-640x191.jpg 640w\" alt=\"\" width=\"920\" height=\"275\" \/><\/p>\n<p><a href=\"https:\/\/answear.hu\/1708426-coach-bor-taska.html\">1.T\u00e1ska, Coach<\/a>\u00a0<a href=\"https:\/\/answear.hu\/1747409-coach-magasszaru-cipo.html\">2.Csizma, Coach<\/a>\u00a0<a href=\"https:\/\/answear.hu\/1758862-coach-magasszaru-cipo.html\">3.Csizma, Coach<\/a>\u00a0<a href=\"https:\/\/answear.hu\/1719838-coach-bor-taska.html\">4.T\u00e1ska, Coach<\/a>\u00a0<a href=\"https:\/\/answear.hu\/1711823-coach-bor-hatizsak.html\">5.H\u00e1tizs\u00e1k, Coach<\/a><\/p>\n<p><img loading=\"lazy\" decoding=\"async\" class=\"alignnone size-full wp-image-26088\" src=\"https:\/\/answear.com\/blog\/wp-content\/uploads\/2019\/09\/4.jpg\" sizes=\"auto, (max-width: 920px) 100vw, 920px\" srcset=\"https:\/\/answear.com\/blog\/wp-content\/uploads\/2019\/09\/4.jpg 920w, https:\/\/answear.com\/blog\/wp-content\/uploads\/2019\/09\/4-610x393.jpg 610w, https:\/\/answear.com\/blog\/wp-content\/uploads\/2019\/09\/4-768x494.jpg 768w, https:\/\/answear.com\/blog\/wp-content\/uploads\/2019\/09\/4-640x412.jpg 640w\" alt=\"\" width=\"920\" height=\"592\" \/><\/p>\n<p><strong>Ralph Lauren<\/strong><\/p>\n<p>A Ralph Lauren egy amerikai luxusm\u00e1rka, ami a legmagasabb min\u0151s\u00e9gben kin\u00e1lja term\u00e9keit. 1967-es indul\u00e1suk \u00f3ta Ralph Lauren ruh\u00e1kat \u00e9s kieg\u00e9szit\u0151ket tervez n\u0151k \u00e9s f\u00e9rfiak sz\u00e1m\u00e1ra egyar\u00e1nt. Az ANSWEAR.hu oldal\u00e1n 2 m\u00e1rk\u00e1t tal\u00e1lsz a brandt\u0151l: \u00a0<strong><a href=\"https:\/\/answear.hu\/p\/lauren-ralph-lauren-468-b.html\/k-4\" target=\"_blank\" rel=\"noopener noreferrer\">Lauren Ralph Lauren<\/a>,\u00a0<\/strong>ami luxus t\u00e1sk\u00e1kat \u00e9s cip\u0151ket kin\u00e1l vagy a sokkal lezserebb <strong><a href=\"https:\/\/answear.hu\/p\/polo-ralph-lauren-437-b.html\/k-4\">Polo Ralph Laurent<\/a><\/strong>. Te melyiket v\u00e1lasztan\u00e1d?<\/p>\n<p><img loading=\"lazy\" decoding=\"async\" class=\"alignnone size-full wp-image-26089\" src=\"https:\/\/answear.com\/blog\/wp-content\/uploads\/2019\/09\/5.jpg\" sizes=\"auto, (max-width: 920px) 100vw, 920px\" srcset=\"https:\/\/answear.com\/blog\/wp-content\/uploads\/2019\/09\/5.jpg 920w, https:\/\/answear.com\/blog\/wp-content\/uploads\/2019\/09\/5-610x188.jpg 610w, https:\/\/answear.com\/blog\/wp-content\/uploads\/2019\/09\/5-768x236.jpg 768w, https:\/\/answear.com\/blog\/wp-content\/uploads\/2019\/09\/5-640x197.jpg 640w\" alt=\"\" width=\"920\" height=\"283\" \/><\/p>\n<p><a href=\"https:\/\/answear.hu\/1799749-polo-ralph-lauren-felso.html\">1.Pulcsi,\u00a0Polo Ralph Lauren<\/a>\u00a0<a href=\"https:\/\/answear.hu\/1738301-polo-ralph-lauren-pulover.html\">2.Pul\u00f3ver,\u00a0Polo Ralph Lauren<\/a><a href=\"https:\/\/answear.hu\/1739480-polo-ralph-lauren-roevid-kabat.html\">\u00a03.Kab\u00e1t,\u00a0Polo Ralph Lauren<\/a>\u00a0<a href=\"https:\/\/answear.hu\/1773899-polo-ralph-lauren-nadrag.html\">4.Nadr\u00e1g,\u00a0Polo Ralph Lauren<\/a><a href=\"https:\/\/answear.hu\/1817272-polo-ralph-lauren-ruha.html\">\u00a05.Ruha,\u00a0Polo Ralph Lauren<\/a><\/p>\n<p><img loading=\"lazy\" decoding=\"async\" class=\"alignnone size-full wp-image-26090\" src=\"https:\/\/answear.com\/blog\/wp-content\/uploads\/2019\/09\/6.jpg\" sizes=\"auto, (max-width: 920px) 100vw, 920px\" srcset=\"https:\/\/answear.com\/blog\/wp-content\/uploads\/2019\/09\/6.jpg 920w, https:\/\/answear.com\/blog\/wp-content\/uploads\/2019\/09\/6-610x186.jpg 610w, https:\/\/answear.com\/blog\/wp-content\/uploads\/2019\/09\/6-768x235.jpg 768w, https:\/\/answear.com\/blog\/wp-content\/uploads\/2019\/09\/6-640x195.jpg 640w\" alt=\"\" width=\"920\" height=\"281\" \/><\/p>\n<p><a href=\"https:\/\/answear.hu\/1805097-lauren-ralph-lauren-bor-oev.html\">1.\u00d6v,\u00a0\u00a0Lauren Ralph Lauren<\/a>\u00a0<a href=\"https:\/\/answear.hu\/1812838-lauren-ralph-lauren-bor-taska.html\">2.T\u00e1ska,\u00a0Lauren Ralph Lauren<\/a>\u00a0<a href=\"https:\/\/answear.hu\/1811018-lauren-ralph-lauren-bor-taska.html\">3.T\u00e1ska,\u00a0Lauren Ralph Lauren<\/a>\u00a0<a href=\"https:\/\/answear.hu\/1791640-lauren-ralph-lauren-magasszaru-cipo.html\">4.Csizma,\u00a0Lauren Ralph Lauren<\/a>\u00a0<a href=\"https:\/\/answear.hu\/1771136-lauren-ralph-lauren-kezitaska.html\">5.T\u00e1ska,\u00a0Lauren Ralph Lauren<\/a><\/p>\n","protected":false},"excerpt":{"rendered":"<p><span class=\"span-reading-time rt-reading-time\" style=\"display: block;\"><span class=\"rt-label rt-prefix\">Olvasd el, csak <\/span> <span class=\"rt-time\"> 3<\/span> <span class=\"rt-label rt-postfix\">perc<\/span><\/span>Ideje, hogy elstartoljon a divatfesztiv\u00e1l, a Fashion Week maraton New Yorkban veszi kezdet\u00e9t. Extravag\u00e1ns show-k, a leg\u00fajabb kollekci\u00f3k \u00e9s trendek, ikonikus m\u00e1rk\u00e1k \u2013 \u00f6sszefoglal\u00f3.<\/p>\n","protected":false},"author":35,"featured_media":14322,"comment_status":"closed","ping_status":"closed","sticky":false,"template":"","format":"standard","meta":{"footnotes":""},"categories":[686],"tags":[1636,892,1633,939,1525,1632,1635,1634,1287],"class_list":["post-13691","post","type-post","status-publish","format-standard","has-post-thumbnail","hentry","category-trendek","tag-coack","tag-divat","tag-divathet","tag-marka","tag-modell","tag-new-york","tag-ralp-lauren","tag-tommz-hilfiger","tag-trendek"],"_links":{"self":[{"href":"https:\/\/answear.hu\/blog\/wp-json\/wp\/v2\/posts\/13691","targetHints":{"allow":["GET"]}}],"collection":[{"href":"https:\/\/answear.hu\/blog\/wp-json\/wp\/v2\/posts"}],"about":[{"href":"https:\/\/answear.hu\/blog\/wp-json\/wp\/v2\/types\/post"}],"author":[{"embeddable":true,"href":"https:\/\/answear.hu\/blog\/wp-json\/wp\/v2\/users\/35"}],"replies":[{"embeddable":true,"href":"https:\/\/answear.hu\/blog\/wp-json\/wp\/v2\/comments?post=13691"}],"version-history":[{"count":4,"href":"https:\/\/answear.hu\/blog\/wp-json\/wp\/v2\/posts\/13691\/revisions"}],"predecessor-version":[{"id":14239,"href":"https:\/\/answear.hu\/blog\/wp-json\/wp\/v2\/posts\/13691\/revisions\/14239"}],"wp:featuredmedia":[{"embeddable":true,"href":"https:\/\/answear.hu\/blog\/wp-json\/wp\/v2\/media\/14322"}],"wp:attachment":[{"href":"https:\/\/answear.hu\/blog\/wp-json\/wp\/v2\/media?parent=13691"}],"wp:term":[{"taxonomy":"category","embeddable":true,"href":"https:\/\/answear.hu\/blog\/wp-json\/wp\/v2\/categories?post=13691"},{"taxonomy":"post_tag","embeddable":true,"href":"https:\/\/answear.hu\/blog\/wp-json\/wp\/v2\/tags?post=13691"}],"curies":[{"name":"wp","href":"https:\/\/api.w.org\/{rel}","templated":true}]}}