{"id":13683,"date":"2019-08-30T08:52:09","date_gmt":"2019-08-30T06:52:09","guid":{"rendered":"https:\/\/answear.hu\/blog\/?p=13683"},"modified":"2021-10-06T12:43:12","modified_gmt":"2021-10-06T10:43:12","slug":"2019-oszi-farmerdivat-farmer-trend-denim-vasarlas-fazonok","status":"publish","type":"post","link":"https:\/\/answear.hu\/blog\/2019-oszi-farmerdivat-farmer-trend-denim-vasarlas-fazonok\/13683","title":{"rendered":"2019 \u0151szi farmerdivat \u2013 ezt viseld a k\u00f6vetkez\u0151 szezonban!"},"content":{"rendered":"<span class=\"span-reading-time rt-reading-time\" style=\"display: block;\"><span class=\"rt-label rt-prefix\">Olvasd el, csak <\/span> <span class=\"rt-time\"> 4<\/span> <span class=\"rt-label rt-postfix\">perc<\/span><\/span><header class=\"entry-header\">\n<p class=\"entry-title\"><strong>A farmer sosem megy ki a divatb\u00f3l, azonban n\u00e9h\u00e1ny trend k\u00fcl\u00f6n\u00f6sen k\u00f6zel \u00e1ll hozz\u00e1nk. Mutatjuk, milyen fazonok, mint\u00e1k \u00e9s r\u00e9szletek uralj\u00e1k a farmerdivatot az \u0151sszel.<\/strong><\/p>\n<\/header>\n<p><!--more--><\/p>\n<div class=\"entry-content\">\n<p><img loading=\"lazy\" decoding=\"async\" class=\"alignnone size-full wp-image-25966\" src=\"https:\/\/answear.com\/blog\/wp-content\/uploads\/2019\/08\/denim1.jpg\" sizes=\"auto, (max-width: 920px) 100vw, 920px\" srcset=\"https:\/\/answear.com\/blog\/wp-content\/uploads\/2019\/08\/denim1.jpg 920w, https:\/\/answear.com\/blog\/wp-content\/uploads\/2019\/08\/denim1-610x406.jpg 610w, https:\/\/answear.com\/blog\/wp-content\/uploads\/2019\/08\/denim1-768x512.jpg 768w, https:\/\/answear.com\/blog\/wp-content\/uploads\/2019\/08\/denim1-640x426.jpg 640w, https:\/\/answear.com\/blog\/wp-content\/uploads\/2019\/08\/denim1-272x182.jpg 272w\" alt=\"denim trendy\" width=\"920\" height=\"613\" \/><\/p>\n<p><strong>A szezon legdivatosabb farmerjai<\/strong><\/p>\n<p>Felejtsd el a skinny fazont, mert egy p\u00e1r szezonig tuti, hogy kimegy a divatb\u00f3l. Id\u00e9n \u0151sszel ink\u00e1bb a klasszikus fazonokra f\u00f3kusz\u00e1lunk, amik m\u00e1r a nyolcvanas \u00e9vek \u00f3ta vel\u00fcnk vannak. Egyenes sz\u00e1r\u00fa, magasderek\u00fa vagy \u00e9ppen bokalenget\u0151s verzi\u00f3k, egyszer\u0171 \u00e1rnyalatokban, minden cicoma n\u00e9lk\u00fcl. Egy oversized inggel vagy csipkebl\u00fazzal kombin\u00e1lva p\u00e9ld\u00e1ul t\u00f6k\u00e9letes retr\u00f3 megjelen\u00e9st k\u00f6lcs\u00f6n\u00f6z. Egy m\u00e1sik opci\u00f3 a farmer culotte, ami a ny\u00e1r egyik legmen\u0151bb fazonja volt. Viselheted magassark\u00fa vagy lapos csizm\u00e1val, r\u00f6vid kab\u00e1ttal \u00e9s laza pulcsival.<\/p>\n<p><img loading=\"lazy\" decoding=\"async\" class=\"alignnone size-full wp-image-25939\" src=\"https:\/\/answear.com\/blog\/wp-content\/uploads\/2019\/08\/full_img_1956295-e1567073482968.jpg\" alt=\"\" width=\"210\" height=\"317\" \/>\u00a0<img loading=\"lazy\" decoding=\"async\" class=\"alignnone size-full wp-image-25940\" src=\"https:\/\/answear.com\/blog\/wp-content\/uploads\/2019\/08\/full_img_1960017-e1567073492849.jpg\" alt=\"\" width=\"210\" height=\"317\" \/>\u00a0<img loading=\"lazy\" decoding=\"async\" class=\"alignnone size-full wp-image-25941\" src=\"https:\/\/answear.com\/blog\/wp-content\/uploads\/2019\/08\/full_img_1978833-e1567073500304.jpg\" alt=\"\" width=\"210\" height=\"317\" \/>\u00a0<img loading=\"lazy\" decoding=\"async\" class=\"alignnone size-full wp-image-25942\" src=\"https:\/\/answear.com\/blog\/wp-content\/uploads\/2019\/08\/full_img_2005915-e1567073507707.jpg\" alt=\"\" width=\"210\" height=\"317\" \/><\/p>\n<p><a href=\"https:\/\/answear.hu\/1775342-mustang-farmer-sissy.html\" target=\"_blank\" rel=\"noopener noreferrer\">1.Farmer, Mustang<\/a>\u00a0<a href=\"https:\/\/answear.hu\/1779168-wrangler-farmer-body-bespoke.html\" target=\"_blank\" rel=\"noopener noreferrer\">2.Farmer, Wrangler<\/a>\u00a0<a href=\"https:\/\/answear.hu\/1786069-morgan-farmer-jean-brut.html\" target=\"_blank\" rel=\"noopener noreferrer\">3.Farmer, Morgan<\/a>\u00a0<a href=\"https:\/\/answear.hu\/1824603-lee-farmer-elly.html\" target=\"_blank\" rel=\"noopener noreferrer\">4.Farmer, Lee<\/a><\/p>\n<p>A magasderek\u00fa verzi\u00f3kra is alapozhatsz, hiszen nem csak men\u0151k, de p\u00e9ld\u00e1ul hosszitj\u00e1k a l\u00e1bakat, igy magasabbnak t\u0171nsz majd visel\u00e9s\u00fckkel. Ha birod a trap\u00e9z fazont, akkor ez a te id\u0151d. Hippis vagy romantikus megjelen\u00e9st k\u00f6lcs\u00f6n\u00f6zhetsz magadnak egy ilyen farmerral. Kombin\u00e1lhatsz vele csizm\u00e1t \u00e9s garb\u00f3t is, ha igaz\u00e1n cool \u00f6sszk\u00e9pet akarsz, koron\u00e1zd meg egy gyapj\u00fakab\u00e1ttal.<\/p>\n<p><img loading=\"lazy\" decoding=\"async\" class=\"alignnone size-full wp-image-25944\" src=\"https:\/\/answear.com\/blog\/wp-content\/uploads\/2019\/08\/full_img_1911932-e1567073888612.jpg\" alt=\"\" width=\"210\" height=\"317\" \/>\u00a0<img loading=\"lazy\" decoding=\"async\" class=\"alignnone size-full wp-image-25945\" src=\"https:\/\/answear.com\/blog\/wp-content\/uploads\/2019\/08\/full_img_1956336-e1567073895558.jpg\" alt=\"\" width=\"210\" height=\"317\" \/>\u00a0<img loading=\"lazy\" decoding=\"async\" class=\"alignnone size-full wp-image-25946\" src=\"https:\/\/answear.com\/blog\/wp-content\/uploads\/2019\/08\/full_img_1930951-e1567073909544.jpg\" alt=\"\" width=\"210\" height=\"317\" \/>\u00a0<img loading=\"lazy\" decoding=\"async\" class=\"alignnone size-full wp-image-25947\" src=\"https:\/\/answear.com\/blog\/wp-content\/uploads\/2019\/08\/full_img_1970569-e1567073917742.jpg\" alt=\"\" width=\"210\" height=\"317\" \/><\/p>\n<p><a href=\"https:\/\/answear.hu\/1738197-pinko-farmer-peggy.html\" target=\"_blank\" rel=\"noopener noreferrer\">1.Farmer, Pinko<\/a>\u00a0<a href=\"https:\/\/answear.hu\/1775431-pinko-farmer-carol-carrot.html\" target=\"_blank\" rel=\"noopener noreferrer\">2.Farmer, Pinko<\/a>\u00a0<a href=\"https:\/\/answear.hu\/1753250-pinko-farmer.html\" target=\"_blank\" rel=\"noopener noreferrer\">3.Farmer, Pinko<\/a>\u00a0<a href=\"https:\/\/answear.hu\/1787868-miss-sixty-farmer.html\" target=\"_blank\" rel=\"noopener noreferrer\">4.Farmer, Miss Sixty<\/a><\/p>\n<p>Je\u015bli uwielbiasz szerokie nogawki, nie mo\u017cesz zapomnie\u0107 o dzwonach. Na fali hipisowskich i romantycznych nurt\u00f3w denimowe spodnie z dzwonowatymi nogawkami zn\u00f3w powracaj\u0105. Trzeba przyzna\u0107, \u017ce w komplecie z botkami, golfem i we\u0142nianym p\u0142aszczem prezentuj\u0105 si\u0119 naprawd\u0119 elegancko.<\/p>\n<p><img loading=\"lazy\" decoding=\"async\" class=\"alignnone size-full wp-image-25949\" src=\"https:\/\/answear.com\/blog\/wp-content\/uploads\/2019\/08\/full_img_1928630-e1567074127371.jpg\" alt=\"\" width=\"210\" height=\"317\" \/>\u00a0<img loading=\"lazy\" decoding=\"async\" class=\"alignnone size-full wp-image-25950\" src=\"https:\/\/answear.com\/blog\/wp-content\/uploads\/2019\/08\/full_img_1912263-e1567074134468.jpg\" alt=\"\" width=\"210\" height=\"317\" \/>\u00a0<img loading=\"lazy\" decoding=\"async\" class=\"alignnone size-full wp-image-25951\" src=\"https:\/\/answear.com\/blog\/wp-content\/uploads\/2019\/08\/full_img_1968834-e1567074142816.jpg\" alt=\"\" width=\"210\" height=\"317\" \/>\u00a0<img loading=\"lazy\" decoding=\"async\" class=\"alignnone size-full wp-image-25952\" src=\"https:\/\/answear.com\/blog\/wp-content\/uploads\/2019\/08\/full_img_2010485-e1567074149367.jpg\" alt=\"\" width=\"210\" height=\"317\" \/><\/p>\n<p><a href=\"https:\/\/answear.hu\/1751314-levi-s-made-crafted-farmer.html\" target=\"_blank\" rel=\"noopener noreferrer\">1.Farmer, Levi\u2019s<\/a>\u00a0<a href=\"https:\/\/answear.hu\/1727751-mango-farmer-flare.html\" target=\"_blank\" rel=\"noopener noreferrer\">2.Farmer, Mango<\/a>\u00a0<a href=\"https:\/\/answear.hu\/1787885-morgan-farmer-pio.html\">3.Farmer, Morgan<\/a>\u00a0<a href=\"https:\/\/answear.hu\/1829937-mango-farmer-flare.html\" target=\"_blank\" rel=\"noopener noreferrer\">4.Farmer, Mango<\/a><\/p>\n<p><img loading=\"lazy\" decoding=\"async\" class=\"alignnone wp-image-25967\" src=\"https:\/\/answear.com\/blog\/wp-content\/uploads\/2019\/08\/denim3.jpg\" sizes=\"auto, (max-width: 450px) 100vw, 450px\" srcset=\"https:\/\/answear.com\/blog\/wp-content\/uploads\/2019\/08\/denim3.jpg 450w, https:\/\/answear.com\/blog\/wp-content\/uploads\/2019\/08\/denim3-352x440.jpg 352w\" alt=\"denim trendy 2019\" width=\"430\" height=\"537\" \/>\u00a0<img loading=\"lazy\" decoding=\"async\" class=\"alignnone wp-image-25968\" src=\"https:\/\/answear.com\/blog\/wp-content\/uploads\/2019\/08\/denim2.jpg\" sizes=\"auto, (max-width: 450px) 100vw, 450px\" srcset=\"https:\/\/answear.com\/blog\/wp-content\/uploads\/2019\/08\/denim2.jpg 450w, https:\/\/answear.com\/blog\/wp-content\/uploads\/2019\/08\/denim2-352x440.jpg 352w\" alt=\"denim trendy na jesie\u0144\" width=\"430\" height=\"537\" \/><\/p>\n<p><strong>Must have darab \u2013 a farmerkab\u00e1t<\/strong><\/p>\n<p>Amint az id\u0151j\u00e1r\u00e1s kicsit hidegebbre fordul, el\u0151ker\u00fclnek a farmerdzsekik. 2019 \u0151sz\u00e9n az alapokra f\u00f3kusz\u00e1lunk \u00e9s a klasszikus darabok ker\u00fclnek el\u0151t\u00e9rbe. P\u00e9ld\u00e1ul a laza, b\u0151 kab\u00e1tok, amik a nyolcvanas, kilencvenes \u00e9veket id\u00e9zik vagy a hosszabb verzi\u00f3k, amik csip\u0151 al\u00e1 \u00e9rnek. Szaggatott alj, \u00f6v a der\u00e9kon &#8211; ezek mind-mind elengedhetetlen kell\u00e9kei a mostani trendeknek \u00e9s t\u00f6k\u00e9letesen beleillenek a utility trendbe is.<\/p>\n<p><img loading=\"lazy\" decoding=\"async\" class=\"alignnone size-full wp-image-25958\" src=\"https:\/\/answear.com\/blog\/wp-content\/uploads\/2019\/08\/full_img_1928586-e1567075067976.jpg\" alt=\"\" width=\"210\" height=\"317\" \/>\u00a0<img loading=\"lazy\" decoding=\"async\" class=\"alignnone size-full wp-image-25959\" src=\"https:\/\/answear.com\/blog\/wp-content\/uploads\/2019\/08\/full_img_1857359-e1567075075828.jpg\" alt=\"\" width=\"210\" height=\"317\" \/>\u00a0<img loading=\"lazy\" decoding=\"async\" class=\"alignnone size-full wp-image-25960\" src=\"https:\/\/answear.com\/blog\/wp-content\/uploads\/2019\/08\/full_img_1910541-e1567075084288.jpg\" alt=\"\" width=\"210\" height=\"317\" \/>\u00a0<img loading=\"lazy\" decoding=\"async\" class=\"alignnone size-full wp-image-25962\" src=\"https:\/\/answear.com\/blog\/wp-content\/uploads\/2019\/08\/full_img_1840323-e1567075196819.jpg\" alt=\"\" width=\"210\" height=\"317\" \/><\/p>\n<p><a href=\"https:\/\/answear.hu\/1751293-levi-s-made-crafted-farmerdzseki.html\" target=\"_blank\" rel=\"noopener noreferrer\">1.Kab\u00e1t, Levi\u2019s<\/a>\u00a0<a href=\"https:\/\/answear.hu\/1693691-levi-s-kubek.html\" target=\"_blank\" rel=\"noopener noreferrer\">2.Kab\u00e1t, Levi\u2019s<\/a>\u00a0<a href=\"https:\/\/answear.hu\/1737867-tommy-jeans-farmerdzseki.html\" target=\"_blank\" rel=\"noopener noreferrer\">3.Kab\u00e1t, Tommy Jeans<\/a><a href=\"https:\/\/answear.com\/1678600-lee-kurtka-jeansowa.html\" target=\"_blank\" rel=\"noopener noreferrer\">\u00a04.<\/a><a href=\"https:\/\/answear.hu\/1678600-lee-farmerdzseki.html\" target=\"_blank\" rel=\"noopener noreferrer\">Kab\u00e1t<\/a><a href=\"https:\/\/answear.hu\/1678600-lee-farmerdzseki.html\" target=\"_blank\" rel=\"noopener noreferrer\">, Lee<\/a><\/p>\n<p><strong>Karakteres r\u00e9szletek<\/strong><\/p>\n<p>A farmer az farmer, de egy-k\u00e9t styling tippel sim\u00e1n feldobhatjuk a darabokat, de jobb r\u00e9sen lenni, hiszen a trendek szezonr\u00f3l-szezonra v\u00e1ltoznak. Id\u00e9n a himz\u00e9s nagyon men\u0151, nem csak a nadr\u00e1gokon de a kab\u00e1tokon is, ahol az apr\u00f3 r\u00e9szletek gy\u00fcny\u00f6r\u0171 mint\u00e1kat eredm\u00e9nyeznek. A m\u00e1sik nagy dob\u00e1s a szalagok haszn\u00e1lata, amik p\u00e9ld\u00e1ul csikokk\u00e9nt is funkcion\u00e1lnak egyes darabokon.<\/p>\n<p><img loading=\"lazy\" decoding=\"async\" class=\"alignnone size-full wp-image-25953\" src=\"https:\/\/answear.com\/blog\/wp-content\/uploads\/2019\/08\/full_img_2002087-e1567074397431.jpg\" alt=\"\" width=\"210\" height=\"317\" \/>\u00a0<img loading=\"lazy\" decoding=\"async\" class=\"alignnone size-full wp-image-25954\" src=\"https:\/\/answear.com\/blog\/wp-content\/uploads\/2019\/08\/full_img_1917089-e1567074405494.jpg\" alt=\"\" width=\"210\" height=\"317\" \/>\u00a0<img loading=\"lazy\" decoding=\"async\" class=\"alignnone size-full wp-image-25964\" src=\"https:\/\/answear.com\/blog\/wp-content\/uploads\/2019\/08\/full_img_2005920-e1567075593707.jpg\" alt=\"\" width=\"210\" height=\"317\" \/><img loading=\"lazy\" decoding=\"async\" class=\"alignnone size-full wp-image-25956\" src=\"https:\/\/answear.com\/blog\/wp-content\/uploads\/2019\/08\/full_img_1956097-e1567074422901.jpg\" alt=\"\" width=\"210\" height=\"317\" \/><\/p>\n<p><a href=\"https:\/\/answear.com\/1816781-miss-sixty-kurtka-jeansowa.html\" target=\"_blank\" rel=\"noopener noreferrer\">1.<\/a><a href=\"https:\/\/answear.hu\/1816781-miss-sixty-farmerdzseki.html\" target=\"_blank\" rel=\"noopener noreferrer\">Kab\u00e1t<\/a><a href=\"https:\/\/answear.hu\/1816781-miss-sixty-farmerdzseki.html\" target=\"_blank\" rel=\"noopener noreferrer\">, Miss Sixty<\/a>\u00a0<a href=\"https:\/\/answear.hu\/1741951-pepe-jeans-farmer-violet-archive.html\" target=\"_blank\" rel=\"noopener noreferrer\">2.Farmer, Pepe Jeans<\/a>\u00a0<a href=\"https:\/\/answear.hu\/1821331-lee-farmer-scarlett-piping.html\" target=\"_blank\" rel=\"noopener noreferrer\">3.Farmer, Lee<\/a>\u00a0<a href=\"https:\/\/answear.com\/1775148-levi-s-kurtka-jeansowa.html\" target=\"_blank\" rel=\"noopener noreferrer\">4.<\/a><a href=\"https:\/\/answear.hu\/1775148-levi-s-farmerdzseki.html\" target=\"_blank\" rel=\"noopener noreferrer\">Kab\u00e1t<\/a><a href=\"https:\/\/answear.hu\/1775148-levi-s-farmerdzseki.html\" target=\"_blank\" rel=\"noopener noreferrer\">, Levi\u2019s<\/a><\/p>\n<\/div>\n","protected":false},"excerpt":{"rendered":"<p><span class=\"span-reading-time rt-reading-time\" style=\"display: block;\"><span class=\"rt-label rt-prefix\">Olvasd el, csak <\/span> <span class=\"rt-time\"> 4<\/span> <span class=\"rt-label rt-postfix\">perc<\/span><\/span>A farmer sosem megy ki a divatb\u00f3l, azonban n\u00e9h\u00e1ny trend k\u00fcl\u00f6n\u00f6sen k\u00f6zel \u00e1ll hozz\u00e1nk. Mutatjuk, milyen fazonok, mint\u00e1k \u00e9s r\u00e9szletek uralj\u00e1k a farmerdivatot az \u0151sszel.<\/p>\n","protected":false},"author":35,"featured_media":14323,"comment_status":"closed","ping_status":"closed","sticky":false,"template":"","format":"standard","meta":{"footnotes":""},"categories":[686],"tags":[688,1624,892,1131,1631,1630],"class_list":["post-13683","post","type-post","status-publish","format-standard","has-post-thumbnail","hentry","category-trendek","tag-denim","tag-2019-oszi-teli-divat","tag-divat","tag-farmer","tag-skinny","tag-trapey"],"_links":{"self":[{"href":"https:\/\/answear.hu\/blog\/wp-json\/wp\/v2\/posts\/13683","targetHints":{"allow":["GET"]}}],"collection":[{"href":"https:\/\/answear.hu\/blog\/wp-json\/wp\/v2\/posts"}],"about":[{"href":"https:\/\/answear.hu\/blog\/wp-json\/wp\/v2\/types\/post"}],"author":[{"embeddable":true,"href":"https:\/\/answear.hu\/blog\/wp-json\/wp\/v2\/users\/35"}],"replies":[{"embeddable":true,"href":"https:\/\/answear.hu\/blog\/wp-json\/wp\/v2\/comments?post=13683"}],"version-history":[{"count":4,"href":"https:\/\/answear.hu\/blog\/wp-json\/wp\/v2\/posts\/13683\/revisions"}],"predecessor-version":[{"id":14324,"href":"https:\/\/answear.hu\/blog\/wp-json\/wp\/v2\/posts\/13683\/revisions\/14324"}],"wp:featuredmedia":[{"embeddable":true,"href":"https:\/\/answear.hu\/blog\/wp-json\/wp\/v2\/media\/14323"}],"wp:attachment":[{"href":"https:\/\/answear.hu\/blog\/wp-json\/wp\/v2\/media?parent=13683"}],"wp:term":[{"taxonomy":"category","embeddable":true,"href":"https:\/\/answear.hu\/blog\/wp-json\/wp\/v2\/categories?post=13683"},{"taxonomy":"post_tag","embeddable":true,"href":"https:\/\/answear.hu\/blog\/wp-json\/wp\/v2\/tags?post=13683"}],"curies":[{"name":"wp","href":"https:\/\/api.w.org\/{rel}","templated":true}]}}