{"id":13670,"date":"2019-08-22T10:07:06","date_gmt":"2019-08-22T08:07:06","guid":{"rendered":"https:\/\/answear.hu\/blog\/?p=13670"},"modified":"2021-10-06T12:43:25","modified_gmt":"2021-10-06T10:43:25","slug":"back-to-school-keszen-allsz-visszaterni-a-multba","status":"publish","type":"post","link":"https:\/\/answear.hu\/blog\/back-to-school-keszen-allsz-visszaterni-a-multba\/13670","title":{"rendered":"Back to school  &#8211; k\u00e9szen \u00e1llsz visszat\u00e9rni a m\u00faltba?"},"content":{"rendered":"<span class=\"span-reading-time rt-reading-time\" style=\"display: block;\"><span class=\"rt-label rt-prefix\">Olvasd el, csak <\/span> <span class=\"rt-time\"> 3<\/span> <span class=\"rt-label rt-postfix\">perc<\/span><\/span><p><strong>Ha visszaeml\u00e9ksz\u00fcnk a gyerekkorunkra, a gondtalans\u00e1g, a sz\u00f3rakoz\u00e1s \u00e9s a rengeteg bar\u00e1t jut esz\u00fcnkbe. Milyen j\u00f3 is volt igaz? Mi lenne, ha most kicsit viszat\u00e9rn\u00e9nk azokba az id\u0151kbe? Persze id\u0151g\u00e9ppel nem tudunk szolg\u00e1lni, viszont olyan cuccokkal igen, amik nosztalgikus eml\u00e9keket id\u00e9znek \u2013 \u00e9s nem felt\u00e9tlen\u00fcl csak az iskolapadban viselhet\u0151ek.<\/strong><\/p>\n<p><!--more--><\/p>\n<p><img loading=\"lazy\" decoding=\"async\" class=\"alignnone size-full wp-image-14398\" src=\"https:\/\/answear.ro\/blog\/wp-content\/uploads\/2019\/08\/1-1.jpg\" sizes=\"auto, (max-width: 920px) 100vw, 920px\" srcset=\"https:\/\/answear.ro\/blog\/wp-content\/uploads\/2019\/08\/1-1.jpg 920w, https:\/\/answear.ro\/blog\/wp-content\/uploads\/2019\/08\/1-1-150x112.jpg 150w, https:\/\/answear.ro\/blog\/wp-content\/uploads\/2019\/08\/1-1-300x224.jpg 300w, https:\/\/answear.ro\/blog\/wp-content\/uploads\/2019\/08\/1-1-620x463.jpg 620w\" alt=\"\" width=\"920\" height=\"687\" \/><\/p>\n<p>Lassan itt a ny\u00e1r v\u00e9ge, ez pedig azt jelenti, hogy mindj\u00e1rt becs\u00f6ngetnek&#8230; ez minket persze nem \u00e9rint, de mi lenne, ha err\u0151l kicsit megfeledkezn\u00e9nk \u00e9s visszarep\u00fcln\u00e9nk az id\u0151ben? Mindegy hogy a nyolcvanas vagy kilencvenes \u00e9vekben volt\u00e1l gyerek, esetleg a k\u00e9tezres \u00e9vek elej\u00e9n, az a k\u00fcl\u00f6nleges, \u00f6nfeledt \u00e9rz\u00e9s tal\u00e1n m\u00e1r sosem t\u00e9r vissza. Ehhez a feelinghez nagy m\u00e9rt\u00e9kben hozz\u00e1j\u00e1rultak azok az \u00a0ikonikus trendek, amik meg\u0151rj\u00edtett\u00e9k a tiniket \u00e9s amiket sosem felejt\u00fcnk. Most pedig visszat\u00e9rnek, ebben a szezonban a 80-as, 90-es \u00e9vek domin\u00e1ns retro trendjei r\u00e1nyomj\u00e1k a pecs\u00e9tj\u00fcket a divat \u00faj ir\u00e1nyzataira.<\/p>\n<p><strong>Magasderek\u00fa farmer<\/strong><\/p>\n<p>Egyenes sz\u00e1r, magas\u00edtott der\u00e9k, durva text\u00fara, n\u00e9ha koptatott vagy m\u00e1rv\u00e1nyos mint\u00e1k \u2013 j\u00f3n\u00e9h\u00e1ny \u00e9ve a mom jeans volt a fiatalos divat k\u00f6z\u00e9ppontj\u00e1ban. De mik is az el\u0151nyei? Kiemeli a derekat, hossz\u00edtja a l\u00e1bakat, sz\u00f3val att\u00f3l nem kell tartanod, hogy rosszul \u00e1ll majd. Ha igazi retro st\u00edlust akarsz el\u00e9rni, p\u00f3l\u00f3val \u00e1s tornacip\u0151vel kombin\u00e1ld, viszont ha valami extr\u00e9mre v\u00e1gysz, akkor egy oversize kab\u00e1t \u00e9s magassark\u00fa a j\u00f3 v\u00e1laszt\u00e1s.<\/p>\n<p><img loading=\"lazy\" decoding=\"async\" class=\"alignnone size-full wp-image-14399\" src=\"https:\/\/answear.ro\/blog\/wp-content\/uploads\/2019\/08\/2-2.jpg\" sizes=\"auto, (max-width: 920px) 100vw, 920px\" srcset=\"https:\/\/answear.ro\/blog\/wp-content\/uploads\/2019\/08\/2-2.jpg 920w, https:\/\/answear.ro\/blog\/wp-content\/uploads\/2019\/08\/2-2-150x45.jpg 150w, https:\/\/answear.ro\/blog\/wp-content\/uploads\/2019\/08\/2-2-300x91.jpg 300w, https:\/\/answear.ro\/blog\/wp-content\/uploads\/2019\/08\/2-2-620x187.jpg 620w\" alt=\"\" width=\"920\" height=\"278\" \/><\/p>\n<p><a href=\"https:\/\/answear.hu\/1769649-medicine-farmer-tapestry-stripes.html\">1.Medicine<\/a>\u00a0 \u00a0<a href=\"https:\/\/answear.hu\/1697824-levi-s-farmer.html\">2.Levi`s<\/a>\u00a0 \u00a0<a href=\"https:\/\/answear.hu\/1751314-levi-s-made-crafted-farmer.html\">3.Levi\u2019s Made &amp; Crafted<\/a>\u00a0 \u00a0<a href=\"https:\/\/answear.hu\/1736162-pepe-jeans-farmer.html\">4.Pepe Jeans<\/a>\u00a0 \u00a0<a href=\"https:\/\/answear.hu\/1716858-calvin-klein-jeans-farmer-ckj-030.html\">5.Calvin Klein Jeans<\/a><\/p>\n<p><strong>Sneakerek \u00e9s tornacip\u0151k<\/strong><\/p>\n<p>\u00c9vekkel ezel\u0151tt a legdivatosabb sneakerek cs\u00fany\u00e1k voltak \u00e9s m\u00e9g \u00edgy is mindenki im\u00e1dta \u0151ket. Vastag talp, kontrasztos sz\u00ednek \u00e9s kil\u00f3g\u00f3 nyelv volt \u2013 ezek f\u00e9mjelezt\u00e9k a legmen\u0151bb darabokat. \u00c9s ahogy az lenni szokott, a divat ism\u00e9tli \u00f6nmag\u00e1t, ezek a cip\u0151k most ism\u00e9t visszat\u00e9rtek.<\/p>\n<p><img loading=\"lazy\" decoding=\"async\" class=\"alignnone size-full wp-image-14400\" src=\"https:\/\/answear.ro\/blog\/wp-content\/uploads\/2019\/08\/3-2.jpg\" sizes=\"auto, (max-width: 920px) 100vw, 920px\" srcset=\"https:\/\/answear.ro\/blog\/wp-content\/uploads\/2019\/08\/3-2.jpg 920w, https:\/\/answear.ro\/blog\/wp-content\/uploads\/2019\/08\/3-2-150x45.jpg 150w, https:\/\/answear.ro\/blog\/wp-content\/uploads\/2019\/08\/3-2-300x90.jpg 300w, https:\/\/answear.ro\/blog\/wp-content\/uploads\/2019\/08\/3-2-620x186.jpg 620w\" alt=\"\" width=\"920\" height=\"276\" \/><\/p>\n<p><a href=\"https:\/\/answear.hu\/1702134-guess-jeans-cipo.html\">1.Guess Jeans<\/a>\u00a0 \u00a0<a href=\"https:\/\/answear.hu\/1713568-fila-cipo-disruptor-ii-patches.html\">2.Fila<\/a>\u00a0 \u00a0<a href=\"https:\/\/answear.hu\/1739751-reebok-classic-cipo.html\">3.Reebok<\/a>\u00a0 \u00a0<a href=\"https:\/\/answear.hu\/1677233-karl-lagerfeld-cipo-skool-karl-ikonic-hi-lace.html\">4.Karl Lagerfeld<\/a>\u00a0 \u00a0<a href=\"https:\/\/answear.hu\/1761619-big-star-sportcipo.html\">5.Big Star<\/a><\/p>\n<p><a href=\"https:\/\/answear.ro\/1583536-fila-pantofi-disruptor-cb-low-wmn.html\"><img loading=\"lazy\" decoding=\"async\" class=\"alignnone size-full wp-image-14401\" src=\"https:\/\/answear.ro\/blog\/wp-content\/uploads\/2019\/08\/4-2.jpg\" sizes=\"auto, (max-width: 920px) 100vw, 920px\" srcset=\"https:\/\/answear.ro\/blog\/wp-content\/uploads\/2019\/08\/4-2.jpg 920w, https:\/\/answear.ro\/blog\/wp-content\/uploads\/2019\/08\/4-2-150x87.jpg 150w, https:\/\/answear.ro\/blog\/wp-content\/uploads\/2019\/08\/4-2-300x173.jpg 300w, https:\/\/answear.ro\/blog\/wp-content\/uploads\/2019\/08\/4-2-620x359.jpg 620w\" alt=\"\" width=\"920\" height=\"532\" \/><\/a><\/p>\n<p><strong>Mint\u00e1s p\u00f3l\u00f3k<\/strong><\/p>\n<p>Az egyszer\u0171 fazonok \u00e9s az old-school mint\u00e1k k\u00f6telez\u0151 elemei azoknak a p\u00f3l\u00f3knak, amik gyerekkorunkat id\u00e9zik. Az \u00faj szezonban sim\u00e1n viselhetsz vicces, log\u00f3s vagy a kedvenc band\u00e1d k\u00e9p\u00e9vel el\u00e1tott verzi\u00f3t. Ne feledd, hogy ezek a p\u00f3l\u00f3k farmer anyaggal mutatna igaz\u00e1n j\u00f3l, legyen az egy sort vagy egy szoknya.<\/p>\n<p><img loading=\"lazy\" decoding=\"async\" class=\"alignnone size-full wp-image-14402\" src=\"https:\/\/answear.ro\/blog\/wp-content\/uploads\/2019\/08\/5-1.jpg\" sizes=\"auto, (max-width: 920px) 100vw, 920px\" srcset=\"https:\/\/answear.ro\/blog\/wp-content\/uploads\/2019\/08\/5-1.jpg 920w, https:\/\/answear.ro\/blog\/wp-content\/uploads\/2019\/08\/5-1-150x45.jpg 150w, https:\/\/answear.ro\/blog\/wp-content\/uploads\/2019\/08\/5-1-300x90.jpg 300w, https:\/\/answear.ro\/blog\/wp-content\/uploads\/2019\/08\/5-1-620x185.jpg 620w\" alt=\"\" width=\"920\" height=\"275\" \/><\/p>\n<p><a href=\"https:\/\/answear.hu\/1764054-jacqueline-de-yong-polo.html\">1.Jacqueline de Yong<\/a>\u00a0 \u00a0<a href=\"https:\/\/answear.hu\/1759446-lee-polo.html\">2.Lee<\/a>\u00a0 \u00a0<a href=\"https:\/\/answear.hu\/1719191-medicine-top-90s-vibes.html\">3.Medicine<\/a>\u00a0 \u00a0<a href=\"https:\/\/answear.hu\/1519798-answear-top.html\">4.Answear<\/a>\u00a0 \u00a0<a href=\"https:\/\/answear.hu\/1772852-mango-polo-ramones.html\">5.Mango<\/a><\/p>\n<p><strong>Pulcsik<\/strong><\/p>\n<p>Alapdarab a h\u0171v\u00f6s, \u0151szi napokon. Legyen ez oversize vagy r\u00f6vid fazon, a pul\u00f3ver nem hi\u00e1nyozhat a gardr\u00f3bb\u00f3l. A legmen\u0151bb darabok log\u00f3s, mint\u00e1s, neonsz\u00edn\u0171 verzi\u00f3k, amik garant\u00e1lj\u00e1k, hogy kit\u0171nsz majd a t\u00f6megb\u0151l. Ha f\u00e9lsz, hogy a pulcsi t\u00fal sportos vagy b\u00e9na \u00f6sszhat\u00e1st kelt, vari\u00e1ld modern \u00e9s n\u0151ies darabokkal \u00e9s gond letudva.<\/p>\n<p><img loading=\"lazy\" decoding=\"async\" class=\"alignnone size-full wp-image-14403\" src=\"https:\/\/answear.ro\/blog\/wp-content\/uploads\/2019\/08\/6-1.jpg\" sizes=\"auto, (max-width: 920px) 100vw, 920px\" srcset=\"https:\/\/answear.ro\/blog\/wp-content\/uploads\/2019\/08\/6-1.jpg 920w, https:\/\/answear.ro\/blog\/wp-content\/uploads\/2019\/08\/6-1-150x45.jpg 150w, https:\/\/answear.ro\/blog\/wp-content\/uploads\/2019\/08\/6-1-300x90.jpg 300w, https:\/\/answear.ro\/blog\/wp-content\/uploads\/2019\/08\/6-1-620x186.jpg 620w\" alt=\"\" width=\"920\" height=\"276\" \/><\/p>\n<p><a href=\"https:\/\/answear.hu\/1769966-guess-jeans-felso.html\">1.Guess Jeans<\/a>\u00a0 \u00a0<a href=\"https:\/\/answear.hu\/1732875-tommy-jeans-felso.html\">2.Tommy Jeans<\/a>\u00a0 \u00a0<a href=\"https:\/\/answear.hu\/1748851-nike-sportswear-felso.html\">3.Nike Sportswear<\/a>\u00a0 \u00a0<a href=\"https:\/\/answear.hu\/1775975-puma-felso-x-space-agency-nasa.html\">4.Puma<\/a>\u00a0 \u00a0<a href=\"https:\/\/answear.hu\/p\/felsok-210-k.html\/felsok\/p-1\/r-60\/o-n\/b-165\">5.adidas Originals<\/a><\/p>\n<p><img loading=\"lazy\" decoding=\"async\" class=\"alignnone size-full wp-image-14404\" src=\"https:\/\/answear.ro\/blog\/wp-content\/uploads\/2019\/08\/7.jpg\" sizes=\"auto, (max-width: 920px) 100vw, 920px\" srcset=\"https:\/\/answear.ro\/blog\/wp-content\/uploads\/2019\/08\/7.jpg 920w, https:\/\/answear.ro\/blog\/wp-content\/uploads\/2019\/08\/7-150x113.jpg 150w, https:\/\/answear.ro\/blog\/wp-content\/uploads\/2019\/08\/7-300x227.jpg 300w, https:\/\/answear.ro\/blog\/wp-content\/uploads\/2019\/08\/7-620x469.jpg 620w\" alt=\"\" width=\"920\" height=\"696\" \/><\/p>\n<p><strong>H\u00e1tizs\u00e1kok<\/strong><\/p>\n<p>A h\u00e1tizs\u00e1k manaps\u00e1g nem csak egy praktikus kieg\u00e9sz\u00edt\u0151, de alapdarabja a n\u0151i ruhat\u00e1rnak. M\u00e1r nem k\u00f6nyveket vagy f\u00fczeteket pakolunk bele, hanem minden m\u00e1st, amik elengedhetetlen kell\u00e9kei a h\u00e9tk\u00f6znapjainknak. \u00a0Azt javasoljuk, hogy ne sportos, hanem eleg\u00e1ns darabokat keress, \u00edgy ak\u00e1r minden nap viselheted \u00e9s t\u00f6k\u00e9letes alternaiv\u00e1ja lesz a k\u00e9zi t\u00e1sk\u00e1dnak.<\/p>\n<p><img loading=\"lazy\" decoding=\"async\" class=\"alignnone size-full wp-image-14405\" src=\"https:\/\/answear.ro\/blog\/wp-content\/uploads\/2019\/08\/8.jpg\" sizes=\"auto, (max-width: 920px) 100vw, 920px\" srcset=\"https:\/\/answear.ro\/blog\/wp-content\/uploads\/2019\/08\/8.jpg 920w, https:\/\/answear.ro\/blog\/wp-content\/uploads\/2019\/08\/8-150x45.jpg 150w, https:\/\/answear.ro\/blog\/wp-content\/uploads\/2019\/08\/8-300x91.jpg 300w, https:\/\/answear.ro\/blog\/wp-content\/uploads\/2019\/08\/8-620x188.jpg 620w\" alt=\"\" width=\"920\" height=\"279\" \/><\/p>\n<p><a href=\"https:\/\/answear.hu\/1724472-calvin-klein-jeans-hatizsak.html\">1.Calvin Klein Jeans<\/a>\u00a0\u00a0<a href=\"https:\/\/answear.hu\/p\/hatizsakok-2367-k.html\/hatizsakok\/p-1\/r-60\/o-n\/b-620\">\u00a02.Fila<\/a>\u00a0 \u00a03.<a href=\"https:\/\/answear.hu\/p\/hatizsakok-2367-k.html\/hatizsakok\/p-1\/r-60\/o-n\">Parfois\u00a0<\/a> \u00a0<a href=\"https:\/\/answear.hu\/1741943-tommy-jeans-hatizsak.html\">4.Tommy Jeans<\/a>\u00a0 \u00a0<a href=\"https:\/\/answear.hu\/p\/hatizsakok-2367-k.html\/hatizsakok\/p-1\/r-60\/o-n\/b-165\">5.adidas Originals<\/a><\/p>\n","protected":false},"excerpt":{"rendered":"<p><span class=\"span-reading-time rt-reading-time\" style=\"display: block;\"><span class=\"rt-label rt-prefix\">Olvasd el, csak <\/span> <span class=\"rt-time\"> 3<\/span> <span class=\"rt-label rt-postfix\">perc<\/span><\/span>Ha visszaeml\u00e9ksz\u00fcnk a gyerekkorunkra, a gondtalans\u00e1g, a sz\u00f3rakoz\u00e1s \u00e9s a rengeteg bar\u00e1t jut esz\u00fcnkbe. Milyen j\u00f3 is volt igaz? Mi lenne, ha most kicsit viszat\u00e9rn\u00e9nk azokba az id\u0151kbe? Persze id\u0151g\u00e9ppel nem tudunk szolg\u00e1lni, viszont olyan cuccokkal igen, amik nosztalgikus eml\u00e9keket id\u00e9znek \u2013 \u00e9s nem felt\u00e9tlen\u00fcl csak az iskolapadban viselhet\u0151ek.<\/p>\n","protected":false},"author":35,"featured_media":14326,"comment_status":"closed","ping_status":"closed","sticky":false,"template":"","format":"standard","meta":{"footnotes":""},"categories":[686],"tags":[1624,892,947,1626,1351,1628,1073,1627,1287],"class_list":["post-13670","post","type-post","status-publish","format-standard","has-post-thumbnail","hentry","category-trendek","tag-2019-oszi-teli-divat","tag-divat","tag-hatizsak","tag-iskola","tag-oszi-teli-divat","tag-pulcsi","tag-sneaker","tag-szezon","tag-trendek"],"_links":{"self":[{"href":"https:\/\/answear.hu\/blog\/wp-json\/wp\/v2\/posts\/13670","targetHints":{"allow":["GET"]}}],"collection":[{"href":"https:\/\/answear.hu\/blog\/wp-json\/wp\/v2\/posts"}],"about":[{"href":"https:\/\/answear.hu\/blog\/wp-json\/wp\/v2\/types\/post"}],"author":[{"embeddable":true,"href":"https:\/\/answear.hu\/blog\/wp-json\/wp\/v2\/users\/35"}],"replies":[{"embeddable":true,"href":"https:\/\/answear.hu\/blog\/wp-json\/wp\/v2\/comments?post=13670"}],"version-history":[{"count":3,"href":"https:\/\/answear.hu\/blog\/wp-json\/wp\/v2\/posts\/13670\/revisions"}],"predecessor-version":[{"id":14243,"href":"https:\/\/answear.hu\/blog\/wp-json\/wp\/v2\/posts\/13670\/revisions\/14243"}],"wp:featuredmedia":[{"embeddable":true,"href":"https:\/\/answear.hu\/blog\/wp-json\/wp\/v2\/media\/14326"}],"wp:attachment":[{"href":"https:\/\/answear.hu\/blog\/wp-json\/wp\/v2\/media?parent=13670"}],"wp:term":[{"taxonomy":"category","embeddable":true,"href":"https:\/\/answear.hu\/blog\/wp-json\/wp\/v2\/categories?post=13670"},{"taxonomy":"post_tag","embeddable":true,"href":"https:\/\/answear.hu\/blog\/wp-json\/wp\/v2\/tags?post=13670"}],"curies":[{"name":"wp","href":"https:\/\/api.w.org\/{rel}","templated":true}]}}